{"id":28318,"date":"2018-08-03T08:40:41","date_gmt":"2018-08-03T11:40:41","guid":{"rendered":"https:\/\/dana.com.br\/canaldana\/?p=28318"},"modified":"2018-08-03T08:40:41","modified_gmt":"2018-08-03T11:40:41","slug":"para-a-industria-a-recuperacao-ainda-e-parcial","status":"publish","type":"post","link":"https:\/\/dana.com.br\/canaldana\/2018\/08\/03\/para-a-industria-a-recuperacao-ainda-e-parcial\/","title":{"rendered":"Para a ind\u00fastria, a recupera\u00e7\u00e3o ainda \u00e9 parcial"},"content":{"rendered":"<p><em>O Estado de S. Paulo <\/em><\/p>\n<p>&nbsp;<\/p>\n<p>Apesar do aumento expressivo do faturamento real em junho (de 26,4% na compara\u00e7\u00e3o com o m\u00eas anterior), a ind\u00fastria recuperou apenas uma parte das perdas causadas pela irrespons\u00e1vel e criminosa greve dos caminhoneiros de maio. O faturamento cresceu basicamente por causa do fim do represamento dos embarques provocado pela greve. Isso significa que, do resultado alcan\u00e7ado em junho, parte deveria ter ocorrido no m\u00eas anterior. Outros indicadores da atividade industrial mostram recupera\u00e7\u00e3o bem mais modesta ou at\u00e9 redu\u00e7\u00e3o na compara\u00e7\u00e3o com o ano passado.<\/p>\n<p>&nbsp;<\/p>\n<p>\u201cOs resultados de junho s\u00e3o em parte positivos, mas trazem alguma preocupa\u00e7\u00e3o\u201d, observou a Confedera\u00e7\u00e3o Nacional da Ind\u00fastria na publica\u00e7\u00e3o Indicadores Industriais com dados de junho. A despeito do forte crescimento em junho, o faturamento da ind\u00fastria no segundo trimestre foi 2,7% menor do que o dos primeiros tr\u00eas meses do ano.<\/p>\n<p>&nbsp;<\/p>\n<p>O aumento das horas trabalhadas na produ\u00e7\u00e3o e do n\u00edvel de utiliza\u00e7\u00e3o da capacidade instalada em junho n\u00e3o foi suficiente para cobrir as perdas ocorridas em maio, de modo que os dois indicadores da atividade industrial ficaram abaixo do n\u00edvel registrado em abril. O n\u00famero de horas trabalhadas na produ\u00e7\u00e3o, por exemplo, aumentou 1,3% em junho na compara\u00e7\u00e3o com o m\u00eas anterior, mas em maio registrara redu\u00e7\u00e3o de 1,7%. Da mesma forma, o n\u00edvel de utiliza\u00e7\u00e3o da capacidade instalada aumentou 0,8 ponto porcentual em junho, mas havia ca\u00eddo 2,2 pontos no m\u00eas anterior.<\/p>\n<p>&nbsp;<\/p>\n<p>J\u00e1 o emprego industrial recuou 0,2% em junho ante o m\u00eas anterior. \u00c9 a segunda redu\u00e7\u00e3o mensal consecutiva. Mesmo assim, no acumulado do primeiro semestre o emprego registra crescimento de 0,6% em rela\u00e7\u00e3o \u00e0 primeira metade de 2017. No entanto, na compara\u00e7\u00e3o entre 2018 e 2017, tanto a massa salarial paga como o rendimento m\u00e9dio do trabalhador da ind\u00fastria registram queda de 0,6% e de 1,1%, respectivamente.<\/p>\n<p>&nbsp;<\/p>\n<p>Na avalia\u00e7\u00e3o do gerente executivo de Pol\u00edtica Econ\u00f4mica da CNI, Fl\u00e1vio Castelo Branco, \u201ca recupera\u00e7\u00e3o da atividade industrial j\u00e1 era lenta e o quadro geral piorou no segundo trimestre\u201d. \u00c0s incertezas do cen\u00e1rio internacional \u2013 marcado pela amea\u00e7a de guerra comercial entre os Estados Unidos e a China, com rea\u00e7\u00e3o por parte da Uni\u00e3o Europeia \u2013 somam-se as d\u00favidas sobre a pol\u00edtica econ\u00f4mica do pr\u00f3ximo governo. (O Estado de S. Paulo)<\/p>\n","protected":false},"excerpt":{"rendered":"<p>O Estado de S. Paulo &nbsp; Apesar do aumento expressivo do faturamento real em junho (de 26,4% na compara\u00e7\u00e3o com o m\u00eas anterior), a ind\u00fastria recuperou apenas uma parte das perdas causadas pela irrespons\u00e1vel e criminosa greve dos caminhoneiros de maio. O faturamento cresceu basicamente por causa do fim do represamento dos embarques provocado pela\u2026 <a class=\"readmore\" href=\"https:\/\/dana.com.br\/canaldana\/2018\/08\/03\/para-a-industria-a-recuperacao-ainda-e-parcial\/\">Leia mais \u00bb<\/a><\/p>\n","protected":false},"author":3,"featured_media":0,"comment_status":"closed","ping_status":"closed","sticky":false,"template":"","format":"standard","meta":{"_acf_changed":false,"footnotes":""},"categories":[100],"tags":[],"class_list":["post-28318","post","type-post","status-publish","format-standard","hentry","category-artigo"],"acf":[],"yoast_head":"<!-- This site is optimized with the Yoast SEO plugin v27.3 - https:\/\/yoast.com\/product\/yoast-seo-wordpress\/ -->\n<title>Para a ind\u00fastria, a recupera\u00e7\u00e3o ainda \u00e9 parcial - Canal Dana<\/title>\n<meta name=\"robots\" content=\"index, follow, max-snippet:-1, max-image-preview:large, max-video-preview:-1\" \/>\n<link rel=\"canonical\" href=\"https:\/\/dana.com.br\/canaldana\/2018\/08\/03\/para-a-industria-a-recuperacao-ainda-e-parcial\/\" \/>\n<meta property=\"og:locale\" content=\"pt_BR\" \/>\n<meta property=\"og:type\" content=\"article\" \/>\n<meta property=\"og:title\" content=\"Para a ind\u00fastria, a recupera\u00e7\u00e3o ainda \u00e9 parcial - Canal Dana\" \/>\n<meta property=\"og:description\" content=\"O Estado de S. Paulo &nbsp; Apesar do aumento expressivo do faturamento real em junho (de 26,4% na compara\u00e7\u00e3o com o m\u00eas anterior), a ind\u00fastria recuperou apenas uma parte das perdas causadas pela irrespons\u00e1vel e criminosa greve dos caminhoneiros de maio. O faturamento cresceu basicamente por causa do fim do represamento dos embarques provocado pela\u2026 Leia mais \u00bb\" \/>\n<meta property=\"og:url\" content=\"https:\/\/dana.com.br\/canaldana\/2018\/08\/03\/para-a-industria-a-recuperacao-ainda-e-parcial\/\" \/>\n<meta property=\"og:site_name\" content=\"Canal Dana\" \/>\n<meta property=\"article:published_time\" content=\"2018-08-03T11:40:41+00:00\" \/>\n<meta name=\"author\" content=\"Canal Dana\" \/>\n<meta name=\"twitter:card\" content=\"summary_large_image\" \/>\n<meta name=\"twitter:label1\" content=\"Escrito por\" \/>\n\t<meta name=\"twitter:data1\" content=\"Canal Dana\" \/>\n\t<meta name=\"twitter:label2\" content=\"Est. tempo de leitura\" \/>\n\t<meta name=\"twitter:data2\" content=\"2 minutos\" \/>\n<script type=\"application\/ld+json\" class=\"yoast-schema-graph\">{\"@context\":\"https:\\\/\\\/schema.org\",\"@graph\":[{\"@type\":\"Article\",\"@id\":\"https:\\\/\\\/dana.com.br\\\/canaldana\\\/2018\\\/08\\\/03\\\/para-a-industria-a-recuperacao-ainda-e-parcial\\\/#article\",\"isPartOf\":{\"@id\":\"https:\\\/\\\/dana.com.br\\\/canaldana\\\/2018\\\/08\\\/03\\\/para-a-industria-a-recuperacao-ainda-e-parcial\\\/\"},\"author\":{\"name\":\"Canal Dana\",\"@id\":\"https:\\\/\\\/dana.com.br\\\/canaldana\\\/#\\\/schema\\\/person\\\/3c21f22f56fcf3bc46b94bc60ea4fef6\"},\"headline\":\"Para a ind\u00fastria, a recupera\u00e7\u00e3o ainda \u00e9 parcial\",\"datePublished\":\"2018-08-03T11:40:41+00:00\",\"mainEntityOfPage\":{\"@id\":\"https:\\\/\\\/dana.com.br\\\/canaldana\\\/2018\\\/08\\\/03\\\/para-a-industria-a-recuperacao-ainda-e-parcial\\\/\"},\"wordCount\":418,\"articleSection\":[\"Artigo\"],\"inLanguage\":\"pt-BR\"},{\"@type\":\"WebPage\",\"@id\":\"https:\\\/\\\/dana.com.br\\\/canaldana\\\/2018\\\/08\\\/03\\\/para-a-industria-a-recuperacao-ainda-e-parcial\\\/\",\"url\":\"https:\\\/\\\/dana.com.br\\\/canaldana\\\/2018\\\/08\\\/03\\\/para-a-industria-a-recuperacao-ainda-e-parcial\\\/\",\"name\":\"Para a ind\u00fastria, a recupera\u00e7\u00e3o ainda \u00e9 parcial - Canal Dana\",\"isPartOf\":{\"@id\":\"https:\\\/\\\/dana.com.br\\\/canaldana\\\/#website\"},\"datePublished\":\"2018-08-03T11:40:41+00:00\",\"author\":{\"@id\":\"https:\\\/\\\/dana.com.br\\\/canaldana\\\/#\\\/schema\\\/person\\\/3c21f22f56fcf3bc46b94bc60ea4fef6\"},\"breadcrumb\":{\"@id\":\"https:\\\/\\\/dana.com.br\\\/canaldana\\\/2018\\\/08\\\/03\\\/para-a-industria-a-recuperacao-ainda-e-parcial\\\/#breadcrumb\"},\"inLanguage\":\"pt-BR\",\"potentialAction\":[{\"@type\":\"ReadAction\",\"target\":[\"https:\\\/\\\/dana.com.br\\\/canaldana\\\/2018\\\/08\\\/03\\\/para-a-industria-a-recuperacao-ainda-e-parcial\\\/\"]}]},{\"@type\":\"BreadcrumbList\",\"@id\":\"https:\\\/\\\/dana.com.br\\\/canaldana\\\/2018\\\/08\\\/03\\\/para-a-industria-a-recuperacao-ainda-e-parcial\\\/#breadcrumb\",\"itemListElement\":[{\"@type\":\"ListItem\",\"position\":1,\"name\":\"Home\",\"item\":\"https:\\\/\\\/dana.com.br\\\/canaldana\\\/\"},{\"@type\":\"ListItem\",\"position\":2,\"name\":\"Artigo\",\"item\":\"https:\\\/\\\/dana.com.br\\\/canaldana\\\/artigo\\\/\"},{\"@type\":\"ListItem\",\"position\":3,\"name\":\"Para a ind\u00fastria, a recupera\u00e7\u00e3o ainda \u00e9 parcial\"}]},{\"@type\":\"WebSite\",\"@id\":\"https:\\\/\\\/dana.com.br\\\/canaldana\\\/#website\",\"url\":\"https:\\\/\\\/dana.com.br\\\/canaldana\\\/\",\"name\":\"Canal Dana\",\"description\":\"Informativo com as principais not\u00edcias da ind\u00fastria automotiva\",\"potentialAction\":[{\"@type\":\"SearchAction\",\"target\":{\"@type\":\"EntryPoint\",\"urlTemplate\":\"https:\\\/\\\/dana.com.br\\\/canaldana\\\/?s={search_term_string}\"},\"query-input\":{\"@type\":\"PropertyValueSpecification\",\"valueRequired\":true,\"valueName\":\"search_term_string\"}}],\"inLanguage\":\"pt-BR\"},{\"@type\":\"Person\",\"@id\":\"https:\\\/\\\/dana.com.br\\\/canaldana\\\/#\\\/schema\\\/person\\\/3c21f22f56fcf3bc46b94bc60ea4fef6\",\"name\":\"Canal Dana\",\"image\":{\"@type\":\"ImageObject\",\"inLanguage\":\"pt-BR\",\"@id\":\"https:\\\/\\\/secure.gravatar.com\\\/avatar\\\/420aaf9278582877d9018637c6817617705899d2858d7572ef0fe59a6b6454b4?s=96&d=mm&r=g\",\"url\":\"https:\\\/\\\/secure.gravatar.com\\\/avatar\\\/420aaf9278582877d9018637c6817617705899d2858d7572ef0fe59a6b6454b4?s=96&d=mm&r=g\",\"contentUrl\":\"https:\\\/\\\/secure.gravatar.com\\\/avatar\\\/420aaf9278582877d9018637c6817617705899d2858d7572ef0fe59a6b6454b4?s=96&d=mm&r=g\",\"caption\":\"Canal Dana\"},\"url\":\"https:\\\/\\\/dana.com.br\\\/canaldana\\\/author\\\/cdeditor\\\/\"}]}<\/script>\n<!-- \/ Yoast SEO plugin. -->","yoast_head_json":{"title":"Para a ind\u00fastria, a recupera\u00e7\u00e3o ainda \u00e9 parcial - Canal Dana","robots":{"index":"index","follow":"follow","max-snippet":"max-snippet:-1","max-image-preview":"max-image-preview:large","max-video-preview":"max-video-preview:-1"},"canonical":"https:\/\/dana.com.br\/canaldana\/2018\/08\/03\/para-a-industria-a-recuperacao-ainda-e-parcial\/","og_locale":"pt_BR","og_type":"article","og_title":"Para a ind\u00fastria, a recupera\u00e7\u00e3o ainda \u00e9 parcial - Canal Dana","og_description":"O Estado de S. Paulo &nbsp; Apesar do aumento expressivo do faturamento real em junho (de 26,4% na compara\u00e7\u00e3o com o m\u00eas anterior), a ind\u00fastria recuperou apenas uma parte das perdas causadas pela irrespons\u00e1vel e criminosa greve dos caminhoneiros de maio. O faturamento cresceu basicamente por causa do fim do represamento dos embarques provocado pela\u2026 Leia mais \u00bb","og_url":"https:\/\/dana.com.br\/canaldana\/2018\/08\/03\/para-a-industria-a-recuperacao-ainda-e-parcial\/","og_site_name":"Canal Dana","article_published_time":"2018-08-03T11:40:41+00:00","author":"Canal Dana","twitter_card":"summary_large_image","twitter_misc":{"Escrito por":"Canal Dana","Est. tempo de leitura":"2 minutos"},"schema":{"@context":"https:\/\/schema.org","@graph":[{"@type":"Article","@id":"https:\/\/dana.com.br\/canaldana\/2018\/08\/03\/para-a-industria-a-recuperacao-ainda-e-parcial\/#article","isPartOf":{"@id":"https:\/\/dana.com.br\/canaldana\/2018\/08\/03\/para-a-industria-a-recuperacao-ainda-e-parcial\/"},"author":{"name":"Canal Dana","@id":"https:\/\/dana.com.br\/canaldana\/#\/schema\/person\/3c21f22f56fcf3bc46b94bc60ea4fef6"},"headline":"Para a ind\u00fastria, a recupera\u00e7\u00e3o ainda \u00e9 parcial","datePublished":"2018-08-03T11:40:41+00:00","mainEntityOfPage":{"@id":"https:\/\/dana.com.br\/canaldana\/2018\/08\/03\/para-a-industria-a-recuperacao-ainda-e-parcial\/"},"wordCount":418,"articleSection":["Artigo"],"inLanguage":"pt-BR"},{"@type":"WebPage","@id":"https:\/\/dana.com.br\/canaldana\/2018\/08\/03\/para-a-industria-a-recuperacao-ainda-e-parcial\/","url":"https:\/\/dana.com.br\/canaldana\/2018\/08\/03\/para-a-industria-a-recuperacao-ainda-e-parcial\/","name":"Para a ind\u00fastria, a recupera\u00e7\u00e3o ainda \u00e9 parcial - Canal Dana","isPartOf":{"@id":"https:\/\/dana.com.br\/canaldana\/#website"},"datePublished":"2018-08-03T11:40:41+00:00","author":{"@id":"https:\/\/dana.com.br\/canaldana\/#\/schema\/person\/3c21f22f56fcf3bc46b94bc60ea4fef6"},"breadcrumb":{"@id":"https:\/\/dana.com.br\/canaldana\/2018\/08\/03\/para-a-industria-a-recuperacao-ainda-e-parcial\/#breadcrumb"},"inLanguage":"pt-BR","potentialAction":[{"@type":"ReadAction","target":["https:\/\/dana.com.br\/canaldana\/2018\/08\/03\/para-a-industria-a-recuperacao-ainda-e-parcial\/"]}]},{"@type":"BreadcrumbList","@id":"https:\/\/dana.com.br\/canaldana\/2018\/08\/03\/para-a-industria-a-recuperacao-ainda-e-parcial\/#breadcrumb","itemListElement":[{"@type":"ListItem","position":1,"name":"Home","item":"https:\/\/dana.com.br\/canaldana\/"},{"@type":"ListItem","position":2,"name":"Artigo","item":"https:\/\/dana.com.br\/canaldana\/artigo\/"},{"@type":"ListItem","position":3,"name":"Para a ind\u00fastria, a recupera\u00e7\u00e3o ainda \u00e9 parcial"}]},{"@type":"WebSite","@id":"https:\/\/dana.com.br\/canaldana\/#website","url":"https:\/\/dana.com.br\/canaldana\/","name":"Canal Dana","description":"Informativo com as principais not\u00edcias da ind\u00fastria automotiva","potentialAction":[{"@type":"SearchAction","target":{"@type":"EntryPoint","urlTemplate":"https:\/\/dana.com.br\/canaldana\/?s={search_term_string}"},"query-input":{"@type":"PropertyValueSpecification","valueRequired":true,"valueName":"search_term_string"}}],"inLanguage":"pt-BR"},{"@type":"Person","@id":"https:\/\/dana.com.br\/canaldana\/#\/schema\/person\/3c21f22f56fcf3bc46b94bc60ea4fef6","name":"Canal Dana","image":{"@type":"ImageObject","inLanguage":"pt-BR","@id":"https:\/\/secure.gravatar.com\/avatar\/420aaf9278582877d9018637c6817617705899d2858d7572ef0fe59a6b6454b4?s=96&d=mm&r=g","url":"https:\/\/secure.gravatar.com\/avatar\/420aaf9278582877d9018637c6817617705899d2858d7572ef0fe59a6b6454b4?s=96&d=mm&r=g","contentUrl":"https:\/\/secure.gravatar.com\/avatar\/420aaf9278582877d9018637c6817617705899d2858d7572ef0fe59a6b6454b4?s=96&d=mm&r=g","caption":"Canal Dana"},"url":"https:\/\/dana.com.br\/canaldana\/author\/cdeditor\/"}]}},"_links":{"self":[{"href":"https:\/\/dana.com.br\/canaldana\/wp-json\/wp\/v2\/posts\/28318","targetHints":{"allow":["GET"]}}],"collection":[{"href":"https:\/\/dana.com.br\/canaldana\/wp-json\/wp\/v2\/posts"}],"about":[{"href":"https:\/\/dana.com.br\/canaldana\/wp-json\/wp\/v2\/types\/post"}],"author":[{"embeddable":true,"href":"https:\/\/dana.com.br\/canaldana\/wp-json\/wp\/v2\/users\/3"}],"replies":[{"embeddable":true,"href":"https:\/\/dana.com.br\/canaldana\/wp-json\/wp\/v2\/comments?post=28318"}],"version-history":[{"count":0,"href":"https:\/\/dana.com.br\/canaldana\/wp-json\/wp\/v2\/posts\/28318\/revisions"}],"wp:attachment":[{"href":"https:\/\/dana.com.br\/canaldana\/wp-json\/wp\/v2\/media?parent=28318"}],"wp:term":[{"taxonomy":"category","embeddable":true,"href":"https:\/\/dana.com.br\/canaldana\/wp-json\/wp\/v2\/categories?post=28318"},{"taxonomy":"post_tag","embeddable":true,"href":"https:\/\/dana.com.br\/canaldana\/wp-json\/wp\/v2\/tags?post=28318"}],"curies":[{"name":"wp","href":"https:\/\/api.w.org\/{rel}","templated":true}]}}