{"id":27800,"date":"2018-07-12T08:35:51","date_gmt":"2018-07-12T11:35:51","guid":{"rendered":"http:\/\/dana.com.br\/canaldana\/?p=27800"},"modified":"2018-07-12T08:35:51","modified_gmt":"2018-07-12T11:35:51","slug":"fiscalizacao-pode-ser-risco-para-adensamento-da-cadeia-no-rota-2030","status":"publish","type":"post","link":"https:\/\/dana.com.br\/canaldana\/2018\/07\/12\/fiscalizacao-pode-ser-risco-para-adensamento-da-cadeia-no-rota-2030\/","title":{"rendered":"Fiscaliza\u00e7\u00e3o pode ser risco para adensamento da cadeia no Rota 2030"},"content":{"rendered":"<p><em>DCI<\/em><\/p>\n<p>&nbsp;<\/p>\n<p>A nova pol\u00edtica industrial para o setor automotivo, batizada de Rota 2030, deve finalmente ter reflexos mais consistentes na cadeia de fornecedores. No entanto, o grande risco para que o programa tenha \u00eaxito continua sendo a fiscaliza\u00e7\u00e3o das regras.<\/p>\n<p>&nbsp;<\/p>\n<p>O principal mote do Rota 2030, anunciado por meio de medida provis\u00f3ria (MP) pelo presidente Michel Temer na \u00faltima quinta-feira (05) \u2013 e que precisa ser aprovada pelo Congresso em 120 dias da data de publica\u00e7\u00e3o \u2013 \u00e9 a garantia de investimentos em pesquisa e desenvolvimento (P&amp;D) da ordem de R$ 5 bilh\u00f5es por ano por parte de montadoras e fabricantes da cadeia \u2013 de forma volunt\u00e1ria \u2013 com a contrapartida do governo de abatimento de imposto de renda de 10,2%. A ren\u00fancia fiscal estimada \u00e9 de cerca de R$ 1,5 bilh\u00e3o anuais.<\/p>\n<p>&nbsp;<\/p>\n<p>O presidente da Associa\u00e7\u00e3o Nacional dos Fabricantes de Ve\u00edculos Automotores (Anfavea), Antonio Megale, classificou o programa como uma vit\u00f3ria. \u201c\u00c9 um marco para a ind\u00fastria, nenhum outro setor tem uma pol\u00edtica de longo prazo. Traz previsibilidade, o que se traduz em aumento de investimentos, e nos coloca na dianteira da efici\u00eancia\u201d, disse a jornalistas.<\/p>\n<p>&nbsp;<\/p>\n<p>Para o diretor da consultoria automotiva Sell Out 3, Arnaldo Brazil, a nova pol\u00edtica deve trazer n\u00e3o s\u00f3 mais desenvolvimento para a ind\u00fastria local, mas tamb\u00e9m um maior adensamento da cadeia de fornecedores. \u201cDiferentemente do que aconteceu no regime anterior (Inovar-Auto), agora as empresas ter\u00e3o que provar que est\u00e3o comprando pe\u00e7as localmente e investindo em tecnologias para ganhar os incentivos fiscais\u201d, avalia.<\/p>\n<p>&nbsp;<\/p>\n<p>O Inovar-Auto foi anunciado pelo governo em meados de 2011 e sobretaxava em 30 pontos o Imposto Sobre Produtos Industrializados (IPI) de ve\u00edculos importados. \u201cNaquela \u00e9poca, houve um crescimento vertiginoso das importa\u00e7\u00f5es, o que impactou a balan\u00e7a comercial brasileira e prejudicou montadoras com f\u00e1bricas aqui. Para conter esse quadro, o regime automotivo foi feito \u00e0s pressas e s\u00f3 puniu o consumidor, que pagava mais pelos carros. Foi uma reserva de mercado que depois acabou sendo questionada pela OMC (Organiza\u00e7\u00e3o Mundial do Com\u00e9rcio)\u201d, lembra o consultor.<\/p>\n<p>&nbsp;<\/p>\n<p>Segundo Brazil, a preocupa\u00e7\u00e3o do governo e do setor ao redigir o Rota 2030 foi propor um modelo que irradiasse os benef\u00edcios de forma mais intensa na cadeia de autope\u00e7as, que durante todo o Inovar-Auto (que acabou em dezembro do ano passado) reclamou que n\u00e3o foi impactada.<\/p>\n<p>&nbsp;<\/p>\n<p>O Rota 2030 prev\u00ea ainda que a al\u00edquota do imposto de importa\u00e7\u00e3o de pe\u00e7as que n\u00e3o cont\u00eam similar nacional, que j\u00e1 era 2%, passe a zero, com a contrapartida de que o equivalente a essa redu\u00e7\u00e3o seja investido em P&amp;D.<\/p>\n<p>&nbsp;<\/p>\n<p>No entanto, o consultor da Sell Out 3 aponta o principal risco para o \u00eaxito do programa. \u201cO que n\u00e3o est\u00e1 claro \u00e9 como vai ser esse controle dos investimentos. Resta saber se a fiscaliza\u00e7\u00e3o vai ser feita como nos moldes da Europa, por exemplo, de forma anual, ou se vai ser como no Inovar-Auto, que deixou margem para muitos questionamentos\u201d, destaca.<\/p>\n<p>&nbsp;<\/p>\n<p>Outros pontos considerados positivos do Rota 2030 foram a continuidade das exig\u00eancias de efici\u00eancia energ\u00e9tica de novos modelos, determina\u00e7\u00f5es para novos itens de s\u00e9ries nos ve\u00edculos e descontos especiais para investimentos em processos como ind\u00fastria 4.0, conectividade, novas tecnologias de propuls\u00e3o, entre outros.<\/p>\n<p>&nbsp;<\/p>\n<p><strong>El\u00e9tricos e h\u00edbridos Balan\u00e7o<\/strong><\/p>\n<p>&nbsp;<\/p>\n<p>O governo tamb\u00e9m anunciou uma outra MP que reduz de 25% para at\u00e9 7% a al\u00edquota de IPI para ve\u00edculos h\u00edbridos e el\u00e9tricos, um pleito antigo da ind\u00fastria brasileira. Para Brazil, a medida \u00e9 positiva e a redu\u00e7\u00e3o poderia ter sido maior se a oferta de energia el\u00e9trica, bem como a legisla\u00e7\u00e3o de distribui\u00e7\u00e3o, favorecesse a expans\u00e3o r\u00e1pida dessas tecnologias.<\/p>\n<p>&nbsp;<\/p>\n<p>Na \u00faltima sexta-feira (06), a Anfavea divulgou os resultados do desempenho da ind\u00fastria automobil\u00edstica de junho. A produ\u00e7\u00e3o de ve\u00edculos subiu 21,1% sobre junho de 2017. As exporta\u00e7\u00f5es cresceram 4% na compara\u00e7\u00e3o anual, mas ca\u00edram 1,2% ante maio. (DCI)<\/p>\n","protected":false},"excerpt":{"rendered":"<p>DCI &nbsp; A nova pol\u00edtica industrial para o setor automotivo, batizada de Rota 2030, deve finalmente ter reflexos mais consistentes na cadeia de fornecedores. No entanto, o grande risco para que o programa tenha \u00eaxito continua sendo a fiscaliza\u00e7\u00e3o das regras. &nbsp; O principal mote do Rota 2030, anunciado por meio de medida provis\u00f3ria (MP)\u2026 <a class=\"readmore\" href=\"https:\/\/dana.com.br\/canaldana\/2018\/07\/12\/fiscalizacao-pode-ser-risco-para-adensamento-da-cadeia-no-rota-2030\/\">Leia mais \u00bb<\/a><\/p>\n","protected":false},"author":3,"featured_media":0,"comment_status":"closed","ping_status":"closed","sticky":false,"template":"","format":"standard","meta":{"_acf_changed":false,"footnotes":""},"categories":[61],"tags":[],"class_list":["post-27800","post","type-post","status-publish","format-standard","hentry","category-destaques"],"acf":[],"yoast_head":"<!-- This site is optimized with the Yoast SEO plugin v27.5 - https:\/\/yoast.com\/product\/yoast-seo-wordpress\/ -->\n<title>Fiscaliza\u00e7\u00e3o pode ser risco para adensamento da cadeia no Rota 2030 - Canal Dana<\/title>\n<meta name=\"robots\" content=\"index, follow, max-snippet:-1, max-image-preview:large, max-video-preview:-1\" \/>\n<link rel=\"canonical\" href=\"https:\/\/dana.com.br\/canaldana\/2018\/07\/12\/fiscalizacao-pode-ser-risco-para-adensamento-da-cadeia-no-rota-2030\/\" \/>\n<meta property=\"og:locale\" content=\"pt_BR\" \/>\n<meta property=\"og:type\" content=\"article\" \/>\n<meta property=\"og:title\" content=\"Fiscaliza\u00e7\u00e3o pode ser risco para adensamento da cadeia no Rota 2030 - Canal Dana\" \/>\n<meta property=\"og:description\" content=\"DCI &nbsp; A nova pol\u00edtica industrial para o setor automotivo, batizada de Rota 2030, deve finalmente ter reflexos mais consistentes na cadeia de fornecedores. No entanto, o grande risco para que o programa tenha \u00eaxito continua sendo a fiscaliza\u00e7\u00e3o das regras. &nbsp; O principal mote do Rota 2030, anunciado por meio de medida provis\u00f3ria (MP)\u2026 Leia mais \u00bb\" \/>\n<meta property=\"og:url\" content=\"https:\/\/dana.com.br\/canaldana\/2018\/07\/12\/fiscalizacao-pode-ser-risco-para-adensamento-da-cadeia-no-rota-2030\/\" \/>\n<meta property=\"og:site_name\" content=\"Canal Dana\" \/>\n<meta property=\"article:published_time\" content=\"2018-07-12T11:35:51+00:00\" \/>\n<meta name=\"author\" content=\"Canal Dana\" \/>\n<meta name=\"twitter:card\" content=\"summary_large_image\" \/>\n<meta name=\"twitter:label1\" content=\"Escrito por\" \/>\n\t<meta name=\"twitter:data1\" content=\"Canal Dana\" \/>\n\t<meta name=\"twitter:label2\" content=\"Est. tempo de leitura\" \/>\n\t<meta name=\"twitter:data2\" content=\"3 minutos\" \/>\n<script type=\"application\/ld+json\" class=\"yoast-schema-graph\">{\"@context\":\"https:\\\/\\\/schema.org\",\"@graph\":[{\"@type\":\"Article\",\"@id\":\"https:\\\/\\\/dana.com.br\\\/canaldana\\\/2018\\\/07\\\/12\\\/fiscalizacao-pode-ser-risco-para-adensamento-da-cadeia-no-rota-2030\\\/#article\",\"isPartOf\":{\"@id\":\"https:\\\/\\\/dana.com.br\\\/canaldana\\\/2018\\\/07\\\/12\\\/fiscalizacao-pode-ser-risco-para-adensamento-da-cadeia-no-rota-2030\\\/\"},\"author\":{\"name\":\"Canal Dana\",\"@id\":\"https:\\\/\\\/dana.com.br\\\/canaldana\\\/#\\\/schema\\\/person\\\/3c21f22f56fcf3bc46b94bc60ea4fef6\"},\"headline\":\"Fiscaliza\u00e7\u00e3o pode ser risco para adensamento da cadeia no Rota 2030\",\"datePublished\":\"2018-07-12T11:35:51+00:00\",\"mainEntityOfPage\":{\"@id\":\"https:\\\/\\\/dana.com.br\\\/canaldana\\\/2018\\\/07\\\/12\\\/fiscalizacao-pode-ser-risco-para-adensamento-da-cadeia-no-rota-2030\\\/\"},\"wordCount\":693,\"articleSection\":[\"Destaques\"],\"inLanguage\":\"pt-BR\"},{\"@type\":\"WebPage\",\"@id\":\"https:\\\/\\\/dana.com.br\\\/canaldana\\\/2018\\\/07\\\/12\\\/fiscalizacao-pode-ser-risco-para-adensamento-da-cadeia-no-rota-2030\\\/\",\"url\":\"https:\\\/\\\/dana.com.br\\\/canaldana\\\/2018\\\/07\\\/12\\\/fiscalizacao-pode-ser-risco-para-adensamento-da-cadeia-no-rota-2030\\\/\",\"name\":\"Fiscaliza\u00e7\u00e3o pode ser risco para adensamento da cadeia no Rota 2030 - Canal Dana\",\"isPartOf\":{\"@id\":\"https:\\\/\\\/dana.com.br\\\/canaldana\\\/#website\"},\"datePublished\":\"2018-07-12T11:35:51+00:00\",\"author\":{\"@id\":\"https:\\\/\\\/dana.com.br\\\/canaldana\\\/#\\\/schema\\\/person\\\/3c21f22f56fcf3bc46b94bc60ea4fef6\"},\"breadcrumb\":{\"@id\":\"https:\\\/\\\/dana.com.br\\\/canaldana\\\/2018\\\/07\\\/12\\\/fiscalizacao-pode-ser-risco-para-adensamento-da-cadeia-no-rota-2030\\\/#breadcrumb\"},\"inLanguage\":\"pt-BR\",\"potentialAction\":[{\"@type\":\"ReadAction\",\"target\":[\"https:\\\/\\\/dana.com.br\\\/canaldana\\\/2018\\\/07\\\/12\\\/fiscalizacao-pode-ser-risco-para-adensamento-da-cadeia-no-rota-2030\\\/\"]}]},{\"@type\":\"BreadcrumbList\",\"@id\":\"https:\\\/\\\/dana.com.br\\\/canaldana\\\/2018\\\/07\\\/12\\\/fiscalizacao-pode-ser-risco-para-adensamento-da-cadeia-no-rota-2030\\\/#breadcrumb\",\"itemListElement\":[{\"@type\":\"ListItem\",\"position\":1,\"name\":\"Home\",\"item\":\"https:\\\/\\\/dana.com.br\\\/canaldana\\\/\"},{\"@type\":\"ListItem\",\"position\":2,\"name\":\"Destaques\",\"item\":\"https:\\\/\\\/dana.com.br\\\/canaldana\\\/destaques\\\/\"},{\"@type\":\"ListItem\",\"position\":3,\"name\":\"Fiscaliza\u00e7\u00e3o pode ser risco para adensamento da cadeia no Rota 2030\"}]},{\"@type\":\"WebSite\",\"@id\":\"https:\\\/\\\/dana.com.br\\\/canaldana\\\/#website\",\"url\":\"https:\\\/\\\/dana.com.br\\\/canaldana\\\/\",\"name\":\"Canal Dana\",\"description\":\"Informativo com as principais not\u00edcias da ind\u00fastria automotiva\",\"potentialAction\":[{\"@type\":\"SearchAction\",\"target\":{\"@type\":\"EntryPoint\",\"urlTemplate\":\"https:\\\/\\\/dana.com.br\\\/canaldana\\\/?s={search_term_string}\"},\"query-input\":{\"@type\":\"PropertyValueSpecification\",\"valueRequired\":true,\"valueName\":\"search_term_string\"}}],\"inLanguage\":\"pt-BR\"},{\"@type\":\"Person\",\"@id\":\"https:\\\/\\\/dana.com.br\\\/canaldana\\\/#\\\/schema\\\/person\\\/3c21f22f56fcf3bc46b94bc60ea4fef6\",\"name\":\"Canal Dana\",\"image\":{\"@type\":\"ImageObject\",\"inLanguage\":\"pt-BR\",\"@id\":\"https:\\\/\\\/secure.gravatar.com\\\/avatar\\\/420aaf9278582877d9018637c6817617705899d2858d7572ef0fe59a6b6454b4?s=96&d=mm&r=g\",\"url\":\"https:\\\/\\\/secure.gravatar.com\\\/avatar\\\/420aaf9278582877d9018637c6817617705899d2858d7572ef0fe59a6b6454b4?s=96&d=mm&r=g\",\"contentUrl\":\"https:\\\/\\\/secure.gravatar.com\\\/avatar\\\/420aaf9278582877d9018637c6817617705899d2858d7572ef0fe59a6b6454b4?s=96&d=mm&r=g\",\"caption\":\"Canal Dana\"},\"url\":\"https:\\\/\\\/dana.com.br\\\/canaldana\\\/author\\\/cdeditor\\\/\"}]}<\/script>\n<!-- \/ Yoast SEO plugin. -->","yoast_head_json":{"title":"Fiscaliza\u00e7\u00e3o pode ser risco para adensamento da cadeia no Rota 2030 - Canal Dana","robots":{"index":"index","follow":"follow","max-snippet":"max-snippet:-1","max-image-preview":"max-image-preview:large","max-video-preview":"max-video-preview:-1"},"canonical":"https:\/\/dana.com.br\/canaldana\/2018\/07\/12\/fiscalizacao-pode-ser-risco-para-adensamento-da-cadeia-no-rota-2030\/","og_locale":"pt_BR","og_type":"article","og_title":"Fiscaliza\u00e7\u00e3o pode ser risco para adensamento da cadeia no Rota 2030 - Canal Dana","og_description":"DCI &nbsp; A nova pol\u00edtica industrial para o setor automotivo, batizada de Rota 2030, deve finalmente ter reflexos mais consistentes na cadeia de fornecedores. No entanto, o grande risco para que o programa tenha \u00eaxito continua sendo a fiscaliza\u00e7\u00e3o das regras. &nbsp; O principal mote do Rota 2030, anunciado por meio de medida provis\u00f3ria (MP)\u2026 Leia mais \u00bb","og_url":"https:\/\/dana.com.br\/canaldana\/2018\/07\/12\/fiscalizacao-pode-ser-risco-para-adensamento-da-cadeia-no-rota-2030\/","og_site_name":"Canal Dana","article_published_time":"2018-07-12T11:35:51+00:00","author":"Canal Dana","twitter_card":"summary_large_image","twitter_misc":{"Escrito por":"Canal Dana","Est. tempo de leitura":"3 minutos"},"schema":{"@context":"https:\/\/schema.org","@graph":[{"@type":"Article","@id":"https:\/\/dana.com.br\/canaldana\/2018\/07\/12\/fiscalizacao-pode-ser-risco-para-adensamento-da-cadeia-no-rota-2030\/#article","isPartOf":{"@id":"https:\/\/dana.com.br\/canaldana\/2018\/07\/12\/fiscalizacao-pode-ser-risco-para-adensamento-da-cadeia-no-rota-2030\/"},"author":{"name":"Canal Dana","@id":"https:\/\/dana.com.br\/canaldana\/#\/schema\/person\/3c21f22f56fcf3bc46b94bc60ea4fef6"},"headline":"Fiscaliza\u00e7\u00e3o pode ser risco para adensamento da cadeia no Rota 2030","datePublished":"2018-07-12T11:35:51+00:00","mainEntityOfPage":{"@id":"https:\/\/dana.com.br\/canaldana\/2018\/07\/12\/fiscalizacao-pode-ser-risco-para-adensamento-da-cadeia-no-rota-2030\/"},"wordCount":693,"articleSection":["Destaques"],"inLanguage":"pt-BR"},{"@type":"WebPage","@id":"https:\/\/dana.com.br\/canaldana\/2018\/07\/12\/fiscalizacao-pode-ser-risco-para-adensamento-da-cadeia-no-rota-2030\/","url":"https:\/\/dana.com.br\/canaldana\/2018\/07\/12\/fiscalizacao-pode-ser-risco-para-adensamento-da-cadeia-no-rota-2030\/","name":"Fiscaliza\u00e7\u00e3o pode ser risco para adensamento da cadeia no Rota 2030 - Canal Dana","isPartOf":{"@id":"https:\/\/dana.com.br\/canaldana\/#website"},"datePublished":"2018-07-12T11:35:51+00:00","author":{"@id":"https:\/\/dana.com.br\/canaldana\/#\/schema\/person\/3c21f22f56fcf3bc46b94bc60ea4fef6"},"breadcrumb":{"@id":"https:\/\/dana.com.br\/canaldana\/2018\/07\/12\/fiscalizacao-pode-ser-risco-para-adensamento-da-cadeia-no-rota-2030\/#breadcrumb"},"inLanguage":"pt-BR","potentialAction":[{"@type":"ReadAction","target":["https:\/\/dana.com.br\/canaldana\/2018\/07\/12\/fiscalizacao-pode-ser-risco-para-adensamento-da-cadeia-no-rota-2030\/"]}]},{"@type":"BreadcrumbList","@id":"https:\/\/dana.com.br\/canaldana\/2018\/07\/12\/fiscalizacao-pode-ser-risco-para-adensamento-da-cadeia-no-rota-2030\/#breadcrumb","itemListElement":[{"@type":"ListItem","position":1,"name":"Home","item":"https:\/\/dana.com.br\/canaldana\/"},{"@type":"ListItem","position":2,"name":"Destaques","item":"https:\/\/dana.com.br\/canaldana\/destaques\/"},{"@type":"ListItem","position":3,"name":"Fiscaliza\u00e7\u00e3o pode ser risco para adensamento da cadeia no Rota 2030"}]},{"@type":"WebSite","@id":"https:\/\/dana.com.br\/canaldana\/#website","url":"https:\/\/dana.com.br\/canaldana\/","name":"Canal Dana","description":"Informativo com as principais not\u00edcias da ind\u00fastria automotiva","potentialAction":[{"@type":"SearchAction","target":{"@type":"EntryPoint","urlTemplate":"https:\/\/dana.com.br\/canaldana\/?s={search_term_string}"},"query-input":{"@type":"PropertyValueSpecification","valueRequired":true,"valueName":"search_term_string"}}],"inLanguage":"pt-BR"},{"@type":"Person","@id":"https:\/\/dana.com.br\/canaldana\/#\/schema\/person\/3c21f22f56fcf3bc46b94bc60ea4fef6","name":"Canal Dana","image":{"@type":"ImageObject","inLanguage":"pt-BR","@id":"https:\/\/secure.gravatar.com\/avatar\/420aaf9278582877d9018637c6817617705899d2858d7572ef0fe59a6b6454b4?s=96&d=mm&r=g","url":"https:\/\/secure.gravatar.com\/avatar\/420aaf9278582877d9018637c6817617705899d2858d7572ef0fe59a6b6454b4?s=96&d=mm&r=g","contentUrl":"https:\/\/secure.gravatar.com\/avatar\/420aaf9278582877d9018637c6817617705899d2858d7572ef0fe59a6b6454b4?s=96&d=mm&r=g","caption":"Canal Dana"},"url":"https:\/\/dana.com.br\/canaldana\/author\/cdeditor\/"}]}},"_links":{"self":[{"href":"https:\/\/dana.com.br\/canaldana\/wp-json\/wp\/v2\/posts\/27800","targetHints":{"allow":["GET"]}}],"collection":[{"href":"https:\/\/dana.com.br\/canaldana\/wp-json\/wp\/v2\/posts"}],"about":[{"href":"https:\/\/dana.com.br\/canaldana\/wp-json\/wp\/v2\/types\/post"}],"author":[{"embeddable":true,"href":"https:\/\/dana.com.br\/canaldana\/wp-json\/wp\/v2\/users\/3"}],"replies":[{"embeddable":true,"href":"https:\/\/dana.com.br\/canaldana\/wp-json\/wp\/v2\/comments?post=27800"}],"version-history":[{"count":0,"href":"https:\/\/dana.com.br\/canaldana\/wp-json\/wp\/v2\/posts\/27800\/revisions"}],"wp:attachment":[{"href":"https:\/\/dana.com.br\/canaldana\/wp-json\/wp\/v2\/media?parent=27800"}],"wp:term":[{"taxonomy":"category","embeddable":true,"href":"https:\/\/dana.com.br\/canaldana\/wp-json\/wp\/v2\/categories?post=27800"},{"taxonomy":"post_tag","embeddable":true,"href":"https:\/\/dana.com.br\/canaldana\/wp-json\/wp\/v2\/tags?post=27800"}],"curies":[{"name":"wp","href":"https:\/\/api.w.org\/{rel}","templated":true}]}}