{"id":27492,"date":"2018-06-28T08:57:18","date_gmt":"2018-06-28T11:57:18","guid":{"rendered":"http:\/\/dana.com.br\/canaldana\/?p=27492"},"modified":"2018-06-28T08:57:18","modified_gmt":"2018-06-28T11:57:18","slug":"centro-automotivo-porto-seguro-e-inaugurado-na-cidade-de-santa-maria-rs","status":"publish","type":"post","link":"https:\/\/dana.com.br\/canaldana\/2018\/06\/28\/centro-automotivo-porto-seguro-e-inaugurado-na-cidade-de-santa-maria-rs\/","title":{"rendered":"Centro Automotivo Porto Seguro \u00e9 inaugurado na cidade de Santa Maria\/RS"},"content":{"rendered":"<p><em>Jornal do Com\u00e9rcio<\/em><\/p>\n<p>&nbsp;<\/p>\n<p>Os Centros Automotivos Porto Seguro ampliam sua presen\u00e7a no Estado com a inaugura\u00e7\u00e3o de sua primeira unidade na regi\u00e3o Central, na cidade de Santa Maria. No local, localizado na rua Marechal Deodoro, n\u00ba 58, no bairro Itarar\u00e9, tanto segurados quanto n\u00e3o segurados podem realizar servi\u00e7os de mec\u00e2nica, el\u00e9trica e eletr\u00f4nica.<\/p>\n<p>&nbsp;<\/p>\n<p>Este ser\u00e1 o 13\u00ba Centro Automotivo Porto Seguro do Rio Grande do Sul. Em todo o Pa\u00eds, j\u00e1 s\u00e3o mais de 300 unidades. Aos segurados, os locais oferecem gratuitamente reparo de furo do pneu, troca de l\u00e2mpadas externas, regulagem do foco dos far\u00f3is, cristaliza\u00e7\u00e3o do para-brisa e rod\u00edzio dos pneus.<\/p>\n<p>&nbsp;<\/p>\n<p>Para quem n\u00e3o \u00e9 segurado, o espa\u00e7o disponibiliza diversos servi\u00e7os e pe\u00e7as com valores diferenciados, al\u00e9m de diagn\u00f3sticos completos de inje\u00e7\u00e3o eletr\u00f4nica, bateria e alternador, amortecedor e molas, suspens\u00e3o e dire\u00e7\u00e3o, sistema de arrefecimento e de freios, al\u00e9m de troca de \u00f3leo do motor e ltros.<\/p>\n<p>&nbsp;<\/p>\n<p>Para o gerente da Porto Seguro no Rio Grande do Sul, Edgar Anuseck, h\u00e1 tempos a companhia gostaria de oferecer esse servi\u00e7o aos clientes da regi\u00e3o. &#8220;\u00c9 uma satisfa\u00e7\u00e3o poder levar esse centro completo de servi\u00e7os aos nossos clientes de Santa Maria. Com isto, rearmamos o compromisso daPorto Seguro com seus segurados de entregar a qualidade e aten\u00e7\u00e3o que diferenciam a nossa cobertura. Os n\u00e3o segurados tamb\u00e9m est\u00e3o convidados a conhecer e aproveitar todos os servi\u00e7os que prestamos por l\u00e1&#8221;, destaca Anuseck. (Jornal do Com\u00e9rcio)<\/p>\n","protected":false},"excerpt":{"rendered":"<p>Jornal do Com\u00e9rcio &nbsp; Os Centros Automotivos Porto Seguro ampliam sua presen\u00e7a no Estado com a inaugura\u00e7\u00e3o de sua primeira unidade na regi\u00e3o Central, na cidade de Santa Maria. No local, localizado na rua Marechal Deodoro, n\u00ba 58, no bairro Itarar\u00e9, tanto segurados quanto n\u00e3o segurados podem realizar servi\u00e7os de mec\u00e2nica, el\u00e9trica e eletr\u00f4nica. &nbsp;\u2026 <a class=\"readmore\" href=\"https:\/\/dana.com.br\/canaldana\/2018\/06\/28\/centro-automotivo-porto-seguro-e-inaugurado-na-cidade-de-santa-maria-rs\/\">Leia mais \u00bb<\/a><\/p>\n","protected":false},"author":3,"featured_media":0,"comment_status":"closed","ping_status":"closed","sticky":false,"template":"","format":"standard","meta":{"_acf_changed":false,"footnotes":""},"categories":[79],"tags":[],"class_list":["post-27492","post","type-post","status-publish","format-standard","hentry","category-mercado"],"acf":[],"yoast_head":"<!-- This site is optimized with the Yoast SEO plugin v27.3 - https:\/\/yoast.com\/product\/yoast-seo-wordpress\/ -->\n<title>Centro Automotivo Porto Seguro \u00e9 inaugurado na cidade de Santa Maria\/RS - Canal Dana<\/title>\n<meta name=\"robots\" content=\"index, follow, max-snippet:-1, max-image-preview:large, max-video-preview:-1\" \/>\n<link rel=\"canonical\" href=\"https:\/\/dana.com.br\/canaldana\/2018\/06\/28\/centro-automotivo-porto-seguro-e-inaugurado-na-cidade-de-santa-maria-rs\/\" \/>\n<meta property=\"og:locale\" content=\"pt_BR\" \/>\n<meta property=\"og:type\" content=\"article\" \/>\n<meta property=\"og:title\" content=\"Centro Automotivo Porto Seguro \u00e9 inaugurado na cidade de Santa Maria\/RS - Canal Dana\" \/>\n<meta property=\"og:description\" content=\"Jornal do Com\u00e9rcio &nbsp; Os Centros Automotivos Porto Seguro ampliam sua presen\u00e7a no Estado com a inaugura\u00e7\u00e3o de sua primeira unidade na regi\u00e3o Central, na cidade de Santa Maria. No local, localizado na rua Marechal Deodoro, n\u00ba 58, no bairro Itarar\u00e9, tanto segurados quanto n\u00e3o segurados podem realizar servi\u00e7os de mec\u00e2nica, el\u00e9trica e eletr\u00f4nica. &nbsp;\u2026 Leia mais \u00bb\" \/>\n<meta property=\"og:url\" content=\"https:\/\/dana.com.br\/canaldana\/2018\/06\/28\/centro-automotivo-porto-seguro-e-inaugurado-na-cidade-de-santa-maria-rs\/\" \/>\n<meta property=\"og:site_name\" content=\"Canal Dana\" \/>\n<meta property=\"article:published_time\" content=\"2018-06-28T11:57:18+00:00\" \/>\n<meta name=\"author\" content=\"Canal Dana\" \/>\n<meta name=\"twitter:card\" content=\"summary_large_image\" \/>\n<meta name=\"twitter:label1\" content=\"Escrito por\" \/>\n\t<meta name=\"twitter:data1\" content=\"Canal Dana\" \/>\n\t<meta name=\"twitter:label2\" content=\"Est. tempo de leitura\" \/>\n\t<meta name=\"twitter:data2\" content=\"1 minuto\" \/>\n<script type=\"application\/ld+json\" class=\"yoast-schema-graph\">{\"@context\":\"https:\\\/\\\/schema.org\",\"@graph\":[{\"@type\":\"Article\",\"@id\":\"https:\\\/\\\/dana.com.br\\\/canaldana\\\/2018\\\/06\\\/28\\\/centro-automotivo-porto-seguro-e-inaugurado-na-cidade-de-santa-maria-rs\\\/#article\",\"isPartOf\":{\"@id\":\"https:\\\/\\\/dana.com.br\\\/canaldana\\\/2018\\\/06\\\/28\\\/centro-automotivo-porto-seguro-e-inaugurado-na-cidade-de-santa-maria-rs\\\/\"},\"author\":{\"name\":\"Canal Dana\",\"@id\":\"https:\\\/\\\/dana.com.br\\\/canaldana\\\/#\\\/schema\\\/person\\\/3c21f22f56fcf3bc46b94bc60ea4fef6\"},\"headline\":\"Centro Automotivo Porto Seguro \u00e9 inaugurado na cidade de Santa Maria\\\/RS\",\"datePublished\":\"2018-06-28T11:57:18+00:00\",\"mainEntityOfPage\":{\"@id\":\"https:\\\/\\\/dana.com.br\\\/canaldana\\\/2018\\\/06\\\/28\\\/centro-automotivo-porto-seguro-e-inaugurado-na-cidade-de-santa-maria-rs\\\/\"},\"wordCount\":280,\"articleSection\":[\"Mercado\"],\"inLanguage\":\"pt-BR\"},{\"@type\":\"WebPage\",\"@id\":\"https:\\\/\\\/dana.com.br\\\/canaldana\\\/2018\\\/06\\\/28\\\/centro-automotivo-porto-seguro-e-inaugurado-na-cidade-de-santa-maria-rs\\\/\",\"url\":\"https:\\\/\\\/dana.com.br\\\/canaldana\\\/2018\\\/06\\\/28\\\/centro-automotivo-porto-seguro-e-inaugurado-na-cidade-de-santa-maria-rs\\\/\",\"name\":\"Centro Automotivo Porto Seguro \u00e9 inaugurado na cidade de Santa Maria\\\/RS - Canal Dana\",\"isPartOf\":{\"@id\":\"https:\\\/\\\/dana.com.br\\\/canaldana\\\/#website\"},\"datePublished\":\"2018-06-28T11:57:18+00:00\",\"author\":{\"@id\":\"https:\\\/\\\/dana.com.br\\\/canaldana\\\/#\\\/schema\\\/person\\\/3c21f22f56fcf3bc46b94bc60ea4fef6\"},\"breadcrumb\":{\"@id\":\"https:\\\/\\\/dana.com.br\\\/canaldana\\\/2018\\\/06\\\/28\\\/centro-automotivo-porto-seguro-e-inaugurado-na-cidade-de-santa-maria-rs\\\/#breadcrumb\"},\"inLanguage\":\"pt-BR\",\"potentialAction\":[{\"@type\":\"ReadAction\",\"target\":[\"https:\\\/\\\/dana.com.br\\\/canaldana\\\/2018\\\/06\\\/28\\\/centro-automotivo-porto-seguro-e-inaugurado-na-cidade-de-santa-maria-rs\\\/\"]}]},{\"@type\":\"BreadcrumbList\",\"@id\":\"https:\\\/\\\/dana.com.br\\\/canaldana\\\/2018\\\/06\\\/28\\\/centro-automotivo-porto-seguro-e-inaugurado-na-cidade-de-santa-maria-rs\\\/#breadcrumb\",\"itemListElement\":[{\"@type\":\"ListItem\",\"position\":1,\"name\":\"Home\",\"item\":\"https:\\\/\\\/dana.com.br\\\/canaldana\\\/\"},{\"@type\":\"ListItem\",\"position\":2,\"name\":\"Mercado\",\"item\":\"https:\\\/\\\/dana.com.br\\\/canaldana\\\/mercado\\\/\"},{\"@type\":\"ListItem\",\"position\":3,\"name\":\"Centro Automotivo Porto Seguro \u00e9 inaugurado na cidade de Santa Maria\\\/RS\"}]},{\"@type\":\"WebSite\",\"@id\":\"https:\\\/\\\/dana.com.br\\\/canaldana\\\/#website\",\"url\":\"https:\\\/\\\/dana.com.br\\\/canaldana\\\/\",\"name\":\"Canal Dana\",\"description\":\"Informativo com as principais not\u00edcias da ind\u00fastria automotiva\",\"potentialAction\":[{\"@type\":\"SearchAction\",\"target\":{\"@type\":\"EntryPoint\",\"urlTemplate\":\"https:\\\/\\\/dana.com.br\\\/canaldana\\\/?s={search_term_string}\"},\"query-input\":{\"@type\":\"PropertyValueSpecification\",\"valueRequired\":true,\"valueName\":\"search_term_string\"}}],\"inLanguage\":\"pt-BR\"},{\"@type\":\"Person\",\"@id\":\"https:\\\/\\\/dana.com.br\\\/canaldana\\\/#\\\/schema\\\/person\\\/3c21f22f56fcf3bc46b94bc60ea4fef6\",\"name\":\"Canal Dana\",\"image\":{\"@type\":\"ImageObject\",\"inLanguage\":\"pt-BR\",\"@id\":\"https:\\\/\\\/secure.gravatar.com\\\/avatar\\\/420aaf9278582877d9018637c6817617705899d2858d7572ef0fe59a6b6454b4?s=96&d=mm&r=g\",\"url\":\"https:\\\/\\\/secure.gravatar.com\\\/avatar\\\/420aaf9278582877d9018637c6817617705899d2858d7572ef0fe59a6b6454b4?s=96&d=mm&r=g\",\"contentUrl\":\"https:\\\/\\\/secure.gravatar.com\\\/avatar\\\/420aaf9278582877d9018637c6817617705899d2858d7572ef0fe59a6b6454b4?s=96&d=mm&r=g\",\"caption\":\"Canal Dana\"},\"url\":\"https:\\\/\\\/dana.com.br\\\/canaldana\\\/author\\\/cdeditor\\\/\"}]}<\/script>\n<!-- \/ Yoast SEO plugin. -->","yoast_head_json":{"title":"Centro Automotivo Porto Seguro \u00e9 inaugurado na cidade de Santa Maria\/RS - Canal Dana","robots":{"index":"index","follow":"follow","max-snippet":"max-snippet:-1","max-image-preview":"max-image-preview:large","max-video-preview":"max-video-preview:-1"},"canonical":"https:\/\/dana.com.br\/canaldana\/2018\/06\/28\/centro-automotivo-porto-seguro-e-inaugurado-na-cidade-de-santa-maria-rs\/","og_locale":"pt_BR","og_type":"article","og_title":"Centro Automotivo Porto Seguro \u00e9 inaugurado na cidade de Santa Maria\/RS - Canal Dana","og_description":"Jornal do Com\u00e9rcio &nbsp; Os Centros Automotivos Porto Seguro ampliam sua presen\u00e7a no Estado com a inaugura\u00e7\u00e3o de sua primeira unidade na regi\u00e3o Central, na cidade de Santa Maria. No local, localizado na rua Marechal Deodoro, n\u00ba 58, no bairro Itarar\u00e9, tanto segurados quanto n\u00e3o segurados podem realizar servi\u00e7os de mec\u00e2nica, el\u00e9trica e eletr\u00f4nica. &nbsp;\u2026 Leia mais \u00bb","og_url":"https:\/\/dana.com.br\/canaldana\/2018\/06\/28\/centro-automotivo-porto-seguro-e-inaugurado-na-cidade-de-santa-maria-rs\/","og_site_name":"Canal Dana","article_published_time":"2018-06-28T11:57:18+00:00","author":"Canal Dana","twitter_card":"summary_large_image","twitter_misc":{"Escrito por":"Canal Dana","Est. tempo de leitura":"1 minuto"},"schema":{"@context":"https:\/\/schema.org","@graph":[{"@type":"Article","@id":"https:\/\/dana.com.br\/canaldana\/2018\/06\/28\/centro-automotivo-porto-seguro-e-inaugurado-na-cidade-de-santa-maria-rs\/#article","isPartOf":{"@id":"https:\/\/dana.com.br\/canaldana\/2018\/06\/28\/centro-automotivo-porto-seguro-e-inaugurado-na-cidade-de-santa-maria-rs\/"},"author":{"name":"Canal Dana","@id":"https:\/\/dana.com.br\/canaldana\/#\/schema\/person\/3c21f22f56fcf3bc46b94bc60ea4fef6"},"headline":"Centro Automotivo Porto Seguro \u00e9 inaugurado na cidade de Santa Maria\/RS","datePublished":"2018-06-28T11:57:18+00:00","mainEntityOfPage":{"@id":"https:\/\/dana.com.br\/canaldana\/2018\/06\/28\/centro-automotivo-porto-seguro-e-inaugurado-na-cidade-de-santa-maria-rs\/"},"wordCount":280,"articleSection":["Mercado"],"inLanguage":"pt-BR"},{"@type":"WebPage","@id":"https:\/\/dana.com.br\/canaldana\/2018\/06\/28\/centro-automotivo-porto-seguro-e-inaugurado-na-cidade-de-santa-maria-rs\/","url":"https:\/\/dana.com.br\/canaldana\/2018\/06\/28\/centro-automotivo-porto-seguro-e-inaugurado-na-cidade-de-santa-maria-rs\/","name":"Centro Automotivo Porto Seguro \u00e9 inaugurado na cidade de Santa Maria\/RS - Canal Dana","isPartOf":{"@id":"https:\/\/dana.com.br\/canaldana\/#website"},"datePublished":"2018-06-28T11:57:18+00:00","author":{"@id":"https:\/\/dana.com.br\/canaldana\/#\/schema\/person\/3c21f22f56fcf3bc46b94bc60ea4fef6"},"breadcrumb":{"@id":"https:\/\/dana.com.br\/canaldana\/2018\/06\/28\/centro-automotivo-porto-seguro-e-inaugurado-na-cidade-de-santa-maria-rs\/#breadcrumb"},"inLanguage":"pt-BR","potentialAction":[{"@type":"ReadAction","target":["https:\/\/dana.com.br\/canaldana\/2018\/06\/28\/centro-automotivo-porto-seguro-e-inaugurado-na-cidade-de-santa-maria-rs\/"]}]},{"@type":"BreadcrumbList","@id":"https:\/\/dana.com.br\/canaldana\/2018\/06\/28\/centro-automotivo-porto-seguro-e-inaugurado-na-cidade-de-santa-maria-rs\/#breadcrumb","itemListElement":[{"@type":"ListItem","position":1,"name":"Home","item":"https:\/\/dana.com.br\/canaldana\/"},{"@type":"ListItem","position":2,"name":"Mercado","item":"https:\/\/dana.com.br\/canaldana\/mercado\/"},{"@type":"ListItem","position":3,"name":"Centro Automotivo Porto Seguro \u00e9 inaugurado na cidade de Santa Maria\/RS"}]},{"@type":"WebSite","@id":"https:\/\/dana.com.br\/canaldana\/#website","url":"https:\/\/dana.com.br\/canaldana\/","name":"Canal Dana","description":"Informativo com as principais not\u00edcias da ind\u00fastria automotiva","potentialAction":[{"@type":"SearchAction","target":{"@type":"EntryPoint","urlTemplate":"https:\/\/dana.com.br\/canaldana\/?s={search_term_string}"},"query-input":{"@type":"PropertyValueSpecification","valueRequired":true,"valueName":"search_term_string"}}],"inLanguage":"pt-BR"},{"@type":"Person","@id":"https:\/\/dana.com.br\/canaldana\/#\/schema\/person\/3c21f22f56fcf3bc46b94bc60ea4fef6","name":"Canal Dana","image":{"@type":"ImageObject","inLanguage":"pt-BR","@id":"https:\/\/secure.gravatar.com\/avatar\/420aaf9278582877d9018637c6817617705899d2858d7572ef0fe59a6b6454b4?s=96&d=mm&r=g","url":"https:\/\/secure.gravatar.com\/avatar\/420aaf9278582877d9018637c6817617705899d2858d7572ef0fe59a6b6454b4?s=96&d=mm&r=g","contentUrl":"https:\/\/secure.gravatar.com\/avatar\/420aaf9278582877d9018637c6817617705899d2858d7572ef0fe59a6b6454b4?s=96&d=mm&r=g","caption":"Canal Dana"},"url":"https:\/\/dana.com.br\/canaldana\/author\/cdeditor\/"}]}},"_links":{"self":[{"href":"https:\/\/dana.com.br\/canaldana\/wp-json\/wp\/v2\/posts\/27492","targetHints":{"allow":["GET"]}}],"collection":[{"href":"https:\/\/dana.com.br\/canaldana\/wp-json\/wp\/v2\/posts"}],"about":[{"href":"https:\/\/dana.com.br\/canaldana\/wp-json\/wp\/v2\/types\/post"}],"author":[{"embeddable":true,"href":"https:\/\/dana.com.br\/canaldana\/wp-json\/wp\/v2\/users\/3"}],"replies":[{"embeddable":true,"href":"https:\/\/dana.com.br\/canaldana\/wp-json\/wp\/v2\/comments?post=27492"}],"version-history":[{"count":0,"href":"https:\/\/dana.com.br\/canaldana\/wp-json\/wp\/v2\/posts\/27492\/revisions"}],"wp:attachment":[{"href":"https:\/\/dana.com.br\/canaldana\/wp-json\/wp\/v2\/media?parent=27492"}],"wp:term":[{"taxonomy":"category","embeddable":true,"href":"https:\/\/dana.com.br\/canaldana\/wp-json\/wp\/v2\/categories?post=27492"},{"taxonomy":"post_tag","embeddable":true,"href":"https:\/\/dana.com.br\/canaldana\/wp-json\/wp\/v2\/tags?post=27492"}],"curies":[{"name":"wp","href":"https:\/\/api.w.org\/{rel}","templated":true}]}}