{"id":27488,"date":"2018-06-28T08:55:05","date_gmt":"2018-06-28T11:55:05","guid":{"rendered":"http:\/\/dana.com.br\/canaldana\/?p=27488"},"modified":"2018-06-28T08:55:05","modified_gmt":"2018-06-28T11:55:05","slug":"projeto-costurando-o-futuro-da-fundacao-volkswagen-forma-200-empreendedores-no-parana","status":"publish","type":"post","link":"https:\/\/dana.com.br\/canaldana\/2018\/06\/28\/projeto-costurando-o-futuro-da-fundacao-volkswagen-forma-200-empreendedores-no-parana\/","title":{"rendered":"Projeto \u201cCosturando o Futuro\u201d, da Funda\u00e7\u00e3o Volkswagen, forma 200 empreendedores no Paran\u00e1"},"content":{"rendered":"<p><em>O Brasil Sobre Rodas<\/em><\/p>\n<p>&nbsp;<\/p>\n<p>O projeto \u201cCosturando o Futuro\u201d, idealizado pela Funda\u00e7\u00e3o Volkswagen, acaba de formar cerca de 200 novos empreendedores na regi\u00e3o de Francisco Beltr\u00e3o, no Paran\u00e1, nos cursos de corte e costura, empreendedorismo e design artesanal. A iniciativa visa a estimular o protagonismo e a autonomia por meio da capacita\u00e7\u00e3o profissional, impulsionando a gera\u00e7\u00e3o de trabalho e renda em comunidades com \u00edndice de vulnerabilidade social.<\/p>\n<p>&nbsp;<\/p>\n<p>Ap\u00f3s o sucesso das primeiras turmas, nas cidades de S\u00e3o Jos\u00e9 dos Pinhais e Rio Branco do Sul, a iniciativa chega a 271 empreendedores certificados e mais de 64 produtos desenvolvidos, como bolsas, chinelos, n\u00e9cessaires, entre outros acess\u00f3rios. No primeiro semestre de 2018, o \u201cCosturando o Futuro\u201d envolveu dez munic\u00edpios do sudoeste paranaense, localizados na regi\u00e3o de Francisco Beltr\u00e3o: Amp\u00e9re, Boa Esperan\u00e7a do Igua\u00e7u, Manfrin\u00f3polis, Marmeleiro, Nova Esperan\u00e7a do Sudoeste, P\u00e9rola d\u2019Oeste, Pranchita, Salgado Filho, Santa Izabel do Oeste e Santo Ant\u00f4nio do Sudoeste. A sele\u00e7\u00e3o dos alunos foi conduzida pela Secretaria da Fam\u00edlia e Desenvolvimento Social do Estado do Paran\u00e1 (SEDS), com apoio dos Centros de Refer\u00eancia de Assist\u00eancia Social (CRAS) de cada cidade.<\/p>\n<p>&nbsp;<\/p>\n<p>\u201cPor meio do projeto \u2018Costurando o Futuro\u2019, conseguimos compartilhar conhecimento para o desenvolvimento pessoal e profissional dos participantes, criando alternativas de trabalho e renda e oferecendo plenas condi\u00e7\u00f5es para formar seu pr\u00f3prio neg\u00f3cio como empreendedores sociais\u201d, comentou Daniela de Avilez Dem\u00f4ro, Superintendente da Funda\u00e7\u00e3o Volkswagen e Diretora de Assuntos Jur\u00eddicos da Volkswagen do Brasil.<\/p>\n<p>&nbsp;<\/p>\n<p>Nas oficinas, os participantes aprendem corte, costura e empreendedorismo para tornar a costura fonte de renda. Outro diferencial \u00e9 o acesso a oficinas de design artesanal, para desenvolvimento da criatividade com mat\u00e9rias-primas recicl\u00e1veis. Al\u00e9m do foco social e econ\u00f4mico, o &#8220;Costurando o Futuro&#8221; tem atua\u00e7\u00e3o ambiental ao contribuir para o reaproveitamento do descarte de tecidos automotivos.<\/p>\n<p>&nbsp;<\/p>\n<p>Ao final do curso, os microempreendedores t\u00eam acesso a cr\u00e9dito subsidiado pela ag\u00eancia Fomento Paran\u00e1 e contam com mentoria da Alian\u00e7a Empreendedora, podendo integrar as redes j\u00e1 estabelecidas pelo \u201cCosturando o Futuro\u201d no Estado. Al\u00e9m disso, os formandos foram convidados a participar do concurso \u201cMeu Neg\u00f3cio \u00e9 Costura\u201d, que reconheceu as melhores ideias de produtos sociais feitos com materiais sustent\u00e1veis. \u201cMinha fam\u00edlia me apoiou muito quando soube que eu iria fazer o curso. Pretendo comprar uma m\u00e1quina, costurar para fora e para minha fam\u00edlia tamb\u00e9m. Quando a gente se dedica e corre atr\u00e1s, consegue o que quiser\u201d, comemorou Ediana Vieira Azeredo, futura empreendedora de P\u00e9rola d\u2019Oeste.<\/p>\n<p>&nbsp;<\/p>\n<p>O projeto tem o apoio da Alian\u00e7a Empreendedora, respons\u00e1vel pela realiza\u00e7\u00e3o e acompanhamento t\u00e9cnico, da Burda Style, pelo curso de corte e costura, e da Badu Design, pelo design artesanal.<\/p>\n<p>&nbsp;<\/p>\n<p><strong>Funda\u00e7\u00e3o Volkswagen e \u201cCosturando o Futuro\u201d <\/strong><\/p>\n<p>&nbsp;<\/p>\n<p>A Funda\u00e7\u00e3o Volkswagen desenvolve iniciativas de atua\u00e7\u00e3o social e educacional com recursos provenientes dos rendimentos de um fundo constitu\u00eddo pela montadora alem\u00e3 em 1979, al\u00e9m de apoiar tecnicamente algumas das a\u00e7\u00f5es de responsabilidade social da Volkswagen do Brasil. A Funda\u00e7\u00e3o compartilha a voca\u00e7\u00e3o de mover pessoas. Movimentos que diminuem as dist\u00e2ncias e geram mudan\u00e7as, transformando potenciais em realidade.<\/p>\n<p>&nbsp;<\/p>\n<p>O \u201cCosturando o Futuro\u201d abrange os tr\u00eas pilares da sustentabilidade: social, ambiental e econ\u00f4mico. O projeto oferece oficinas de corte e costura, gerenciamento e neg\u00f3cios para comunidades ao redor da Volkswagen do Brasil. Nas aulas, os participantes fabricam objetos como bolsas, mochilas, n\u00e9cessaires, entre outros acess\u00f3rios, com tecidos automotivos e uniformes usados por funcion\u00e1rios da empresa que seriam descartados.<\/p>\n<p>&nbsp;<\/p>\n<p>Desde seu in\u00edcio, em 2009, o projeto j\u00e1 reutilizou mais de 76 toneladas de tecidos. A iniciativa surgiu no ABCD Paulista \u2013 onde est\u00e1 localizada a f\u00e1brica Anchieta da Volkswagen do Brasil. Em 2012, foi levada para S\u00e3o Jos\u00e9 dos Pinhais (PR) \u2013 onde a Volkswagen do Brasil tamb\u00e9m tem f\u00e1brica \u2013 e estabeleceu uma rede de costureiras que come\u00e7ou a desenvolver novos produtos e m\u00e9todos de vendas.\u00a0 A partir de 2017, por meio do programa Paran\u00e1 Competitivo, acordo firmado entre a Volkswagen do Brasil e o Governo do Estado, foi expandido para demais localidades do Estado. (O Brasil Sobre Rodas)<\/p>\n","protected":false},"excerpt":{"rendered":"<p>O Brasil Sobre Rodas &nbsp; O projeto \u201cCosturando o Futuro\u201d, idealizado pela Funda\u00e7\u00e3o Volkswagen, acaba de formar cerca de 200 novos empreendedores na regi\u00e3o de Francisco Beltr\u00e3o, no Paran\u00e1, nos cursos de corte e costura, empreendedorismo e design artesanal. A iniciativa visa a estimular o protagonismo e a autonomia por meio da capacita\u00e7\u00e3o profissional, impulsionando\u2026 <a class=\"readmore\" href=\"https:\/\/dana.com.br\/canaldana\/2018\/06\/28\/projeto-costurando-o-futuro-da-fundacao-volkswagen-forma-200-empreendedores-no-parana\/\">Leia mais \u00bb<\/a><\/p>\n","protected":false},"author":3,"featured_media":0,"comment_status":"closed","ping_status":"closed","sticky":false,"template":"","format":"standard","meta":{"_acf_changed":false,"footnotes":""},"categories":[79],"tags":[],"class_list":["post-27488","post","type-post","status-publish","format-standard","hentry","category-mercado"],"acf":[],"yoast_head":"<!-- This site is optimized with the Yoast SEO plugin v27.3 - https:\/\/yoast.com\/product\/yoast-seo-wordpress\/ -->\n<title>Projeto \u201cCosturando o Futuro\u201d, da Funda\u00e7\u00e3o Volkswagen, forma 200 empreendedores no Paran\u00e1 - Canal Dana<\/title>\n<meta name=\"robots\" content=\"index, follow, max-snippet:-1, max-image-preview:large, max-video-preview:-1\" \/>\n<link rel=\"canonical\" href=\"https:\/\/dana.com.br\/canaldana\/2018\/06\/28\/projeto-costurando-o-futuro-da-fundacao-volkswagen-forma-200-empreendedores-no-parana\/\" \/>\n<meta property=\"og:locale\" content=\"pt_BR\" \/>\n<meta property=\"og:type\" content=\"article\" \/>\n<meta property=\"og:title\" content=\"Projeto \u201cCosturando o Futuro\u201d, da Funda\u00e7\u00e3o Volkswagen, forma 200 empreendedores no Paran\u00e1 - Canal Dana\" \/>\n<meta property=\"og:description\" content=\"O Brasil Sobre Rodas &nbsp; O projeto \u201cCosturando o Futuro\u201d, idealizado pela Funda\u00e7\u00e3o Volkswagen, acaba de formar cerca de 200 novos empreendedores na regi\u00e3o de Francisco Beltr\u00e3o, no Paran\u00e1, nos cursos de corte e costura, empreendedorismo e design artesanal. A iniciativa visa a estimular o protagonismo e a autonomia por meio da capacita\u00e7\u00e3o profissional, impulsionando\u2026 Leia mais \u00bb\" \/>\n<meta property=\"og:url\" content=\"https:\/\/dana.com.br\/canaldana\/2018\/06\/28\/projeto-costurando-o-futuro-da-fundacao-volkswagen-forma-200-empreendedores-no-parana\/\" \/>\n<meta property=\"og:site_name\" content=\"Canal Dana\" \/>\n<meta property=\"article:published_time\" content=\"2018-06-28T11:55:05+00:00\" \/>\n<meta name=\"author\" content=\"Canal Dana\" \/>\n<meta name=\"twitter:card\" content=\"summary_large_image\" \/>\n<meta name=\"twitter:label1\" content=\"Escrito por\" \/>\n\t<meta name=\"twitter:data1\" content=\"Canal Dana\" \/>\n\t<meta name=\"twitter:label2\" content=\"Est. tempo de leitura\" \/>\n\t<meta name=\"twitter:data2\" content=\"4 minutos\" \/>\n<script type=\"application\/ld+json\" class=\"yoast-schema-graph\">{\"@context\":\"https:\\\/\\\/schema.org\",\"@graph\":[{\"@type\":\"Article\",\"@id\":\"https:\\\/\\\/dana.com.br\\\/canaldana\\\/2018\\\/06\\\/28\\\/projeto-costurando-o-futuro-da-fundacao-volkswagen-forma-200-empreendedores-no-parana\\\/#article\",\"isPartOf\":{\"@id\":\"https:\\\/\\\/dana.com.br\\\/canaldana\\\/2018\\\/06\\\/28\\\/projeto-costurando-o-futuro-da-fundacao-volkswagen-forma-200-empreendedores-no-parana\\\/\"},\"author\":{\"name\":\"Canal Dana\",\"@id\":\"https:\\\/\\\/dana.com.br\\\/canaldana\\\/#\\\/schema\\\/person\\\/3c21f22f56fcf3bc46b94bc60ea4fef6\"},\"headline\":\"Projeto \u201cCosturando o Futuro\u201d, da Funda\u00e7\u00e3o Volkswagen, forma 200 empreendedores no Paran\u00e1\",\"datePublished\":\"2018-06-28T11:55:05+00:00\",\"mainEntityOfPage\":{\"@id\":\"https:\\\/\\\/dana.com.br\\\/canaldana\\\/2018\\\/06\\\/28\\\/projeto-costurando-o-futuro-da-fundacao-volkswagen-forma-200-empreendedores-no-parana\\\/\"},\"wordCount\":736,\"articleSection\":[\"Mercado\"],\"inLanguage\":\"pt-BR\"},{\"@type\":\"WebPage\",\"@id\":\"https:\\\/\\\/dana.com.br\\\/canaldana\\\/2018\\\/06\\\/28\\\/projeto-costurando-o-futuro-da-fundacao-volkswagen-forma-200-empreendedores-no-parana\\\/\",\"url\":\"https:\\\/\\\/dana.com.br\\\/canaldana\\\/2018\\\/06\\\/28\\\/projeto-costurando-o-futuro-da-fundacao-volkswagen-forma-200-empreendedores-no-parana\\\/\",\"name\":\"Projeto \u201cCosturando o Futuro\u201d, da Funda\u00e7\u00e3o Volkswagen, forma 200 empreendedores no Paran\u00e1 - Canal Dana\",\"isPartOf\":{\"@id\":\"https:\\\/\\\/dana.com.br\\\/canaldana\\\/#website\"},\"datePublished\":\"2018-06-28T11:55:05+00:00\",\"author\":{\"@id\":\"https:\\\/\\\/dana.com.br\\\/canaldana\\\/#\\\/schema\\\/person\\\/3c21f22f56fcf3bc46b94bc60ea4fef6\"},\"breadcrumb\":{\"@id\":\"https:\\\/\\\/dana.com.br\\\/canaldana\\\/2018\\\/06\\\/28\\\/projeto-costurando-o-futuro-da-fundacao-volkswagen-forma-200-empreendedores-no-parana\\\/#breadcrumb\"},\"inLanguage\":\"pt-BR\",\"potentialAction\":[{\"@type\":\"ReadAction\",\"target\":[\"https:\\\/\\\/dana.com.br\\\/canaldana\\\/2018\\\/06\\\/28\\\/projeto-costurando-o-futuro-da-fundacao-volkswagen-forma-200-empreendedores-no-parana\\\/\"]}]},{\"@type\":\"BreadcrumbList\",\"@id\":\"https:\\\/\\\/dana.com.br\\\/canaldana\\\/2018\\\/06\\\/28\\\/projeto-costurando-o-futuro-da-fundacao-volkswagen-forma-200-empreendedores-no-parana\\\/#breadcrumb\",\"itemListElement\":[{\"@type\":\"ListItem\",\"position\":1,\"name\":\"Home\",\"item\":\"https:\\\/\\\/dana.com.br\\\/canaldana\\\/\"},{\"@type\":\"ListItem\",\"position\":2,\"name\":\"Mercado\",\"item\":\"https:\\\/\\\/dana.com.br\\\/canaldana\\\/mercado\\\/\"},{\"@type\":\"ListItem\",\"position\":3,\"name\":\"Projeto \u201cCosturando o Futuro\u201d, da Funda\u00e7\u00e3o Volkswagen, forma 200 empreendedores no Paran\u00e1\"}]},{\"@type\":\"WebSite\",\"@id\":\"https:\\\/\\\/dana.com.br\\\/canaldana\\\/#website\",\"url\":\"https:\\\/\\\/dana.com.br\\\/canaldana\\\/\",\"name\":\"Canal Dana\",\"description\":\"Informativo com as principais not\u00edcias da ind\u00fastria automotiva\",\"potentialAction\":[{\"@type\":\"SearchAction\",\"target\":{\"@type\":\"EntryPoint\",\"urlTemplate\":\"https:\\\/\\\/dana.com.br\\\/canaldana\\\/?s={search_term_string}\"},\"query-input\":{\"@type\":\"PropertyValueSpecification\",\"valueRequired\":true,\"valueName\":\"search_term_string\"}}],\"inLanguage\":\"pt-BR\"},{\"@type\":\"Person\",\"@id\":\"https:\\\/\\\/dana.com.br\\\/canaldana\\\/#\\\/schema\\\/person\\\/3c21f22f56fcf3bc46b94bc60ea4fef6\",\"name\":\"Canal Dana\",\"image\":{\"@type\":\"ImageObject\",\"inLanguage\":\"pt-BR\",\"@id\":\"https:\\\/\\\/secure.gravatar.com\\\/avatar\\\/420aaf9278582877d9018637c6817617705899d2858d7572ef0fe59a6b6454b4?s=96&d=mm&r=g\",\"url\":\"https:\\\/\\\/secure.gravatar.com\\\/avatar\\\/420aaf9278582877d9018637c6817617705899d2858d7572ef0fe59a6b6454b4?s=96&d=mm&r=g\",\"contentUrl\":\"https:\\\/\\\/secure.gravatar.com\\\/avatar\\\/420aaf9278582877d9018637c6817617705899d2858d7572ef0fe59a6b6454b4?s=96&d=mm&r=g\",\"caption\":\"Canal Dana\"},\"url\":\"https:\\\/\\\/dana.com.br\\\/canaldana\\\/author\\\/cdeditor\\\/\"}]}<\/script>\n<!-- \/ Yoast SEO plugin. -->","yoast_head_json":{"title":"Projeto \u201cCosturando o Futuro\u201d, da Funda\u00e7\u00e3o Volkswagen, forma 200 empreendedores no Paran\u00e1 - Canal Dana","robots":{"index":"index","follow":"follow","max-snippet":"max-snippet:-1","max-image-preview":"max-image-preview:large","max-video-preview":"max-video-preview:-1"},"canonical":"https:\/\/dana.com.br\/canaldana\/2018\/06\/28\/projeto-costurando-o-futuro-da-fundacao-volkswagen-forma-200-empreendedores-no-parana\/","og_locale":"pt_BR","og_type":"article","og_title":"Projeto \u201cCosturando o Futuro\u201d, da Funda\u00e7\u00e3o Volkswagen, forma 200 empreendedores no Paran\u00e1 - Canal Dana","og_description":"O Brasil Sobre Rodas &nbsp; O projeto \u201cCosturando o Futuro\u201d, idealizado pela Funda\u00e7\u00e3o Volkswagen, acaba de formar cerca de 200 novos empreendedores na regi\u00e3o de Francisco Beltr\u00e3o, no Paran\u00e1, nos cursos de corte e costura, empreendedorismo e design artesanal. A iniciativa visa a estimular o protagonismo e a autonomia por meio da capacita\u00e7\u00e3o profissional, impulsionando\u2026 Leia mais \u00bb","og_url":"https:\/\/dana.com.br\/canaldana\/2018\/06\/28\/projeto-costurando-o-futuro-da-fundacao-volkswagen-forma-200-empreendedores-no-parana\/","og_site_name":"Canal Dana","article_published_time":"2018-06-28T11:55:05+00:00","author":"Canal Dana","twitter_card":"summary_large_image","twitter_misc":{"Escrito por":"Canal Dana","Est. tempo de leitura":"4 minutos"},"schema":{"@context":"https:\/\/schema.org","@graph":[{"@type":"Article","@id":"https:\/\/dana.com.br\/canaldana\/2018\/06\/28\/projeto-costurando-o-futuro-da-fundacao-volkswagen-forma-200-empreendedores-no-parana\/#article","isPartOf":{"@id":"https:\/\/dana.com.br\/canaldana\/2018\/06\/28\/projeto-costurando-o-futuro-da-fundacao-volkswagen-forma-200-empreendedores-no-parana\/"},"author":{"name":"Canal Dana","@id":"https:\/\/dana.com.br\/canaldana\/#\/schema\/person\/3c21f22f56fcf3bc46b94bc60ea4fef6"},"headline":"Projeto \u201cCosturando o Futuro\u201d, da Funda\u00e7\u00e3o Volkswagen, forma 200 empreendedores no Paran\u00e1","datePublished":"2018-06-28T11:55:05+00:00","mainEntityOfPage":{"@id":"https:\/\/dana.com.br\/canaldana\/2018\/06\/28\/projeto-costurando-o-futuro-da-fundacao-volkswagen-forma-200-empreendedores-no-parana\/"},"wordCount":736,"articleSection":["Mercado"],"inLanguage":"pt-BR"},{"@type":"WebPage","@id":"https:\/\/dana.com.br\/canaldana\/2018\/06\/28\/projeto-costurando-o-futuro-da-fundacao-volkswagen-forma-200-empreendedores-no-parana\/","url":"https:\/\/dana.com.br\/canaldana\/2018\/06\/28\/projeto-costurando-o-futuro-da-fundacao-volkswagen-forma-200-empreendedores-no-parana\/","name":"Projeto \u201cCosturando o Futuro\u201d, da Funda\u00e7\u00e3o Volkswagen, forma 200 empreendedores no Paran\u00e1 - Canal Dana","isPartOf":{"@id":"https:\/\/dana.com.br\/canaldana\/#website"},"datePublished":"2018-06-28T11:55:05+00:00","author":{"@id":"https:\/\/dana.com.br\/canaldana\/#\/schema\/person\/3c21f22f56fcf3bc46b94bc60ea4fef6"},"breadcrumb":{"@id":"https:\/\/dana.com.br\/canaldana\/2018\/06\/28\/projeto-costurando-o-futuro-da-fundacao-volkswagen-forma-200-empreendedores-no-parana\/#breadcrumb"},"inLanguage":"pt-BR","potentialAction":[{"@type":"ReadAction","target":["https:\/\/dana.com.br\/canaldana\/2018\/06\/28\/projeto-costurando-o-futuro-da-fundacao-volkswagen-forma-200-empreendedores-no-parana\/"]}]},{"@type":"BreadcrumbList","@id":"https:\/\/dana.com.br\/canaldana\/2018\/06\/28\/projeto-costurando-o-futuro-da-fundacao-volkswagen-forma-200-empreendedores-no-parana\/#breadcrumb","itemListElement":[{"@type":"ListItem","position":1,"name":"Home","item":"https:\/\/dana.com.br\/canaldana\/"},{"@type":"ListItem","position":2,"name":"Mercado","item":"https:\/\/dana.com.br\/canaldana\/mercado\/"},{"@type":"ListItem","position":3,"name":"Projeto \u201cCosturando o Futuro\u201d, da Funda\u00e7\u00e3o Volkswagen, forma 200 empreendedores no Paran\u00e1"}]},{"@type":"WebSite","@id":"https:\/\/dana.com.br\/canaldana\/#website","url":"https:\/\/dana.com.br\/canaldana\/","name":"Canal Dana","description":"Informativo com as principais not\u00edcias da ind\u00fastria automotiva","potentialAction":[{"@type":"SearchAction","target":{"@type":"EntryPoint","urlTemplate":"https:\/\/dana.com.br\/canaldana\/?s={search_term_string}"},"query-input":{"@type":"PropertyValueSpecification","valueRequired":true,"valueName":"search_term_string"}}],"inLanguage":"pt-BR"},{"@type":"Person","@id":"https:\/\/dana.com.br\/canaldana\/#\/schema\/person\/3c21f22f56fcf3bc46b94bc60ea4fef6","name":"Canal Dana","image":{"@type":"ImageObject","inLanguage":"pt-BR","@id":"https:\/\/secure.gravatar.com\/avatar\/420aaf9278582877d9018637c6817617705899d2858d7572ef0fe59a6b6454b4?s=96&d=mm&r=g","url":"https:\/\/secure.gravatar.com\/avatar\/420aaf9278582877d9018637c6817617705899d2858d7572ef0fe59a6b6454b4?s=96&d=mm&r=g","contentUrl":"https:\/\/secure.gravatar.com\/avatar\/420aaf9278582877d9018637c6817617705899d2858d7572ef0fe59a6b6454b4?s=96&d=mm&r=g","caption":"Canal Dana"},"url":"https:\/\/dana.com.br\/canaldana\/author\/cdeditor\/"}]}},"_links":{"self":[{"href":"https:\/\/dana.com.br\/canaldana\/wp-json\/wp\/v2\/posts\/27488","targetHints":{"allow":["GET"]}}],"collection":[{"href":"https:\/\/dana.com.br\/canaldana\/wp-json\/wp\/v2\/posts"}],"about":[{"href":"https:\/\/dana.com.br\/canaldana\/wp-json\/wp\/v2\/types\/post"}],"author":[{"embeddable":true,"href":"https:\/\/dana.com.br\/canaldana\/wp-json\/wp\/v2\/users\/3"}],"replies":[{"embeddable":true,"href":"https:\/\/dana.com.br\/canaldana\/wp-json\/wp\/v2\/comments?post=27488"}],"version-history":[{"count":0,"href":"https:\/\/dana.com.br\/canaldana\/wp-json\/wp\/v2\/posts\/27488\/revisions"}],"wp:attachment":[{"href":"https:\/\/dana.com.br\/canaldana\/wp-json\/wp\/v2\/media?parent=27488"}],"wp:term":[{"taxonomy":"category","embeddable":true,"href":"https:\/\/dana.com.br\/canaldana\/wp-json\/wp\/v2\/categories?post=27488"},{"taxonomy":"post_tag","embeddable":true,"href":"https:\/\/dana.com.br\/canaldana\/wp-json\/wp\/v2\/tags?post=27488"}],"curies":[{"name":"wp","href":"https:\/\/api.w.org\/{rel}","templated":true}]}}