{"id":27468,"date":"2018-06-27T09:04:17","date_gmt":"2018-06-27T12:04:17","guid":{"rendered":"http:\/\/dana.com.br\/canaldana\/?p=27468"},"modified":"2018-06-27T09:04:17","modified_gmt":"2018-06-27T12:04:17","slug":"effa-motors-oferece-modelo-de-food-truck-montado-de-fabrica","status":"publish","type":"post","link":"https:\/\/dana.com.br\/canaldana\/2018\/06\/27\/effa-motors-oferece-modelo-de-food-truck-montado-de-fabrica\/","title":{"rendered":"Effa Motors oferece modelo de food truck montado de f\u00e1brica"},"content":{"rendered":"<p><em>Oficina News <\/em><\/p>\n<p>&nbsp;<\/p>\n<p>A montadora Effa Motors oferece modelo de food truck montado de f\u00e1brica. Constru\u00eddo em cima da picape cabine simples K01, o Food Truck Effa est\u00e1 sendo comercializado pelo pre\u00e7o promocional de R$ 44.980,00.<\/p>\n<p>&nbsp;<\/p>\n<p>\u201cAl\u00e9m de ser a melhor rela\u00e7\u00e3o custo-benef\u00edcio do mercado para quem busca um food truck para iniciar seu pr\u00f3prio neg\u00f3cio, o Food Truck Effa \u00e9 montado no Brasil, o que garante agilidade no fornecimento de pe\u00e7as de reposi\u00e7\u00e3o em toda a nossa rede de 17 revendedores\u201d, explica Eimmy Effa, diretora geral da Effa Motors. \u201cO modelo tamb\u00e9m pode ter diferentes aplica\u00e7\u00f5es dentro do segmento da gastronomia, dependendo do neg\u00f3cio do cliente\u201d, acrescenta a executiva.<\/p>\n<p>&nbsp;<\/p>\n<p>De acordo com informa\u00e7\u00f5es da marca, p modelo inclui uma estrutura constru\u00edda com chapas lisas de alum\u00ednio, revestimento interno branco com forra\u00e7\u00e3o de isopor (30 mm), piso em alum\u00ednio xadrez, teto em PVC com visual imitando madeira, ilumina\u00e7\u00e3o interna (teto e janela) em LED, janela equipada com duplo amortecedor de ar, instala\u00e7\u00e3o de 110 Volts e fitas refletivas de seguran\u00e7a.<\/p>\n<p>&nbsp;<\/p>\n<p>A Effa Motors comercializa no mercado brasileiro, atualmente, quatro modelos de utilit\u00e1rios: as picapes K01 (motor 1.0, cabine simples), K02 (motor 1.0, cabine dupla), V21 (motor 1.3, cabine simples) e V22 (motor 1.3, cabine dupla). Todos eles podem ser equipados, de f\u00e1brica, com v\u00e1rios acess\u00f3rios ou receberem adapta\u00e7\u00f5es para atenderem diferentes tipos de neg\u00f3cios. Isso pode incluir, por exemplo, ba\u00fa, gaiola alta, gaiola baixa, gaiola full vidros e gaiola com lona. Com isso, os ve\u00edculos podem ter v\u00e1rias aplica\u00e7\u00f5es espec\u00edficas, como realizar entregas seguras para vidra\u00e7arias ou outros segmentos do com\u00e9rcio e ind\u00fastria.<\/p>\n<p>&nbsp;<\/p>\n<p>A Effa Motors iniciou suas opera\u00e7\u00f5es no mercado brasileiro em 2007. Atualmente, a empresa comercializa no mercado nacional quatro op\u00e7\u00f5es de picapes chinesas, cabines simples e duplas, todas montadas em Manaus (AM). A empresa conta com 17 revendas em opera\u00e7\u00e3o no mercado nacional. Segundo a empresa, a frota total de ve\u00edculos da marca rodando pelo Pa\u00eds, hoje, est\u00e1 em torno de 23 mil unidades. (Oficina News\/Fl\u00e1via Gomeson)<\/p>\n","protected":false},"excerpt":{"rendered":"<p>Oficina News &nbsp; A montadora Effa Motors oferece modelo de food truck montado de f\u00e1brica. Constru\u00eddo em cima da picape cabine simples K01, o Food Truck Effa est\u00e1 sendo comercializado pelo pre\u00e7o promocional de R$ 44.980,00. &nbsp; \u201cAl\u00e9m de ser a melhor rela\u00e7\u00e3o custo-benef\u00edcio do mercado para quem busca um food truck para iniciar seu\u2026 <a class=\"readmore\" href=\"https:\/\/dana.com.br\/canaldana\/2018\/06\/27\/effa-motors-oferece-modelo-de-food-truck-montado-de-fabrica\/\">Leia mais \u00bb<\/a><\/p>\n","protected":false},"author":3,"featured_media":0,"comment_status":"closed","ping_status":"closed","sticky":false,"template":"","format":"standard","meta":{"_acf_changed":false,"footnotes":""},"categories":[61],"tags":[],"class_list":["post-27468","post","type-post","status-publish","format-standard","hentry","category-destaques"],"acf":[],"yoast_head":"<!-- This site is optimized with the Yoast SEO plugin v27.3 - https:\/\/yoast.com\/product\/yoast-seo-wordpress\/ -->\n<title>Effa Motors oferece modelo de food truck montado de f\u00e1brica - Canal Dana<\/title>\n<meta name=\"robots\" content=\"index, follow, max-snippet:-1, max-image-preview:large, max-video-preview:-1\" \/>\n<link rel=\"canonical\" href=\"https:\/\/dana.com.br\/canaldana\/2018\/06\/27\/effa-motors-oferece-modelo-de-food-truck-montado-de-fabrica\/\" \/>\n<meta property=\"og:locale\" content=\"pt_BR\" \/>\n<meta property=\"og:type\" content=\"article\" \/>\n<meta property=\"og:title\" content=\"Effa Motors oferece modelo de food truck montado de f\u00e1brica - Canal Dana\" \/>\n<meta property=\"og:description\" content=\"Oficina News &nbsp; A montadora Effa Motors oferece modelo de food truck montado de f\u00e1brica. Constru\u00eddo em cima da picape cabine simples K01, o Food Truck Effa est\u00e1 sendo comercializado pelo pre\u00e7o promocional de R$ 44.980,00. &nbsp; \u201cAl\u00e9m de ser a melhor rela\u00e7\u00e3o custo-benef\u00edcio do mercado para quem busca um food truck para iniciar seu\u2026 Leia mais \u00bb\" \/>\n<meta property=\"og:url\" content=\"https:\/\/dana.com.br\/canaldana\/2018\/06\/27\/effa-motors-oferece-modelo-de-food-truck-montado-de-fabrica\/\" \/>\n<meta property=\"og:site_name\" content=\"Canal Dana\" \/>\n<meta property=\"article:published_time\" content=\"2018-06-27T12:04:17+00:00\" \/>\n<meta name=\"author\" content=\"Canal Dana\" \/>\n<meta name=\"twitter:card\" content=\"summary_large_image\" \/>\n<meta name=\"twitter:label1\" content=\"Escrito por\" \/>\n\t<meta name=\"twitter:data1\" content=\"Canal Dana\" \/>\n\t<meta name=\"twitter:label2\" content=\"Est. tempo de leitura\" \/>\n\t<meta name=\"twitter:data2\" content=\"2 minutos\" \/>\n<script type=\"application\/ld+json\" class=\"yoast-schema-graph\">{\"@context\":\"https:\\\/\\\/schema.org\",\"@graph\":[{\"@type\":\"Article\",\"@id\":\"https:\\\/\\\/dana.com.br\\\/canaldana\\\/2018\\\/06\\\/27\\\/effa-motors-oferece-modelo-de-food-truck-montado-de-fabrica\\\/#article\",\"isPartOf\":{\"@id\":\"https:\\\/\\\/dana.com.br\\\/canaldana\\\/2018\\\/06\\\/27\\\/effa-motors-oferece-modelo-de-food-truck-montado-de-fabrica\\\/\"},\"author\":{\"name\":\"Canal Dana\",\"@id\":\"https:\\\/\\\/dana.com.br\\\/canaldana\\\/#\\\/schema\\\/person\\\/3c21f22f56fcf3bc46b94bc60ea4fef6\"},\"headline\":\"Effa Motors oferece modelo de food truck montado de f\u00e1brica\",\"datePublished\":\"2018-06-27T12:04:17+00:00\",\"mainEntityOfPage\":{\"@id\":\"https:\\\/\\\/dana.com.br\\\/canaldana\\\/2018\\\/06\\\/27\\\/effa-motors-oferece-modelo-de-food-truck-montado-de-fabrica\\\/\"},\"wordCount\":374,\"articleSection\":[\"Destaques\"],\"inLanguage\":\"pt-BR\"},{\"@type\":\"WebPage\",\"@id\":\"https:\\\/\\\/dana.com.br\\\/canaldana\\\/2018\\\/06\\\/27\\\/effa-motors-oferece-modelo-de-food-truck-montado-de-fabrica\\\/\",\"url\":\"https:\\\/\\\/dana.com.br\\\/canaldana\\\/2018\\\/06\\\/27\\\/effa-motors-oferece-modelo-de-food-truck-montado-de-fabrica\\\/\",\"name\":\"Effa Motors oferece modelo de food truck montado de f\u00e1brica - Canal Dana\",\"isPartOf\":{\"@id\":\"https:\\\/\\\/dana.com.br\\\/canaldana\\\/#website\"},\"datePublished\":\"2018-06-27T12:04:17+00:00\",\"author\":{\"@id\":\"https:\\\/\\\/dana.com.br\\\/canaldana\\\/#\\\/schema\\\/person\\\/3c21f22f56fcf3bc46b94bc60ea4fef6\"},\"breadcrumb\":{\"@id\":\"https:\\\/\\\/dana.com.br\\\/canaldana\\\/2018\\\/06\\\/27\\\/effa-motors-oferece-modelo-de-food-truck-montado-de-fabrica\\\/#breadcrumb\"},\"inLanguage\":\"pt-BR\",\"potentialAction\":[{\"@type\":\"ReadAction\",\"target\":[\"https:\\\/\\\/dana.com.br\\\/canaldana\\\/2018\\\/06\\\/27\\\/effa-motors-oferece-modelo-de-food-truck-montado-de-fabrica\\\/\"]}]},{\"@type\":\"BreadcrumbList\",\"@id\":\"https:\\\/\\\/dana.com.br\\\/canaldana\\\/2018\\\/06\\\/27\\\/effa-motors-oferece-modelo-de-food-truck-montado-de-fabrica\\\/#breadcrumb\",\"itemListElement\":[{\"@type\":\"ListItem\",\"position\":1,\"name\":\"Home\",\"item\":\"https:\\\/\\\/dana.com.br\\\/canaldana\\\/\"},{\"@type\":\"ListItem\",\"position\":2,\"name\":\"Destaques\",\"item\":\"https:\\\/\\\/dana.com.br\\\/canaldana\\\/destaques\\\/\"},{\"@type\":\"ListItem\",\"position\":3,\"name\":\"Effa Motors oferece modelo de food truck montado de f\u00e1brica\"}]},{\"@type\":\"WebSite\",\"@id\":\"https:\\\/\\\/dana.com.br\\\/canaldana\\\/#website\",\"url\":\"https:\\\/\\\/dana.com.br\\\/canaldana\\\/\",\"name\":\"Canal Dana\",\"description\":\"Informativo com as principais not\u00edcias da ind\u00fastria automotiva\",\"potentialAction\":[{\"@type\":\"SearchAction\",\"target\":{\"@type\":\"EntryPoint\",\"urlTemplate\":\"https:\\\/\\\/dana.com.br\\\/canaldana\\\/?s={search_term_string}\"},\"query-input\":{\"@type\":\"PropertyValueSpecification\",\"valueRequired\":true,\"valueName\":\"search_term_string\"}}],\"inLanguage\":\"pt-BR\"},{\"@type\":\"Person\",\"@id\":\"https:\\\/\\\/dana.com.br\\\/canaldana\\\/#\\\/schema\\\/person\\\/3c21f22f56fcf3bc46b94bc60ea4fef6\",\"name\":\"Canal Dana\",\"image\":{\"@type\":\"ImageObject\",\"inLanguage\":\"pt-BR\",\"@id\":\"https:\\\/\\\/secure.gravatar.com\\\/avatar\\\/420aaf9278582877d9018637c6817617705899d2858d7572ef0fe59a6b6454b4?s=96&d=mm&r=g\",\"url\":\"https:\\\/\\\/secure.gravatar.com\\\/avatar\\\/420aaf9278582877d9018637c6817617705899d2858d7572ef0fe59a6b6454b4?s=96&d=mm&r=g\",\"contentUrl\":\"https:\\\/\\\/secure.gravatar.com\\\/avatar\\\/420aaf9278582877d9018637c6817617705899d2858d7572ef0fe59a6b6454b4?s=96&d=mm&r=g\",\"caption\":\"Canal Dana\"},\"url\":\"https:\\\/\\\/dana.com.br\\\/canaldana\\\/author\\\/cdeditor\\\/\"}]}<\/script>\n<!-- \/ Yoast SEO plugin. -->","yoast_head_json":{"title":"Effa Motors oferece modelo de food truck montado de f\u00e1brica - Canal Dana","robots":{"index":"index","follow":"follow","max-snippet":"max-snippet:-1","max-image-preview":"max-image-preview:large","max-video-preview":"max-video-preview:-1"},"canonical":"https:\/\/dana.com.br\/canaldana\/2018\/06\/27\/effa-motors-oferece-modelo-de-food-truck-montado-de-fabrica\/","og_locale":"pt_BR","og_type":"article","og_title":"Effa Motors oferece modelo de food truck montado de f\u00e1brica - Canal Dana","og_description":"Oficina News &nbsp; A montadora Effa Motors oferece modelo de food truck montado de f\u00e1brica. Constru\u00eddo em cima da picape cabine simples K01, o Food Truck Effa est\u00e1 sendo comercializado pelo pre\u00e7o promocional de R$ 44.980,00. &nbsp; \u201cAl\u00e9m de ser a melhor rela\u00e7\u00e3o custo-benef\u00edcio do mercado para quem busca um food truck para iniciar seu\u2026 Leia mais \u00bb","og_url":"https:\/\/dana.com.br\/canaldana\/2018\/06\/27\/effa-motors-oferece-modelo-de-food-truck-montado-de-fabrica\/","og_site_name":"Canal Dana","article_published_time":"2018-06-27T12:04:17+00:00","author":"Canal Dana","twitter_card":"summary_large_image","twitter_misc":{"Escrito por":"Canal Dana","Est. tempo de leitura":"2 minutos"},"schema":{"@context":"https:\/\/schema.org","@graph":[{"@type":"Article","@id":"https:\/\/dana.com.br\/canaldana\/2018\/06\/27\/effa-motors-oferece-modelo-de-food-truck-montado-de-fabrica\/#article","isPartOf":{"@id":"https:\/\/dana.com.br\/canaldana\/2018\/06\/27\/effa-motors-oferece-modelo-de-food-truck-montado-de-fabrica\/"},"author":{"name":"Canal Dana","@id":"https:\/\/dana.com.br\/canaldana\/#\/schema\/person\/3c21f22f56fcf3bc46b94bc60ea4fef6"},"headline":"Effa Motors oferece modelo de food truck montado de f\u00e1brica","datePublished":"2018-06-27T12:04:17+00:00","mainEntityOfPage":{"@id":"https:\/\/dana.com.br\/canaldana\/2018\/06\/27\/effa-motors-oferece-modelo-de-food-truck-montado-de-fabrica\/"},"wordCount":374,"articleSection":["Destaques"],"inLanguage":"pt-BR"},{"@type":"WebPage","@id":"https:\/\/dana.com.br\/canaldana\/2018\/06\/27\/effa-motors-oferece-modelo-de-food-truck-montado-de-fabrica\/","url":"https:\/\/dana.com.br\/canaldana\/2018\/06\/27\/effa-motors-oferece-modelo-de-food-truck-montado-de-fabrica\/","name":"Effa Motors oferece modelo de food truck montado de f\u00e1brica - Canal Dana","isPartOf":{"@id":"https:\/\/dana.com.br\/canaldana\/#website"},"datePublished":"2018-06-27T12:04:17+00:00","author":{"@id":"https:\/\/dana.com.br\/canaldana\/#\/schema\/person\/3c21f22f56fcf3bc46b94bc60ea4fef6"},"breadcrumb":{"@id":"https:\/\/dana.com.br\/canaldana\/2018\/06\/27\/effa-motors-oferece-modelo-de-food-truck-montado-de-fabrica\/#breadcrumb"},"inLanguage":"pt-BR","potentialAction":[{"@type":"ReadAction","target":["https:\/\/dana.com.br\/canaldana\/2018\/06\/27\/effa-motors-oferece-modelo-de-food-truck-montado-de-fabrica\/"]}]},{"@type":"BreadcrumbList","@id":"https:\/\/dana.com.br\/canaldana\/2018\/06\/27\/effa-motors-oferece-modelo-de-food-truck-montado-de-fabrica\/#breadcrumb","itemListElement":[{"@type":"ListItem","position":1,"name":"Home","item":"https:\/\/dana.com.br\/canaldana\/"},{"@type":"ListItem","position":2,"name":"Destaques","item":"https:\/\/dana.com.br\/canaldana\/destaques\/"},{"@type":"ListItem","position":3,"name":"Effa Motors oferece modelo de food truck montado de f\u00e1brica"}]},{"@type":"WebSite","@id":"https:\/\/dana.com.br\/canaldana\/#website","url":"https:\/\/dana.com.br\/canaldana\/","name":"Canal Dana","description":"Informativo com as principais not\u00edcias da ind\u00fastria automotiva","potentialAction":[{"@type":"SearchAction","target":{"@type":"EntryPoint","urlTemplate":"https:\/\/dana.com.br\/canaldana\/?s={search_term_string}"},"query-input":{"@type":"PropertyValueSpecification","valueRequired":true,"valueName":"search_term_string"}}],"inLanguage":"pt-BR"},{"@type":"Person","@id":"https:\/\/dana.com.br\/canaldana\/#\/schema\/person\/3c21f22f56fcf3bc46b94bc60ea4fef6","name":"Canal Dana","image":{"@type":"ImageObject","inLanguage":"pt-BR","@id":"https:\/\/secure.gravatar.com\/avatar\/420aaf9278582877d9018637c6817617705899d2858d7572ef0fe59a6b6454b4?s=96&d=mm&r=g","url":"https:\/\/secure.gravatar.com\/avatar\/420aaf9278582877d9018637c6817617705899d2858d7572ef0fe59a6b6454b4?s=96&d=mm&r=g","contentUrl":"https:\/\/secure.gravatar.com\/avatar\/420aaf9278582877d9018637c6817617705899d2858d7572ef0fe59a6b6454b4?s=96&d=mm&r=g","caption":"Canal Dana"},"url":"https:\/\/dana.com.br\/canaldana\/author\/cdeditor\/"}]}},"_links":{"self":[{"href":"https:\/\/dana.com.br\/canaldana\/wp-json\/wp\/v2\/posts\/27468","targetHints":{"allow":["GET"]}}],"collection":[{"href":"https:\/\/dana.com.br\/canaldana\/wp-json\/wp\/v2\/posts"}],"about":[{"href":"https:\/\/dana.com.br\/canaldana\/wp-json\/wp\/v2\/types\/post"}],"author":[{"embeddable":true,"href":"https:\/\/dana.com.br\/canaldana\/wp-json\/wp\/v2\/users\/3"}],"replies":[{"embeddable":true,"href":"https:\/\/dana.com.br\/canaldana\/wp-json\/wp\/v2\/comments?post=27468"}],"version-history":[{"count":0,"href":"https:\/\/dana.com.br\/canaldana\/wp-json\/wp\/v2\/posts\/27468\/revisions"}],"wp:attachment":[{"href":"https:\/\/dana.com.br\/canaldana\/wp-json\/wp\/v2\/media?parent=27468"}],"wp:term":[{"taxonomy":"category","embeddable":true,"href":"https:\/\/dana.com.br\/canaldana\/wp-json\/wp\/v2\/categories?post=27468"},{"taxonomy":"post_tag","embeddable":true,"href":"https:\/\/dana.com.br\/canaldana\/wp-json\/wp\/v2\/tags?post=27468"}],"curies":[{"name":"wp","href":"https:\/\/api.w.org\/{rel}","templated":true}]}}