{"id":25172,"date":"2018-05-10T08:40:11","date_gmt":"2018-05-10T11:40:11","guid":{"rendered":"http:\/\/dana.com.br\/canaldana\/?p=25172"},"modified":"2018-05-10T08:40:11","modified_gmt":"2018-05-10T11:40:11","slug":"tecnico-do-brasil-conquista-premio-mundial-de-pos-vendas-da-kia-motors","status":"publish","type":"post","link":"https:\/\/dana.com.br\/canaldana\/2018\/05\/10\/tecnico-do-brasil-conquista-premio-mundial-de-pos-vendas-da-kia-motors\/","title":{"rendered":"T\u00e9cnico do Brasil conquista pr\u00eamio mundial de p\u00f3s-vendas da Kia Motors"},"content":{"rendered":"<p><em>Tribuna do Norte <\/em><\/p>\n<p>&nbsp;<\/p>\n<p>O t\u00e9cnico brasileiro Fl\u00e1vio Gon\u00e7alves Pereira conquistou o 1\u00ba lugar da categoria \u201cEspecialista em Chassis\u201d do Kia Skill World Cup 2018, realizado entre os dias 24 e 26 de abril na Coreia do Sul. Al\u00e9m da vit\u00f3ria, in\u00e9dita para o Brasil, o profissional ficou com a 8\u00ba coloca\u00e7\u00e3o na avalia\u00e7\u00e3o geral da premia\u00e7\u00e3o.<\/p>\n<p>&nbsp;<\/p>\n<p>Realizado a cada dois anos, o Kia Skill World Cup tem o objetivo de compartilhar conhecimentos e estrat\u00e9gias de atendimento t\u00e9cnico de p\u00f3s-venda e eleger os melhores profissionais da \u00e1rea em todo o mundo. A competi\u00e7\u00e3o foi dividida em atividades te\u00f3ricas e pr\u00e1ticas sobre chassis, motores e eletricidade, realizadas na sede da Kia Motors Corporation, em Seul, e no Centro de Treinamento de Osan.<\/p>\n<p>&nbsp;<\/p>\n<p>T\u00e9cnico da concession\u00e1ria Kia Matriz, de Ribeir\u00e3o Preto\/SP, Fl\u00e1vio havia vencido outras duas etapas da competi\u00e7\u00e3o ao longo do segundo semestre de 2017: uma nacional, que reuniu treze t\u00e9cnicos de n\u00edvel m\u00e1ster na sede da Kia Motors do Brasil, em Itu\/SP, e uma regional, com outros dezesseis profissionais da Am\u00e9rica Latina e do Caribe, em Buenos Aires, na Argentina. A fase final, de n\u00edvel mundial, reuniu os 54 melhores t\u00e9cnicos da Kia, oriundos de 43 pa\u00edses.<\/p>\n<p>&nbsp;<\/p>\n<p>Para o brasileiro, as experi\u00eancias proporcionadas pela competi\u00e7\u00e3o v\u00e3o al\u00e9m do reconhecimento profissional. \u201cDesde que participei da etapa nacional, tinha consci\u00eancia da minha capacidade, mas n\u00e3o imaginava que poderia chegar t\u00e3o longe. Foi incr\u00edvel poder conhecer o pa\u00eds de origem da Kia Motors e fazer contato com pessoas de todo o mundo, de culturas e forma\u00e7\u00f5es diferentes\u201d, ressalta Fl\u00e1vio, que ainda recebeu uma premia\u00e7\u00e3o de mil d\u00f3lares. \u201cS\u00f3 tenho motivos para agradecer meus familiares, amigos, a concession\u00e1ria onde trabalho e a Kia Motors do Brasil pelo apoio e incentivo\u201d.<\/p>\n<p>&nbsp;<\/p>\n<p><strong>Reconhecimento mundial<\/strong><\/p>\n<p>&nbsp;<\/p>\n<p>Segundo Gabriel Loureiro, diretor t\u00e9cnico da Kia Motors do Brasil, o pr\u00eamio \u00e9 mais uma conquista de todos os profissionais envolvidos com os servi\u00e7os de p\u00f3s-venda no Pa\u00eds. \u201cFicamos muito orgulhosos com o desempenho do Fl\u00e1vio, que nos posicionou entre os melhores do mundo e demonstrou que estamos no caminho certo no que diz respeito \u00e0 forma\u00e7\u00e3o de nossos t\u00e9cnicos. Esta premia\u00e7\u00e3o \u00e9 fruto de um trabalho de longo prazo, que evidencia nossa preocupa\u00e7\u00e3o com a satisfa\u00e7\u00e3o dos clientes, por meio de treinamento e atualiza\u00e7\u00e3o constantes de nossas equipes\u201d, enfatiza.<\/p>\n<p>&nbsp;<\/p>\n<p>\u201cO pr\u00eamio do Fl\u00e1vio \u00e9 resultado do excepcional conhecimento dele, mas tamb\u00e9m de sua forte motiva\u00e7\u00e3o e entusiasmo na opera\u00e7\u00e3o dos servi\u00e7os da Kia\u201d, destacou Kyung-Han Kim, presidente da sede regional da Kia na Am\u00e9rica Central e do Sul, em carta endere\u00e7ada ao presidente da Kia Motors do Brasil, Jos\u00e9 Lu\u00eds Gandini. (Tribuna do Norte\/Fernando Siqueira)<\/p>\n","protected":false},"excerpt":{"rendered":"<p>Tribuna do Norte &nbsp; O t\u00e9cnico brasileiro Fl\u00e1vio Gon\u00e7alves Pereira conquistou o 1\u00ba lugar da categoria \u201cEspecialista em Chassis\u201d do Kia Skill World Cup 2018, realizado entre os dias 24 e 26 de abril na Coreia do Sul. Al\u00e9m da vit\u00f3ria, in\u00e9dita para o Brasil, o profissional ficou com a 8\u00ba coloca\u00e7\u00e3o na avalia\u00e7\u00e3o geral\u2026 <a class=\"readmore\" href=\"https:\/\/dana.com.br\/canaldana\/2018\/05\/10\/tecnico-do-brasil-conquista-premio-mundial-de-pos-vendas-da-kia-motors\/\">Leia mais \u00bb<\/a><\/p>\n","protected":false},"author":3,"featured_media":0,"comment_status":"closed","ping_status":"closed","sticky":false,"template":"","format":"standard","meta":{"_acf_changed":false,"footnotes":""},"categories":[74],"tags":[],"class_list":["post-25172","post","type-post","status-publish","format-standard","hentry","category-premios"],"acf":[],"yoast_head":"<!-- This site is optimized with the Yoast SEO plugin v27.3 - https:\/\/yoast.com\/product\/yoast-seo-wordpress\/ -->\n<title>T\u00e9cnico do Brasil conquista pr\u00eamio mundial de p\u00f3s-vendas da Kia Motors - Canal Dana<\/title>\n<meta name=\"robots\" content=\"index, follow, max-snippet:-1, max-image-preview:large, max-video-preview:-1\" \/>\n<link rel=\"canonical\" href=\"https:\/\/dana.com.br\/canaldana\/2018\/05\/10\/tecnico-do-brasil-conquista-premio-mundial-de-pos-vendas-da-kia-motors\/\" \/>\n<meta property=\"og:locale\" content=\"pt_BR\" \/>\n<meta property=\"og:type\" content=\"article\" \/>\n<meta property=\"og:title\" content=\"T\u00e9cnico do Brasil conquista pr\u00eamio mundial de p\u00f3s-vendas da Kia Motors - Canal Dana\" \/>\n<meta property=\"og:description\" content=\"Tribuna do Norte &nbsp; O t\u00e9cnico brasileiro Fl\u00e1vio Gon\u00e7alves Pereira conquistou o 1\u00ba lugar da categoria \u201cEspecialista em Chassis\u201d do Kia Skill World Cup 2018, realizado entre os dias 24 e 26 de abril na Coreia do Sul. Al\u00e9m da vit\u00f3ria, in\u00e9dita para o Brasil, o profissional ficou com a 8\u00ba coloca\u00e7\u00e3o na avalia\u00e7\u00e3o geral\u2026 Leia mais \u00bb\" \/>\n<meta property=\"og:url\" content=\"https:\/\/dana.com.br\/canaldana\/2018\/05\/10\/tecnico-do-brasil-conquista-premio-mundial-de-pos-vendas-da-kia-motors\/\" \/>\n<meta property=\"og:site_name\" content=\"Canal Dana\" \/>\n<meta property=\"article:published_time\" content=\"2018-05-10T11:40:11+00:00\" \/>\n<meta name=\"author\" content=\"Canal Dana\" \/>\n<meta name=\"twitter:card\" content=\"summary_large_image\" \/>\n<meta name=\"twitter:label1\" content=\"Escrito por\" \/>\n\t<meta name=\"twitter:data1\" content=\"Canal Dana\" \/>\n\t<meta name=\"twitter:label2\" content=\"Est. tempo de leitura\" \/>\n\t<meta name=\"twitter:data2\" content=\"2 minutos\" \/>\n<script type=\"application\/ld+json\" class=\"yoast-schema-graph\">{\"@context\":\"https:\\\/\\\/schema.org\",\"@graph\":[{\"@type\":\"Article\",\"@id\":\"https:\\\/\\\/dana.com.br\\\/canaldana\\\/2018\\\/05\\\/10\\\/tecnico-do-brasil-conquista-premio-mundial-de-pos-vendas-da-kia-motors\\\/#article\",\"isPartOf\":{\"@id\":\"https:\\\/\\\/dana.com.br\\\/canaldana\\\/2018\\\/05\\\/10\\\/tecnico-do-brasil-conquista-premio-mundial-de-pos-vendas-da-kia-motors\\\/\"},\"author\":{\"name\":\"Canal Dana\",\"@id\":\"https:\\\/\\\/dana.com.br\\\/canaldana\\\/#\\\/schema\\\/person\\\/3c21f22f56fcf3bc46b94bc60ea4fef6\"},\"headline\":\"T\u00e9cnico do Brasil conquista pr\u00eamio mundial de p\u00f3s-vendas da Kia Motors\",\"datePublished\":\"2018-05-10T11:40:11+00:00\",\"mainEntityOfPage\":{\"@id\":\"https:\\\/\\\/dana.com.br\\\/canaldana\\\/2018\\\/05\\\/10\\\/tecnico-do-brasil-conquista-premio-mundial-de-pos-vendas-da-kia-motors\\\/\"},\"wordCount\":507,\"articleSection\":[\"Pr\u00eamios\"],\"inLanguage\":\"pt-BR\"},{\"@type\":\"WebPage\",\"@id\":\"https:\\\/\\\/dana.com.br\\\/canaldana\\\/2018\\\/05\\\/10\\\/tecnico-do-brasil-conquista-premio-mundial-de-pos-vendas-da-kia-motors\\\/\",\"url\":\"https:\\\/\\\/dana.com.br\\\/canaldana\\\/2018\\\/05\\\/10\\\/tecnico-do-brasil-conquista-premio-mundial-de-pos-vendas-da-kia-motors\\\/\",\"name\":\"T\u00e9cnico do Brasil conquista pr\u00eamio mundial de p\u00f3s-vendas da Kia Motors - Canal Dana\",\"isPartOf\":{\"@id\":\"https:\\\/\\\/dana.com.br\\\/canaldana\\\/#website\"},\"datePublished\":\"2018-05-10T11:40:11+00:00\",\"author\":{\"@id\":\"https:\\\/\\\/dana.com.br\\\/canaldana\\\/#\\\/schema\\\/person\\\/3c21f22f56fcf3bc46b94bc60ea4fef6\"},\"breadcrumb\":{\"@id\":\"https:\\\/\\\/dana.com.br\\\/canaldana\\\/2018\\\/05\\\/10\\\/tecnico-do-brasil-conquista-premio-mundial-de-pos-vendas-da-kia-motors\\\/#breadcrumb\"},\"inLanguage\":\"pt-BR\",\"potentialAction\":[{\"@type\":\"ReadAction\",\"target\":[\"https:\\\/\\\/dana.com.br\\\/canaldana\\\/2018\\\/05\\\/10\\\/tecnico-do-brasil-conquista-premio-mundial-de-pos-vendas-da-kia-motors\\\/\"]}]},{\"@type\":\"BreadcrumbList\",\"@id\":\"https:\\\/\\\/dana.com.br\\\/canaldana\\\/2018\\\/05\\\/10\\\/tecnico-do-brasil-conquista-premio-mundial-de-pos-vendas-da-kia-motors\\\/#breadcrumb\",\"itemListElement\":[{\"@type\":\"ListItem\",\"position\":1,\"name\":\"Home\",\"item\":\"https:\\\/\\\/dana.com.br\\\/canaldana\\\/\"},{\"@type\":\"ListItem\",\"position\":2,\"name\":\"Pr\u00eamios\",\"item\":\"https:\\\/\\\/dana.com.br\\\/canaldana\\\/premios\\\/\"},{\"@type\":\"ListItem\",\"position\":3,\"name\":\"T\u00e9cnico do Brasil conquista pr\u00eamio mundial de p\u00f3s-vendas da Kia Motors\"}]},{\"@type\":\"WebSite\",\"@id\":\"https:\\\/\\\/dana.com.br\\\/canaldana\\\/#website\",\"url\":\"https:\\\/\\\/dana.com.br\\\/canaldana\\\/\",\"name\":\"Canal Dana\",\"description\":\"Informativo com as principais not\u00edcias da ind\u00fastria automotiva\",\"potentialAction\":[{\"@type\":\"SearchAction\",\"target\":{\"@type\":\"EntryPoint\",\"urlTemplate\":\"https:\\\/\\\/dana.com.br\\\/canaldana\\\/?s={search_term_string}\"},\"query-input\":{\"@type\":\"PropertyValueSpecification\",\"valueRequired\":true,\"valueName\":\"search_term_string\"}}],\"inLanguage\":\"pt-BR\"},{\"@type\":\"Person\",\"@id\":\"https:\\\/\\\/dana.com.br\\\/canaldana\\\/#\\\/schema\\\/person\\\/3c21f22f56fcf3bc46b94bc60ea4fef6\",\"name\":\"Canal Dana\",\"image\":{\"@type\":\"ImageObject\",\"inLanguage\":\"pt-BR\",\"@id\":\"https:\\\/\\\/secure.gravatar.com\\\/avatar\\\/420aaf9278582877d9018637c6817617705899d2858d7572ef0fe59a6b6454b4?s=96&d=mm&r=g\",\"url\":\"https:\\\/\\\/secure.gravatar.com\\\/avatar\\\/420aaf9278582877d9018637c6817617705899d2858d7572ef0fe59a6b6454b4?s=96&d=mm&r=g\",\"contentUrl\":\"https:\\\/\\\/secure.gravatar.com\\\/avatar\\\/420aaf9278582877d9018637c6817617705899d2858d7572ef0fe59a6b6454b4?s=96&d=mm&r=g\",\"caption\":\"Canal Dana\"},\"url\":\"https:\\\/\\\/dana.com.br\\\/canaldana\\\/author\\\/cdeditor\\\/\"}]}<\/script>\n<!-- \/ Yoast SEO plugin. -->","yoast_head_json":{"title":"T\u00e9cnico do Brasil conquista pr\u00eamio mundial de p\u00f3s-vendas da Kia Motors - Canal Dana","robots":{"index":"index","follow":"follow","max-snippet":"max-snippet:-1","max-image-preview":"max-image-preview:large","max-video-preview":"max-video-preview:-1"},"canonical":"https:\/\/dana.com.br\/canaldana\/2018\/05\/10\/tecnico-do-brasil-conquista-premio-mundial-de-pos-vendas-da-kia-motors\/","og_locale":"pt_BR","og_type":"article","og_title":"T\u00e9cnico do Brasil conquista pr\u00eamio mundial de p\u00f3s-vendas da Kia Motors - Canal Dana","og_description":"Tribuna do Norte &nbsp; O t\u00e9cnico brasileiro Fl\u00e1vio Gon\u00e7alves Pereira conquistou o 1\u00ba lugar da categoria \u201cEspecialista em Chassis\u201d do Kia Skill World Cup 2018, realizado entre os dias 24 e 26 de abril na Coreia do Sul. Al\u00e9m da vit\u00f3ria, in\u00e9dita para o Brasil, o profissional ficou com a 8\u00ba coloca\u00e7\u00e3o na avalia\u00e7\u00e3o geral\u2026 Leia mais \u00bb","og_url":"https:\/\/dana.com.br\/canaldana\/2018\/05\/10\/tecnico-do-brasil-conquista-premio-mundial-de-pos-vendas-da-kia-motors\/","og_site_name":"Canal Dana","article_published_time":"2018-05-10T11:40:11+00:00","author":"Canal Dana","twitter_card":"summary_large_image","twitter_misc":{"Escrito por":"Canal Dana","Est. tempo de leitura":"2 minutos"},"schema":{"@context":"https:\/\/schema.org","@graph":[{"@type":"Article","@id":"https:\/\/dana.com.br\/canaldana\/2018\/05\/10\/tecnico-do-brasil-conquista-premio-mundial-de-pos-vendas-da-kia-motors\/#article","isPartOf":{"@id":"https:\/\/dana.com.br\/canaldana\/2018\/05\/10\/tecnico-do-brasil-conquista-premio-mundial-de-pos-vendas-da-kia-motors\/"},"author":{"name":"Canal Dana","@id":"https:\/\/dana.com.br\/canaldana\/#\/schema\/person\/3c21f22f56fcf3bc46b94bc60ea4fef6"},"headline":"T\u00e9cnico do Brasil conquista pr\u00eamio mundial de p\u00f3s-vendas da Kia Motors","datePublished":"2018-05-10T11:40:11+00:00","mainEntityOfPage":{"@id":"https:\/\/dana.com.br\/canaldana\/2018\/05\/10\/tecnico-do-brasil-conquista-premio-mundial-de-pos-vendas-da-kia-motors\/"},"wordCount":507,"articleSection":["Pr\u00eamios"],"inLanguage":"pt-BR"},{"@type":"WebPage","@id":"https:\/\/dana.com.br\/canaldana\/2018\/05\/10\/tecnico-do-brasil-conquista-premio-mundial-de-pos-vendas-da-kia-motors\/","url":"https:\/\/dana.com.br\/canaldana\/2018\/05\/10\/tecnico-do-brasil-conquista-premio-mundial-de-pos-vendas-da-kia-motors\/","name":"T\u00e9cnico do Brasil conquista pr\u00eamio mundial de p\u00f3s-vendas da Kia Motors - Canal Dana","isPartOf":{"@id":"https:\/\/dana.com.br\/canaldana\/#website"},"datePublished":"2018-05-10T11:40:11+00:00","author":{"@id":"https:\/\/dana.com.br\/canaldana\/#\/schema\/person\/3c21f22f56fcf3bc46b94bc60ea4fef6"},"breadcrumb":{"@id":"https:\/\/dana.com.br\/canaldana\/2018\/05\/10\/tecnico-do-brasil-conquista-premio-mundial-de-pos-vendas-da-kia-motors\/#breadcrumb"},"inLanguage":"pt-BR","potentialAction":[{"@type":"ReadAction","target":["https:\/\/dana.com.br\/canaldana\/2018\/05\/10\/tecnico-do-brasil-conquista-premio-mundial-de-pos-vendas-da-kia-motors\/"]}]},{"@type":"BreadcrumbList","@id":"https:\/\/dana.com.br\/canaldana\/2018\/05\/10\/tecnico-do-brasil-conquista-premio-mundial-de-pos-vendas-da-kia-motors\/#breadcrumb","itemListElement":[{"@type":"ListItem","position":1,"name":"Home","item":"https:\/\/dana.com.br\/canaldana\/"},{"@type":"ListItem","position":2,"name":"Pr\u00eamios","item":"https:\/\/dana.com.br\/canaldana\/premios\/"},{"@type":"ListItem","position":3,"name":"T\u00e9cnico do Brasil conquista pr\u00eamio mundial de p\u00f3s-vendas da Kia Motors"}]},{"@type":"WebSite","@id":"https:\/\/dana.com.br\/canaldana\/#website","url":"https:\/\/dana.com.br\/canaldana\/","name":"Canal Dana","description":"Informativo com as principais not\u00edcias da ind\u00fastria automotiva","potentialAction":[{"@type":"SearchAction","target":{"@type":"EntryPoint","urlTemplate":"https:\/\/dana.com.br\/canaldana\/?s={search_term_string}"},"query-input":{"@type":"PropertyValueSpecification","valueRequired":true,"valueName":"search_term_string"}}],"inLanguage":"pt-BR"},{"@type":"Person","@id":"https:\/\/dana.com.br\/canaldana\/#\/schema\/person\/3c21f22f56fcf3bc46b94bc60ea4fef6","name":"Canal Dana","image":{"@type":"ImageObject","inLanguage":"pt-BR","@id":"https:\/\/secure.gravatar.com\/avatar\/420aaf9278582877d9018637c6817617705899d2858d7572ef0fe59a6b6454b4?s=96&d=mm&r=g","url":"https:\/\/secure.gravatar.com\/avatar\/420aaf9278582877d9018637c6817617705899d2858d7572ef0fe59a6b6454b4?s=96&d=mm&r=g","contentUrl":"https:\/\/secure.gravatar.com\/avatar\/420aaf9278582877d9018637c6817617705899d2858d7572ef0fe59a6b6454b4?s=96&d=mm&r=g","caption":"Canal Dana"},"url":"https:\/\/dana.com.br\/canaldana\/author\/cdeditor\/"}]}},"_links":{"self":[{"href":"https:\/\/dana.com.br\/canaldana\/wp-json\/wp\/v2\/posts\/25172","targetHints":{"allow":["GET"]}}],"collection":[{"href":"https:\/\/dana.com.br\/canaldana\/wp-json\/wp\/v2\/posts"}],"about":[{"href":"https:\/\/dana.com.br\/canaldana\/wp-json\/wp\/v2\/types\/post"}],"author":[{"embeddable":true,"href":"https:\/\/dana.com.br\/canaldana\/wp-json\/wp\/v2\/users\/3"}],"replies":[{"embeddable":true,"href":"https:\/\/dana.com.br\/canaldana\/wp-json\/wp\/v2\/comments?post=25172"}],"version-history":[{"count":0,"href":"https:\/\/dana.com.br\/canaldana\/wp-json\/wp\/v2\/posts\/25172\/revisions"}],"wp:attachment":[{"href":"https:\/\/dana.com.br\/canaldana\/wp-json\/wp\/v2\/media?parent=25172"}],"wp:term":[{"taxonomy":"category","embeddable":true,"href":"https:\/\/dana.com.br\/canaldana\/wp-json\/wp\/v2\/categories?post=25172"},{"taxonomy":"post_tag","embeddable":true,"href":"https:\/\/dana.com.br\/canaldana\/wp-json\/wp\/v2\/tags?post=25172"}],"curies":[{"name":"wp","href":"https:\/\/api.w.org\/{rel}","templated":true}]}}