{"id":25170,"date":"2018-05-10T08:38:02","date_gmt":"2018-05-10T11:38:02","guid":{"rendered":"http:\/\/dana.com.br\/canaldana\/?p=25170"},"modified":"2018-05-10T08:38:02","modified_gmt":"2018-05-10T11:38:02","slug":"recaida-da-argentina","status":"publish","type":"post","link":"https:\/\/dana.com.br\/canaldana\/2018\/05\/10\/recaida-da-argentina\/","title":{"rendered":"Reca\u00edda da Argentina"},"content":{"rendered":"<p><em>O Estado de S. Paulo<\/em><\/p>\n<p>&nbsp;<\/p>\n<p>Se \u00e9 briga de homem, tem mulher no meio \u2013 registra a sabedoria popular. \u00c9 tamb\u00e9m o que, desde Troia, se fala das guerras. Para a mesma coisa, o franc\u00eas internacionalizou a express\u00e3o \u201ccherchez la femme\u201d, procure a mulher.<\/p>\n<p>&nbsp;<\/p>\n<p>Quando a crise \u00e9 da economia de um pa\u00eds, quase sempre a causa da encrenca \u00e9 fiscal, \u00e9 o governo gastando mais do que pode: procure o rombo. E \u00e9 o que acontece hoje com a Argentina, que sofre uma corrida ao d\u00f3lar, uma infla\u00e7\u00e3o de mais de 20% ao ano e reservas externas murchando. O pa\u00eds acaba de recorrer ao Fundo Monet\u00e1rio Internacional para um empr\u00e9stimo de emerg\u00eancia e tentar o retorno da confian\u00e7a.<\/p>\n<p>&nbsp;<\/p>\n<p>Tamb\u00e9m a\u00ed tem mulher no meio: a ex-presidente Cristina Kirchner, que, em seus dois mandatos, executou uma pol\u00edtica econ\u00f4mica populista catastr\u00f3fica, carregada de subs\u00eddios (conta do consumidor paga pelo governo), alto endividamento, maquiagem das contas p\u00fablicas e de falta de rumo \u2013 enfim, uma hist\u00f3ria conhecida.<\/p>\n<p>&nbsp;<\/p>\n<p>Esse quadro foi agravado nos \u00faltimos meses em consequ\u00eancia da forte seca que derrubou em mais de 30% a produ\u00e7\u00e3o de gr\u00e3os e, nessas condi\u00e7\u00f5es, cortou receitas com exporta\u00e7\u00f5es e com arrecada\u00e7\u00e3o de tributos.<\/p>\n<p>&nbsp;<\/p>\n<p>O presidente Mauricio Macri, que tomou posse em 2015, optou por uma pol\u00edtica de ajuste gradual. Entendeu que a melhora das condi\u00e7\u00f5es externas e a enorme disponibilidade de moeda estrangeira no mundo permitiriam oferta suficiente de moeda estrangeira para dar conta do servi\u00e7o da d\u00edvida. Esta alcan\u00e7a US$ 320,9 bilh\u00f5es, em 2017. O ajuste gradual implicou transfer\u00eancia em conta-gotas da enorme conta a pagar herdada dos governos Kirchner. A ideia era n\u00e3o produzir convuls\u00f5es pol\u00edticas com cortes dr\u00e1sticos de despesas p\u00fablicas e boa dose de recess\u00e3o econ\u00f4mica que a eles se seguiriam. Mas esse gradualismo n\u00e3o deu conta do recado, manteve a economia argentina vulner\u00e1vel a solavancos externos.<\/p>\n<p>&nbsp;<\/p>\n<p>Eles chegaram com a alta do d\u00f3lar no mercado internacional, com a disparada dos pre\u00e7os do petr\u00f3leo e com a queda de receitas com exporta\u00e7\u00f5es. A deteriora\u00e7\u00e3o das contas p\u00fablicas provocou infla\u00e7\u00e3o e uma corrida ao d\u00f3lar. Em apenas duas semanas, a cota\u00e7\u00e3o do d\u00f3lar disparou 9% em rela\u00e7\u00e3o ao peso argentino. Para tentar segurar os capitais, o Banco Central argentino foi obrigado a puxar os juros b\u00e1sicos. Em meados de abril, estavam a 27,25% ao ano; no dia 27 foram a 30,25%; no dia 3 de maio, a 33,25% ao ano; e dia 4, a 40,0%. N\u00e3o foi suficiente. Agora, o presidente Macri requisitou a boia salva-vidas do Fundo Monet\u00e1rio Internacional que dever\u00e1 acudir com um empr\u00e9stimo de emerg\u00eancia de US$ 30 bilh\u00f5es. A principal contrapartida ser\u00e1 o rem\u00e9dio de sempre: a imposi\u00e7\u00e3o de certo grau de austeridade: redu\u00e7\u00e3o de subs\u00eddios (aos combust\u00edveis, energia el\u00e9trica e \u00e1gua), conten\u00e7\u00e3o de sal\u00e1rios e eventual dispensa de funcion\u00e1rios p\u00fablicos \u2013 enfim, decis\u00f5es impopulares cujo principal custo poder\u00e1 ser pol\u00edtico.<\/p>\n<p>&nbsp;<\/p>\n<p>Sempre que Brasil ou Argentina caem no porre, lembra-se do Efeito Orloff, propaganda de 1985 cuja mensagem era \u201ceu sou voc\u00ea amanh\u00e3\u201d. Avisava que era preciso consumir a vodca certa para evitar a ressaca do dia seguinte. No caso de Argentina e Brasil, foi usada para advertir que as crises acontecem alternadamente. Se um deles trope\u00e7a na crise, o outro seria fatalmente derrubado em seguida.<\/p>\n<p>&nbsp;<\/p>\n<p>Desta vez, n\u00e3o h\u00e1 risco s\u00e9rio de contamina\u00e7\u00e3o, porque o Brasil, embora com rombo fiscal colossal, conta com US$ 380 bilh\u00f5es de reservas.<\/p>\n<p>&nbsp;<\/p>\n<p>As montadoras brasileiras poder\u00e3o ter dificuldades para exportar para a Argentina porque a desvaloriza\u00e7\u00e3o cambial aumentou em 30% os pre\u00e7os dos ve\u00edculos e haver\u00e1 menos turistas argentinos por aqui porque o Brasil ficou caro demais para eles. Mas os problemas globais, que tamb\u00e9m est\u00e3o atingindo o c\u00e2mbio brasileiro, ter\u00e3o impacto por aqui, provavelmente moderado. (O Estado de S. Paulo\/Celso Ming)<\/p>\n","protected":false},"excerpt":{"rendered":"<p>O Estado de S. Paulo &nbsp; Se \u00e9 briga de homem, tem mulher no meio \u2013 registra a sabedoria popular. \u00c9 tamb\u00e9m o que, desde Troia, se fala das guerras. Para a mesma coisa, o franc\u00eas internacionalizou a express\u00e3o \u201ccherchez la femme\u201d, procure a mulher. &nbsp; Quando a crise \u00e9 da economia de um pa\u00eds,\u2026 <a class=\"readmore\" href=\"https:\/\/dana.com.br\/canaldana\/2018\/05\/10\/recaida-da-argentina\/\">Leia mais \u00bb<\/a><\/p>\n","protected":false},"author":3,"featured_media":0,"comment_status":"closed","ping_status":"closed","sticky":false,"template":"","format":"standard","meta":{"_acf_changed":false,"footnotes":""},"categories":[100],"tags":[],"class_list":["post-25170","post","type-post","status-publish","format-standard","hentry","category-artigo"],"acf":[],"yoast_head":"<!-- This site is optimized with the Yoast SEO plugin v27.3 - https:\/\/yoast.com\/product\/yoast-seo-wordpress\/ -->\n<title>Reca\u00edda da Argentina - Canal Dana<\/title>\n<meta name=\"robots\" content=\"index, follow, max-snippet:-1, max-image-preview:large, max-video-preview:-1\" \/>\n<link rel=\"canonical\" href=\"https:\/\/dana.com.br\/canaldana\/2018\/05\/10\/recaida-da-argentina\/\" \/>\n<meta property=\"og:locale\" content=\"pt_BR\" \/>\n<meta property=\"og:type\" content=\"article\" \/>\n<meta property=\"og:title\" content=\"Reca\u00edda da Argentina - Canal Dana\" \/>\n<meta property=\"og:description\" content=\"O Estado de S. Paulo &nbsp; Se \u00e9 briga de homem, tem mulher no meio \u2013 registra a sabedoria popular. \u00c9 tamb\u00e9m o que, desde Troia, se fala das guerras. Para a mesma coisa, o franc\u00eas internacionalizou a express\u00e3o \u201ccherchez la femme\u201d, procure a mulher. &nbsp; Quando a crise \u00e9 da economia de um pa\u00eds,\u2026 Leia mais \u00bb\" \/>\n<meta property=\"og:url\" content=\"https:\/\/dana.com.br\/canaldana\/2018\/05\/10\/recaida-da-argentina\/\" \/>\n<meta property=\"og:site_name\" content=\"Canal Dana\" \/>\n<meta property=\"article:published_time\" content=\"2018-05-10T11:38:02+00:00\" \/>\n<meta name=\"author\" content=\"Canal Dana\" \/>\n<meta name=\"twitter:card\" content=\"summary_large_image\" \/>\n<meta name=\"twitter:label1\" content=\"Escrito por\" \/>\n\t<meta name=\"twitter:data1\" content=\"Canal Dana\" \/>\n\t<meta name=\"twitter:label2\" content=\"Est. tempo de leitura\" \/>\n\t<meta name=\"twitter:data2\" content=\"3 minutos\" \/>\n<script type=\"application\/ld+json\" class=\"yoast-schema-graph\">{\"@context\":\"https:\\\/\\\/schema.org\",\"@graph\":[{\"@type\":\"Article\",\"@id\":\"https:\\\/\\\/dana.com.br\\\/canaldana\\\/2018\\\/05\\\/10\\\/recaida-da-argentina\\\/#article\",\"isPartOf\":{\"@id\":\"https:\\\/\\\/dana.com.br\\\/canaldana\\\/2018\\\/05\\\/10\\\/recaida-da-argentina\\\/\"},\"author\":{\"name\":\"Canal Dana\",\"@id\":\"https:\\\/\\\/dana.com.br\\\/canaldana\\\/#\\\/schema\\\/person\\\/3c21f22f56fcf3bc46b94bc60ea4fef6\"},\"headline\":\"Reca\u00edda da Argentina\",\"datePublished\":\"2018-05-10T11:38:02+00:00\",\"mainEntityOfPage\":{\"@id\":\"https:\\\/\\\/dana.com.br\\\/canaldana\\\/2018\\\/05\\\/10\\\/recaida-da-argentina\\\/\"},\"wordCount\":692,\"articleSection\":[\"Artigo\"],\"inLanguage\":\"pt-BR\"},{\"@type\":\"WebPage\",\"@id\":\"https:\\\/\\\/dana.com.br\\\/canaldana\\\/2018\\\/05\\\/10\\\/recaida-da-argentina\\\/\",\"url\":\"https:\\\/\\\/dana.com.br\\\/canaldana\\\/2018\\\/05\\\/10\\\/recaida-da-argentina\\\/\",\"name\":\"Reca\u00edda da Argentina - Canal Dana\",\"isPartOf\":{\"@id\":\"https:\\\/\\\/dana.com.br\\\/canaldana\\\/#website\"},\"datePublished\":\"2018-05-10T11:38:02+00:00\",\"author\":{\"@id\":\"https:\\\/\\\/dana.com.br\\\/canaldana\\\/#\\\/schema\\\/person\\\/3c21f22f56fcf3bc46b94bc60ea4fef6\"},\"breadcrumb\":{\"@id\":\"https:\\\/\\\/dana.com.br\\\/canaldana\\\/2018\\\/05\\\/10\\\/recaida-da-argentina\\\/#breadcrumb\"},\"inLanguage\":\"pt-BR\",\"potentialAction\":[{\"@type\":\"ReadAction\",\"target\":[\"https:\\\/\\\/dana.com.br\\\/canaldana\\\/2018\\\/05\\\/10\\\/recaida-da-argentina\\\/\"]}]},{\"@type\":\"BreadcrumbList\",\"@id\":\"https:\\\/\\\/dana.com.br\\\/canaldana\\\/2018\\\/05\\\/10\\\/recaida-da-argentina\\\/#breadcrumb\",\"itemListElement\":[{\"@type\":\"ListItem\",\"position\":1,\"name\":\"Home\",\"item\":\"https:\\\/\\\/dana.com.br\\\/canaldana\\\/\"},{\"@type\":\"ListItem\",\"position\":2,\"name\":\"Artigo\",\"item\":\"https:\\\/\\\/dana.com.br\\\/canaldana\\\/artigo\\\/\"},{\"@type\":\"ListItem\",\"position\":3,\"name\":\"Reca\u00edda da Argentina\"}]},{\"@type\":\"WebSite\",\"@id\":\"https:\\\/\\\/dana.com.br\\\/canaldana\\\/#website\",\"url\":\"https:\\\/\\\/dana.com.br\\\/canaldana\\\/\",\"name\":\"Canal Dana\",\"description\":\"Informativo com as principais not\u00edcias da ind\u00fastria automotiva\",\"potentialAction\":[{\"@type\":\"SearchAction\",\"target\":{\"@type\":\"EntryPoint\",\"urlTemplate\":\"https:\\\/\\\/dana.com.br\\\/canaldana\\\/?s={search_term_string}\"},\"query-input\":{\"@type\":\"PropertyValueSpecification\",\"valueRequired\":true,\"valueName\":\"search_term_string\"}}],\"inLanguage\":\"pt-BR\"},{\"@type\":\"Person\",\"@id\":\"https:\\\/\\\/dana.com.br\\\/canaldana\\\/#\\\/schema\\\/person\\\/3c21f22f56fcf3bc46b94bc60ea4fef6\",\"name\":\"Canal Dana\",\"image\":{\"@type\":\"ImageObject\",\"inLanguage\":\"pt-BR\",\"@id\":\"https:\\\/\\\/secure.gravatar.com\\\/avatar\\\/420aaf9278582877d9018637c6817617705899d2858d7572ef0fe59a6b6454b4?s=96&d=mm&r=g\",\"url\":\"https:\\\/\\\/secure.gravatar.com\\\/avatar\\\/420aaf9278582877d9018637c6817617705899d2858d7572ef0fe59a6b6454b4?s=96&d=mm&r=g\",\"contentUrl\":\"https:\\\/\\\/secure.gravatar.com\\\/avatar\\\/420aaf9278582877d9018637c6817617705899d2858d7572ef0fe59a6b6454b4?s=96&d=mm&r=g\",\"caption\":\"Canal Dana\"},\"url\":\"https:\\\/\\\/dana.com.br\\\/canaldana\\\/author\\\/cdeditor\\\/\"}]}<\/script>\n<!-- \/ Yoast SEO plugin. -->","yoast_head_json":{"title":"Reca\u00edda da Argentina - Canal Dana","robots":{"index":"index","follow":"follow","max-snippet":"max-snippet:-1","max-image-preview":"max-image-preview:large","max-video-preview":"max-video-preview:-1"},"canonical":"https:\/\/dana.com.br\/canaldana\/2018\/05\/10\/recaida-da-argentina\/","og_locale":"pt_BR","og_type":"article","og_title":"Reca\u00edda da Argentina - Canal Dana","og_description":"O Estado de S. Paulo &nbsp; Se \u00e9 briga de homem, tem mulher no meio \u2013 registra a sabedoria popular. \u00c9 tamb\u00e9m o que, desde Troia, se fala das guerras. Para a mesma coisa, o franc\u00eas internacionalizou a express\u00e3o \u201ccherchez la femme\u201d, procure a mulher. &nbsp; Quando a crise \u00e9 da economia de um pa\u00eds,\u2026 Leia mais \u00bb","og_url":"https:\/\/dana.com.br\/canaldana\/2018\/05\/10\/recaida-da-argentina\/","og_site_name":"Canal Dana","article_published_time":"2018-05-10T11:38:02+00:00","author":"Canal Dana","twitter_card":"summary_large_image","twitter_misc":{"Escrito por":"Canal Dana","Est. tempo de leitura":"3 minutos"},"schema":{"@context":"https:\/\/schema.org","@graph":[{"@type":"Article","@id":"https:\/\/dana.com.br\/canaldana\/2018\/05\/10\/recaida-da-argentina\/#article","isPartOf":{"@id":"https:\/\/dana.com.br\/canaldana\/2018\/05\/10\/recaida-da-argentina\/"},"author":{"name":"Canal Dana","@id":"https:\/\/dana.com.br\/canaldana\/#\/schema\/person\/3c21f22f56fcf3bc46b94bc60ea4fef6"},"headline":"Reca\u00edda da Argentina","datePublished":"2018-05-10T11:38:02+00:00","mainEntityOfPage":{"@id":"https:\/\/dana.com.br\/canaldana\/2018\/05\/10\/recaida-da-argentina\/"},"wordCount":692,"articleSection":["Artigo"],"inLanguage":"pt-BR"},{"@type":"WebPage","@id":"https:\/\/dana.com.br\/canaldana\/2018\/05\/10\/recaida-da-argentina\/","url":"https:\/\/dana.com.br\/canaldana\/2018\/05\/10\/recaida-da-argentina\/","name":"Reca\u00edda da Argentina - Canal Dana","isPartOf":{"@id":"https:\/\/dana.com.br\/canaldana\/#website"},"datePublished":"2018-05-10T11:38:02+00:00","author":{"@id":"https:\/\/dana.com.br\/canaldana\/#\/schema\/person\/3c21f22f56fcf3bc46b94bc60ea4fef6"},"breadcrumb":{"@id":"https:\/\/dana.com.br\/canaldana\/2018\/05\/10\/recaida-da-argentina\/#breadcrumb"},"inLanguage":"pt-BR","potentialAction":[{"@type":"ReadAction","target":["https:\/\/dana.com.br\/canaldana\/2018\/05\/10\/recaida-da-argentina\/"]}]},{"@type":"BreadcrumbList","@id":"https:\/\/dana.com.br\/canaldana\/2018\/05\/10\/recaida-da-argentina\/#breadcrumb","itemListElement":[{"@type":"ListItem","position":1,"name":"Home","item":"https:\/\/dana.com.br\/canaldana\/"},{"@type":"ListItem","position":2,"name":"Artigo","item":"https:\/\/dana.com.br\/canaldana\/artigo\/"},{"@type":"ListItem","position":3,"name":"Reca\u00edda da Argentina"}]},{"@type":"WebSite","@id":"https:\/\/dana.com.br\/canaldana\/#website","url":"https:\/\/dana.com.br\/canaldana\/","name":"Canal Dana","description":"Informativo com as principais not\u00edcias da ind\u00fastria automotiva","potentialAction":[{"@type":"SearchAction","target":{"@type":"EntryPoint","urlTemplate":"https:\/\/dana.com.br\/canaldana\/?s={search_term_string}"},"query-input":{"@type":"PropertyValueSpecification","valueRequired":true,"valueName":"search_term_string"}}],"inLanguage":"pt-BR"},{"@type":"Person","@id":"https:\/\/dana.com.br\/canaldana\/#\/schema\/person\/3c21f22f56fcf3bc46b94bc60ea4fef6","name":"Canal Dana","image":{"@type":"ImageObject","inLanguage":"pt-BR","@id":"https:\/\/secure.gravatar.com\/avatar\/420aaf9278582877d9018637c6817617705899d2858d7572ef0fe59a6b6454b4?s=96&d=mm&r=g","url":"https:\/\/secure.gravatar.com\/avatar\/420aaf9278582877d9018637c6817617705899d2858d7572ef0fe59a6b6454b4?s=96&d=mm&r=g","contentUrl":"https:\/\/secure.gravatar.com\/avatar\/420aaf9278582877d9018637c6817617705899d2858d7572ef0fe59a6b6454b4?s=96&d=mm&r=g","caption":"Canal Dana"},"url":"https:\/\/dana.com.br\/canaldana\/author\/cdeditor\/"}]}},"_links":{"self":[{"href":"https:\/\/dana.com.br\/canaldana\/wp-json\/wp\/v2\/posts\/25170","targetHints":{"allow":["GET"]}}],"collection":[{"href":"https:\/\/dana.com.br\/canaldana\/wp-json\/wp\/v2\/posts"}],"about":[{"href":"https:\/\/dana.com.br\/canaldana\/wp-json\/wp\/v2\/types\/post"}],"author":[{"embeddable":true,"href":"https:\/\/dana.com.br\/canaldana\/wp-json\/wp\/v2\/users\/3"}],"replies":[{"embeddable":true,"href":"https:\/\/dana.com.br\/canaldana\/wp-json\/wp\/v2\/comments?post=25170"}],"version-history":[{"count":0,"href":"https:\/\/dana.com.br\/canaldana\/wp-json\/wp\/v2\/posts\/25170\/revisions"}],"wp:attachment":[{"href":"https:\/\/dana.com.br\/canaldana\/wp-json\/wp\/v2\/media?parent=25170"}],"wp:term":[{"taxonomy":"category","embeddable":true,"href":"https:\/\/dana.com.br\/canaldana\/wp-json\/wp\/v2\/categories?post=25170"},{"taxonomy":"post_tag","embeddable":true,"href":"https:\/\/dana.com.br\/canaldana\/wp-json\/wp\/v2\/tags?post=25170"}],"curies":[{"name":"wp","href":"https:\/\/api.w.org\/{rel}","templated":true}]}}