{"id":2455,"date":"2015-09-10T08:07:51","date_gmt":"2015-09-10T11:07:51","guid":{"rendered":"http:\/\/dana.com.br\/canaldana\/?p=2455"},"modified":"2015-09-10T08:07:51","modified_gmt":"2015-09-10T11:07:51","slug":"ford-concede-ferias-coletivas-a-6-800-funcionarios-da-fabrica-na-bahia","status":"publish","type":"post","link":"https:\/\/dana.com.br\/canaldana\/2015\/09\/10\/ford-concede-ferias-coletivas-a-6-800-funcionarios-da-fabrica-na-bahia\/","title":{"rendered":"Ford concede f\u00e9rias coletivas a 6.800 funcion\u00e1rios da f\u00e1brica na Bahia"},"content":{"rendered":"<p><em>O Estado de S. Paulo<\/em><\/p>\n<p>&nbsp;<\/p>\n<p>Com estoques cheios, a Ford confirmou nesta quarta\u00adfeira, 9, que dar\u00e1 f\u00e9rias coletivas aos funcion\u00e1rios da unidade Cama\u00e7ari, na regi\u00e3o metropolitana de Salvador. Ao todo, 6.800 oper\u00e1rios das \u00e1reas de produ\u00e7\u00e3o ter\u00e3o as atividades suspensas entre setembro e outubro, segundo comunicado da montadora. Em agosto, a Ford j\u00e1 tinha oferecido folgas a diferentes setores produtivos na mesma unidade.<\/p>\n<p>&nbsp;<\/p>\n<p>As f\u00e9rias ocorrer\u00e3o a partir da pr\u00f3xima segunda\u00adfeira, 14, e durar\u00e3o at\u00e9 o dia 2 de outubro. Em nota, a empresa justificou a decis\u00e3o pelo objetivo de &#8220;ajustar os n\u00edveis de produ\u00e7\u00e3o \u00e0 demanda de mercado&#8221;.<\/p>\n<p>&nbsp;<\/p>\n<p>No \u00faltimo m\u00eas, a empresa j\u00e1 havia adotado um modelo de folgas coletivas, com rod\u00edzio entre os diferentes segmentos produtivos. Os funcion\u00e1rios foram divididos em tr\u00eas turnos, com folgas distribu\u00eddas ao longo da semana, tendo as atividades paralisadas completamente em pelo menos dois dias.<\/p>\n<p>&nbsp;<\/p>\n<p>Inaugurada em 2001, a unidade tem capacidade para produzir cerca de 250 mil ve\u00edculos por ano. Ao todo, s\u00e3o cerca de 3,3 mil funcion\u00e1rios pr\u00f3prios e outros 3,5 mil funcion\u00e1rios de empresas parceiras, situadas no parque instalado para atender \u00e0 demanda da montadora. A Ford possui outras tr\u00eas unidades no Pa\u00eds.<\/p>\n<p>&nbsp;<\/p>\n<p>De acordo com a Associa\u00e7\u00e3o Nacional dos Fabricantes de Ve\u00edculos Automotores (Anfavea), at\u00e9 o \u00faltimo m\u00eas, a produ\u00e7\u00e3o de autom\u00f3veis, ve\u00edculos comerciais leves, caminh\u00f5es e \u00f4nibus caiu 16,9% em compara\u00e7\u00e3o com o ano passado. Em agosto, o n\u00edvel de produ\u00e7\u00e3o foi o pior em dez anos. As vendas tamb\u00e9m est\u00e3o em queda, acumulando perdas de 21,4% at\u00e9 agosto, na compara\u00e7\u00e3o com os emplacamentos realizados no \u00faltimo ano. (O Estado de S. Paulo\/Antonio Pita)<\/p>\n","protected":false},"excerpt":{"rendered":"<p>O Estado de S. Paulo &nbsp; Com estoques cheios, a Ford confirmou nesta quarta\u00adfeira, 9, que dar\u00e1 f\u00e9rias coletivas aos funcion\u00e1rios da unidade Cama\u00e7ari, na regi\u00e3o metropolitana de Salvador. Ao todo, 6.800 oper\u00e1rios das \u00e1reas de produ\u00e7\u00e3o ter\u00e3o as atividades suspensas entre setembro e outubro, segundo comunicado da montadora. Em agosto, a Ford j\u00e1 tinha\u2026 <a class=\"readmore\" href=\"https:\/\/dana.com.br\/canaldana\/2015\/09\/10\/ford-concede-ferias-coletivas-a-6-800-funcionarios-da-fabrica-na-bahia\/\">Leia mais \u00bb<\/a><\/p>\n","protected":false},"author":3,"featured_media":0,"comment_status":"closed","ping_status":"closed","sticky":false,"template":"","format":"standard","meta":{"_acf_changed":false,"footnotes":""},"categories":[79],"tags":[],"class_list":["post-2455","post","type-post","status-publish","format-standard","hentry","category-mercado"],"acf":[],"yoast_head":"<!-- This site is optimized with the Yoast SEO plugin v27.3 - https:\/\/yoast.com\/product\/yoast-seo-wordpress\/ -->\n<title>Ford concede f\u00e9rias coletivas a 6.800 funcion\u00e1rios da f\u00e1brica na Bahia - Canal Dana<\/title>\n<meta name=\"robots\" content=\"index, follow, max-snippet:-1, max-image-preview:large, max-video-preview:-1\" \/>\n<link rel=\"canonical\" href=\"https:\/\/dana.com.br\/canaldana\/2015\/09\/10\/ford-concede-ferias-coletivas-a-6-800-funcionarios-da-fabrica-na-bahia\/\" \/>\n<meta property=\"og:locale\" content=\"pt_BR\" \/>\n<meta property=\"og:type\" content=\"article\" \/>\n<meta property=\"og:title\" content=\"Ford concede f\u00e9rias coletivas a 6.800 funcion\u00e1rios da f\u00e1brica na Bahia - Canal Dana\" \/>\n<meta property=\"og:description\" content=\"O Estado de S. Paulo &nbsp; Com estoques cheios, a Ford confirmou nesta quarta\u00adfeira, 9, que dar\u00e1 f\u00e9rias coletivas aos funcion\u00e1rios da unidade Cama\u00e7ari, na regi\u00e3o metropolitana de Salvador. Ao todo, 6.800 oper\u00e1rios das \u00e1reas de produ\u00e7\u00e3o ter\u00e3o as atividades suspensas entre setembro e outubro, segundo comunicado da montadora. Em agosto, a Ford j\u00e1 tinha\u2026 Leia mais \u00bb\" \/>\n<meta property=\"og:url\" content=\"https:\/\/dana.com.br\/canaldana\/2015\/09\/10\/ford-concede-ferias-coletivas-a-6-800-funcionarios-da-fabrica-na-bahia\/\" \/>\n<meta property=\"og:site_name\" content=\"Canal Dana\" \/>\n<meta property=\"article:published_time\" content=\"2015-09-10T11:07:51+00:00\" \/>\n<meta name=\"author\" content=\"Canal Dana\" \/>\n<meta name=\"twitter:card\" content=\"summary_large_image\" \/>\n<meta name=\"twitter:label1\" content=\"Escrito por\" \/>\n\t<meta name=\"twitter:data1\" content=\"Canal Dana\" \/>\n\t<meta name=\"twitter:label2\" content=\"Est. tempo de leitura\" \/>\n\t<meta name=\"twitter:data2\" content=\"2 minutos\" \/>\n<script type=\"application\/ld+json\" class=\"yoast-schema-graph\">{\"@context\":\"https:\\\/\\\/schema.org\",\"@graph\":[{\"@type\":\"Article\",\"@id\":\"https:\\\/\\\/dana.com.br\\\/canaldana\\\/2015\\\/09\\\/10\\\/ford-concede-ferias-coletivas-a-6-800-funcionarios-da-fabrica-na-bahia\\\/#article\",\"isPartOf\":{\"@id\":\"https:\\\/\\\/dana.com.br\\\/canaldana\\\/2015\\\/09\\\/10\\\/ford-concede-ferias-coletivas-a-6-800-funcionarios-da-fabrica-na-bahia\\\/\"},\"author\":{\"name\":\"Canal Dana\",\"@id\":\"https:\\\/\\\/dana.com.br\\\/canaldana\\\/#\\\/schema\\\/person\\\/3c21f22f56fcf3bc46b94bc60ea4fef6\"},\"headline\":\"Ford concede f\u00e9rias coletivas a 6.800 funcion\u00e1rios da f\u00e1brica na Bahia\",\"datePublished\":\"2015-09-10T11:07:51+00:00\",\"mainEntityOfPage\":{\"@id\":\"https:\\\/\\\/dana.com.br\\\/canaldana\\\/2015\\\/09\\\/10\\\/ford-concede-ferias-coletivas-a-6-800-funcionarios-da-fabrica-na-bahia\\\/\"},\"wordCount\":315,\"articleSection\":[\"Mercado\"],\"inLanguage\":\"pt-BR\"},{\"@type\":\"WebPage\",\"@id\":\"https:\\\/\\\/dana.com.br\\\/canaldana\\\/2015\\\/09\\\/10\\\/ford-concede-ferias-coletivas-a-6-800-funcionarios-da-fabrica-na-bahia\\\/\",\"url\":\"https:\\\/\\\/dana.com.br\\\/canaldana\\\/2015\\\/09\\\/10\\\/ford-concede-ferias-coletivas-a-6-800-funcionarios-da-fabrica-na-bahia\\\/\",\"name\":\"Ford concede f\u00e9rias coletivas a 6.800 funcion\u00e1rios da f\u00e1brica na Bahia - Canal Dana\",\"isPartOf\":{\"@id\":\"https:\\\/\\\/dana.com.br\\\/canaldana\\\/#website\"},\"datePublished\":\"2015-09-10T11:07:51+00:00\",\"author\":{\"@id\":\"https:\\\/\\\/dana.com.br\\\/canaldana\\\/#\\\/schema\\\/person\\\/3c21f22f56fcf3bc46b94bc60ea4fef6\"},\"breadcrumb\":{\"@id\":\"https:\\\/\\\/dana.com.br\\\/canaldana\\\/2015\\\/09\\\/10\\\/ford-concede-ferias-coletivas-a-6-800-funcionarios-da-fabrica-na-bahia\\\/#breadcrumb\"},\"inLanguage\":\"pt-BR\",\"potentialAction\":[{\"@type\":\"ReadAction\",\"target\":[\"https:\\\/\\\/dana.com.br\\\/canaldana\\\/2015\\\/09\\\/10\\\/ford-concede-ferias-coletivas-a-6-800-funcionarios-da-fabrica-na-bahia\\\/\"]}]},{\"@type\":\"BreadcrumbList\",\"@id\":\"https:\\\/\\\/dana.com.br\\\/canaldana\\\/2015\\\/09\\\/10\\\/ford-concede-ferias-coletivas-a-6-800-funcionarios-da-fabrica-na-bahia\\\/#breadcrumb\",\"itemListElement\":[{\"@type\":\"ListItem\",\"position\":1,\"name\":\"Home\",\"item\":\"https:\\\/\\\/dana.com.br\\\/canaldana\\\/\"},{\"@type\":\"ListItem\",\"position\":2,\"name\":\"Mercado\",\"item\":\"https:\\\/\\\/dana.com.br\\\/canaldana\\\/mercado\\\/\"},{\"@type\":\"ListItem\",\"position\":3,\"name\":\"Ford concede f\u00e9rias coletivas a 6.800 funcion\u00e1rios da f\u00e1brica na Bahia\"}]},{\"@type\":\"WebSite\",\"@id\":\"https:\\\/\\\/dana.com.br\\\/canaldana\\\/#website\",\"url\":\"https:\\\/\\\/dana.com.br\\\/canaldana\\\/\",\"name\":\"Canal Dana\",\"description\":\"Informativo com as principais not\u00edcias da ind\u00fastria automotiva\",\"potentialAction\":[{\"@type\":\"SearchAction\",\"target\":{\"@type\":\"EntryPoint\",\"urlTemplate\":\"https:\\\/\\\/dana.com.br\\\/canaldana\\\/?s={search_term_string}\"},\"query-input\":{\"@type\":\"PropertyValueSpecification\",\"valueRequired\":true,\"valueName\":\"search_term_string\"}}],\"inLanguage\":\"pt-BR\"},{\"@type\":\"Person\",\"@id\":\"https:\\\/\\\/dana.com.br\\\/canaldana\\\/#\\\/schema\\\/person\\\/3c21f22f56fcf3bc46b94bc60ea4fef6\",\"name\":\"Canal Dana\",\"image\":{\"@type\":\"ImageObject\",\"inLanguage\":\"pt-BR\",\"@id\":\"https:\\\/\\\/secure.gravatar.com\\\/avatar\\\/420aaf9278582877d9018637c6817617705899d2858d7572ef0fe59a6b6454b4?s=96&d=mm&r=g\",\"url\":\"https:\\\/\\\/secure.gravatar.com\\\/avatar\\\/420aaf9278582877d9018637c6817617705899d2858d7572ef0fe59a6b6454b4?s=96&d=mm&r=g\",\"contentUrl\":\"https:\\\/\\\/secure.gravatar.com\\\/avatar\\\/420aaf9278582877d9018637c6817617705899d2858d7572ef0fe59a6b6454b4?s=96&d=mm&r=g\",\"caption\":\"Canal Dana\"},\"url\":\"https:\\\/\\\/dana.com.br\\\/canaldana\\\/author\\\/cdeditor\\\/\"}]}<\/script>\n<!-- \/ Yoast SEO plugin. -->","yoast_head_json":{"title":"Ford concede f\u00e9rias coletivas a 6.800 funcion\u00e1rios da f\u00e1brica na Bahia - Canal Dana","robots":{"index":"index","follow":"follow","max-snippet":"max-snippet:-1","max-image-preview":"max-image-preview:large","max-video-preview":"max-video-preview:-1"},"canonical":"https:\/\/dana.com.br\/canaldana\/2015\/09\/10\/ford-concede-ferias-coletivas-a-6-800-funcionarios-da-fabrica-na-bahia\/","og_locale":"pt_BR","og_type":"article","og_title":"Ford concede f\u00e9rias coletivas a 6.800 funcion\u00e1rios da f\u00e1brica na Bahia - Canal Dana","og_description":"O Estado de S. Paulo &nbsp; Com estoques cheios, a Ford confirmou nesta quarta\u00adfeira, 9, que dar\u00e1 f\u00e9rias coletivas aos funcion\u00e1rios da unidade Cama\u00e7ari, na regi\u00e3o metropolitana de Salvador. Ao todo, 6.800 oper\u00e1rios das \u00e1reas de produ\u00e7\u00e3o ter\u00e3o as atividades suspensas entre setembro e outubro, segundo comunicado da montadora. Em agosto, a Ford j\u00e1 tinha\u2026 Leia mais \u00bb","og_url":"https:\/\/dana.com.br\/canaldana\/2015\/09\/10\/ford-concede-ferias-coletivas-a-6-800-funcionarios-da-fabrica-na-bahia\/","og_site_name":"Canal Dana","article_published_time":"2015-09-10T11:07:51+00:00","author":"Canal Dana","twitter_card":"summary_large_image","twitter_misc":{"Escrito por":"Canal Dana","Est. tempo de leitura":"2 minutos"},"schema":{"@context":"https:\/\/schema.org","@graph":[{"@type":"Article","@id":"https:\/\/dana.com.br\/canaldana\/2015\/09\/10\/ford-concede-ferias-coletivas-a-6-800-funcionarios-da-fabrica-na-bahia\/#article","isPartOf":{"@id":"https:\/\/dana.com.br\/canaldana\/2015\/09\/10\/ford-concede-ferias-coletivas-a-6-800-funcionarios-da-fabrica-na-bahia\/"},"author":{"name":"Canal Dana","@id":"https:\/\/dana.com.br\/canaldana\/#\/schema\/person\/3c21f22f56fcf3bc46b94bc60ea4fef6"},"headline":"Ford concede f\u00e9rias coletivas a 6.800 funcion\u00e1rios da f\u00e1brica na Bahia","datePublished":"2015-09-10T11:07:51+00:00","mainEntityOfPage":{"@id":"https:\/\/dana.com.br\/canaldana\/2015\/09\/10\/ford-concede-ferias-coletivas-a-6-800-funcionarios-da-fabrica-na-bahia\/"},"wordCount":315,"articleSection":["Mercado"],"inLanguage":"pt-BR"},{"@type":"WebPage","@id":"https:\/\/dana.com.br\/canaldana\/2015\/09\/10\/ford-concede-ferias-coletivas-a-6-800-funcionarios-da-fabrica-na-bahia\/","url":"https:\/\/dana.com.br\/canaldana\/2015\/09\/10\/ford-concede-ferias-coletivas-a-6-800-funcionarios-da-fabrica-na-bahia\/","name":"Ford concede f\u00e9rias coletivas a 6.800 funcion\u00e1rios da f\u00e1brica na Bahia - Canal Dana","isPartOf":{"@id":"https:\/\/dana.com.br\/canaldana\/#website"},"datePublished":"2015-09-10T11:07:51+00:00","author":{"@id":"https:\/\/dana.com.br\/canaldana\/#\/schema\/person\/3c21f22f56fcf3bc46b94bc60ea4fef6"},"breadcrumb":{"@id":"https:\/\/dana.com.br\/canaldana\/2015\/09\/10\/ford-concede-ferias-coletivas-a-6-800-funcionarios-da-fabrica-na-bahia\/#breadcrumb"},"inLanguage":"pt-BR","potentialAction":[{"@type":"ReadAction","target":["https:\/\/dana.com.br\/canaldana\/2015\/09\/10\/ford-concede-ferias-coletivas-a-6-800-funcionarios-da-fabrica-na-bahia\/"]}]},{"@type":"BreadcrumbList","@id":"https:\/\/dana.com.br\/canaldana\/2015\/09\/10\/ford-concede-ferias-coletivas-a-6-800-funcionarios-da-fabrica-na-bahia\/#breadcrumb","itemListElement":[{"@type":"ListItem","position":1,"name":"Home","item":"https:\/\/dana.com.br\/canaldana\/"},{"@type":"ListItem","position":2,"name":"Mercado","item":"https:\/\/dana.com.br\/canaldana\/mercado\/"},{"@type":"ListItem","position":3,"name":"Ford concede f\u00e9rias coletivas a 6.800 funcion\u00e1rios da f\u00e1brica na Bahia"}]},{"@type":"WebSite","@id":"https:\/\/dana.com.br\/canaldana\/#website","url":"https:\/\/dana.com.br\/canaldana\/","name":"Canal Dana","description":"Informativo com as principais not\u00edcias da ind\u00fastria automotiva","potentialAction":[{"@type":"SearchAction","target":{"@type":"EntryPoint","urlTemplate":"https:\/\/dana.com.br\/canaldana\/?s={search_term_string}"},"query-input":{"@type":"PropertyValueSpecification","valueRequired":true,"valueName":"search_term_string"}}],"inLanguage":"pt-BR"},{"@type":"Person","@id":"https:\/\/dana.com.br\/canaldana\/#\/schema\/person\/3c21f22f56fcf3bc46b94bc60ea4fef6","name":"Canal Dana","image":{"@type":"ImageObject","inLanguage":"pt-BR","@id":"https:\/\/secure.gravatar.com\/avatar\/420aaf9278582877d9018637c6817617705899d2858d7572ef0fe59a6b6454b4?s=96&d=mm&r=g","url":"https:\/\/secure.gravatar.com\/avatar\/420aaf9278582877d9018637c6817617705899d2858d7572ef0fe59a6b6454b4?s=96&d=mm&r=g","contentUrl":"https:\/\/secure.gravatar.com\/avatar\/420aaf9278582877d9018637c6817617705899d2858d7572ef0fe59a6b6454b4?s=96&d=mm&r=g","caption":"Canal Dana"},"url":"https:\/\/dana.com.br\/canaldana\/author\/cdeditor\/"}]}},"_links":{"self":[{"href":"https:\/\/dana.com.br\/canaldana\/wp-json\/wp\/v2\/posts\/2455","targetHints":{"allow":["GET"]}}],"collection":[{"href":"https:\/\/dana.com.br\/canaldana\/wp-json\/wp\/v2\/posts"}],"about":[{"href":"https:\/\/dana.com.br\/canaldana\/wp-json\/wp\/v2\/types\/post"}],"author":[{"embeddable":true,"href":"https:\/\/dana.com.br\/canaldana\/wp-json\/wp\/v2\/users\/3"}],"replies":[{"embeddable":true,"href":"https:\/\/dana.com.br\/canaldana\/wp-json\/wp\/v2\/comments?post=2455"}],"version-history":[{"count":0,"href":"https:\/\/dana.com.br\/canaldana\/wp-json\/wp\/v2\/posts\/2455\/revisions"}],"wp:attachment":[{"href":"https:\/\/dana.com.br\/canaldana\/wp-json\/wp\/v2\/media?parent=2455"}],"wp:term":[{"taxonomy":"category","embeddable":true,"href":"https:\/\/dana.com.br\/canaldana\/wp-json\/wp\/v2\/categories?post=2455"},{"taxonomy":"post_tag","embeddable":true,"href":"https:\/\/dana.com.br\/canaldana\/wp-json\/wp\/v2\/tags?post=2455"}],"curies":[{"name":"wp","href":"https:\/\/api.w.org\/{rel}","templated":true}]}}