{"id":24464,"date":"2018-04-10T08:54:13","date_gmt":"2018-04-10T11:54:13","guid":{"rendered":"http:\/\/dana.com.br\/canaldana\/?p=24464"},"modified":"2018-04-10T08:54:13","modified_gmt":"2018-04-10T11:54:13","slug":"suspensao-da-inspecao-veicular-preocupa-anfavea","status":"publish","type":"post","link":"https:\/\/dana.com.br\/canaldana\/2018\/04\/10\/suspensao-da-inspecao-veicular-preocupa-anfavea\/","title":{"rendered":"Suspens\u00e3o da inspe\u00e7\u00e3o veicular preocupa a Anfavea"},"content":{"rendered":"<p><em>AutoInd\u00fastria<\/em><\/p>\n<p>&nbsp;<\/p>\n<p>A suspens\u00e3o da resolu\u00e7\u00e3o 716, que estabelecia a obrigatoriedade em n\u00edvel federal da inspe\u00e7\u00e3o t\u00e9cnica veicular at\u00e9 31 de dezembro de 2019, \u00e9 motivo de preocupa\u00e7\u00e3o no setor automotivo. \u201cVamos fazer tudo que estiver ao nosso alcance junto ao governo, seja o atual ou o pr\u00f3ximo, para reverter essa decis\u00e3o\u201d, diz o presidente da Anfavea, Antonio Megale. \u201cEstamos bastante preocupados e esperamos que n\u00e3o seja uma medida definitiva\u201d.<\/p>\n<p>&nbsp;<\/p>\n<p>Quando foi pulicada em 8 de dezembro do ano passado, a resolu\u00e7\u00e3o 716 \u2013 suspensa pelo Denatran nesta sexta-feira, 8 \u2013 foi amplamente comemorada pelas montadoras. A Anfavea chegou inclusive a soltar nota avaliando que tal obrigatoriedade representava importante pilar da pol\u00edtica automotiva, ou seja, atendia pleitos em debate no f\u00f3rum que definiria o Rota 2030.<\/p>\n<p>&nbsp;<\/p>\n<p>Como era de se esperar, a partir da resolu\u00e7\u00e3o 716 a inspe\u00e7\u00e3o veicular deixou de ser tema em discuss\u00e3o no novo programa setorial automotivo, que ap\u00f3s v\u00e1rios adiamentos dever\u00e1 ser finalmente divulgado na quinta-feira, 12.<\/p>\n<p>&nbsp;<\/p>\n<p>Por isso, certamente, a grande frustra\u00e7\u00e3o gerada pela sua suspens\u00e3o. At\u00e9 porque a inspe\u00e7\u00e3o veicular \u00e9 um passo no sentido de se implantar no Pa\u00eds o t\u00e3o sonhado programa de renova\u00e7\u00e3o de frota. Essa \u00e9 uma antiga reivindica\u00e7\u00e3o do setor, pois al\u00e9m de retirar das ruas os ve\u00edculos sem condi\u00e7\u00f5es de uso, incentivaria, ao t\u00e9rmino de um processo de troca dentro da cadeia, a venda de zero-quil\u00f4metro.<\/p>\n<p>&nbsp;<\/p>\n<p>A decis\u00e3o de suspender a inspe\u00e7\u00e3o veicular por tempo indeterminada foi publicada pelo Denatran nesta sexta-feira, 6, sob a alega\u00e7\u00e3o de que os Detrans pediram para rediscutir os requisitos e prazos para implementa\u00e7\u00e3o.<\/p>\n<p>&nbsp;<\/p>\n<p>Pela regulamenta\u00e7\u00e3o divulgada em dezembro, os \u00f3rg\u00e3os executivos de tr\u00e2nsito dos Estados e do Distrito Federal teriam de apresentar ao Contran o cronograma de implementa\u00e7\u00e3o do programa at\u00e9 1\u00ba de julho de 2018, para que ele fosse implantado no m\u00e1ximo at\u00e9 o final do ano que vem.<\/p>\n<p>&nbsp;<\/p>\n<p>Al\u00e9m de definir forma e condi\u00e7\u00f5es para a implanta\u00e7\u00e3o da inspe\u00e7\u00e3o veicular, a resolu\u00e7\u00e3o 716 do Contran estabelecia condi\u00e7\u00f5es para a sua implanta\u00e7\u00e3o e colocava a aprova\u00e7\u00e3o do ve\u00edculo como condi\u00e7\u00e3o necess\u00e1ria para a obten\u00e7\u00e3o do licenciamento anual. Tamb\u00e9m determinava a periodicidade de inspe\u00e7\u00e3o, com isen\u00e7\u00e3o nos primeiros anos em alguns casos, e validade do certificado. (AutoInd\u00fastria)<\/p>\n","protected":false},"excerpt":{"rendered":"<p>AutoInd\u00fastria &nbsp; A suspens\u00e3o da resolu\u00e7\u00e3o 716, que estabelecia a obrigatoriedade em n\u00edvel federal da inspe\u00e7\u00e3o t\u00e9cnica veicular at\u00e9 31 de dezembro de 2019, \u00e9 motivo de preocupa\u00e7\u00e3o no setor automotivo. \u201cVamos fazer tudo que estiver ao nosso alcance junto ao governo, seja o atual ou o pr\u00f3ximo, para reverter essa decis\u00e3o\u201d, diz o presidente\u2026 <a class=\"readmore\" href=\"https:\/\/dana.com.br\/canaldana\/2018\/04\/10\/suspensao-da-inspecao-veicular-preocupa-anfavea\/\">Leia mais \u00bb<\/a><\/p>\n","protected":false},"author":3,"featured_media":0,"comment_status":"closed","ping_status":"closed","sticky":false,"template":"","format":"standard","meta":{"_acf_changed":false,"footnotes":""},"categories":[61],"tags":[],"class_list":["post-24464","post","type-post","status-publish","format-standard","hentry","category-destaques"],"acf":[],"yoast_head":"<!-- This site is optimized with the Yoast SEO plugin v27.3 - https:\/\/yoast.com\/product\/yoast-seo-wordpress\/ -->\n<title>Suspens\u00e3o da inspe\u00e7\u00e3o veicular preocupa a Anfavea - Canal Dana<\/title>\n<meta name=\"robots\" content=\"index, follow, max-snippet:-1, max-image-preview:large, max-video-preview:-1\" \/>\n<link rel=\"canonical\" href=\"https:\/\/dana.com.br\/canaldana\/2018\/04\/10\/suspensao-da-inspecao-veicular-preocupa-anfavea\/\" \/>\n<meta property=\"og:locale\" content=\"pt_BR\" \/>\n<meta property=\"og:type\" content=\"article\" \/>\n<meta property=\"og:title\" content=\"Suspens\u00e3o da inspe\u00e7\u00e3o veicular preocupa a Anfavea - Canal Dana\" \/>\n<meta property=\"og:description\" content=\"AutoInd\u00fastria &nbsp; A suspens\u00e3o da resolu\u00e7\u00e3o 716, que estabelecia a obrigatoriedade em n\u00edvel federal da inspe\u00e7\u00e3o t\u00e9cnica veicular at\u00e9 31 de dezembro de 2019, \u00e9 motivo de preocupa\u00e7\u00e3o no setor automotivo. \u201cVamos fazer tudo que estiver ao nosso alcance junto ao governo, seja o atual ou o pr\u00f3ximo, para reverter essa decis\u00e3o\u201d, diz o presidente\u2026 Leia mais \u00bb\" \/>\n<meta property=\"og:url\" content=\"https:\/\/dana.com.br\/canaldana\/2018\/04\/10\/suspensao-da-inspecao-veicular-preocupa-anfavea\/\" \/>\n<meta property=\"og:site_name\" content=\"Canal Dana\" \/>\n<meta property=\"article:published_time\" content=\"2018-04-10T11:54:13+00:00\" \/>\n<meta name=\"author\" content=\"Canal Dana\" \/>\n<meta name=\"twitter:card\" content=\"summary_large_image\" \/>\n<meta name=\"twitter:label1\" content=\"Escrito por\" \/>\n\t<meta name=\"twitter:data1\" content=\"Canal Dana\" \/>\n\t<meta name=\"twitter:label2\" content=\"Est. tempo de leitura\" \/>\n\t<meta name=\"twitter:data2\" content=\"2 minutos\" \/>\n<script type=\"application\/ld+json\" class=\"yoast-schema-graph\">{\"@context\":\"https:\\\/\\\/schema.org\",\"@graph\":[{\"@type\":\"Article\",\"@id\":\"https:\\\/\\\/dana.com.br\\\/canaldana\\\/2018\\\/04\\\/10\\\/suspensao-da-inspecao-veicular-preocupa-anfavea\\\/#article\",\"isPartOf\":{\"@id\":\"https:\\\/\\\/dana.com.br\\\/canaldana\\\/2018\\\/04\\\/10\\\/suspensao-da-inspecao-veicular-preocupa-anfavea\\\/\"},\"author\":{\"name\":\"Canal Dana\",\"@id\":\"https:\\\/\\\/dana.com.br\\\/canaldana\\\/#\\\/schema\\\/person\\\/3c21f22f56fcf3bc46b94bc60ea4fef6\"},\"headline\":\"Suspens\u00e3o da inspe\u00e7\u00e3o veicular preocupa a Anfavea\",\"datePublished\":\"2018-04-10T11:54:13+00:00\",\"mainEntityOfPage\":{\"@id\":\"https:\\\/\\\/dana.com.br\\\/canaldana\\\/2018\\\/04\\\/10\\\/suspensao-da-inspecao-veicular-preocupa-anfavea\\\/\"},\"wordCount\":417,\"articleSection\":[\"Destaques\"],\"inLanguage\":\"pt-BR\"},{\"@type\":\"WebPage\",\"@id\":\"https:\\\/\\\/dana.com.br\\\/canaldana\\\/2018\\\/04\\\/10\\\/suspensao-da-inspecao-veicular-preocupa-anfavea\\\/\",\"url\":\"https:\\\/\\\/dana.com.br\\\/canaldana\\\/2018\\\/04\\\/10\\\/suspensao-da-inspecao-veicular-preocupa-anfavea\\\/\",\"name\":\"Suspens\u00e3o da inspe\u00e7\u00e3o veicular preocupa a Anfavea - Canal Dana\",\"isPartOf\":{\"@id\":\"https:\\\/\\\/dana.com.br\\\/canaldana\\\/#website\"},\"datePublished\":\"2018-04-10T11:54:13+00:00\",\"author\":{\"@id\":\"https:\\\/\\\/dana.com.br\\\/canaldana\\\/#\\\/schema\\\/person\\\/3c21f22f56fcf3bc46b94bc60ea4fef6\"},\"breadcrumb\":{\"@id\":\"https:\\\/\\\/dana.com.br\\\/canaldana\\\/2018\\\/04\\\/10\\\/suspensao-da-inspecao-veicular-preocupa-anfavea\\\/#breadcrumb\"},\"inLanguage\":\"pt-BR\",\"potentialAction\":[{\"@type\":\"ReadAction\",\"target\":[\"https:\\\/\\\/dana.com.br\\\/canaldana\\\/2018\\\/04\\\/10\\\/suspensao-da-inspecao-veicular-preocupa-anfavea\\\/\"]}]},{\"@type\":\"BreadcrumbList\",\"@id\":\"https:\\\/\\\/dana.com.br\\\/canaldana\\\/2018\\\/04\\\/10\\\/suspensao-da-inspecao-veicular-preocupa-anfavea\\\/#breadcrumb\",\"itemListElement\":[{\"@type\":\"ListItem\",\"position\":1,\"name\":\"Home\",\"item\":\"https:\\\/\\\/dana.com.br\\\/canaldana\\\/\"},{\"@type\":\"ListItem\",\"position\":2,\"name\":\"Destaques\",\"item\":\"https:\\\/\\\/dana.com.br\\\/canaldana\\\/destaques\\\/\"},{\"@type\":\"ListItem\",\"position\":3,\"name\":\"Suspens\u00e3o da inspe\u00e7\u00e3o veicular preocupa a Anfavea\"}]},{\"@type\":\"WebSite\",\"@id\":\"https:\\\/\\\/dana.com.br\\\/canaldana\\\/#website\",\"url\":\"https:\\\/\\\/dana.com.br\\\/canaldana\\\/\",\"name\":\"Canal Dana\",\"description\":\"Informativo com as principais not\u00edcias da ind\u00fastria automotiva\",\"potentialAction\":[{\"@type\":\"SearchAction\",\"target\":{\"@type\":\"EntryPoint\",\"urlTemplate\":\"https:\\\/\\\/dana.com.br\\\/canaldana\\\/?s={search_term_string}\"},\"query-input\":{\"@type\":\"PropertyValueSpecification\",\"valueRequired\":true,\"valueName\":\"search_term_string\"}}],\"inLanguage\":\"pt-BR\"},{\"@type\":\"Person\",\"@id\":\"https:\\\/\\\/dana.com.br\\\/canaldana\\\/#\\\/schema\\\/person\\\/3c21f22f56fcf3bc46b94bc60ea4fef6\",\"name\":\"Canal Dana\",\"image\":{\"@type\":\"ImageObject\",\"inLanguage\":\"pt-BR\",\"@id\":\"https:\\\/\\\/secure.gravatar.com\\\/avatar\\\/420aaf9278582877d9018637c6817617705899d2858d7572ef0fe59a6b6454b4?s=96&d=mm&r=g\",\"url\":\"https:\\\/\\\/secure.gravatar.com\\\/avatar\\\/420aaf9278582877d9018637c6817617705899d2858d7572ef0fe59a6b6454b4?s=96&d=mm&r=g\",\"contentUrl\":\"https:\\\/\\\/secure.gravatar.com\\\/avatar\\\/420aaf9278582877d9018637c6817617705899d2858d7572ef0fe59a6b6454b4?s=96&d=mm&r=g\",\"caption\":\"Canal Dana\"},\"url\":\"https:\\\/\\\/dana.com.br\\\/canaldana\\\/author\\\/cdeditor\\\/\"}]}<\/script>\n<!-- \/ Yoast SEO plugin. -->","yoast_head_json":{"title":"Suspens\u00e3o da inspe\u00e7\u00e3o veicular preocupa a Anfavea - Canal Dana","robots":{"index":"index","follow":"follow","max-snippet":"max-snippet:-1","max-image-preview":"max-image-preview:large","max-video-preview":"max-video-preview:-1"},"canonical":"https:\/\/dana.com.br\/canaldana\/2018\/04\/10\/suspensao-da-inspecao-veicular-preocupa-anfavea\/","og_locale":"pt_BR","og_type":"article","og_title":"Suspens\u00e3o da inspe\u00e7\u00e3o veicular preocupa a Anfavea - Canal Dana","og_description":"AutoInd\u00fastria &nbsp; A suspens\u00e3o da resolu\u00e7\u00e3o 716, que estabelecia a obrigatoriedade em n\u00edvel federal da inspe\u00e7\u00e3o t\u00e9cnica veicular at\u00e9 31 de dezembro de 2019, \u00e9 motivo de preocupa\u00e7\u00e3o no setor automotivo. \u201cVamos fazer tudo que estiver ao nosso alcance junto ao governo, seja o atual ou o pr\u00f3ximo, para reverter essa decis\u00e3o\u201d, diz o presidente\u2026 Leia mais \u00bb","og_url":"https:\/\/dana.com.br\/canaldana\/2018\/04\/10\/suspensao-da-inspecao-veicular-preocupa-anfavea\/","og_site_name":"Canal Dana","article_published_time":"2018-04-10T11:54:13+00:00","author":"Canal Dana","twitter_card":"summary_large_image","twitter_misc":{"Escrito por":"Canal Dana","Est. tempo de leitura":"2 minutos"},"schema":{"@context":"https:\/\/schema.org","@graph":[{"@type":"Article","@id":"https:\/\/dana.com.br\/canaldana\/2018\/04\/10\/suspensao-da-inspecao-veicular-preocupa-anfavea\/#article","isPartOf":{"@id":"https:\/\/dana.com.br\/canaldana\/2018\/04\/10\/suspensao-da-inspecao-veicular-preocupa-anfavea\/"},"author":{"name":"Canal Dana","@id":"https:\/\/dana.com.br\/canaldana\/#\/schema\/person\/3c21f22f56fcf3bc46b94bc60ea4fef6"},"headline":"Suspens\u00e3o da inspe\u00e7\u00e3o veicular preocupa a Anfavea","datePublished":"2018-04-10T11:54:13+00:00","mainEntityOfPage":{"@id":"https:\/\/dana.com.br\/canaldana\/2018\/04\/10\/suspensao-da-inspecao-veicular-preocupa-anfavea\/"},"wordCount":417,"articleSection":["Destaques"],"inLanguage":"pt-BR"},{"@type":"WebPage","@id":"https:\/\/dana.com.br\/canaldana\/2018\/04\/10\/suspensao-da-inspecao-veicular-preocupa-anfavea\/","url":"https:\/\/dana.com.br\/canaldana\/2018\/04\/10\/suspensao-da-inspecao-veicular-preocupa-anfavea\/","name":"Suspens\u00e3o da inspe\u00e7\u00e3o veicular preocupa a Anfavea - Canal Dana","isPartOf":{"@id":"https:\/\/dana.com.br\/canaldana\/#website"},"datePublished":"2018-04-10T11:54:13+00:00","author":{"@id":"https:\/\/dana.com.br\/canaldana\/#\/schema\/person\/3c21f22f56fcf3bc46b94bc60ea4fef6"},"breadcrumb":{"@id":"https:\/\/dana.com.br\/canaldana\/2018\/04\/10\/suspensao-da-inspecao-veicular-preocupa-anfavea\/#breadcrumb"},"inLanguage":"pt-BR","potentialAction":[{"@type":"ReadAction","target":["https:\/\/dana.com.br\/canaldana\/2018\/04\/10\/suspensao-da-inspecao-veicular-preocupa-anfavea\/"]}]},{"@type":"BreadcrumbList","@id":"https:\/\/dana.com.br\/canaldana\/2018\/04\/10\/suspensao-da-inspecao-veicular-preocupa-anfavea\/#breadcrumb","itemListElement":[{"@type":"ListItem","position":1,"name":"Home","item":"https:\/\/dana.com.br\/canaldana\/"},{"@type":"ListItem","position":2,"name":"Destaques","item":"https:\/\/dana.com.br\/canaldana\/destaques\/"},{"@type":"ListItem","position":3,"name":"Suspens\u00e3o da inspe\u00e7\u00e3o veicular preocupa a Anfavea"}]},{"@type":"WebSite","@id":"https:\/\/dana.com.br\/canaldana\/#website","url":"https:\/\/dana.com.br\/canaldana\/","name":"Canal Dana","description":"Informativo com as principais not\u00edcias da ind\u00fastria automotiva","potentialAction":[{"@type":"SearchAction","target":{"@type":"EntryPoint","urlTemplate":"https:\/\/dana.com.br\/canaldana\/?s={search_term_string}"},"query-input":{"@type":"PropertyValueSpecification","valueRequired":true,"valueName":"search_term_string"}}],"inLanguage":"pt-BR"},{"@type":"Person","@id":"https:\/\/dana.com.br\/canaldana\/#\/schema\/person\/3c21f22f56fcf3bc46b94bc60ea4fef6","name":"Canal Dana","image":{"@type":"ImageObject","inLanguage":"pt-BR","@id":"https:\/\/secure.gravatar.com\/avatar\/420aaf9278582877d9018637c6817617705899d2858d7572ef0fe59a6b6454b4?s=96&d=mm&r=g","url":"https:\/\/secure.gravatar.com\/avatar\/420aaf9278582877d9018637c6817617705899d2858d7572ef0fe59a6b6454b4?s=96&d=mm&r=g","contentUrl":"https:\/\/secure.gravatar.com\/avatar\/420aaf9278582877d9018637c6817617705899d2858d7572ef0fe59a6b6454b4?s=96&d=mm&r=g","caption":"Canal Dana"},"url":"https:\/\/dana.com.br\/canaldana\/author\/cdeditor\/"}]}},"_links":{"self":[{"href":"https:\/\/dana.com.br\/canaldana\/wp-json\/wp\/v2\/posts\/24464","targetHints":{"allow":["GET"]}}],"collection":[{"href":"https:\/\/dana.com.br\/canaldana\/wp-json\/wp\/v2\/posts"}],"about":[{"href":"https:\/\/dana.com.br\/canaldana\/wp-json\/wp\/v2\/types\/post"}],"author":[{"embeddable":true,"href":"https:\/\/dana.com.br\/canaldana\/wp-json\/wp\/v2\/users\/3"}],"replies":[{"embeddable":true,"href":"https:\/\/dana.com.br\/canaldana\/wp-json\/wp\/v2\/comments?post=24464"}],"version-history":[{"count":0,"href":"https:\/\/dana.com.br\/canaldana\/wp-json\/wp\/v2\/posts\/24464\/revisions"}],"wp:attachment":[{"href":"https:\/\/dana.com.br\/canaldana\/wp-json\/wp\/v2\/media?parent=24464"}],"wp:term":[{"taxonomy":"category","embeddable":true,"href":"https:\/\/dana.com.br\/canaldana\/wp-json\/wp\/v2\/categories?post=24464"},{"taxonomy":"post_tag","embeddable":true,"href":"https:\/\/dana.com.br\/canaldana\/wp-json\/wp\/v2\/tags?post=24464"}],"curies":[{"name":"wp","href":"https:\/\/api.w.org\/{rel}","templated":true}]}}