{"id":24370,"date":"2018-04-06T08:36:56","date_gmt":"2018-04-06T11:36:56","guid":{"rendered":"http:\/\/dana.com.br\/canaldana\/?p=24370"},"modified":"2018-04-06T08:36:56","modified_gmt":"2018-04-06T11:36:56","slug":"pais-exporta-mais-para-europa-e-america-do-sul","status":"publish","type":"post","link":"https:\/\/dana.com.br\/canaldana\/2018\/04\/06\/pais-exporta-mais-para-europa-e-america-do-sul\/","title":{"rendered":"Pa\u00eds exporta mais para Europa e Am\u00e9rica do Sul"},"content":{"rendered":"<p><em>O Estado de S. Paulo<\/em><\/p>\n<p>&nbsp;<\/p>\n<p>O com\u00e9rcio exterior brasileiro voltou a apresentar resultados favor\u00e1veis tanto em mar\u00e7o como no primeiro trimestre de 2018, beneficiando-se da recupera\u00e7\u00e3o econ\u00f4mica da Uni\u00e3o Europeia e dos pa\u00edses da Am\u00e9rica do Sul. O super\u00e1vit comercial atingiu US$ 6,3 bilh\u00f5es em mar\u00e7o e quase US$ 14 bilh\u00f5es no trimestre, valor apenas levemente inferior ao de igual per\u00edodo de 2017 (US$ 7,1 bilh\u00f5es e US$ 14,4 bilh\u00f5es, respectivamente).<\/p>\n<p>&nbsp;<\/p>\n<p>Entre os primeiros trimestres de 2017 e de 2018, a participa\u00e7\u00e3o das exporta\u00e7\u00f5es brasileiras para a Europa aumentou de 19,3% para 23,4% do total e, para a Am\u00e9rica do Sul, passou de 16% para 17,1%, liderada pelas compras da Argentina, cujo peso nas exporta\u00e7\u00f5es totais evoluiu de 7,6% para 8%. A tend\u00eancia foi confirmada em mar\u00e7o, quando a participa\u00e7\u00e3o argentina atingiu 8,5%. O crescimento econ\u00f4mico do pa\u00eds vizinho vem superando as expectativas dos analistas em 2018.<\/p>\n<p>&nbsp;<\/p>\n<p>Cresceram as exporta\u00e7\u00f5es brasileiras e ainda mais cresceram as importa\u00e7\u00f5es do Pa\u00eds. Estas, pelo crit\u00e9rio da m\u00e9dia por dia \u00fatil, cresceram no trimestre 15,8% em rela\u00e7\u00e3o a igual per\u00edodo de 2017.<\/p>\n<p>&nbsp;<\/p>\n<p>O avan\u00e7o de exporta\u00e7\u00f5es e de importa\u00e7\u00f5es permitiu um crescimento da corrente de com\u00e9rcio (resultado da soma de vendas e de compras externas) de 13,2% no primeiro trimestre, para US$ 94,8 bilh\u00f5es. Em 12 meses, at\u00e9 mar\u00e7o de 2018, a corrente de com\u00e9rcio, indicador do grau de abertura da economia, atingiu US$ 376,8 bilh\u00f5es, 14,7% maior do que nos 12 meses precedentes.<\/p>\n<p>&nbsp;<\/p>\n<p>Em mar\u00e7o, os resultados satisfat\u00f3rios do com\u00e9rcio exterior se deveram \u00e0 alta das exporta\u00e7\u00f5es de manufaturados (\u00f3leos combust\u00edveis, suco de laranja, tubos de ferro fundido, avi\u00f5es, tratores, ve\u00edculos de carga, autope\u00e7as e motores el\u00e9tricos e destinados a ve\u00edculos) e de semimanufaturados (celulose e ferro-ligas). Entre os produtos b\u00e1sicos, cresceram mais as vendas de petr\u00f3leo em bruto, soja em gr\u00e3o, milho em gr\u00e3o, fumo em folhas e carnes bovina e de frango.<\/p>\n<p>&nbsp;<\/p>\n<p>As importa\u00e7\u00f5es merecem aten\u00e7\u00e3o especial. O crescimento de 20,5% das compras de bens de capital entre mar\u00e7o de 2017 e mar\u00e7o de 2018 \u00e9 um fato positivo, pois revela que os investimentos est\u00e3o avan\u00e7ando, o que permitir\u00e1 \u00e0 economia sustentar um ritmo de atividade mais favor\u00e1vel nos pr\u00f3ximos anos. J\u00e1 a forte eleva\u00e7\u00e3o das compras de combust\u00edveis e lubrificantes parece ser fato epis\u00f3dico. (O Estado de S. Paulo)<\/p>\n","protected":false},"excerpt":{"rendered":"<p>O Estado de S. Paulo &nbsp; O com\u00e9rcio exterior brasileiro voltou a apresentar resultados favor\u00e1veis tanto em mar\u00e7o como no primeiro trimestre de 2018, beneficiando-se da recupera\u00e7\u00e3o econ\u00f4mica da Uni\u00e3o Europeia e dos pa\u00edses da Am\u00e9rica do Sul. O super\u00e1vit comercial atingiu US$ 6,3 bilh\u00f5es em mar\u00e7o e quase US$ 14 bilh\u00f5es no trimestre, valor\u2026 <a class=\"readmore\" href=\"https:\/\/dana.com.br\/canaldana\/2018\/04\/06\/pais-exporta-mais-para-europa-e-america-do-sul\/\">Leia mais \u00bb<\/a><\/p>\n","protected":false},"author":3,"featured_media":0,"comment_status":"closed","ping_status":"closed","sticky":false,"template":"","format":"standard","meta":{"_acf_changed":false,"footnotes":""},"categories":[100],"tags":[],"class_list":["post-24370","post","type-post","status-publish","format-standard","hentry","category-artigo"],"acf":[],"yoast_head":"<!-- This site is optimized with the Yoast SEO plugin v27.3 - https:\/\/yoast.com\/product\/yoast-seo-wordpress\/ -->\n<title>Pa\u00eds exporta mais para Europa e Am\u00e9rica do Sul - Canal Dana<\/title>\n<meta name=\"robots\" content=\"index, follow, max-snippet:-1, max-image-preview:large, max-video-preview:-1\" \/>\n<link rel=\"canonical\" href=\"https:\/\/dana.com.br\/canaldana\/2018\/04\/06\/pais-exporta-mais-para-europa-e-america-do-sul\/\" \/>\n<meta property=\"og:locale\" content=\"pt_BR\" \/>\n<meta property=\"og:type\" content=\"article\" \/>\n<meta property=\"og:title\" content=\"Pa\u00eds exporta mais para Europa e Am\u00e9rica do Sul - Canal Dana\" \/>\n<meta property=\"og:description\" content=\"O Estado de S. Paulo &nbsp; O com\u00e9rcio exterior brasileiro voltou a apresentar resultados favor\u00e1veis tanto em mar\u00e7o como no primeiro trimestre de 2018, beneficiando-se da recupera\u00e7\u00e3o econ\u00f4mica da Uni\u00e3o Europeia e dos pa\u00edses da Am\u00e9rica do Sul. O super\u00e1vit comercial atingiu US$ 6,3 bilh\u00f5es em mar\u00e7o e quase US$ 14 bilh\u00f5es no trimestre, valor\u2026 Leia mais \u00bb\" \/>\n<meta property=\"og:url\" content=\"https:\/\/dana.com.br\/canaldana\/2018\/04\/06\/pais-exporta-mais-para-europa-e-america-do-sul\/\" \/>\n<meta property=\"og:site_name\" content=\"Canal Dana\" \/>\n<meta property=\"article:published_time\" content=\"2018-04-06T11:36:56+00:00\" \/>\n<meta name=\"author\" content=\"Canal Dana\" \/>\n<meta name=\"twitter:card\" content=\"summary_large_image\" \/>\n<meta name=\"twitter:label1\" content=\"Escrito por\" \/>\n\t<meta name=\"twitter:data1\" content=\"Canal Dana\" \/>\n\t<meta name=\"twitter:label2\" content=\"Est. tempo de leitura\" \/>\n\t<meta name=\"twitter:data2\" content=\"2 minutos\" \/>\n<script type=\"application\/ld+json\" class=\"yoast-schema-graph\">{\"@context\":\"https:\\\/\\\/schema.org\",\"@graph\":[{\"@type\":\"Article\",\"@id\":\"https:\\\/\\\/dana.com.br\\\/canaldana\\\/2018\\\/04\\\/06\\\/pais-exporta-mais-para-europa-e-america-do-sul\\\/#article\",\"isPartOf\":{\"@id\":\"https:\\\/\\\/dana.com.br\\\/canaldana\\\/2018\\\/04\\\/06\\\/pais-exporta-mais-para-europa-e-america-do-sul\\\/\"},\"author\":{\"name\":\"Canal Dana\",\"@id\":\"https:\\\/\\\/dana.com.br\\\/canaldana\\\/#\\\/schema\\\/person\\\/3c21f22f56fcf3bc46b94bc60ea4fef6\"},\"headline\":\"Pa\u00eds exporta mais para Europa e Am\u00e9rica do Sul\",\"datePublished\":\"2018-04-06T11:36:56+00:00\",\"mainEntityOfPage\":{\"@id\":\"https:\\\/\\\/dana.com.br\\\/canaldana\\\/2018\\\/04\\\/06\\\/pais-exporta-mais-para-europa-e-america-do-sul\\\/\"},\"wordCount\":429,\"articleSection\":[\"Artigo\"],\"inLanguage\":\"pt-BR\"},{\"@type\":\"WebPage\",\"@id\":\"https:\\\/\\\/dana.com.br\\\/canaldana\\\/2018\\\/04\\\/06\\\/pais-exporta-mais-para-europa-e-america-do-sul\\\/\",\"url\":\"https:\\\/\\\/dana.com.br\\\/canaldana\\\/2018\\\/04\\\/06\\\/pais-exporta-mais-para-europa-e-america-do-sul\\\/\",\"name\":\"Pa\u00eds exporta mais para Europa e Am\u00e9rica do Sul - Canal Dana\",\"isPartOf\":{\"@id\":\"https:\\\/\\\/dana.com.br\\\/canaldana\\\/#website\"},\"datePublished\":\"2018-04-06T11:36:56+00:00\",\"author\":{\"@id\":\"https:\\\/\\\/dana.com.br\\\/canaldana\\\/#\\\/schema\\\/person\\\/3c21f22f56fcf3bc46b94bc60ea4fef6\"},\"breadcrumb\":{\"@id\":\"https:\\\/\\\/dana.com.br\\\/canaldana\\\/2018\\\/04\\\/06\\\/pais-exporta-mais-para-europa-e-america-do-sul\\\/#breadcrumb\"},\"inLanguage\":\"pt-BR\",\"potentialAction\":[{\"@type\":\"ReadAction\",\"target\":[\"https:\\\/\\\/dana.com.br\\\/canaldana\\\/2018\\\/04\\\/06\\\/pais-exporta-mais-para-europa-e-america-do-sul\\\/\"]}]},{\"@type\":\"BreadcrumbList\",\"@id\":\"https:\\\/\\\/dana.com.br\\\/canaldana\\\/2018\\\/04\\\/06\\\/pais-exporta-mais-para-europa-e-america-do-sul\\\/#breadcrumb\",\"itemListElement\":[{\"@type\":\"ListItem\",\"position\":1,\"name\":\"Home\",\"item\":\"https:\\\/\\\/dana.com.br\\\/canaldana\\\/\"},{\"@type\":\"ListItem\",\"position\":2,\"name\":\"Artigo\",\"item\":\"https:\\\/\\\/dana.com.br\\\/canaldana\\\/artigo\\\/\"},{\"@type\":\"ListItem\",\"position\":3,\"name\":\"Pa\u00eds exporta mais para Europa e Am\u00e9rica do Sul\"}]},{\"@type\":\"WebSite\",\"@id\":\"https:\\\/\\\/dana.com.br\\\/canaldana\\\/#website\",\"url\":\"https:\\\/\\\/dana.com.br\\\/canaldana\\\/\",\"name\":\"Canal Dana\",\"description\":\"Informativo com as principais not\u00edcias da ind\u00fastria automotiva\",\"potentialAction\":[{\"@type\":\"SearchAction\",\"target\":{\"@type\":\"EntryPoint\",\"urlTemplate\":\"https:\\\/\\\/dana.com.br\\\/canaldana\\\/?s={search_term_string}\"},\"query-input\":{\"@type\":\"PropertyValueSpecification\",\"valueRequired\":true,\"valueName\":\"search_term_string\"}}],\"inLanguage\":\"pt-BR\"},{\"@type\":\"Person\",\"@id\":\"https:\\\/\\\/dana.com.br\\\/canaldana\\\/#\\\/schema\\\/person\\\/3c21f22f56fcf3bc46b94bc60ea4fef6\",\"name\":\"Canal Dana\",\"image\":{\"@type\":\"ImageObject\",\"inLanguage\":\"pt-BR\",\"@id\":\"https:\\\/\\\/secure.gravatar.com\\\/avatar\\\/420aaf9278582877d9018637c6817617705899d2858d7572ef0fe59a6b6454b4?s=96&d=mm&r=g\",\"url\":\"https:\\\/\\\/secure.gravatar.com\\\/avatar\\\/420aaf9278582877d9018637c6817617705899d2858d7572ef0fe59a6b6454b4?s=96&d=mm&r=g\",\"contentUrl\":\"https:\\\/\\\/secure.gravatar.com\\\/avatar\\\/420aaf9278582877d9018637c6817617705899d2858d7572ef0fe59a6b6454b4?s=96&d=mm&r=g\",\"caption\":\"Canal Dana\"},\"url\":\"https:\\\/\\\/dana.com.br\\\/canaldana\\\/author\\\/cdeditor\\\/\"}]}<\/script>\n<!-- \/ Yoast SEO plugin. -->","yoast_head_json":{"title":"Pa\u00eds exporta mais para Europa e Am\u00e9rica do Sul - Canal Dana","robots":{"index":"index","follow":"follow","max-snippet":"max-snippet:-1","max-image-preview":"max-image-preview:large","max-video-preview":"max-video-preview:-1"},"canonical":"https:\/\/dana.com.br\/canaldana\/2018\/04\/06\/pais-exporta-mais-para-europa-e-america-do-sul\/","og_locale":"pt_BR","og_type":"article","og_title":"Pa\u00eds exporta mais para Europa e Am\u00e9rica do Sul - Canal Dana","og_description":"O Estado de S. Paulo &nbsp; O com\u00e9rcio exterior brasileiro voltou a apresentar resultados favor\u00e1veis tanto em mar\u00e7o como no primeiro trimestre de 2018, beneficiando-se da recupera\u00e7\u00e3o econ\u00f4mica da Uni\u00e3o Europeia e dos pa\u00edses da Am\u00e9rica do Sul. O super\u00e1vit comercial atingiu US$ 6,3 bilh\u00f5es em mar\u00e7o e quase US$ 14 bilh\u00f5es no trimestre, valor\u2026 Leia mais \u00bb","og_url":"https:\/\/dana.com.br\/canaldana\/2018\/04\/06\/pais-exporta-mais-para-europa-e-america-do-sul\/","og_site_name":"Canal Dana","article_published_time":"2018-04-06T11:36:56+00:00","author":"Canal Dana","twitter_card":"summary_large_image","twitter_misc":{"Escrito por":"Canal Dana","Est. tempo de leitura":"2 minutos"},"schema":{"@context":"https:\/\/schema.org","@graph":[{"@type":"Article","@id":"https:\/\/dana.com.br\/canaldana\/2018\/04\/06\/pais-exporta-mais-para-europa-e-america-do-sul\/#article","isPartOf":{"@id":"https:\/\/dana.com.br\/canaldana\/2018\/04\/06\/pais-exporta-mais-para-europa-e-america-do-sul\/"},"author":{"name":"Canal Dana","@id":"https:\/\/dana.com.br\/canaldana\/#\/schema\/person\/3c21f22f56fcf3bc46b94bc60ea4fef6"},"headline":"Pa\u00eds exporta mais para Europa e Am\u00e9rica do Sul","datePublished":"2018-04-06T11:36:56+00:00","mainEntityOfPage":{"@id":"https:\/\/dana.com.br\/canaldana\/2018\/04\/06\/pais-exporta-mais-para-europa-e-america-do-sul\/"},"wordCount":429,"articleSection":["Artigo"],"inLanguage":"pt-BR"},{"@type":"WebPage","@id":"https:\/\/dana.com.br\/canaldana\/2018\/04\/06\/pais-exporta-mais-para-europa-e-america-do-sul\/","url":"https:\/\/dana.com.br\/canaldana\/2018\/04\/06\/pais-exporta-mais-para-europa-e-america-do-sul\/","name":"Pa\u00eds exporta mais para Europa e Am\u00e9rica do Sul - Canal Dana","isPartOf":{"@id":"https:\/\/dana.com.br\/canaldana\/#website"},"datePublished":"2018-04-06T11:36:56+00:00","author":{"@id":"https:\/\/dana.com.br\/canaldana\/#\/schema\/person\/3c21f22f56fcf3bc46b94bc60ea4fef6"},"breadcrumb":{"@id":"https:\/\/dana.com.br\/canaldana\/2018\/04\/06\/pais-exporta-mais-para-europa-e-america-do-sul\/#breadcrumb"},"inLanguage":"pt-BR","potentialAction":[{"@type":"ReadAction","target":["https:\/\/dana.com.br\/canaldana\/2018\/04\/06\/pais-exporta-mais-para-europa-e-america-do-sul\/"]}]},{"@type":"BreadcrumbList","@id":"https:\/\/dana.com.br\/canaldana\/2018\/04\/06\/pais-exporta-mais-para-europa-e-america-do-sul\/#breadcrumb","itemListElement":[{"@type":"ListItem","position":1,"name":"Home","item":"https:\/\/dana.com.br\/canaldana\/"},{"@type":"ListItem","position":2,"name":"Artigo","item":"https:\/\/dana.com.br\/canaldana\/artigo\/"},{"@type":"ListItem","position":3,"name":"Pa\u00eds exporta mais para Europa e Am\u00e9rica do Sul"}]},{"@type":"WebSite","@id":"https:\/\/dana.com.br\/canaldana\/#website","url":"https:\/\/dana.com.br\/canaldana\/","name":"Canal Dana","description":"Informativo com as principais not\u00edcias da ind\u00fastria automotiva","potentialAction":[{"@type":"SearchAction","target":{"@type":"EntryPoint","urlTemplate":"https:\/\/dana.com.br\/canaldana\/?s={search_term_string}"},"query-input":{"@type":"PropertyValueSpecification","valueRequired":true,"valueName":"search_term_string"}}],"inLanguage":"pt-BR"},{"@type":"Person","@id":"https:\/\/dana.com.br\/canaldana\/#\/schema\/person\/3c21f22f56fcf3bc46b94bc60ea4fef6","name":"Canal Dana","image":{"@type":"ImageObject","inLanguage":"pt-BR","@id":"https:\/\/secure.gravatar.com\/avatar\/420aaf9278582877d9018637c6817617705899d2858d7572ef0fe59a6b6454b4?s=96&d=mm&r=g","url":"https:\/\/secure.gravatar.com\/avatar\/420aaf9278582877d9018637c6817617705899d2858d7572ef0fe59a6b6454b4?s=96&d=mm&r=g","contentUrl":"https:\/\/secure.gravatar.com\/avatar\/420aaf9278582877d9018637c6817617705899d2858d7572ef0fe59a6b6454b4?s=96&d=mm&r=g","caption":"Canal Dana"},"url":"https:\/\/dana.com.br\/canaldana\/author\/cdeditor\/"}]}},"_links":{"self":[{"href":"https:\/\/dana.com.br\/canaldana\/wp-json\/wp\/v2\/posts\/24370","targetHints":{"allow":["GET"]}}],"collection":[{"href":"https:\/\/dana.com.br\/canaldana\/wp-json\/wp\/v2\/posts"}],"about":[{"href":"https:\/\/dana.com.br\/canaldana\/wp-json\/wp\/v2\/types\/post"}],"author":[{"embeddable":true,"href":"https:\/\/dana.com.br\/canaldana\/wp-json\/wp\/v2\/users\/3"}],"replies":[{"embeddable":true,"href":"https:\/\/dana.com.br\/canaldana\/wp-json\/wp\/v2\/comments?post=24370"}],"version-history":[{"count":0,"href":"https:\/\/dana.com.br\/canaldana\/wp-json\/wp\/v2\/posts\/24370\/revisions"}],"wp:attachment":[{"href":"https:\/\/dana.com.br\/canaldana\/wp-json\/wp\/v2\/media?parent=24370"}],"wp:term":[{"taxonomy":"category","embeddable":true,"href":"https:\/\/dana.com.br\/canaldana\/wp-json\/wp\/v2\/categories?post=24370"},{"taxonomy":"post_tag","embeddable":true,"href":"https:\/\/dana.com.br\/canaldana\/wp-json\/wp\/v2\/tags?post=24370"}],"curies":[{"name":"wp","href":"https:\/\/api.w.org\/{rel}","templated":true}]}}