{"id":24360,"date":"2018-04-05T09:14:04","date_gmt":"2018-04-05T12:14:04","guid":{"rendered":"http:\/\/dana.com.br\/canaldana\/?p=24360"},"modified":"2018-04-05T09:14:04","modified_gmt":"2018-04-05T12:14:04","slug":"concessionarias-de-veiculos-elevam-previsao-de-vendas-no-brasil-em-2018","status":"publish","type":"post","link":"https:\/\/dana.com.br\/canaldana\/2018\/04\/05\/concessionarias-de-veiculos-elevam-previsao-de-vendas-no-brasil-em-2018\/","title":{"rendered":"Concession\u00e1rias de ve\u00edculos elevam previs\u00e3o de vendas no Brasil em 2018"},"content":{"rendered":"<p><em>Reuters<\/em><\/p>\n<p>&nbsp;<\/p>\n<p>As concession\u00e1rias de ve\u00edculos elevaram na \u00faltima ter\u00e7a-feira suas proje\u00e7\u00f5es de vendas de novos ve\u00edculos este ano, estimando crescimento de 15,2% nos licenciamentos de carros e comerciais leves e de 13,9% para o segmento de caminh\u00f5es e \u00f4nibus.<\/p>\n<p>&nbsp;<\/p>\n<p>A expectativa da Federa\u00e7\u00e3o Nacional da Distribui\u00e7\u00e3o de Ve\u00edculos Automotores (Fenabrave) \u00e9 que as vendas de carros e comerciais leves novos somem 2,5 milh\u00f5es este ano, ante expectativa divulgada em janeiro de 2,43 milh\u00f5es de unidades.<\/p>\n<p>&nbsp;<\/p>\n<p>J\u00e1 a previs\u00e3o para caminh\u00f5es e \u00f4nibus \u00e9 de 76,5 mil unidades ante proje\u00e7\u00e3o de janeiro de 72,9 mil.<\/p>\n<p>&nbsp;<\/p>\n<p>As estimativas foram revistas depois que as vendas de carros, comerciais leves, caminh\u00f5es e \u00f4nibus subiram 32,2% em mar\u00e7o ante fevereiro e 9,7% ante mar\u00e7o de 2017, para 207.379 ve\u00edculos.<\/p>\n<p>&nbsp;<\/p>\n<p>O presidente da Fenabrave, Alarico Assump\u00e7\u00e3o J\u00fanior, afirmou que o comportamento das vendas de mar\u00e7o &#8220;nos motivou a rever as proje\u00e7\u00f5es&#8221;. Segundo ele, a m\u00e9dia di\u00e1ria de vendas de mar\u00e7o foi de 13,6 mil ve\u00edculos ante n\u00edvel de 11 mil um ano antes. No trimestre, a venda di\u00e1ria foi de 7,8 mil ve\u00edculos.<\/p>\n<p>&nbsp;<\/p>\n<p>&#8220;A recupera\u00e7\u00e3o est\u00e1 ocorrendo de maneira gradual&#8230; Temos constatado mais confian\u00e7a nos consumidores e menor inadimpl\u00eancia&#8221;, disse o presidente da Fenabrave a jornalistas. Entre os motivos para o otimismo da entidade est\u00e1 o primeiro trimestre com crescimento nas vendas de motocicletas desde 2011 e tamb\u00e9m forte expans\u00e3o nas vendas de caminh\u00f5es.<\/p>\n<p>&nbsp;<\/p>\n<p>No caso de motos, os dados da Fenabrave indicam volta ao crescimento do segmento de baixa cilindrada, muito utilizado por profissionais de entrega de encomendas nos grandes centros. Segundo o vice-presidente Carlos Porto, a cada dez pedidos de financiamento de motocicleta apenas dois s\u00e3o aceitos pelos bancos. Mas \u00e9 uma situa\u00e7\u00e3o melhor que h\u00e1 um ano, quando o \u00edndice de aprova\u00e7\u00e3o era de 1,2.<\/p>\n<p>&nbsp;<\/p>\n<p>&#8220;O emprego (formal) n\u00e3o voltou, mas est\u00e1 havendo um crescimento no emprego informal e as pessoas voltaram a procurar moto, al\u00e9m disso, os bancos est\u00e3o mais male\u00e1veis&#8221;, disse Porto, afirmando que o crescimento dos licenciamentos de motocicletas por ora est\u00e1 mais concentrado nas regi\u00f5es Sul e Sudeste do pa\u00eds.<\/p>\n<p>&nbsp;<\/p>\n<p>J\u00e1 no segmento de caminh\u00f5es, o presidente da Fenabrave chegou a comentar que \u00e9 poss\u00edvel que as montadoras encontrem dificuldades em abastecer o mercado de pesados e extrapesados at\u00e9 o final do ano diante de uma conjun\u00e7\u00e3o de fatores que incluem manuten\u00e7\u00e3o de safra agr\u00edcola forte e limita\u00e7\u00f5es na capacidade produtiva de fornecedores de autope\u00e7as. Assump\u00e7\u00e3o J\u00fanior citou que mercados europeu e norte-americano de caminh\u00f5es est\u00e3o com demanda muito elevada e que as f\u00e1bricas no Brasil dependem de muitos componentes que s\u00e3o importados de fornecedores em pa\u00edses como Estados Unidos, Alemanha e Jap\u00e3o, o que pode dificultar a oferta dessas pe\u00e7as no Brasil.<\/p>\n<p>&nbsp;<\/p>\n<p>Segundo o vice-presidente da Fenabrave para o setor de caminh\u00f5es, S\u00e9rgio Zonta, as montadoras, muitas ainda trabalhando com apenas um turno de trabalho, est\u00e3o com a produ\u00e7\u00e3o de pesados e extrapesados, modelos com capacidade para mais de 30 toneladas, toda vendida at\u00e9 setembro. Ele comentou ainda que este ano transportadores iniciaram renova\u00e7\u00e3o de suas frotas de caminh\u00f5es pesados e extrapesados e que os juros em queda est\u00e3o ajudando a impulsionar as vendas no pa\u00eds.<\/p>\n<p>&nbsp;<\/p>\n<p>&#8220;A cada cinco anos o caminh\u00e3o acumula 1 milh\u00e3o de quil\u00f4metros rodados e quando chega nesse ponto a transportadora tem que trocar para n\u00e3o elevar custos de manuten\u00e7\u00e3o. O \u00faltimo grande ciclo de compras ocorreu em 2013.&#8221;<\/p>\n<p>&nbsp;<\/p>\n<p>No primeiro trimestre, as vendas de caminh\u00f5es novos no Brasil subiram 51,7% sobre um ano antes, para 14,7 mil unidades. As vendas de \u00f4nibus subiram 40%, para 3,5 mil. (Reuters\/Alberto Alerigi Jr)<\/p>\n","protected":false},"excerpt":{"rendered":"<p>Reuters &nbsp; As concession\u00e1rias de ve\u00edculos elevaram na \u00faltima ter\u00e7a-feira suas proje\u00e7\u00f5es de vendas de novos ve\u00edculos este ano, estimando crescimento de 15,2% nos licenciamentos de carros e comerciais leves e de 13,9% para o segmento de caminh\u00f5es e \u00f4nibus. &nbsp; A expectativa da Federa\u00e7\u00e3o Nacional da Distribui\u00e7\u00e3o de Ve\u00edculos Automotores (Fenabrave) \u00e9 que as\u2026 <a class=\"readmore\" href=\"https:\/\/dana.com.br\/canaldana\/2018\/04\/05\/concessionarias-de-veiculos-elevam-previsao-de-vendas-no-brasil-em-2018\/\">Leia mais \u00bb<\/a><\/p>\n","protected":false},"author":3,"featured_media":0,"comment_status":"closed","ping_status":"closed","sticky":false,"template":"","format":"standard","meta":{"_acf_changed":false,"footnotes":""},"categories":[61],"tags":[],"class_list":["post-24360","post","type-post","status-publish","format-standard","hentry","category-destaques"],"acf":[],"yoast_head":"<!-- This site is optimized with the Yoast SEO plugin v27.3 - https:\/\/yoast.com\/product\/yoast-seo-wordpress\/ -->\n<title>Concession\u00e1rias de ve\u00edculos elevam previs\u00e3o de vendas no Brasil em 2018 - Canal Dana<\/title>\n<meta name=\"robots\" content=\"index, follow, max-snippet:-1, max-image-preview:large, max-video-preview:-1\" \/>\n<link rel=\"canonical\" href=\"https:\/\/dana.com.br\/canaldana\/2018\/04\/05\/concessionarias-de-veiculos-elevam-previsao-de-vendas-no-brasil-em-2018\/\" \/>\n<meta property=\"og:locale\" content=\"pt_BR\" \/>\n<meta property=\"og:type\" content=\"article\" \/>\n<meta property=\"og:title\" content=\"Concession\u00e1rias de ve\u00edculos elevam previs\u00e3o de vendas no Brasil em 2018 - Canal Dana\" \/>\n<meta property=\"og:description\" content=\"Reuters &nbsp; As concession\u00e1rias de ve\u00edculos elevaram na \u00faltima ter\u00e7a-feira suas proje\u00e7\u00f5es de vendas de novos ve\u00edculos este ano, estimando crescimento de 15,2% nos licenciamentos de carros e comerciais leves e de 13,9% para o segmento de caminh\u00f5es e \u00f4nibus. &nbsp; A expectativa da Federa\u00e7\u00e3o Nacional da Distribui\u00e7\u00e3o de Ve\u00edculos Automotores (Fenabrave) \u00e9 que as\u2026 Leia mais \u00bb\" \/>\n<meta property=\"og:url\" content=\"https:\/\/dana.com.br\/canaldana\/2018\/04\/05\/concessionarias-de-veiculos-elevam-previsao-de-vendas-no-brasil-em-2018\/\" \/>\n<meta property=\"og:site_name\" content=\"Canal Dana\" \/>\n<meta property=\"article:published_time\" content=\"2018-04-05T12:14:04+00:00\" \/>\n<meta name=\"author\" content=\"Canal Dana\" \/>\n<meta name=\"twitter:card\" content=\"summary_large_image\" \/>\n<meta name=\"twitter:label1\" content=\"Escrito por\" \/>\n\t<meta name=\"twitter:data1\" content=\"Canal Dana\" \/>\n\t<meta name=\"twitter:label2\" content=\"Est. tempo de leitura\" \/>\n\t<meta name=\"twitter:data2\" content=\"3 minutos\" \/>\n<script type=\"application\/ld+json\" class=\"yoast-schema-graph\">{\"@context\":\"https:\\\/\\\/schema.org\",\"@graph\":[{\"@type\":\"Article\",\"@id\":\"https:\\\/\\\/dana.com.br\\\/canaldana\\\/2018\\\/04\\\/05\\\/concessionarias-de-veiculos-elevam-previsao-de-vendas-no-brasil-em-2018\\\/#article\",\"isPartOf\":{\"@id\":\"https:\\\/\\\/dana.com.br\\\/canaldana\\\/2018\\\/04\\\/05\\\/concessionarias-de-veiculos-elevam-previsao-de-vendas-no-brasil-em-2018\\\/\"},\"author\":{\"name\":\"Canal Dana\",\"@id\":\"https:\\\/\\\/dana.com.br\\\/canaldana\\\/#\\\/schema\\\/person\\\/3c21f22f56fcf3bc46b94bc60ea4fef6\"},\"headline\":\"Concession\u00e1rias de ve\u00edculos elevam previs\u00e3o de vendas no Brasil em 2018\",\"datePublished\":\"2018-04-05T12:14:04+00:00\",\"mainEntityOfPage\":{\"@id\":\"https:\\\/\\\/dana.com.br\\\/canaldana\\\/2018\\\/04\\\/05\\\/concessionarias-de-veiculos-elevam-previsao-de-vendas-no-brasil-em-2018\\\/\"},\"wordCount\":661,\"articleSection\":[\"Destaques\"],\"inLanguage\":\"pt-BR\"},{\"@type\":\"WebPage\",\"@id\":\"https:\\\/\\\/dana.com.br\\\/canaldana\\\/2018\\\/04\\\/05\\\/concessionarias-de-veiculos-elevam-previsao-de-vendas-no-brasil-em-2018\\\/\",\"url\":\"https:\\\/\\\/dana.com.br\\\/canaldana\\\/2018\\\/04\\\/05\\\/concessionarias-de-veiculos-elevam-previsao-de-vendas-no-brasil-em-2018\\\/\",\"name\":\"Concession\u00e1rias de ve\u00edculos elevam previs\u00e3o de vendas no Brasil em 2018 - Canal Dana\",\"isPartOf\":{\"@id\":\"https:\\\/\\\/dana.com.br\\\/canaldana\\\/#website\"},\"datePublished\":\"2018-04-05T12:14:04+00:00\",\"author\":{\"@id\":\"https:\\\/\\\/dana.com.br\\\/canaldana\\\/#\\\/schema\\\/person\\\/3c21f22f56fcf3bc46b94bc60ea4fef6\"},\"breadcrumb\":{\"@id\":\"https:\\\/\\\/dana.com.br\\\/canaldana\\\/2018\\\/04\\\/05\\\/concessionarias-de-veiculos-elevam-previsao-de-vendas-no-brasil-em-2018\\\/#breadcrumb\"},\"inLanguage\":\"pt-BR\",\"potentialAction\":[{\"@type\":\"ReadAction\",\"target\":[\"https:\\\/\\\/dana.com.br\\\/canaldana\\\/2018\\\/04\\\/05\\\/concessionarias-de-veiculos-elevam-previsao-de-vendas-no-brasil-em-2018\\\/\"]}]},{\"@type\":\"BreadcrumbList\",\"@id\":\"https:\\\/\\\/dana.com.br\\\/canaldana\\\/2018\\\/04\\\/05\\\/concessionarias-de-veiculos-elevam-previsao-de-vendas-no-brasil-em-2018\\\/#breadcrumb\",\"itemListElement\":[{\"@type\":\"ListItem\",\"position\":1,\"name\":\"Home\",\"item\":\"https:\\\/\\\/dana.com.br\\\/canaldana\\\/\"},{\"@type\":\"ListItem\",\"position\":2,\"name\":\"Destaques\",\"item\":\"https:\\\/\\\/dana.com.br\\\/canaldana\\\/destaques\\\/\"},{\"@type\":\"ListItem\",\"position\":3,\"name\":\"Concession\u00e1rias de ve\u00edculos elevam previs\u00e3o de vendas no Brasil em 2018\"}]},{\"@type\":\"WebSite\",\"@id\":\"https:\\\/\\\/dana.com.br\\\/canaldana\\\/#website\",\"url\":\"https:\\\/\\\/dana.com.br\\\/canaldana\\\/\",\"name\":\"Canal Dana\",\"description\":\"Informativo com as principais not\u00edcias da ind\u00fastria automotiva\",\"potentialAction\":[{\"@type\":\"SearchAction\",\"target\":{\"@type\":\"EntryPoint\",\"urlTemplate\":\"https:\\\/\\\/dana.com.br\\\/canaldana\\\/?s={search_term_string}\"},\"query-input\":{\"@type\":\"PropertyValueSpecification\",\"valueRequired\":true,\"valueName\":\"search_term_string\"}}],\"inLanguage\":\"pt-BR\"},{\"@type\":\"Person\",\"@id\":\"https:\\\/\\\/dana.com.br\\\/canaldana\\\/#\\\/schema\\\/person\\\/3c21f22f56fcf3bc46b94bc60ea4fef6\",\"name\":\"Canal Dana\",\"image\":{\"@type\":\"ImageObject\",\"inLanguage\":\"pt-BR\",\"@id\":\"https:\\\/\\\/secure.gravatar.com\\\/avatar\\\/420aaf9278582877d9018637c6817617705899d2858d7572ef0fe59a6b6454b4?s=96&d=mm&r=g\",\"url\":\"https:\\\/\\\/secure.gravatar.com\\\/avatar\\\/420aaf9278582877d9018637c6817617705899d2858d7572ef0fe59a6b6454b4?s=96&d=mm&r=g\",\"contentUrl\":\"https:\\\/\\\/secure.gravatar.com\\\/avatar\\\/420aaf9278582877d9018637c6817617705899d2858d7572ef0fe59a6b6454b4?s=96&d=mm&r=g\",\"caption\":\"Canal Dana\"},\"url\":\"https:\\\/\\\/dana.com.br\\\/canaldana\\\/author\\\/cdeditor\\\/\"}]}<\/script>\n<!-- \/ Yoast SEO plugin. -->","yoast_head_json":{"title":"Concession\u00e1rias de ve\u00edculos elevam previs\u00e3o de vendas no Brasil em 2018 - Canal Dana","robots":{"index":"index","follow":"follow","max-snippet":"max-snippet:-1","max-image-preview":"max-image-preview:large","max-video-preview":"max-video-preview:-1"},"canonical":"https:\/\/dana.com.br\/canaldana\/2018\/04\/05\/concessionarias-de-veiculos-elevam-previsao-de-vendas-no-brasil-em-2018\/","og_locale":"pt_BR","og_type":"article","og_title":"Concession\u00e1rias de ve\u00edculos elevam previs\u00e3o de vendas no Brasil em 2018 - Canal Dana","og_description":"Reuters &nbsp; As concession\u00e1rias de ve\u00edculos elevaram na \u00faltima ter\u00e7a-feira suas proje\u00e7\u00f5es de vendas de novos ve\u00edculos este ano, estimando crescimento de 15,2% nos licenciamentos de carros e comerciais leves e de 13,9% para o segmento de caminh\u00f5es e \u00f4nibus. &nbsp; A expectativa da Federa\u00e7\u00e3o Nacional da Distribui\u00e7\u00e3o de Ve\u00edculos Automotores (Fenabrave) \u00e9 que as\u2026 Leia mais \u00bb","og_url":"https:\/\/dana.com.br\/canaldana\/2018\/04\/05\/concessionarias-de-veiculos-elevam-previsao-de-vendas-no-brasil-em-2018\/","og_site_name":"Canal Dana","article_published_time":"2018-04-05T12:14:04+00:00","author":"Canal Dana","twitter_card":"summary_large_image","twitter_misc":{"Escrito por":"Canal Dana","Est. tempo de leitura":"3 minutos"},"schema":{"@context":"https:\/\/schema.org","@graph":[{"@type":"Article","@id":"https:\/\/dana.com.br\/canaldana\/2018\/04\/05\/concessionarias-de-veiculos-elevam-previsao-de-vendas-no-brasil-em-2018\/#article","isPartOf":{"@id":"https:\/\/dana.com.br\/canaldana\/2018\/04\/05\/concessionarias-de-veiculos-elevam-previsao-de-vendas-no-brasil-em-2018\/"},"author":{"name":"Canal Dana","@id":"https:\/\/dana.com.br\/canaldana\/#\/schema\/person\/3c21f22f56fcf3bc46b94bc60ea4fef6"},"headline":"Concession\u00e1rias de ve\u00edculos elevam previs\u00e3o de vendas no Brasil em 2018","datePublished":"2018-04-05T12:14:04+00:00","mainEntityOfPage":{"@id":"https:\/\/dana.com.br\/canaldana\/2018\/04\/05\/concessionarias-de-veiculos-elevam-previsao-de-vendas-no-brasil-em-2018\/"},"wordCount":661,"articleSection":["Destaques"],"inLanguage":"pt-BR"},{"@type":"WebPage","@id":"https:\/\/dana.com.br\/canaldana\/2018\/04\/05\/concessionarias-de-veiculos-elevam-previsao-de-vendas-no-brasil-em-2018\/","url":"https:\/\/dana.com.br\/canaldana\/2018\/04\/05\/concessionarias-de-veiculos-elevam-previsao-de-vendas-no-brasil-em-2018\/","name":"Concession\u00e1rias de ve\u00edculos elevam previs\u00e3o de vendas no Brasil em 2018 - Canal Dana","isPartOf":{"@id":"https:\/\/dana.com.br\/canaldana\/#website"},"datePublished":"2018-04-05T12:14:04+00:00","author":{"@id":"https:\/\/dana.com.br\/canaldana\/#\/schema\/person\/3c21f22f56fcf3bc46b94bc60ea4fef6"},"breadcrumb":{"@id":"https:\/\/dana.com.br\/canaldana\/2018\/04\/05\/concessionarias-de-veiculos-elevam-previsao-de-vendas-no-brasil-em-2018\/#breadcrumb"},"inLanguage":"pt-BR","potentialAction":[{"@type":"ReadAction","target":["https:\/\/dana.com.br\/canaldana\/2018\/04\/05\/concessionarias-de-veiculos-elevam-previsao-de-vendas-no-brasil-em-2018\/"]}]},{"@type":"BreadcrumbList","@id":"https:\/\/dana.com.br\/canaldana\/2018\/04\/05\/concessionarias-de-veiculos-elevam-previsao-de-vendas-no-brasil-em-2018\/#breadcrumb","itemListElement":[{"@type":"ListItem","position":1,"name":"Home","item":"https:\/\/dana.com.br\/canaldana\/"},{"@type":"ListItem","position":2,"name":"Destaques","item":"https:\/\/dana.com.br\/canaldana\/destaques\/"},{"@type":"ListItem","position":3,"name":"Concession\u00e1rias de ve\u00edculos elevam previs\u00e3o de vendas no Brasil em 2018"}]},{"@type":"WebSite","@id":"https:\/\/dana.com.br\/canaldana\/#website","url":"https:\/\/dana.com.br\/canaldana\/","name":"Canal Dana","description":"Informativo com as principais not\u00edcias da ind\u00fastria automotiva","potentialAction":[{"@type":"SearchAction","target":{"@type":"EntryPoint","urlTemplate":"https:\/\/dana.com.br\/canaldana\/?s={search_term_string}"},"query-input":{"@type":"PropertyValueSpecification","valueRequired":true,"valueName":"search_term_string"}}],"inLanguage":"pt-BR"},{"@type":"Person","@id":"https:\/\/dana.com.br\/canaldana\/#\/schema\/person\/3c21f22f56fcf3bc46b94bc60ea4fef6","name":"Canal Dana","image":{"@type":"ImageObject","inLanguage":"pt-BR","@id":"https:\/\/secure.gravatar.com\/avatar\/420aaf9278582877d9018637c6817617705899d2858d7572ef0fe59a6b6454b4?s=96&d=mm&r=g","url":"https:\/\/secure.gravatar.com\/avatar\/420aaf9278582877d9018637c6817617705899d2858d7572ef0fe59a6b6454b4?s=96&d=mm&r=g","contentUrl":"https:\/\/secure.gravatar.com\/avatar\/420aaf9278582877d9018637c6817617705899d2858d7572ef0fe59a6b6454b4?s=96&d=mm&r=g","caption":"Canal Dana"},"url":"https:\/\/dana.com.br\/canaldana\/author\/cdeditor\/"}]}},"_links":{"self":[{"href":"https:\/\/dana.com.br\/canaldana\/wp-json\/wp\/v2\/posts\/24360","targetHints":{"allow":["GET"]}}],"collection":[{"href":"https:\/\/dana.com.br\/canaldana\/wp-json\/wp\/v2\/posts"}],"about":[{"href":"https:\/\/dana.com.br\/canaldana\/wp-json\/wp\/v2\/types\/post"}],"author":[{"embeddable":true,"href":"https:\/\/dana.com.br\/canaldana\/wp-json\/wp\/v2\/users\/3"}],"replies":[{"embeddable":true,"href":"https:\/\/dana.com.br\/canaldana\/wp-json\/wp\/v2\/comments?post=24360"}],"version-history":[{"count":0,"href":"https:\/\/dana.com.br\/canaldana\/wp-json\/wp\/v2\/posts\/24360\/revisions"}],"wp:attachment":[{"href":"https:\/\/dana.com.br\/canaldana\/wp-json\/wp\/v2\/media?parent=24360"}],"wp:term":[{"taxonomy":"category","embeddable":true,"href":"https:\/\/dana.com.br\/canaldana\/wp-json\/wp\/v2\/categories?post=24360"},{"taxonomy":"post_tag","embeddable":true,"href":"https:\/\/dana.com.br\/canaldana\/wp-json\/wp\/v2\/tags?post=24360"}],"curies":[{"name":"wp","href":"https:\/\/api.w.org\/{rel}","templated":true}]}}