{"id":2427,"date":"2015-09-09T08:22:09","date_gmt":"2015-09-09T11:22:09","guid":{"rendered":"http:\/\/dana.com.br\/canaldana\/?p=2427"},"modified":"2015-09-09T08:22:09","modified_gmt":"2015-09-09T11:22:09","slug":"aumenta-o-estoque-de-carros-nas-montadoras","status":"publish","type":"post","link":"https:\/\/dana.com.br\/canaldana\/2015\/09\/09\/aumenta-o-estoque-de-carros-nas-montadoras\/","title":{"rendered":"Aumenta o estoque de carros nas montadoras"},"content":{"rendered":"<p><em>O Estado de S. Paulo<\/em><\/p>\n<p>&nbsp;<\/p>\n<p>Cresce o desequil\u00edbrio entre a produ\u00e7\u00e3o e as vendas da ind\u00fastria automotiva, cuja corre\u00e7\u00e3o poder\u00e1 vir a exigir medidas mais duras nos pr\u00f3ximos meses. N\u00fameros da Associa\u00e7\u00e3o Brasileira de Fabricantes de Ve\u00edculos Automotores (Anfavea) revelam que a produ\u00e7\u00e3o de carros, comerciais leves, caminh\u00f5es e \u00f4nibus teve um decr\u00e9scimo de 16,9% no acumulado de janeiro a agosto deste ano. Em id\u00eantico per\u00edodo, as vendas registraram queda de 20,4%, segundo a Federa\u00e7\u00e3o Nacional dos Distribuidores de Ve\u00edculos (Fenabrave). Todos os segmentos registraram queda, destacando\u00adse as vendas de caminh\u00f5es, que tiveram um recuo de 46,5% de janeiro a agosto.<\/p>\n<p>&nbsp;<\/p>\n<p>O resultado desse descompasso entre a oferta e a demanda \u00e9 o aumento dos estoques, que alcan\u00e7avam 345 mil ve\u00edculos em julho e subiram para 380 mil em agosto, representando 52 dias de vendas. Isso, naturalmente, agrava os custos tanto das montadoras como do com\u00e9rcio especializado.<\/p>\n<p>&nbsp;<\/p>\n<p>As montadoras evitaram demiss\u00f5es, estando hoje com um quadro de 134.132 funcion\u00e1rios, cerca de 10% a menos do que h\u00e1 um ano.<\/p>\n<p>&nbsp;<\/p>\n<p>Como n\u00e3o h\u00e1 expectativa de melhora em setembro e outubro, algumas ind\u00fastrias j\u00e1 programam a interrup\u00e7\u00e3o por algum tempo das atividades de determinadas f\u00e1bricas ou t\u00eam usado o recurso de conceder f\u00e9rias coletivas ou colocar em lay\u00adoff boa parte de seus trabalhadores. H\u00e1 d\u00favidas, por\u00e9m, se ser\u00e1 poss\u00edvel manter essa situa\u00e7\u00e3o at\u00e9 que os estoques se ajustem \u00e0 demanda.<\/p>\n<p>&nbsp;<\/p>\n<p>O desafio para desovar estoques t\u00e3o elevados \u00e9 tanto maior quanto mais severas t\u00eam sido as restri\u00e7\u00f5es ao cr\u00e9dito. Apesar das medidas tomadas pelo governo para atenuar a falta de cr\u00e9dito para o setor, levantamento da Fenabrave revela que apenas tr\u00eas de cada dez pedidos de empr\u00e9stimos para aquisi\u00e7\u00e3o de ve\u00edculos novos t\u00eam sido aprovados pelas institui\u00e7\u00f5es financeiras.<\/p>\n<p>&nbsp;<\/p>\n<p>Isso tem tido um reflexo direto sobre as revendas autorizadas. Segundo a entidade, 347 concession\u00e1rias de ve\u00edculos deixaram de funcionar em todo o Pa\u00eds, o que resultou na perda de 17 mil empregos, aproximadamente.<\/p>\n<p>&nbsp;<\/p>\n<p>A exporta\u00e7\u00e3o poderia ser uma sa\u00edda e vem aumentando, embora em ritmo lento. Em agosto, foram exportados 34.591 ve\u00edculos, 9,2% a mais que no mesmo m\u00eas do ano passado, e o total pode talvez elevar\u00adse com a desvaloriza\u00e7\u00e3o do real. Mas, evidentemente, as vendas externas est\u00e3o longe de compensar o encolhimento do mercado interno. (O Estado de S. Paulo)<\/p>\n","protected":false},"excerpt":{"rendered":"<p>O Estado de S. Paulo &nbsp; Cresce o desequil\u00edbrio entre a produ\u00e7\u00e3o e as vendas da ind\u00fastria automotiva, cuja corre\u00e7\u00e3o poder\u00e1 vir a exigir medidas mais duras nos pr\u00f3ximos meses. N\u00fameros da Associa\u00e7\u00e3o Brasileira de Fabricantes de Ve\u00edculos Automotores (Anfavea) revelam que a produ\u00e7\u00e3o de carros, comerciais leves, caminh\u00f5es e \u00f4nibus teve um decr\u00e9scimo de\u2026 <a class=\"readmore\" href=\"https:\/\/dana.com.br\/canaldana\/2015\/09\/09\/aumenta-o-estoque-de-carros-nas-montadoras\/\">Leia mais \u00bb<\/a><\/p>\n","protected":false},"author":3,"featured_media":0,"comment_status":"closed","ping_status":"closed","sticky":false,"template":"","format":"standard","meta":{"_acf_changed":false,"footnotes":""},"categories":[61],"tags":[],"class_list":["post-2427","post","type-post","status-publish","format-standard","hentry","category-destaques"],"acf":[],"yoast_head":"<!-- This site is optimized with the Yoast SEO plugin v27.5 - https:\/\/yoast.com\/product\/yoast-seo-wordpress\/ -->\n<title>Aumenta o estoque de carros nas montadoras - Canal Dana<\/title>\n<meta name=\"robots\" content=\"index, follow, max-snippet:-1, max-image-preview:large, max-video-preview:-1\" \/>\n<link rel=\"canonical\" href=\"https:\/\/dana.com.br\/canaldana\/2015\/09\/09\/aumenta-o-estoque-de-carros-nas-montadoras\/\" \/>\n<meta property=\"og:locale\" content=\"pt_BR\" \/>\n<meta property=\"og:type\" content=\"article\" \/>\n<meta property=\"og:title\" content=\"Aumenta o estoque de carros nas montadoras - Canal Dana\" \/>\n<meta property=\"og:description\" content=\"O Estado de S. Paulo &nbsp; Cresce o desequil\u00edbrio entre a produ\u00e7\u00e3o e as vendas da ind\u00fastria automotiva, cuja corre\u00e7\u00e3o poder\u00e1 vir a exigir medidas mais duras nos pr\u00f3ximos meses. N\u00fameros da Associa\u00e7\u00e3o Brasileira de Fabricantes de Ve\u00edculos Automotores (Anfavea) revelam que a produ\u00e7\u00e3o de carros, comerciais leves, caminh\u00f5es e \u00f4nibus teve um decr\u00e9scimo de\u2026 Leia mais \u00bb\" \/>\n<meta property=\"og:url\" content=\"https:\/\/dana.com.br\/canaldana\/2015\/09\/09\/aumenta-o-estoque-de-carros-nas-montadoras\/\" \/>\n<meta property=\"og:site_name\" content=\"Canal Dana\" \/>\n<meta property=\"article:published_time\" content=\"2015-09-09T11:22:09+00:00\" \/>\n<meta name=\"author\" content=\"Canal Dana\" \/>\n<meta name=\"twitter:card\" content=\"summary_large_image\" \/>\n<meta name=\"twitter:label1\" content=\"Escrito por\" \/>\n\t<meta name=\"twitter:data1\" content=\"Canal Dana\" \/>\n\t<meta name=\"twitter:label2\" content=\"Est. tempo de leitura\" \/>\n\t<meta name=\"twitter:data2\" content=\"2 minutos\" \/>\n<script type=\"application\/ld+json\" class=\"yoast-schema-graph\">{\"@context\":\"https:\\\/\\\/schema.org\",\"@graph\":[{\"@type\":\"Article\",\"@id\":\"https:\\\/\\\/dana.com.br\\\/canaldana\\\/2015\\\/09\\\/09\\\/aumenta-o-estoque-de-carros-nas-montadoras\\\/#article\",\"isPartOf\":{\"@id\":\"https:\\\/\\\/dana.com.br\\\/canaldana\\\/2015\\\/09\\\/09\\\/aumenta-o-estoque-de-carros-nas-montadoras\\\/\"},\"author\":{\"name\":\"Canal Dana\",\"@id\":\"https:\\\/\\\/dana.com.br\\\/canaldana\\\/#\\\/schema\\\/person\\\/3c21f22f56fcf3bc46b94bc60ea4fef6\"},\"headline\":\"Aumenta o estoque de carros nas montadoras\",\"datePublished\":\"2015-09-09T11:22:09+00:00\",\"mainEntityOfPage\":{\"@id\":\"https:\\\/\\\/dana.com.br\\\/canaldana\\\/2015\\\/09\\\/09\\\/aumenta-o-estoque-de-carros-nas-montadoras\\\/\"},\"wordCount\":432,\"articleSection\":[\"Destaques\"],\"inLanguage\":\"pt-BR\"},{\"@type\":\"WebPage\",\"@id\":\"https:\\\/\\\/dana.com.br\\\/canaldana\\\/2015\\\/09\\\/09\\\/aumenta-o-estoque-de-carros-nas-montadoras\\\/\",\"url\":\"https:\\\/\\\/dana.com.br\\\/canaldana\\\/2015\\\/09\\\/09\\\/aumenta-o-estoque-de-carros-nas-montadoras\\\/\",\"name\":\"Aumenta o estoque de carros nas montadoras - Canal Dana\",\"isPartOf\":{\"@id\":\"https:\\\/\\\/dana.com.br\\\/canaldana\\\/#website\"},\"datePublished\":\"2015-09-09T11:22:09+00:00\",\"author\":{\"@id\":\"https:\\\/\\\/dana.com.br\\\/canaldana\\\/#\\\/schema\\\/person\\\/3c21f22f56fcf3bc46b94bc60ea4fef6\"},\"breadcrumb\":{\"@id\":\"https:\\\/\\\/dana.com.br\\\/canaldana\\\/2015\\\/09\\\/09\\\/aumenta-o-estoque-de-carros-nas-montadoras\\\/#breadcrumb\"},\"inLanguage\":\"pt-BR\",\"potentialAction\":[{\"@type\":\"ReadAction\",\"target\":[\"https:\\\/\\\/dana.com.br\\\/canaldana\\\/2015\\\/09\\\/09\\\/aumenta-o-estoque-de-carros-nas-montadoras\\\/\"]}]},{\"@type\":\"BreadcrumbList\",\"@id\":\"https:\\\/\\\/dana.com.br\\\/canaldana\\\/2015\\\/09\\\/09\\\/aumenta-o-estoque-de-carros-nas-montadoras\\\/#breadcrumb\",\"itemListElement\":[{\"@type\":\"ListItem\",\"position\":1,\"name\":\"Home\",\"item\":\"https:\\\/\\\/dana.com.br\\\/canaldana\\\/\"},{\"@type\":\"ListItem\",\"position\":2,\"name\":\"Destaques\",\"item\":\"https:\\\/\\\/dana.com.br\\\/canaldana\\\/destaques\\\/\"},{\"@type\":\"ListItem\",\"position\":3,\"name\":\"Aumenta o estoque de carros nas montadoras\"}]},{\"@type\":\"WebSite\",\"@id\":\"https:\\\/\\\/dana.com.br\\\/canaldana\\\/#website\",\"url\":\"https:\\\/\\\/dana.com.br\\\/canaldana\\\/\",\"name\":\"Canal Dana\",\"description\":\"Informativo com as principais not\u00edcias da ind\u00fastria automotiva\",\"potentialAction\":[{\"@type\":\"SearchAction\",\"target\":{\"@type\":\"EntryPoint\",\"urlTemplate\":\"https:\\\/\\\/dana.com.br\\\/canaldana\\\/?s={search_term_string}\"},\"query-input\":{\"@type\":\"PropertyValueSpecification\",\"valueRequired\":true,\"valueName\":\"search_term_string\"}}],\"inLanguage\":\"pt-BR\"},{\"@type\":\"Person\",\"@id\":\"https:\\\/\\\/dana.com.br\\\/canaldana\\\/#\\\/schema\\\/person\\\/3c21f22f56fcf3bc46b94bc60ea4fef6\",\"name\":\"Canal Dana\",\"image\":{\"@type\":\"ImageObject\",\"inLanguage\":\"pt-BR\",\"@id\":\"https:\\\/\\\/secure.gravatar.com\\\/avatar\\\/420aaf9278582877d9018637c6817617705899d2858d7572ef0fe59a6b6454b4?s=96&d=mm&r=g\",\"url\":\"https:\\\/\\\/secure.gravatar.com\\\/avatar\\\/420aaf9278582877d9018637c6817617705899d2858d7572ef0fe59a6b6454b4?s=96&d=mm&r=g\",\"contentUrl\":\"https:\\\/\\\/secure.gravatar.com\\\/avatar\\\/420aaf9278582877d9018637c6817617705899d2858d7572ef0fe59a6b6454b4?s=96&d=mm&r=g\",\"caption\":\"Canal Dana\"},\"url\":\"https:\\\/\\\/dana.com.br\\\/canaldana\\\/author\\\/cdeditor\\\/\"}]}<\/script>\n<!-- \/ Yoast SEO plugin. -->","yoast_head_json":{"title":"Aumenta o estoque de carros nas montadoras - Canal Dana","robots":{"index":"index","follow":"follow","max-snippet":"max-snippet:-1","max-image-preview":"max-image-preview:large","max-video-preview":"max-video-preview:-1"},"canonical":"https:\/\/dana.com.br\/canaldana\/2015\/09\/09\/aumenta-o-estoque-de-carros-nas-montadoras\/","og_locale":"pt_BR","og_type":"article","og_title":"Aumenta o estoque de carros nas montadoras - Canal Dana","og_description":"O Estado de S. Paulo &nbsp; Cresce o desequil\u00edbrio entre a produ\u00e7\u00e3o e as vendas da ind\u00fastria automotiva, cuja corre\u00e7\u00e3o poder\u00e1 vir a exigir medidas mais duras nos pr\u00f3ximos meses. N\u00fameros da Associa\u00e7\u00e3o Brasileira de Fabricantes de Ve\u00edculos Automotores (Anfavea) revelam que a produ\u00e7\u00e3o de carros, comerciais leves, caminh\u00f5es e \u00f4nibus teve um decr\u00e9scimo de\u2026 Leia mais \u00bb","og_url":"https:\/\/dana.com.br\/canaldana\/2015\/09\/09\/aumenta-o-estoque-de-carros-nas-montadoras\/","og_site_name":"Canal Dana","article_published_time":"2015-09-09T11:22:09+00:00","author":"Canal Dana","twitter_card":"summary_large_image","twitter_misc":{"Escrito por":"Canal Dana","Est. tempo de leitura":"2 minutos"},"schema":{"@context":"https:\/\/schema.org","@graph":[{"@type":"Article","@id":"https:\/\/dana.com.br\/canaldana\/2015\/09\/09\/aumenta-o-estoque-de-carros-nas-montadoras\/#article","isPartOf":{"@id":"https:\/\/dana.com.br\/canaldana\/2015\/09\/09\/aumenta-o-estoque-de-carros-nas-montadoras\/"},"author":{"name":"Canal Dana","@id":"https:\/\/dana.com.br\/canaldana\/#\/schema\/person\/3c21f22f56fcf3bc46b94bc60ea4fef6"},"headline":"Aumenta o estoque de carros nas montadoras","datePublished":"2015-09-09T11:22:09+00:00","mainEntityOfPage":{"@id":"https:\/\/dana.com.br\/canaldana\/2015\/09\/09\/aumenta-o-estoque-de-carros-nas-montadoras\/"},"wordCount":432,"articleSection":["Destaques"],"inLanguage":"pt-BR"},{"@type":"WebPage","@id":"https:\/\/dana.com.br\/canaldana\/2015\/09\/09\/aumenta-o-estoque-de-carros-nas-montadoras\/","url":"https:\/\/dana.com.br\/canaldana\/2015\/09\/09\/aumenta-o-estoque-de-carros-nas-montadoras\/","name":"Aumenta o estoque de carros nas montadoras - Canal Dana","isPartOf":{"@id":"https:\/\/dana.com.br\/canaldana\/#website"},"datePublished":"2015-09-09T11:22:09+00:00","author":{"@id":"https:\/\/dana.com.br\/canaldana\/#\/schema\/person\/3c21f22f56fcf3bc46b94bc60ea4fef6"},"breadcrumb":{"@id":"https:\/\/dana.com.br\/canaldana\/2015\/09\/09\/aumenta-o-estoque-de-carros-nas-montadoras\/#breadcrumb"},"inLanguage":"pt-BR","potentialAction":[{"@type":"ReadAction","target":["https:\/\/dana.com.br\/canaldana\/2015\/09\/09\/aumenta-o-estoque-de-carros-nas-montadoras\/"]}]},{"@type":"BreadcrumbList","@id":"https:\/\/dana.com.br\/canaldana\/2015\/09\/09\/aumenta-o-estoque-de-carros-nas-montadoras\/#breadcrumb","itemListElement":[{"@type":"ListItem","position":1,"name":"Home","item":"https:\/\/dana.com.br\/canaldana\/"},{"@type":"ListItem","position":2,"name":"Destaques","item":"https:\/\/dana.com.br\/canaldana\/destaques\/"},{"@type":"ListItem","position":3,"name":"Aumenta o estoque de carros nas montadoras"}]},{"@type":"WebSite","@id":"https:\/\/dana.com.br\/canaldana\/#website","url":"https:\/\/dana.com.br\/canaldana\/","name":"Canal Dana","description":"Informativo com as principais not\u00edcias da ind\u00fastria automotiva","potentialAction":[{"@type":"SearchAction","target":{"@type":"EntryPoint","urlTemplate":"https:\/\/dana.com.br\/canaldana\/?s={search_term_string}"},"query-input":{"@type":"PropertyValueSpecification","valueRequired":true,"valueName":"search_term_string"}}],"inLanguage":"pt-BR"},{"@type":"Person","@id":"https:\/\/dana.com.br\/canaldana\/#\/schema\/person\/3c21f22f56fcf3bc46b94bc60ea4fef6","name":"Canal Dana","image":{"@type":"ImageObject","inLanguage":"pt-BR","@id":"https:\/\/secure.gravatar.com\/avatar\/420aaf9278582877d9018637c6817617705899d2858d7572ef0fe59a6b6454b4?s=96&d=mm&r=g","url":"https:\/\/secure.gravatar.com\/avatar\/420aaf9278582877d9018637c6817617705899d2858d7572ef0fe59a6b6454b4?s=96&d=mm&r=g","contentUrl":"https:\/\/secure.gravatar.com\/avatar\/420aaf9278582877d9018637c6817617705899d2858d7572ef0fe59a6b6454b4?s=96&d=mm&r=g","caption":"Canal Dana"},"url":"https:\/\/dana.com.br\/canaldana\/author\/cdeditor\/"}]}},"_links":{"self":[{"href":"https:\/\/dana.com.br\/canaldana\/wp-json\/wp\/v2\/posts\/2427","targetHints":{"allow":["GET"]}}],"collection":[{"href":"https:\/\/dana.com.br\/canaldana\/wp-json\/wp\/v2\/posts"}],"about":[{"href":"https:\/\/dana.com.br\/canaldana\/wp-json\/wp\/v2\/types\/post"}],"author":[{"embeddable":true,"href":"https:\/\/dana.com.br\/canaldana\/wp-json\/wp\/v2\/users\/3"}],"replies":[{"embeddable":true,"href":"https:\/\/dana.com.br\/canaldana\/wp-json\/wp\/v2\/comments?post=2427"}],"version-history":[{"count":0,"href":"https:\/\/dana.com.br\/canaldana\/wp-json\/wp\/v2\/posts\/2427\/revisions"}],"wp:attachment":[{"href":"https:\/\/dana.com.br\/canaldana\/wp-json\/wp\/v2\/media?parent=2427"}],"wp:term":[{"taxonomy":"category","embeddable":true,"href":"https:\/\/dana.com.br\/canaldana\/wp-json\/wp\/v2\/categories?post=2427"},{"taxonomy":"post_tag","embeddable":true,"href":"https:\/\/dana.com.br\/canaldana\/wp-json\/wp\/v2\/tags?post=2427"}],"curies":[{"name":"wp","href":"https:\/\/api.w.org\/{rel}","templated":true}]}}