{"id":23709,"date":"2018-03-08T08:21:11","date_gmt":"2018-03-08T11:21:11","guid":{"rendered":"http:\/\/dana.com.br\/canaldana\/?p=23709"},"modified":"2018-03-08T08:21:11","modified_gmt":"2018-03-08T11:21:11","slug":"brasil-tem-maior-expansao-de-producao-de-veiculos-entre-principais-mercados","status":"publish","type":"post","link":"https:\/\/dana.com.br\/canaldana\/2018\/03\/08\/brasil-tem-maior-expansao-de-producao-de-veiculos-entre-principais-mercados\/","title":{"rendered":"Brasil tem maior expans\u00e3o de produ\u00e7\u00e3o de ve\u00edculos entre principais mercados"},"content":{"rendered":"<p>O Estado de S. Paulo<\/p>\n<p>&nbsp;<\/p>\n<p>A produ\u00e7\u00e3o de carros no Brasil volta a se recuperar em 2017 e o Pa\u00eds sobe uma posi\u00e7\u00e3o no ranking dos maiores mercados do mundo. Os n\u00edveis de vendas, por\u00e9m, ainda est\u00e3o distantes do auge que atingiu entre 2012 e 2013.<\/p>\n<p>&nbsp;<\/p>\n<p>Os dados foram apresentados ontem, pela OICA (Organiza\u00e7\u00e3o Internacional de Construtores Automotivos), durante o Sal\u00e3o do Autom\u00f3vel em Genebra, um dos mais importantes do mundo.\u00a0 \u201cEstamos satisfeitos que a recess\u00e3o foi superada no Brasil\u201d, afirmou o presidente mundial da OICA e ex-ministro de Transporte do governo alem\u00e3o, Matthias Wissmann.<\/p>\n<p>&nbsp;<\/p>\n<p>De acordo com os dados, o Brasil registrou uma expans\u00e3o de 25% na produ\u00e7\u00e3o, a maior entre os grandes produtores e depois de uma queda pronunciada.<\/p>\n<p>&nbsp;<\/p>\n<p>Hoje, o pa\u00eds ocupa a posi\u00e7\u00e3o de nono maior produtor mundial, com 2,69 milh\u00f5es de unidades e superando a Fran\u00e7a. Em 2016, a ind\u00fastria fabricou 500 mil unidades a menos.\u00a0 De acordo com a OICA, o Brasil chegou a ser o 7o maior produtor mundial em 2012. Mas, com a recess\u00e3o, a produ\u00e7\u00e3o encolheu em 11% e o pa\u00eds estava perto de sair a lista dos dez maiores fabricantes mundiais.<\/p>\n<p>&nbsp;<\/p>\n<p>Hoje, o maior produtor de carros do mundo \u00e9 a China, com 29 milh\u00f5es de unidades, com uma expans\u00e3o em 2017 de 3%. Nos EUA, o total chegou a 11 milh\u00f5es e registrou uma queda acentuada de 8% na produ\u00e7\u00e3o em 2017.<\/p>\n<p>&nbsp;<\/p>\n<p>No caso do Brasil, n\u00e3o foi apenas a produ\u00e7\u00e3o que voltou a subir. As vendas passaram de 2 milh\u00f5es de unidades em 2016 para 2,2 milh\u00f5es em 2017, uma alta ainda t\u00edmida e que mant\u00e9m o Brasil como o oitavo maior mercado, superando It\u00e1lia e Canad\u00e1.<\/p>\n<p>&nbsp;<\/p>\n<p>A avalia\u00e7\u00e3o da entidade \u00e9 de que as vendas est\u00e3o ainda distantes de valores anteriores e que o Brasil voltou a ter dados de 2005. \u201cMas houve pelo menos uma reviravolta\u201d, disse Wissmann. Em 2014, o Brasil era o quarto maior do mundo e, em 2012, chegou a vender 3,8 milh\u00f5es de unidades.<\/p>\n<p>&nbsp;<\/p>\n<p>Ainda assim, os sinais de recupera\u00e7\u00e3o no Brasil afetaram toda a Am\u00e9rica do Sul, que viu as vendas subirem em 12% &#8211; para 4,6 milh\u00f5es de unidades. Em 2013, a regi\u00e3o registrava um mercado de 6,3 milh\u00f5es.<\/p>\n<p>&nbsp;<\/p>\n<p>A produ\u00e7\u00e3o regional aumentou em 2018 em 2017, para um total de 3,2 milh\u00f5es de unidades.<\/p>\n<p>&nbsp;<\/p>\n<p>A recupera\u00e7\u00e3o tamb\u00e9m foi registrada no mercado global. Wissmann indicou que o mercado de carros cresceu pelo oitavo ano consecutivo. Em 2017, as vendas aumentaram em 3,1%, com 96,8 milh\u00f5es de ve\u00edculos. J\u00e1 a produ\u00e7\u00e3o subiu em 2,4%. Para 2018, a tend\u00eancia \u00e9 de que o crescimento continue, mas em um ritmo menor de 1%.<\/p>\n<p>&nbsp;<\/p>\n<p>\u201cEstamos prestes a bater a marca de 100 milh\u00f5es de unidades de carros por ano\u201d, disse o executivo, que apontou para a China como o grande respons\u00e1vel pela expans\u00e3o do setor. \u201cEm 2000, a China tinha o tamanho do mercado da Holanda. Em 2005, era equivalente ao da Alemanha. Hoje, \u00e9 o maior do mundo\u201d, completou. (O Estado de S. Paulo\/Jamil Chade)<\/p>\n","protected":false},"excerpt":{"rendered":"<p>O Estado de S. Paulo &nbsp; A produ\u00e7\u00e3o de carros no Brasil volta a se recuperar em 2017 e o Pa\u00eds sobe uma posi\u00e7\u00e3o no ranking dos maiores mercados do mundo. Os n\u00edveis de vendas, por\u00e9m, ainda est\u00e3o distantes do auge que atingiu entre 2012 e 2013. &nbsp; Os dados foram apresentados ontem, pela OICA\u2026 <a class=\"readmore\" href=\"https:\/\/dana.com.br\/canaldana\/2018\/03\/08\/brasil-tem-maior-expansao-de-producao-de-veiculos-entre-principais-mercados\/\">Leia mais \u00bb<\/a><\/p>\n","protected":false},"author":3,"featured_media":0,"comment_status":"closed","ping_status":"closed","sticky":false,"template":"","format":"standard","meta":{"_acf_changed":false,"footnotes":""},"categories":[61],"tags":[],"class_list":["post-23709","post","type-post","status-publish","format-standard","hentry","category-destaques"],"acf":[],"yoast_head":"<!-- This site is optimized with the Yoast SEO plugin v27.3 - https:\/\/yoast.com\/product\/yoast-seo-wordpress\/ -->\n<title>Brasil tem maior expans\u00e3o de produ\u00e7\u00e3o de ve\u00edculos entre principais mercados - Canal Dana<\/title>\n<meta name=\"robots\" content=\"index, follow, max-snippet:-1, max-image-preview:large, max-video-preview:-1\" \/>\n<link rel=\"canonical\" href=\"https:\/\/dana.com.br\/canaldana\/2018\/03\/08\/brasil-tem-maior-expansao-de-producao-de-veiculos-entre-principais-mercados\/\" \/>\n<meta property=\"og:locale\" content=\"pt_BR\" \/>\n<meta property=\"og:type\" content=\"article\" \/>\n<meta property=\"og:title\" content=\"Brasil tem maior expans\u00e3o de produ\u00e7\u00e3o de ve\u00edculos entre principais mercados - Canal Dana\" \/>\n<meta property=\"og:description\" content=\"O Estado de S. Paulo &nbsp; A produ\u00e7\u00e3o de carros no Brasil volta a se recuperar em 2017 e o Pa\u00eds sobe uma posi\u00e7\u00e3o no ranking dos maiores mercados do mundo. Os n\u00edveis de vendas, por\u00e9m, ainda est\u00e3o distantes do auge que atingiu entre 2012 e 2013. &nbsp; Os dados foram apresentados ontem, pela OICA\u2026 Leia mais \u00bb\" \/>\n<meta property=\"og:url\" content=\"https:\/\/dana.com.br\/canaldana\/2018\/03\/08\/brasil-tem-maior-expansao-de-producao-de-veiculos-entre-principais-mercados\/\" \/>\n<meta property=\"og:site_name\" content=\"Canal Dana\" \/>\n<meta property=\"article:published_time\" content=\"2018-03-08T11:21:11+00:00\" \/>\n<meta name=\"author\" content=\"Canal Dana\" \/>\n<meta name=\"twitter:card\" content=\"summary_large_image\" \/>\n<meta name=\"twitter:label1\" content=\"Escrito por\" \/>\n\t<meta name=\"twitter:data1\" content=\"Canal Dana\" \/>\n\t<meta name=\"twitter:label2\" content=\"Est. tempo de leitura\" \/>\n\t<meta name=\"twitter:data2\" content=\"3 minutos\" \/>\n<script type=\"application\/ld+json\" class=\"yoast-schema-graph\">{\"@context\":\"https:\\\/\\\/schema.org\",\"@graph\":[{\"@type\":\"Article\",\"@id\":\"https:\\\/\\\/dana.com.br\\\/canaldana\\\/2018\\\/03\\\/08\\\/brasil-tem-maior-expansao-de-producao-de-veiculos-entre-principais-mercados\\\/#article\",\"isPartOf\":{\"@id\":\"https:\\\/\\\/dana.com.br\\\/canaldana\\\/2018\\\/03\\\/08\\\/brasil-tem-maior-expansao-de-producao-de-veiculos-entre-principais-mercados\\\/\"},\"author\":{\"name\":\"Canal Dana\",\"@id\":\"https:\\\/\\\/dana.com.br\\\/canaldana\\\/#\\\/schema\\\/person\\\/3c21f22f56fcf3bc46b94bc60ea4fef6\"},\"headline\":\"Brasil tem maior expans\u00e3o de produ\u00e7\u00e3o de ve\u00edculos entre principais mercados\",\"datePublished\":\"2018-03-08T11:21:11+00:00\",\"mainEntityOfPage\":{\"@id\":\"https:\\\/\\\/dana.com.br\\\/canaldana\\\/2018\\\/03\\\/08\\\/brasil-tem-maior-expansao-de-producao-de-veiculos-entre-principais-mercados\\\/\"},\"wordCount\":536,\"articleSection\":[\"Destaques\"],\"inLanguage\":\"pt-BR\"},{\"@type\":\"WebPage\",\"@id\":\"https:\\\/\\\/dana.com.br\\\/canaldana\\\/2018\\\/03\\\/08\\\/brasil-tem-maior-expansao-de-producao-de-veiculos-entre-principais-mercados\\\/\",\"url\":\"https:\\\/\\\/dana.com.br\\\/canaldana\\\/2018\\\/03\\\/08\\\/brasil-tem-maior-expansao-de-producao-de-veiculos-entre-principais-mercados\\\/\",\"name\":\"Brasil tem maior expans\u00e3o de produ\u00e7\u00e3o de ve\u00edculos entre principais mercados - Canal Dana\",\"isPartOf\":{\"@id\":\"https:\\\/\\\/dana.com.br\\\/canaldana\\\/#website\"},\"datePublished\":\"2018-03-08T11:21:11+00:00\",\"author\":{\"@id\":\"https:\\\/\\\/dana.com.br\\\/canaldana\\\/#\\\/schema\\\/person\\\/3c21f22f56fcf3bc46b94bc60ea4fef6\"},\"breadcrumb\":{\"@id\":\"https:\\\/\\\/dana.com.br\\\/canaldana\\\/2018\\\/03\\\/08\\\/brasil-tem-maior-expansao-de-producao-de-veiculos-entre-principais-mercados\\\/#breadcrumb\"},\"inLanguage\":\"pt-BR\",\"potentialAction\":[{\"@type\":\"ReadAction\",\"target\":[\"https:\\\/\\\/dana.com.br\\\/canaldana\\\/2018\\\/03\\\/08\\\/brasil-tem-maior-expansao-de-producao-de-veiculos-entre-principais-mercados\\\/\"]}]},{\"@type\":\"BreadcrumbList\",\"@id\":\"https:\\\/\\\/dana.com.br\\\/canaldana\\\/2018\\\/03\\\/08\\\/brasil-tem-maior-expansao-de-producao-de-veiculos-entre-principais-mercados\\\/#breadcrumb\",\"itemListElement\":[{\"@type\":\"ListItem\",\"position\":1,\"name\":\"Home\",\"item\":\"https:\\\/\\\/dana.com.br\\\/canaldana\\\/\"},{\"@type\":\"ListItem\",\"position\":2,\"name\":\"Destaques\",\"item\":\"https:\\\/\\\/dana.com.br\\\/canaldana\\\/destaques\\\/\"},{\"@type\":\"ListItem\",\"position\":3,\"name\":\"Brasil tem maior expans\u00e3o de produ\u00e7\u00e3o de ve\u00edculos entre principais mercados\"}]},{\"@type\":\"WebSite\",\"@id\":\"https:\\\/\\\/dana.com.br\\\/canaldana\\\/#website\",\"url\":\"https:\\\/\\\/dana.com.br\\\/canaldana\\\/\",\"name\":\"Canal Dana\",\"description\":\"Informativo com as principais not\u00edcias da ind\u00fastria automotiva\",\"potentialAction\":[{\"@type\":\"SearchAction\",\"target\":{\"@type\":\"EntryPoint\",\"urlTemplate\":\"https:\\\/\\\/dana.com.br\\\/canaldana\\\/?s={search_term_string}\"},\"query-input\":{\"@type\":\"PropertyValueSpecification\",\"valueRequired\":true,\"valueName\":\"search_term_string\"}}],\"inLanguage\":\"pt-BR\"},{\"@type\":\"Person\",\"@id\":\"https:\\\/\\\/dana.com.br\\\/canaldana\\\/#\\\/schema\\\/person\\\/3c21f22f56fcf3bc46b94bc60ea4fef6\",\"name\":\"Canal Dana\",\"image\":{\"@type\":\"ImageObject\",\"inLanguage\":\"pt-BR\",\"@id\":\"https:\\\/\\\/secure.gravatar.com\\\/avatar\\\/420aaf9278582877d9018637c6817617705899d2858d7572ef0fe59a6b6454b4?s=96&d=mm&r=g\",\"url\":\"https:\\\/\\\/secure.gravatar.com\\\/avatar\\\/420aaf9278582877d9018637c6817617705899d2858d7572ef0fe59a6b6454b4?s=96&d=mm&r=g\",\"contentUrl\":\"https:\\\/\\\/secure.gravatar.com\\\/avatar\\\/420aaf9278582877d9018637c6817617705899d2858d7572ef0fe59a6b6454b4?s=96&d=mm&r=g\",\"caption\":\"Canal Dana\"},\"url\":\"https:\\\/\\\/dana.com.br\\\/canaldana\\\/author\\\/cdeditor\\\/\"}]}<\/script>\n<!-- \/ Yoast SEO plugin. -->","yoast_head_json":{"title":"Brasil tem maior expans\u00e3o de produ\u00e7\u00e3o de ve\u00edculos entre principais mercados - Canal Dana","robots":{"index":"index","follow":"follow","max-snippet":"max-snippet:-1","max-image-preview":"max-image-preview:large","max-video-preview":"max-video-preview:-1"},"canonical":"https:\/\/dana.com.br\/canaldana\/2018\/03\/08\/brasil-tem-maior-expansao-de-producao-de-veiculos-entre-principais-mercados\/","og_locale":"pt_BR","og_type":"article","og_title":"Brasil tem maior expans\u00e3o de produ\u00e7\u00e3o de ve\u00edculos entre principais mercados - Canal Dana","og_description":"O Estado de S. Paulo &nbsp; A produ\u00e7\u00e3o de carros no Brasil volta a se recuperar em 2017 e o Pa\u00eds sobe uma posi\u00e7\u00e3o no ranking dos maiores mercados do mundo. Os n\u00edveis de vendas, por\u00e9m, ainda est\u00e3o distantes do auge que atingiu entre 2012 e 2013. &nbsp; Os dados foram apresentados ontem, pela OICA\u2026 Leia mais \u00bb","og_url":"https:\/\/dana.com.br\/canaldana\/2018\/03\/08\/brasil-tem-maior-expansao-de-producao-de-veiculos-entre-principais-mercados\/","og_site_name":"Canal Dana","article_published_time":"2018-03-08T11:21:11+00:00","author":"Canal Dana","twitter_card":"summary_large_image","twitter_misc":{"Escrito por":"Canal Dana","Est. tempo de leitura":"3 minutos"},"schema":{"@context":"https:\/\/schema.org","@graph":[{"@type":"Article","@id":"https:\/\/dana.com.br\/canaldana\/2018\/03\/08\/brasil-tem-maior-expansao-de-producao-de-veiculos-entre-principais-mercados\/#article","isPartOf":{"@id":"https:\/\/dana.com.br\/canaldana\/2018\/03\/08\/brasil-tem-maior-expansao-de-producao-de-veiculos-entre-principais-mercados\/"},"author":{"name":"Canal Dana","@id":"https:\/\/dana.com.br\/canaldana\/#\/schema\/person\/3c21f22f56fcf3bc46b94bc60ea4fef6"},"headline":"Brasil tem maior expans\u00e3o de produ\u00e7\u00e3o de ve\u00edculos entre principais mercados","datePublished":"2018-03-08T11:21:11+00:00","mainEntityOfPage":{"@id":"https:\/\/dana.com.br\/canaldana\/2018\/03\/08\/brasil-tem-maior-expansao-de-producao-de-veiculos-entre-principais-mercados\/"},"wordCount":536,"articleSection":["Destaques"],"inLanguage":"pt-BR"},{"@type":"WebPage","@id":"https:\/\/dana.com.br\/canaldana\/2018\/03\/08\/brasil-tem-maior-expansao-de-producao-de-veiculos-entre-principais-mercados\/","url":"https:\/\/dana.com.br\/canaldana\/2018\/03\/08\/brasil-tem-maior-expansao-de-producao-de-veiculos-entre-principais-mercados\/","name":"Brasil tem maior expans\u00e3o de produ\u00e7\u00e3o de ve\u00edculos entre principais mercados - Canal Dana","isPartOf":{"@id":"https:\/\/dana.com.br\/canaldana\/#website"},"datePublished":"2018-03-08T11:21:11+00:00","author":{"@id":"https:\/\/dana.com.br\/canaldana\/#\/schema\/person\/3c21f22f56fcf3bc46b94bc60ea4fef6"},"breadcrumb":{"@id":"https:\/\/dana.com.br\/canaldana\/2018\/03\/08\/brasil-tem-maior-expansao-de-producao-de-veiculos-entre-principais-mercados\/#breadcrumb"},"inLanguage":"pt-BR","potentialAction":[{"@type":"ReadAction","target":["https:\/\/dana.com.br\/canaldana\/2018\/03\/08\/brasil-tem-maior-expansao-de-producao-de-veiculos-entre-principais-mercados\/"]}]},{"@type":"BreadcrumbList","@id":"https:\/\/dana.com.br\/canaldana\/2018\/03\/08\/brasil-tem-maior-expansao-de-producao-de-veiculos-entre-principais-mercados\/#breadcrumb","itemListElement":[{"@type":"ListItem","position":1,"name":"Home","item":"https:\/\/dana.com.br\/canaldana\/"},{"@type":"ListItem","position":2,"name":"Destaques","item":"https:\/\/dana.com.br\/canaldana\/destaques\/"},{"@type":"ListItem","position":3,"name":"Brasil tem maior expans\u00e3o de produ\u00e7\u00e3o de ve\u00edculos entre principais mercados"}]},{"@type":"WebSite","@id":"https:\/\/dana.com.br\/canaldana\/#website","url":"https:\/\/dana.com.br\/canaldana\/","name":"Canal Dana","description":"Informativo com as principais not\u00edcias da ind\u00fastria automotiva","potentialAction":[{"@type":"SearchAction","target":{"@type":"EntryPoint","urlTemplate":"https:\/\/dana.com.br\/canaldana\/?s={search_term_string}"},"query-input":{"@type":"PropertyValueSpecification","valueRequired":true,"valueName":"search_term_string"}}],"inLanguage":"pt-BR"},{"@type":"Person","@id":"https:\/\/dana.com.br\/canaldana\/#\/schema\/person\/3c21f22f56fcf3bc46b94bc60ea4fef6","name":"Canal Dana","image":{"@type":"ImageObject","inLanguage":"pt-BR","@id":"https:\/\/secure.gravatar.com\/avatar\/420aaf9278582877d9018637c6817617705899d2858d7572ef0fe59a6b6454b4?s=96&d=mm&r=g","url":"https:\/\/secure.gravatar.com\/avatar\/420aaf9278582877d9018637c6817617705899d2858d7572ef0fe59a6b6454b4?s=96&d=mm&r=g","contentUrl":"https:\/\/secure.gravatar.com\/avatar\/420aaf9278582877d9018637c6817617705899d2858d7572ef0fe59a6b6454b4?s=96&d=mm&r=g","caption":"Canal Dana"},"url":"https:\/\/dana.com.br\/canaldana\/author\/cdeditor\/"}]}},"_links":{"self":[{"href":"https:\/\/dana.com.br\/canaldana\/wp-json\/wp\/v2\/posts\/23709","targetHints":{"allow":["GET"]}}],"collection":[{"href":"https:\/\/dana.com.br\/canaldana\/wp-json\/wp\/v2\/posts"}],"about":[{"href":"https:\/\/dana.com.br\/canaldana\/wp-json\/wp\/v2\/types\/post"}],"author":[{"embeddable":true,"href":"https:\/\/dana.com.br\/canaldana\/wp-json\/wp\/v2\/users\/3"}],"replies":[{"embeddable":true,"href":"https:\/\/dana.com.br\/canaldana\/wp-json\/wp\/v2\/comments?post=23709"}],"version-history":[{"count":0,"href":"https:\/\/dana.com.br\/canaldana\/wp-json\/wp\/v2\/posts\/23709\/revisions"}],"wp:attachment":[{"href":"https:\/\/dana.com.br\/canaldana\/wp-json\/wp\/v2\/media?parent=23709"}],"wp:term":[{"taxonomy":"category","embeddable":true,"href":"https:\/\/dana.com.br\/canaldana\/wp-json\/wp\/v2\/categories?post=23709"},{"taxonomy":"post_tag","embeddable":true,"href":"https:\/\/dana.com.br\/canaldana\/wp-json\/wp\/v2\/tags?post=23709"}],"curies":[{"name":"wp","href":"https:\/\/api.w.org\/{rel}","templated":true}]}}