{"id":23675,"date":"2018-03-07T08:58:07","date_gmt":"2018-03-07T11:58:07","guid":{"rendered":"http:\/\/dana.com.br\/canaldana\/?p=23675"},"modified":"2018-03-07T08:58:07","modified_gmt":"2018-03-07T11:58:07","slug":"renault-do-brasil-inaugura-nova-fabrica-no-parana-com-apoio-do-estado","status":"publish","type":"post","link":"https:\/\/dana.com.br\/canaldana\/2018\/03\/07\/renault-do-brasil-inaugura-nova-fabrica-no-parana-com-apoio-do-estado\/","title":{"rendered":"Renault do Brasil inaugura nova f\u00e1brica no Paran\u00e1, com apoio do Estado"},"content":{"rendered":"<p><em>Portal CGN<\/em><\/p>\n<p>&nbsp;<\/p>\n<p>A montadora Renault do Brasil ampliou o investimento no Paran\u00e1 e inaugurou ontem, em S\u00e3o Jos\u00e9 dos Pinhais, na Regi\u00e3o Metropolitana de Curitiba, uma nova f\u00e1brica de alum\u00ednios para blocos e cabe\u00e7otes de motores. O investimento, de R$ 350 milh\u00f5es, tem o apoio do programa de incentivo Paran\u00e1 Competitivo, do Governo do Estado. O governador Beto Richa participou da solenidade e reafirmou o compromisso do Estado com o setor produtivo.<\/p>\n<p>&nbsp;<\/p>\n<p>\u201cEstivemos em v\u00e1rias inaugura\u00e7\u00f5es da Renault aqui no Paran\u00e1. Essa nova unidade, como as outras, representa mais gera\u00e7\u00e3o de renda, riquezas e oportunidades de emprego para quem mora em nosso Estado\u201d, disse Richa. O governador enfatizou que o Estado resgatou a confian\u00e7a do setor produtivo, que estava abalada, gra\u00e7as ao di\u00e1logo aberto com os empreendedores, programas de incentivo, como o Paran\u00e1 Competitivo, e seguran\u00e7a jur\u00eddica. \u201cEsse conjunto de fatores nos levou a ter hoje o maior ciclo industrial de toda a nossa hist\u00f3ria\u201d, afirmou Richa.<\/p>\n<p>&nbsp;<\/p>\n<p>Desde o in\u00edcio do programa Paran\u00e1 Competitivo j\u00e1 foram mais de R$ 42 bilh\u00f5es em investimentos produtivos no Estado. A Renault tem como benef\u00edcio do programa o diferimento do pagamento do ICMS da fatura de energia el\u00e9trica e do g\u00e1s natural da f\u00e1brica de inje\u00e7\u00e3o de alum\u00ednio por 48 meses.<\/p>\n<p>&nbsp;<\/p>\n<p>O presidente da Renault do Brasil, Luiz Pedrocci, afirmou que a constru\u00e7\u00e3o da nova unidade s\u00f3 foi poss\u00edvel devido ao profissionalismo do Governo do Estado. \u201cO Paran\u00e1, que consideramos nossa casa, estimula o investimento e a atividade das empresas\u201d, afirmou ele.<\/p>\n<p>&nbsp;<\/p>\n<p>Para o ministro da Ind\u00fastria, Com\u00e9rcio Exterior e Servi\u00e7os, Marcos Jorge de Lima, o Paran\u00e1 se destaca, tamb\u00e9m, pelas vantagens log\u00edsticas e pelo peso de sua ind\u00fastria. \u201cO Paran\u00e1, com suas f\u00e1bricas de caminh\u00f5es e autom\u00f3veis, al\u00e9m de todo o setor de fornecedores, \u00e9 um grande motor de desenvolvimento para o Brasil\u201d, disse.<\/p>\n<p>&nbsp;<\/p>\n<p><strong>F\u00e1brica<\/strong><\/p>\n<p>&nbsp;<\/p>\n<p>Com uma \u00e1rea constru\u00edda de 14 mil metros quadrados, a Curitiba Inje\u00e7\u00e3o de Alum\u00ednio &#8211; CIA, nome dado \u00e0 nova f\u00e1brica da Renault, tem capacidade produtiva anual de 250 mil blocos e 250 mil cabe\u00e7otes do motor 1.6 SCe. Aproximadamente 100 profissionais trabalham na unidade atualmente, em dois turnos. Al\u00e9m dos R$ 350 milh\u00f5es na nova unidade, o grupo investiu mais R$ 400 milh\u00f5es na amplia\u00e7\u00e3o de sua f\u00e1brica de motores.<\/p>\n<p>&nbsp;<\/p>\n<p>A CIA se soma \u00e0 f\u00e1brica de autom\u00f3veis, a de autom\u00f3veis leves e a de motores, que comp\u00f5em o Complexo Ayrton Senna, conjunto de empresas da Renault instalado em uma \u00e1rea de 2,5 milh\u00f5es de metros quadrados em S\u00e3o Jos\u00e9 dos Pinhas.<\/p>\n<p>&nbsp;<\/p>\n<p>No Brasil, a Renault tem cerca de 7.300 colaboradores diretos e gera cerca de 25 mil empregos indiretos. A marca atingiu em 2017 seu recorde, com 7,7% de participa\u00e7\u00e3o no mercado automotivo, al\u00e9m do recorde de exporta\u00e7\u00f5es, com mais de 98 mil unidades \u2013 um aumento de cerca de 40% sobre 2016.<\/p>\n<p>&nbsp;<\/p>\n<p><strong>Contrapartida<\/strong><\/p>\n<p>&nbsp;<\/p>\n<p>Durante a solenidade, a Renault do Brasil doou um microbus, no valor de R$ 170 mil, para o Hospital Erasto Gaertner, que \u00e9 parceiro da empresa do setor automotivo. As chaves do ve\u00edculo foram entregues ao superintendente do hospital, Adriano Lago, pela secret\u00e1ria de Estado da Fam\u00edlia e Desenvolvimento Social, Fernanda Richa.<\/p>\n<p>&nbsp;<\/p>\n<p>Para a Secretaria da Fam\u00edlia e Desenvolvimento Social, como contrapartida ao apoio recebido do Governo do Estado pelo Paran\u00e1 Competitivo, a Renault entregou, desde 2011, 28 ve\u00edculos Master adaptados (para munic\u00edpios do programa Fam\u00edlia Paranaense) e um minibus (n\u00e3o adaptado) para atendimento de pessoas com defici\u00eancia do munic\u00edpio de Irati, no Centro-Sul do Estado. O investimento soma R$ 4,8 milh\u00f5es.<\/p>\n<p>&nbsp;<\/p>\n<p><strong>Presen\u00e7as<\/strong><\/p>\n<p>&nbsp;<\/p>\n<p>Participaram da solenidade os secret\u00e1rios de Estado da Fam\u00edlia e do Desenvolvimento Social, Fernanda Richa; do Meio Ambiente e Recursos H\u00eddricos, Jo\u00e3o Carlos Bonetti; da Infraestrutura e Log\u00edstica, Jos\u00e9 Richa Filho, e da Comunica\u00e7\u00e3o Social, Deonilson Roldo; o prefeito de S\u00e3o Jos\u00e9 dos Pinhais, Toninho da Farm\u00e1cia; o presidente do Instituto Ambiental do Paran\u00e1, Luiz Tarc\u00edsio Mossato Pinto; o diretor-presidente da Ag\u00eancia Paran\u00e1 de Desenvolvimento, Adalberto Netto; os deputados estaduais Ratinho J\u00fanior, Maria Victoria e Francisco B\u00fchrer. (Portal CGN\/Maycon Corazza)<\/p>\n","protected":false},"excerpt":{"rendered":"<p>Portal CGN &nbsp; A montadora Renault do Brasil ampliou o investimento no Paran\u00e1 e inaugurou ontem, em S\u00e3o Jos\u00e9 dos Pinhais, na Regi\u00e3o Metropolitana de Curitiba, uma nova f\u00e1brica de alum\u00ednios para blocos e cabe\u00e7otes de motores. O investimento, de R$ 350 milh\u00f5es, tem o apoio do programa de incentivo Paran\u00e1 Competitivo, do Governo do\u2026 <a class=\"readmore\" href=\"https:\/\/dana.com.br\/canaldana\/2018\/03\/07\/renault-do-brasil-inaugura-nova-fabrica-no-parana-com-apoio-do-estado\/\">Leia mais \u00bb<\/a><\/p>\n","protected":false},"author":3,"featured_media":0,"comment_status":"closed","ping_status":"closed","sticky":false,"template":"","format":"standard","meta":{"_acf_changed":false,"footnotes":""},"categories":[61],"tags":[],"class_list":["post-23675","post","type-post","status-publish","format-standard","hentry","category-destaques"],"acf":[],"yoast_head":"<!-- This site is optimized with the Yoast SEO plugin v27.3 - https:\/\/yoast.com\/product\/yoast-seo-wordpress\/ -->\n<title>Renault do Brasil inaugura nova f\u00e1brica no Paran\u00e1, com apoio do Estado - Canal Dana<\/title>\n<meta name=\"robots\" content=\"index, follow, max-snippet:-1, max-image-preview:large, max-video-preview:-1\" \/>\n<link rel=\"canonical\" href=\"https:\/\/dana.com.br\/canaldana\/2018\/03\/07\/renault-do-brasil-inaugura-nova-fabrica-no-parana-com-apoio-do-estado\/\" \/>\n<meta property=\"og:locale\" content=\"pt_BR\" \/>\n<meta property=\"og:type\" content=\"article\" \/>\n<meta property=\"og:title\" content=\"Renault do Brasil inaugura nova f\u00e1brica no Paran\u00e1, com apoio do Estado - Canal Dana\" \/>\n<meta property=\"og:description\" content=\"Portal CGN &nbsp; A montadora Renault do Brasil ampliou o investimento no Paran\u00e1 e inaugurou ontem, em S\u00e3o Jos\u00e9 dos Pinhais, na Regi\u00e3o Metropolitana de Curitiba, uma nova f\u00e1brica de alum\u00ednios para blocos e cabe\u00e7otes de motores. O investimento, de R$ 350 milh\u00f5es, tem o apoio do programa de incentivo Paran\u00e1 Competitivo, do Governo do\u2026 Leia mais \u00bb\" \/>\n<meta property=\"og:url\" content=\"https:\/\/dana.com.br\/canaldana\/2018\/03\/07\/renault-do-brasil-inaugura-nova-fabrica-no-parana-com-apoio-do-estado\/\" \/>\n<meta property=\"og:site_name\" content=\"Canal Dana\" \/>\n<meta property=\"article:published_time\" content=\"2018-03-07T11:58:07+00:00\" \/>\n<meta name=\"author\" content=\"Canal Dana\" \/>\n<meta name=\"twitter:card\" content=\"summary_large_image\" \/>\n<meta name=\"twitter:label1\" content=\"Escrito por\" \/>\n\t<meta name=\"twitter:data1\" content=\"Canal Dana\" \/>\n\t<meta name=\"twitter:label2\" content=\"Est. tempo de leitura\" \/>\n\t<meta name=\"twitter:data2\" content=\"4 minutos\" \/>\n<script type=\"application\/ld+json\" class=\"yoast-schema-graph\">{\"@context\":\"https:\\\/\\\/schema.org\",\"@graph\":[{\"@type\":\"Article\",\"@id\":\"https:\\\/\\\/dana.com.br\\\/canaldana\\\/2018\\\/03\\\/07\\\/renault-do-brasil-inaugura-nova-fabrica-no-parana-com-apoio-do-estado\\\/#article\",\"isPartOf\":{\"@id\":\"https:\\\/\\\/dana.com.br\\\/canaldana\\\/2018\\\/03\\\/07\\\/renault-do-brasil-inaugura-nova-fabrica-no-parana-com-apoio-do-estado\\\/\"},\"author\":{\"name\":\"Canal Dana\",\"@id\":\"https:\\\/\\\/dana.com.br\\\/canaldana\\\/#\\\/schema\\\/person\\\/3c21f22f56fcf3bc46b94bc60ea4fef6\"},\"headline\":\"Renault do Brasil inaugura nova f\u00e1brica no Paran\u00e1, com apoio do Estado\",\"datePublished\":\"2018-03-07T11:58:07+00:00\",\"mainEntityOfPage\":{\"@id\":\"https:\\\/\\\/dana.com.br\\\/canaldana\\\/2018\\\/03\\\/07\\\/renault-do-brasil-inaugura-nova-fabrica-no-parana-com-apoio-do-estado\\\/\"},\"wordCount\":741,\"articleSection\":[\"Destaques\"],\"inLanguage\":\"pt-BR\"},{\"@type\":\"WebPage\",\"@id\":\"https:\\\/\\\/dana.com.br\\\/canaldana\\\/2018\\\/03\\\/07\\\/renault-do-brasil-inaugura-nova-fabrica-no-parana-com-apoio-do-estado\\\/\",\"url\":\"https:\\\/\\\/dana.com.br\\\/canaldana\\\/2018\\\/03\\\/07\\\/renault-do-brasil-inaugura-nova-fabrica-no-parana-com-apoio-do-estado\\\/\",\"name\":\"Renault do Brasil inaugura nova f\u00e1brica no Paran\u00e1, com apoio do Estado - Canal Dana\",\"isPartOf\":{\"@id\":\"https:\\\/\\\/dana.com.br\\\/canaldana\\\/#website\"},\"datePublished\":\"2018-03-07T11:58:07+00:00\",\"author\":{\"@id\":\"https:\\\/\\\/dana.com.br\\\/canaldana\\\/#\\\/schema\\\/person\\\/3c21f22f56fcf3bc46b94bc60ea4fef6\"},\"breadcrumb\":{\"@id\":\"https:\\\/\\\/dana.com.br\\\/canaldana\\\/2018\\\/03\\\/07\\\/renault-do-brasil-inaugura-nova-fabrica-no-parana-com-apoio-do-estado\\\/#breadcrumb\"},\"inLanguage\":\"pt-BR\",\"potentialAction\":[{\"@type\":\"ReadAction\",\"target\":[\"https:\\\/\\\/dana.com.br\\\/canaldana\\\/2018\\\/03\\\/07\\\/renault-do-brasil-inaugura-nova-fabrica-no-parana-com-apoio-do-estado\\\/\"]}]},{\"@type\":\"BreadcrumbList\",\"@id\":\"https:\\\/\\\/dana.com.br\\\/canaldana\\\/2018\\\/03\\\/07\\\/renault-do-brasil-inaugura-nova-fabrica-no-parana-com-apoio-do-estado\\\/#breadcrumb\",\"itemListElement\":[{\"@type\":\"ListItem\",\"position\":1,\"name\":\"Home\",\"item\":\"https:\\\/\\\/dana.com.br\\\/canaldana\\\/\"},{\"@type\":\"ListItem\",\"position\":2,\"name\":\"Destaques\",\"item\":\"https:\\\/\\\/dana.com.br\\\/canaldana\\\/destaques\\\/\"},{\"@type\":\"ListItem\",\"position\":3,\"name\":\"Renault do Brasil inaugura nova f\u00e1brica no Paran\u00e1, com apoio do Estado\"}]},{\"@type\":\"WebSite\",\"@id\":\"https:\\\/\\\/dana.com.br\\\/canaldana\\\/#website\",\"url\":\"https:\\\/\\\/dana.com.br\\\/canaldana\\\/\",\"name\":\"Canal Dana\",\"description\":\"Informativo com as principais not\u00edcias da ind\u00fastria automotiva\",\"potentialAction\":[{\"@type\":\"SearchAction\",\"target\":{\"@type\":\"EntryPoint\",\"urlTemplate\":\"https:\\\/\\\/dana.com.br\\\/canaldana\\\/?s={search_term_string}\"},\"query-input\":{\"@type\":\"PropertyValueSpecification\",\"valueRequired\":true,\"valueName\":\"search_term_string\"}}],\"inLanguage\":\"pt-BR\"},{\"@type\":\"Person\",\"@id\":\"https:\\\/\\\/dana.com.br\\\/canaldana\\\/#\\\/schema\\\/person\\\/3c21f22f56fcf3bc46b94bc60ea4fef6\",\"name\":\"Canal Dana\",\"image\":{\"@type\":\"ImageObject\",\"inLanguage\":\"pt-BR\",\"@id\":\"https:\\\/\\\/secure.gravatar.com\\\/avatar\\\/420aaf9278582877d9018637c6817617705899d2858d7572ef0fe59a6b6454b4?s=96&d=mm&r=g\",\"url\":\"https:\\\/\\\/secure.gravatar.com\\\/avatar\\\/420aaf9278582877d9018637c6817617705899d2858d7572ef0fe59a6b6454b4?s=96&d=mm&r=g\",\"contentUrl\":\"https:\\\/\\\/secure.gravatar.com\\\/avatar\\\/420aaf9278582877d9018637c6817617705899d2858d7572ef0fe59a6b6454b4?s=96&d=mm&r=g\",\"caption\":\"Canal Dana\"},\"url\":\"https:\\\/\\\/dana.com.br\\\/canaldana\\\/author\\\/cdeditor\\\/\"}]}<\/script>\n<!-- \/ Yoast SEO plugin. -->","yoast_head_json":{"title":"Renault do Brasil inaugura nova f\u00e1brica no Paran\u00e1, com apoio do Estado - Canal Dana","robots":{"index":"index","follow":"follow","max-snippet":"max-snippet:-1","max-image-preview":"max-image-preview:large","max-video-preview":"max-video-preview:-1"},"canonical":"https:\/\/dana.com.br\/canaldana\/2018\/03\/07\/renault-do-brasil-inaugura-nova-fabrica-no-parana-com-apoio-do-estado\/","og_locale":"pt_BR","og_type":"article","og_title":"Renault do Brasil inaugura nova f\u00e1brica no Paran\u00e1, com apoio do Estado - Canal Dana","og_description":"Portal CGN &nbsp; A montadora Renault do Brasil ampliou o investimento no Paran\u00e1 e inaugurou ontem, em S\u00e3o Jos\u00e9 dos Pinhais, na Regi\u00e3o Metropolitana de Curitiba, uma nova f\u00e1brica de alum\u00ednios para blocos e cabe\u00e7otes de motores. O investimento, de R$ 350 milh\u00f5es, tem o apoio do programa de incentivo Paran\u00e1 Competitivo, do Governo do\u2026 Leia mais \u00bb","og_url":"https:\/\/dana.com.br\/canaldana\/2018\/03\/07\/renault-do-brasil-inaugura-nova-fabrica-no-parana-com-apoio-do-estado\/","og_site_name":"Canal Dana","article_published_time":"2018-03-07T11:58:07+00:00","author":"Canal Dana","twitter_card":"summary_large_image","twitter_misc":{"Escrito por":"Canal Dana","Est. tempo de leitura":"4 minutos"},"schema":{"@context":"https:\/\/schema.org","@graph":[{"@type":"Article","@id":"https:\/\/dana.com.br\/canaldana\/2018\/03\/07\/renault-do-brasil-inaugura-nova-fabrica-no-parana-com-apoio-do-estado\/#article","isPartOf":{"@id":"https:\/\/dana.com.br\/canaldana\/2018\/03\/07\/renault-do-brasil-inaugura-nova-fabrica-no-parana-com-apoio-do-estado\/"},"author":{"name":"Canal Dana","@id":"https:\/\/dana.com.br\/canaldana\/#\/schema\/person\/3c21f22f56fcf3bc46b94bc60ea4fef6"},"headline":"Renault do Brasil inaugura nova f\u00e1brica no Paran\u00e1, com apoio do Estado","datePublished":"2018-03-07T11:58:07+00:00","mainEntityOfPage":{"@id":"https:\/\/dana.com.br\/canaldana\/2018\/03\/07\/renault-do-brasil-inaugura-nova-fabrica-no-parana-com-apoio-do-estado\/"},"wordCount":741,"articleSection":["Destaques"],"inLanguage":"pt-BR"},{"@type":"WebPage","@id":"https:\/\/dana.com.br\/canaldana\/2018\/03\/07\/renault-do-brasil-inaugura-nova-fabrica-no-parana-com-apoio-do-estado\/","url":"https:\/\/dana.com.br\/canaldana\/2018\/03\/07\/renault-do-brasil-inaugura-nova-fabrica-no-parana-com-apoio-do-estado\/","name":"Renault do Brasil inaugura nova f\u00e1brica no Paran\u00e1, com apoio do Estado - Canal Dana","isPartOf":{"@id":"https:\/\/dana.com.br\/canaldana\/#website"},"datePublished":"2018-03-07T11:58:07+00:00","author":{"@id":"https:\/\/dana.com.br\/canaldana\/#\/schema\/person\/3c21f22f56fcf3bc46b94bc60ea4fef6"},"breadcrumb":{"@id":"https:\/\/dana.com.br\/canaldana\/2018\/03\/07\/renault-do-brasil-inaugura-nova-fabrica-no-parana-com-apoio-do-estado\/#breadcrumb"},"inLanguage":"pt-BR","potentialAction":[{"@type":"ReadAction","target":["https:\/\/dana.com.br\/canaldana\/2018\/03\/07\/renault-do-brasil-inaugura-nova-fabrica-no-parana-com-apoio-do-estado\/"]}]},{"@type":"BreadcrumbList","@id":"https:\/\/dana.com.br\/canaldana\/2018\/03\/07\/renault-do-brasil-inaugura-nova-fabrica-no-parana-com-apoio-do-estado\/#breadcrumb","itemListElement":[{"@type":"ListItem","position":1,"name":"Home","item":"https:\/\/dana.com.br\/canaldana\/"},{"@type":"ListItem","position":2,"name":"Destaques","item":"https:\/\/dana.com.br\/canaldana\/destaques\/"},{"@type":"ListItem","position":3,"name":"Renault do Brasil inaugura nova f\u00e1brica no Paran\u00e1, com apoio do Estado"}]},{"@type":"WebSite","@id":"https:\/\/dana.com.br\/canaldana\/#website","url":"https:\/\/dana.com.br\/canaldana\/","name":"Canal Dana","description":"Informativo com as principais not\u00edcias da ind\u00fastria automotiva","potentialAction":[{"@type":"SearchAction","target":{"@type":"EntryPoint","urlTemplate":"https:\/\/dana.com.br\/canaldana\/?s={search_term_string}"},"query-input":{"@type":"PropertyValueSpecification","valueRequired":true,"valueName":"search_term_string"}}],"inLanguage":"pt-BR"},{"@type":"Person","@id":"https:\/\/dana.com.br\/canaldana\/#\/schema\/person\/3c21f22f56fcf3bc46b94bc60ea4fef6","name":"Canal Dana","image":{"@type":"ImageObject","inLanguage":"pt-BR","@id":"https:\/\/secure.gravatar.com\/avatar\/420aaf9278582877d9018637c6817617705899d2858d7572ef0fe59a6b6454b4?s=96&d=mm&r=g","url":"https:\/\/secure.gravatar.com\/avatar\/420aaf9278582877d9018637c6817617705899d2858d7572ef0fe59a6b6454b4?s=96&d=mm&r=g","contentUrl":"https:\/\/secure.gravatar.com\/avatar\/420aaf9278582877d9018637c6817617705899d2858d7572ef0fe59a6b6454b4?s=96&d=mm&r=g","caption":"Canal Dana"},"url":"https:\/\/dana.com.br\/canaldana\/author\/cdeditor\/"}]}},"_links":{"self":[{"href":"https:\/\/dana.com.br\/canaldana\/wp-json\/wp\/v2\/posts\/23675","targetHints":{"allow":["GET"]}}],"collection":[{"href":"https:\/\/dana.com.br\/canaldana\/wp-json\/wp\/v2\/posts"}],"about":[{"href":"https:\/\/dana.com.br\/canaldana\/wp-json\/wp\/v2\/types\/post"}],"author":[{"embeddable":true,"href":"https:\/\/dana.com.br\/canaldana\/wp-json\/wp\/v2\/users\/3"}],"replies":[{"embeddable":true,"href":"https:\/\/dana.com.br\/canaldana\/wp-json\/wp\/v2\/comments?post=23675"}],"version-history":[{"count":0,"href":"https:\/\/dana.com.br\/canaldana\/wp-json\/wp\/v2\/posts\/23675\/revisions"}],"wp:attachment":[{"href":"https:\/\/dana.com.br\/canaldana\/wp-json\/wp\/v2\/media?parent=23675"}],"wp:term":[{"taxonomy":"category","embeddable":true,"href":"https:\/\/dana.com.br\/canaldana\/wp-json\/wp\/v2\/categories?post=23675"},{"taxonomy":"post_tag","embeddable":true,"href":"https:\/\/dana.com.br\/canaldana\/wp-json\/wp\/v2\/tags?post=23675"}],"curies":[{"name":"wp","href":"https:\/\/api.w.org\/{rel}","templated":true}]}}