{"id":23523,"date":"2018-03-01T08:44:58","date_gmt":"2018-03-01T11:44:58","guid":{"rendered":"http:\/\/dana.com.br\/canaldana\/?p=23523"},"modified":"2018-03-01T08:44:58","modified_gmt":"2018-03-01T11:44:58","slug":"manual-para-descarte-correto-de-automoveis","status":"publish","type":"post","link":"https:\/\/dana.com.br\/canaldana\/2018\/03\/01\/manual-para-descarte-correto-de-automoveis\/","title":{"rendered":"Manual para descarte correto de autom\u00f3veis"},"content":{"rendered":"<p><em>AutoPapo<\/em><\/p>\n<p>&nbsp;<\/p>\n<p>De acordo com o Departamento Nacional de Tr\u00e2nsito (Denatran), em 2016, a frota brasileira era composta por 51,2 milh\u00f5es de autom\u00f3veis. S\u00f3 em 2017, 2,7 milh\u00f5es de carros foram produzidos no Brasil, segundo a Associa\u00e7\u00e3o Nacional dos Fabricantes de Ve\u00edculos Automotores (Anfavea). Os n\u00fameros s\u00e3o exorbitantes e aumentam bastante, o que nos leva a refletir: para onde v\u00e3o \u2013 ou deveriam ir \u2013 os carros velhos? Como \u00e9 feito o descarte correto de autom\u00f3veis?<\/p>\n<p>&nbsp;<\/p>\n<p>Para o Conselho Nacional de Tr\u00e2nsito (Contran), a regra \u00e9 clara, \u00e9 preciso proceder a baixa do registro do ve\u00edculo no sistema de dados do Detran. A obrigatoriedade da baixa est\u00e1 descrita na Resolu\u00e7\u00e3o n\u00famero 11 do \u00f3rg\u00e3o, mas, no documento, ningu\u00e9m conta a novela que \u00e9 conseguir chegar ao final do processo.<\/p>\n<p>&nbsp;<\/p>\n<p>Em primeiro lugar, para jogar o seu velho companheiro fora, \u00e9 preciso quitar todos os d\u00e9bitos relacionados a ele. No sistema do Detran devem estar registrados os pagamentos do Imposto Sobre a Propriedade de Ve\u00edculos Automotores (IPVA), da Taxa de Licenciamento, do Seguro Obrigat\u00f3rio, das Multas e da baixa de impedimentos (se houver).<\/p>\n<p>&nbsp;<\/p>\n<p>Depois, um formul\u00e1rio eletr\u00f4nico disponibilizado no site do Detran deve ser preenchido e assinado. Feito isso, ser\u00e1 gerado o Documento de Arrecada\u00e7\u00e3o Estadual (DAE) referente ao servi\u00e7o de baixa de ve\u00edculo. Como o processo \u00e9 estadual, os valores s\u00e3o diferentes em cada regi\u00e3o do Brasil. Em Minas Gerais, por exemplo, a DAE custa R$ 78,03. Mas essa n\u00e3o \u00e9 a \u00fanica taxa que o motorista deve pagar.<\/p>\n<p>&nbsp;<\/p>\n<p>Ap\u00f3s pagar a arrecada\u00e7\u00e3o e preencher a ficha cadastral, \u00e9 necess\u00e1rio se dirigir ao setor de vistoria da unidade de tr\u00e2nsito. Nas capitais, a Divis\u00e3o de Registro de Ve\u00edculos (DRV), nas cidades do interior, as Circunscri\u00e7\u00f5es Regionais de Tr\u00e2nsito (Ciretrans). L\u00e1 ser\u00e1 solicitada a vistoria m\u00f3vel para fins de recolhimento das placas e recorte do chassi.<\/p>\n<p>&nbsp;<\/p>\n<p>O servi\u00e7o de Vistoria M\u00f3vel tamb\u00e9m gera custos. O Detran-MG informou que, no estado, o valor \u00e9 de R$ 195,08. H\u00e1 tamb\u00e9m a op\u00e7\u00e3o de vistoria presencial, nos casos em que existe a possibilidade de apresentar o ve\u00edculo a ser descartado na unidade de tr\u00e2nsito (o ve\u00edculo automotor com perda total pode ser levado em reboque).<\/p>\n<p>&nbsp;<\/p>\n<p>Fazer o descarte correto de autom\u00f3veis n\u00e3o \u00e9 tarefa f\u00e1cil. Processo gera custos, demanda tempo e precisa obedecer leis e resolu\u00e7\u00f5es nacionais.<\/p>\n<p>&nbsp;<\/p>\n<p>De posse do laudo de vistoria atestando o recolhimento das placas e recorte do chassi, \u00e9 preciso procurar o setor de emiss\u00e3o de documentos da unidade de tr\u00e2nsito para apresentar os documentos necess\u00e1rios.<\/p>\n<p>&nbsp;<\/p>\n<p><strong>Documentos necess\u00e1rios<\/strong><\/p>\n<p>&nbsp;<\/p>\n<p>Certificado de Registro de Ve\u00edculo (CRV) (em branco); Na aus\u00eancia do CRV apresentar a ocorr\u00eancia de roubo, furto ou extravio;<\/p>\n<p>Boletim de ocorr\u00eancia policial ou declara\u00e7\u00e3o do propriet\u00e1rio com firma reconhecida em cart\u00f3rio, informando e solicitando o motivo da baixa do ve\u00edculo;<\/p>\n<p>C\u00f3pias e originais do documento de identidade atualizada e CPF;<\/p>\n<p>Formul\u00e1rio preenchido e assinado<\/p>\n<p>Recolhimento do DAE<\/p>\n<p>&nbsp;<\/p>\n<p>Os t\u00e1xis ou ve\u00edculos de transporte escolar devem apresentar, tamb\u00e9m, carta de autoriza\u00e7\u00e3o de circula\u00e7\u00e3o do \u00f3rg\u00e3o permission\u00e1rio municipal ou estadual \u2013 Departamento de Estradas de Rodagem (DER).<\/p>\n<p>&nbsp;<\/p>\n<p><strong>Aten\u00e7\u00e3o!<\/strong><\/p>\n<p>&nbsp;<\/p>\n<p>Ve\u00edculos com restri\u00e7\u00e3o financeira: Leasing, aliena\u00e7\u00e3o fiduci\u00e1ria ou reserva de dom\u00ednio dever\u00e3o solicitar baixa da restri\u00e7\u00e3o via Sistema Nacional de Gravames (SNG).<\/p>\n<p>&nbsp;<\/p>\n<p>No caso de representa\u00e7\u00e3o para dar entrada ou receber o documento, s\u00e3o necess\u00e1rios mais alguns documentos. Veja:<\/p>\n<p>&nbsp;<\/p>\n<p>Representa\u00e7\u00e3o por parentes de 1\u00ba grau (pai, m\u00e3e, filho(a), marido e esposa) s\u00f3 acontecem mediante apresenta\u00e7\u00e3o do documento de identidade e certid\u00e3o de casamento comprovando o parentesco (c\u00f3pias e originais ou c\u00f3pias autenticadas);<\/p>\n<p>&nbsp;<\/p>\n<p>Representa\u00e7\u00e3o por terceiros: \u00e9 necess\u00e1rio apresentar uma procura\u00e7\u00e3o p\u00fablica (lavrada em cart\u00f3rio) original ou c\u00f3pias autenticadas acompanhada dos documentos do propriet\u00e1rio e do procurador (c\u00f3pias e originais ou c\u00f3pias autenticadas);<\/p>\n<p>&nbsp;<\/p>\n<p>Representa\u00e7\u00e3o por Pessoa Jur\u00eddica devem ser realizadas com: Cart\u00e3o do CNPJ com menos de 90 dias; Contrato social ou c\u00f3pia autenticada; Procurador p\u00fablico com o documento de identidade atualizada (c\u00f3pia e original), procura\u00e7\u00e3o original ou c\u00f3pia autenticada.<\/p>\n<p>&nbsp;<\/p>\n<p><strong>Baixa realizada, \u00e9 hora de dar adeus \u00e0 carca\u00e7a<\/strong><\/p>\n<p>&nbsp;<\/p>\n<p>Achou que desmanchar o carro ia ser f\u00e1cil? Existe uma lei que rege a destina\u00e7\u00e3o de ve\u00edculos, a Lei 12.977. De acordo com ela, o correto \u00e9 procurar empresas de desmontagem ou reciclagem automotiva credenciadas pelo Detran do seu estado.<\/p>\n<p>&nbsp;<\/p>\n<p>Dar um fim legal ao \u201ccarro velho\u201d \u00e9 uma necessidade. Isso porque, em grande parte dos munic\u00edpios brasileiros, abandonar um autom\u00f3vel em via p\u00fablica por mais de cinco dias \u00e9 crime!<\/p>\n<p>&nbsp;<\/p>\n<p>Vale ressaltar, tamb\u00e9m, que abandonar ve\u00edculos nos p\u00e1tios do Detran n\u00e3o \u00e9 uma op\u00e7\u00e3o. A perman\u00eancia do ve\u00edculo nos p\u00e1tios implica no pagamento de taxas pela estadia.<\/p>\n<p>&nbsp;<\/p>\n<p>O Denatran entende que a solu\u00e7\u00e3o mais vi\u00e1vel para os ve\u00edculos pass\u00edveis de baixa permanente, \u00e0 luz da legisla\u00e7\u00e3o em vigor, \u00e9 a desmontagem legal em empresas que atendam \u00e0 Lei, e as pe\u00e7as e conjuntos de pe\u00e7as serv\u00edveis (ap\u00f3s avalia\u00e7\u00e3o de profissional Engenheiro Mec\u00e2nico) seja o com\u00e9rcio de pe\u00e7as usadas, desde que essas pe\u00e7as possam ser cadastradas em um banco de dados nacional e tenha rastreabilidade. (AutoPapo\/Laurie Andrade)<\/p>\n","protected":false},"excerpt":{"rendered":"<p>AutoPapo &nbsp; De acordo com o Departamento Nacional de Tr\u00e2nsito (Denatran), em 2016, a frota brasileira era composta por 51,2 milh\u00f5es de autom\u00f3veis. S\u00f3 em 2017, 2,7 milh\u00f5es de carros foram produzidos no Brasil, segundo a Associa\u00e7\u00e3o Nacional dos Fabricantes de Ve\u00edculos Automotores (Anfavea). Os n\u00fameros s\u00e3o exorbitantes e aumentam bastante, o que nos leva\u2026 <a class=\"readmore\" href=\"https:\/\/dana.com.br\/canaldana\/2018\/03\/01\/manual-para-descarte-correto-de-automoveis\/\">Leia mais \u00bb<\/a><\/p>\n","protected":false},"author":3,"featured_media":0,"comment_status":"closed","ping_status":"closed","sticky":false,"template":"","format":"standard","meta":{"_acf_changed":false,"footnotes":""},"categories":[79],"tags":[],"class_list":["post-23523","post","type-post","status-publish","format-standard","hentry","category-mercado"],"acf":[],"yoast_head":"<!-- This site is optimized with the Yoast SEO plugin v27.3 - https:\/\/yoast.com\/product\/yoast-seo-wordpress\/ -->\n<title>Manual para descarte correto de autom\u00f3veis - Canal Dana<\/title>\n<meta name=\"robots\" content=\"index, follow, max-snippet:-1, max-image-preview:large, max-video-preview:-1\" \/>\n<link rel=\"canonical\" href=\"https:\/\/dana.com.br\/canaldana\/2018\/03\/01\/manual-para-descarte-correto-de-automoveis\/\" \/>\n<meta property=\"og:locale\" content=\"pt_BR\" \/>\n<meta property=\"og:type\" content=\"article\" \/>\n<meta property=\"og:title\" content=\"Manual para descarte correto de autom\u00f3veis - Canal Dana\" \/>\n<meta property=\"og:description\" content=\"AutoPapo &nbsp; De acordo com o Departamento Nacional de Tr\u00e2nsito (Denatran), em 2016, a frota brasileira era composta por 51,2 milh\u00f5es de autom\u00f3veis. S\u00f3 em 2017, 2,7 milh\u00f5es de carros foram produzidos no Brasil, segundo a Associa\u00e7\u00e3o Nacional dos Fabricantes de Ve\u00edculos Automotores (Anfavea). Os n\u00fameros s\u00e3o exorbitantes e aumentam bastante, o que nos leva\u2026 Leia mais \u00bb\" \/>\n<meta property=\"og:url\" content=\"https:\/\/dana.com.br\/canaldana\/2018\/03\/01\/manual-para-descarte-correto-de-automoveis\/\" \/>\n<meta property=\"og:site_name\" content=\"Canal Dana\" \/>\n<meta property=\"article:published_time\" content=\"2018-03-01T11:44:58+00:00\" \/>\n<meta name=\"author\" content=\"Canal Dana\" \/>\n<meta name=\"twitter:card\" content=\"summary_large_image\" \/>\n<meta name=\"twitter:label1\" content=\"Escrito por\" \/>\n\t<meta name=\"twitter:data1\" content=\"Canal Dana\" \/>\n\t<meta name=\"twitter:label2\" content=\"Est. tempo de leitura\" \/>\n\t<meta name=\"twitter:data2\" content=\"5 minutos\" \/>\n<script type=\"application\/ld+json\" class=\"yoast-schema-graph\">{\"@context\":\"https:\\\/\\\/schema.org\",\"@graph\":[{\"@type\":\"Article\",\"@id\":\"https:\\\/\\\/dana.com.br\\\/canaldana\\\/2018\\\/03\\\/01\\\/manual-para-descarte-correto-de-automoveis\\\/#article\",\"isPartOf\":{\"@id\":\"https:\\\/\\\/dana.com.br\\\/canaldana\\\/2018\\\/03\\\/01\\\/manual-para-descarte-correto-de-automoveis\\\/\"},\"author\":{\"name\":\"Canal Dana\",\"@id\":\"https:\\\/\\\/dana.com.br\\\/canaldana\\\/#\\\/schema\\\/person\\\/3c21f22f56fcf3bc46b94bc60ea4fef6\"},\"headline\":\"Manual para descarte correto de autom\u00f3veis\",\"datePublished\":\"2018-03-01T11:44:58+00:00\",\"mainEntityOfPage\":{\"@id\":\"https:\\\/\\\/dana.com.br\\\/canaldana\\\/2018\\\/03\\\/01\\\/manual-para-descarte-correto-de-automoveis\\\/\"},\"wordCount\":949,\"articleSection\":[\"Mercado\"],\"inLanguage\":\"pt-BR\"},{\"@type\":\"WebPage\",\"@id\":\"https:\\\/\\\/dana.com.br\\\/canaldana\\\/2018\\\/03\\\/01\\\/manual-para-descarte-correto-de-automoveis\\\/\",\"url\":\"https:\\\/\\\/dana.com.br\\\/canaldana\\\/2018\\\/03\\\/01\\\/manual-para-descarte-correto-de-automoveis\\\/\",\"name\":\"Manual para descarte correto de autom\u00f3veis - Canal Dana\",\"isPartOf\":{\"@id\":\"https:\\\/\\\/dana.com.br\\\/canaldana\\\/#website\"},\"datePublished\":\"2018-03-01T11:44:58+00:00\",\"author\":{\"@id\":\"https:\\\/\\\/dana.com.br\\\/canaldana\\\/#\\\/schema\\\/person\\\/3c21f22f56fcf3bc46b94bc60ea4fef6\"},\"breadcrumb\":{\"@id\":\"https:\\\/\\\/dana.com.br\\\/canaldana\\\/2018\\\/03\\\/01\\\/manual-para-descarte-correto-de-automoveis\\\/#breadcrumb\"},\"inLanguage\":\"pt-BR\",\"potentialAction\":[{\"@type\":\"ReadAction\",\"target\":[\"https:\\\/\\\/dana.com.br\\\/canaldana\\\/2018\\\/03\\\/01\\\/manual-para-descarte-correto-de-automoveis\\\/\"]}]},{\"@type\":\"BreadcrumbList\",\"@id\":\"https:\\\/\\\/dana.com.br\\\/canaldana\\\/2018\\\/03\\\/01\\\/manual-para-descarte-correto-de-automoveis\\\/#breadcrumb\",\"itemListElement\":[{\"@type\":\"ListItem\",\"position\":1,\"name\":\"Home\",\"item\":\"https:\\\/\\\/dana.com.br\\\/canaldana\\\/\"},{\"@type\":\"ListItem\",\"position\":2,\"name\":\"Mercado\",\"item\":\"https:\\\/\\\/dana.com.br\\\/canaldana\\\/mercado\\\/\"},{\"@type\":\"ListItem\",\"position\":3,\"name\":\"Manual para descarte correto de autom\u00f3veis\"}]},{\"@type\":\"WebSite\",\"@id\":\"https:\\\/\\\/dana.com.br\\\/canaldana\\\/#website\",\"url\":\"https:\\\/\\\/dana.com.br\\\/canaldana\\\/\",\"name\":\"Canal Dana\",\"description\":\"Informativo com as principais not\u00edcias da ind\u00fastria automotiva\",\"potentialAction\":[{\"@type\":\"SearchAction\",\"target\":{\"@type\":\"EntryPoint\",\"urlTemplate\":\"https:\\\/\\\/dana.com.br\\\/canaldana\\\/?s={search_term_string}\"},\"query-input\":{\"@type\":\"PropertyValueSpecification\",\"valueRequired\":true,\"valueName\":\"search_term_string\"}}],\"inLanguage\":\"pt-BR\"},{\"@type\":\"Person\",\"@id\":\"https:\\\/\\\/dana.com.br\\\/canaldana\\\/#\\\/schema\\\/person\\\/3c21f22f56fcf3bc46b94bc60ea4fef6\",\"name\":\"Canal Dana\",\"image\":{\"@type\":\"ImageObject\",\"inLanguage\":\"pt-BR\",\"@id\":\"https:\\\/\\\/secure.gravatar.com\\\/avatar\\\/420aaf9278582877d9018637c6817617705899d2858d7572ef0fe59a6b6454b4?s=96&d=mm&r=g\",\"url\":\"https:\\\/\\\/secure.gravatar.com\\\/avatar\\\/420aaf9278582877d9018637c6817617705899d2858d7572ef0fe59a6b6454b4?s=96&d=mm&r=g\",\"contentUrl\":\"https:\\\/\\\/secure.gravatar.com\\\/avatar\\\/420aaf9278582877d9018637c6817617705899d2858d7572ef0fe59a6b6454b4?s=96&d=mm&r=g\",\"caption\":\"Canal Dana\"},\"url\":\"https:\\\/\\\/dana.com.br\\\/canaldana\\\/author\\\/cdeditor\\\/\"}]}<\/script>\n<!-- \/ Yoast SEO plugin. -->","yoast_head_json":{"title":"Manual para descarte correto de autom\u00f3veis - Canal Dana","robots":{"index":"index","follow":"follow","max-snippet":"max-snippet:-1","max-image-preview":"max-image-preview:large","max-video-preview":"max-video-preview:-1"},"canonical":"https:\/\/dana.com.br\/canaldana\/2018\/03\/01\/manual-para-descarte-correto-de-automoveis\/","og_locale":"pt_BR","og_type":"article","og_title":"Manual para descarte correto de autom\u00f3veis - Canal Dana","og_description":"AutoPapo &nbsp; De acordo com o Departamento Nacional de Tr\u00e2nsito (Denatran), em 2016, a frota brasileira era composta por 51,2 milh\u00f5es de autom\u00f3veis. S\u00f3 em 2017, 2,7 milh\u00f5es de carros foram produzidos no Brasil, segundo a Associa\u00e7\u00e3o Nacional dos Fabricantes de Ve\u00edculos Automotores (Anfavea). Os n\u00fameros s\u00e3o exorbitantes e aumentam bastante, o que nos leva\u2026 Leia mais \u00bb","og_url":"https:\/\/dana.com.br\/canaldana\/2018\/03\/01\/manual-para-descarte-correto-de-automoveis\/","og_site_name":"Canal Dana","article_published_time":"2018-03-01T11:44:58+00:00","author":"Canal Dana","twitter_card":"summary_large_image","twitter_misc":{"Escrito por":"Canal Dana","Est. tempo de leitura":"5 minutos"},"schema":{"@context":"https:\/\/schema.org","@graph":[{"@type":"Article","@id":"https:\/\/dana.com.br\/canaldana\/2018\/03\/01\/manual-para-descarte-correto-de-automoveis\/#article","isPartOf":{"@id":"https:\/\/dana.com.br\/canaldana\/2018\/03\/01\/manual-para-descarte-correto-de-automoveis\/"},"author":{"name":"Canal Dana","@id":"https:\/\/dana.com.br\/canaldana\/#\/schema\/person\/3c21f22f56fcf3bc46b94bc60ea4fef6"},"headline":"Manual para descarte correto de autom\u00f3veis","datePublished":"2018-03-01T11:44:58+00:00","mainEntityOfPage":{"@id":"https:\/\/dana.com.br\/canaldana\/2018\/03\/01\/manual-para-descarte-correto-de-automoveis\/"},"wordCount":949,"articleSection":["Mercado"],"inLanguage":"pt-BR"},{"@type":"WebPage","@id":"https:\/\/dana.com.br\/canaldana\/2018\/03\/01\/manual-para-descarte-correto-de-automoveis\/","url":"https:\/\/dana.com.br\/canaldana\/2018\/03\/01\/manual-para-descarte-correto-de-automoveis\/","name":"Manual para descarte correto de autom\u00f3veis - Canal Dana","isPartOf":{"@id":"https:\/\/dana.com.br\/canaldana\/#website"},"datePublished":"2018-03-01T11:44:58+00:00","author":{"@id":"https:\/\/dana.com.br\/canaldana\/#\/schema\/person\/3c21f22f56fcf3bc46b94bc60ea4fef6"},"breadcrumb":{"@id":"https:\/\/dana.com.br\/canaldana\/2018\/03\/01\/manual-para-descarte-correto-de-automoveis\/#breadcrumb"},"inLanguage":"pt-BR","potentialAction":[{"@type":"ReadAction","target":["https:\/\/dana.com.br\/canaldana\/2018\/03\/01\/manual-para-descarte-correto-de-automoveis\/"]}]},{"@type":"BreadcrumbList","@id":"https:\/\/dana.com.br\/canaldana\/2018\/03\/01\/manual-para-descarte-correto-de-automoveis\/#breadcrumb","itemListElement":[{"@type":"ListItem","position":1,"name":"Home","item":"https:\/\/dana.com.br\/canaldana\/"},{"@type":"ListItem","position":2,"name":"Mercado","item":"https:\/\/dana.com.br\/canaldana\/mercado\/"},{"@type":"ListItem","position":3,"name":"Manual para descarte correto de autom\u00f3veis"}]},{"@type":"WebSite","@id":"https:\/\/dana.com.br\/canaldana\/#website","url":"https:\/\/dana.com.br\/canaldana\/","name":"Canal Dana","description":"Informativo com as principais not\u00edcias da ind\u00fastria automotiva","potentialAction":[{"@type":"SearchAction","target":{"@type":"EntryPoint","urlTemplate":"https:\/\/dana.com.br\/canaldana\/?s={search_term_string}"},"query-input":{"@type":"PropertyValueSpecification","valueRequired":true,"valueName":"search_term_string"}}],"inLanguage":"pt-BR"},{"@type":"Person","@id":"https:\/\/dana.com.br\/canaldana\/#\/schema\/person\/3c21f22f56fcf3bc46b94bc60ea4fef6","name":"Canal Dana","image":{"@type":"ImageObject","inLanguage":"pt-BR","@id":"https:\/\/secure.gravatar.com\/avatar\/420aaf9278582877d9018637c6817617705899d2858d7572ef0fe59a6b6454b4?s=96&d=mm&r=g","url":"https:\/\/secure.gravatar.com\/avatar\/420aaf9278582877d9018637c6817617705899d2858d7572ef0fe59a6b6454b4?s=96&d=mm&r=g","contentUrl":"https:\/\/secure.gravatar.com\/avatar\/420aaf9278582877d9018637c6817617705899d2858d7572ef0fe59a6b6454b4?s=96&d=mm&r=g","caption":"Canal Dana"},"url":"https:\/\/dana.com.br\/canaldana\/author\/cdeditor\/"}]}},"_links":{"self":[{"href":"https:\/\/dana.com.br\/canaldana\/wp-json\/wp\/v2\/posts\/23523","targetHints":{"allow":["GET"]}}],"collection":[{"href":"https:\/\/dana.com.br\/canaldana\/wp-json\/wp\/v2\/posts"}],"about":[{"href":"https:\/\/dana.com.br\/canaldana\/wp-json\/wp\/v2\/types\/post"}],"author":[{"embeddable":true,"href":"https:\/\/dana.com.br\/canaldana\/wp-json\/wp\/v2\/users\/3"}],"replies":[{"embeddable":true,"href":"https:\/\/dana.com.br\/canaldana\/wp-json\/wp\/v2\/comments?post=23523"}],"version-history":[{"count":0,"href":"https:\/\/dana.com.br\/canaldana\/wp-json\/wp\/v2\/posts\/23523\/revisions"}],"wp:attachment":[{"href":"https:\/\/dana.com.br\/canaldana\/wp-json\/wp\/v2\/media?parent=23523"}],"wp:term":[{"taxonomy":"category","embeddable":true,"href":"https:\/\/dana.com.br\/canaldana\/wp-json\/wp\/v2\/categories?post=23523"},{"taxonomy":"post_tag","embeddable":true,"href":"https:\/\/dana.com.br\/canaldana\/wp-json\/wp\/v2\/tags?post=23523"}],"curies":[{"name":"wp","href":"https:\/\/api.w.org\/{rel}","templated":true}]}}