{"id":23519,"date":"2018-03-01T08:33:52","date_gmt":"2018-03-01T11:33:52","guid":{"rendered":"http:\/\/dana.com.br\/canaldana\/?p=23519"},"modified":"2018-03-01T08:33:52","modified_gmt":"2018-03-01T11:33:52","slug":"eua-determinam-que-carros-hibridos-e-eletricos-tenham-som-de-alerta","status":"publish","type":"post","link":"https:\/\/dana.com.br\/canaldana\/2018\/03\/01\/eua-determinam-que-carros-hibridos-e-eletricos-tenham-som-de-alerta\/","title":{"rendered":"EUA determinam que carros h\u00edbridos e el\u00e9tricos tenham som de alerta"},"content":{"rendered":"<p><em>Jornal do Carro<\/em><\/p>\n<p>&nbsp;<\/p>\n<p>Ve\u00edculos h\u00edbridos e el\u00e9tricos n\u00e3o poder\u00e3o mais ser totalmente silenciosos nos Estados Unidos. O Departamento de Transportes do pa\u00eds determinou que esses carros precisam emitir algum ru\u00eddo para alertar ciclistas, deficientes visuais e pedestres de uma maneira geral. As montadoras t\u00eam at\u00e9 setembro de 2020 para se adequarem \u00e0s novas regras.<\/p>\n<p>&nbsp;<\/p>\n<p>Fabricantes como a Tesla, a Nissan e a GM ser\u00e3o obrigadas a garantir que seus carros produzam algum tipo de ru\u00eddo a velocidades at\u00e9 30 km\/h. Para velocidades mais altas, o barulho dos pneus, da resist\u00eancia do vento e outros fatores tornam desnecess\u00e1ria a emiss\u00e3o de um som pr\u00f3prio dos ve\u00edculos.<\/p>\n<p>&nbsp;<\/p>\n<p>A Nissan alegou que um alerta sonoro s\u00f3 seria necess\u00e1rio para at\u00e9 20 km\/h. Por\u00e9m, a Administra\u00e7\u00e3o Nacional de Seguran\u00e7a Rodovi\u00e1ria americana (NHTSA), bra\u00e7o do Departamento de Transportes, discorda da montadora e manteve a decis\u00e3o para at\u00e9 30 km\/h.<\/p>\n<p>&nbsp;<\/p>\n<p>Agora, o \u00f3rg\u00e3o vai analisar um pedido das fabricantes sobre a inclus\u00e3o de diversos tipos de alertas sonoros. Desta forma, os propriet\u00e1rios poderiam selecionar o ru\u00eddo de prefer\u00eancia.<\/p>\n<p>&nbsp;<\/p>\n<p>A NHTSA estima que as montadoras gastar\u00e3o cerca de US$ 40 milh\u00f5es por ano para adicionar alto-falantes \u200b\u200bexternos imperme\u00e1veis aos seus ve\u00edculos. Por outro lado, haver\u00e1 a economia de US$ 250 milh\u00f5es a US$ 320 milh\u00f5es por ano com a redu\u00e7\u00e3o de acidentes causados por autom\u00f3veis \u201csilenciosos\u201d.<\/p>\n<p>&nbsp;<\/p>\n<p>A ag\u00eancia informou que, atualmente, a probabilidade de um ve\u00edculo h\u00edbrido se envolver em um acidente com pedestres \u00e9 19% maior que a de carros com motor a combust\u00e3o. At\u00e9 setembro de 2019, ou seja, um ano antes do prazo estabelecido para a adequa\u00e7\u00e3o, 50% dos autom\u00f3veis j\u00e1 devem ter o dispositivo. (Jornal do Carro)<\/p>\n","protected":false},"excerpt":{"rendered":"<p>Jornal do Carro &nbsp; Ve\u00edculos h\u00edbridos e el\u00e9tricos n\u00e3o poder\u00e3o mais ser totalmente silenciosos nos Estados Unidos. O Departamento de Transportes do pa\u00eds determinou que esses carros precisam emitir algum ru\u00eddo para alertar ciclistas, deficientes visuais e pedestres de uma maneira geral. As montadoras t\u00eam at\u00e9 setembro de 2020 para se adequarem \u00e0s novas regras.\u2026 <a class=\"readmore\" href=\"https:\/\/dana.com.br\/canaldana\/2018\/03\/01\/eua-determinam-que-carros-hibridos-e-eletricos-tenham-som-de-alerta\/\">Leia mais \u00bb<\/a><\/p>\n","protected":false},"author":3,"featured_media":0,"comment_status":"closed","ping_status":"closed","sticky":false,"template":"","format":"standard","meta":{"_acf_changed":false,"footnotes":""},"categories":[79],"tags":[],"class_list":["post-23519","post","type-post","status-publish","format-standard","hentry","category-mercado"],"acf":[],"yoast_head":"<!-- This site is optimized with the Yoast SEO plugin v27.3 - https:\/\/yoast.com\/product\/yoast-seo-wordpress\/ -->\n<title>EUA determinam que carros h\u00edbridos e el\u00e9tricos tenham som de alerta - Canal Dana<\/title>\n<meta name=\"robots\" content=\"index, follow, max-snippet:-1, max-image-preview:large, max-video-preview:-1\" \/>\n<link rel=\"canonical\" href=\"https:\/\/dana.com.br\/canaldana\/2018\/03\/01\/eua-determinam-que-carros-hibridos-e-eletricos-tenham-som-de-alerta\/\" \/>\n<meta property=\"og:locale\" content=\"pt_BR\" \/>\n<meta property=\"og:type\" content=\"article\" \/>\n<meta property=\"og:title\" content=\"EUA determinam que carros h\u00edbridos e el\u00e9tricos tenham som de alerta - Canal Dana\" \/>\n<meta property=\"og:description\" content=\"Jornal do Carro &nbsp; Ve\u00edculos h\u00edbridos e el\u00e9tricos n\u00e3o poder\u00e3o mais ser totalmente silenciosos nos Estados Unidos. O Departamento de Transportes do pa\u00eds determinou que esses carros precisam emitir algum ru\u00eddo para alertar ciclistas, deficientes visuais e pedestres de uma maneira geral. As montadoras t\u00eam at\u00e9 setembro de 2020 para se adequarem \u00e0s novas regras.\u2026 Leia mais \u00bb\" \/>\n<meta property=\"og:url\" content=\"https:\/\/dana.com.br\/canaldana\/2018\/03\/01\/eua-determinam-que-carros-hibridos-e-eletricos-tenham-som-de-alerta\/\" \/>\n<meta property=\"og:site_name\" content=\"Canal Dana\" \/>\n<meta property=\"article:published_time\" content=\"2018-03-01T11:33:52+00:00\" \/>\n<meta name=\"author\" content=\"Canal Dana\" \/>\n<meta name=\"twitter:card\" content=\"summary_large_image\" \/>\n<meta name=\"twitter:label1\" content=\"Escrito por\" \/>\n\t<meta name=\"twitter:data1\" content=\"Canal Dana\" \/>\n\t<meta name=\"twitter:label2\" content=\"Est. tempo de leitura\" \/>\n\t<meta name=\"twitter:data2\" content=\"2 minutos\" \/>\n<script type=\"application\/ld+json\" class=\"yoast-schema-graph\">{\"@context\":\"https:\\\/\\\/schema.org\",\"@graph\":[{\"@type\":\"Article\",\"@id\":\"https:\\\/\\\/dana.com.br\\\/canaldana\\\/2018\\\/03\\\/01\\\/eua-determinam-que-carros-hibridos-e-eletricos-tenham-som-de-alerta\\\/#article\",\"isPartOf\":{\"@id\":\"https:\\\/\\\/dana.com.br\\\/canaldana\\\/2018\\\/03\\\/01\\\/eua-determinam-que-carros-hibridos-e-eletricos-tenham-som-de-alerta\\\/\"},\"author\":{\"name\":\"Canal Dana\",\"@id\":\"https:\\\/\\\/dana.com.br\\\/canaldana\\\/#\\\/schema\\\/person\\\/3c21f22f56fcf3bc46b94bc60ea4fef6\"},\"headline\":\"EUA determinam que carros h\u00edbridos e el\u00e9tricos tenham som de alerta\",\"datePublished\":\"2018-03-01T11:33:52+00:00\",\"mainEntityOfPage\":{\"@id\":\"https:\\\/\\\/dana.com.br\\\/canaldana\\\/2018\\\/03\\\/01\\\/eua-determinam-que-carros-hibridos-e-eletricos-tenham-som-de-alerta\\\/\"},\"wordCount\":326,\"articleSection\":[\"Mercado\"],\"inLanguage\":\"pt-BR\"},{\"@type\":\"WebPage\",\"@id\":\"https:\\\/\\\/dana.com.br\\\/canaldana\\\/2018\\\/03\\\/01\\\/eua-determinam-que-carros-hibridos-e-eletricos-tenham-som-de-alerta\\\/\",\"url\":\"https:\\\/\\\/dana.com.br\\\/canaldana\\\/2018\\\/03\\\/01\\\/eua-determinam-que-carros-hibridos-e-eletricos-tenham-som-de-alerta\\\/\",\"name\":\"EUA determinam que carros h\u00edbridos e el\u00e9tricos tenham som de alerta - Canal Dana\",\"isPartOf\":{\"@id\":\"https:\\\/\\\/dana.com.br\\\/canaldana\\\/#website\"},\"datePublished\":\"2018-03-01T11:33:52+00:00\",\"author\":{\"@id\":\"https:\\\/\\\/dana.com.br\\\/canaldana\\\/#\\\/schema\\\/person\\\/3c21f22f56fcf3bc46b94bc60ea4fef6\"},\"breadcrumb\":{\"@id\":\"https:\\\/\\\/dana.com.br\\\/canaldana\\\/2018\\\/03\\\/01\\\/eua-determinam-que-carros-hibridos-e-eletricos-tenham-som-de-alerta\\\/#breadcrumb\"},\"inLanguage\":\"pt-BR\",\"potentialAction\":[{\"@type\":\"ReadAction\",\"target\":[\"https:\\\/\\\/dana.com.br\\\/canaldana\\\/2018\\\/03\\\/01\\\/eua-determinam-que-carros-hibridos-e-eletricos-tenham-som-de-alerta\\\/\"]}]},{\"@type\":\"BreadcrumbList\",\"@id\":\"https:\\\/\\\/dana.com.br\\\/canaldana\\\/2018\\\/03\\\/01\\\/eua-determinam-que-carros-hibridos-e-eletricos-tenham-som-de-alerta\\\/#breadcrumb\",\"itemListElement\":[{\"@type\":\"ListItem\",\"position\":1,\"name\":\"Home\",\"item\":\"https:\\\/\\\/dana.com.br\\\/canaldana\\\/\"},{\"@type\":\"ListItem\",\"position\":2,\"name\":\"Mercado\",\"item\":\"https:\\\/\\\/dana.com.br\\\/canaldana\\\/mercado\\\/\"},{\"@type\":\"ListItem\",\"position\":3,\"name\":\"EUA determinam que carros h\u00edbridos e el\u00e9tricos tenham som de alerta\"}]},{\"@type\":\"WebSite\",\"@id\":\"https:\\\/\\\/dana.com.br\\\/canaldana\\\/#website\",\"url\":\"https:\\\/\\\/dana.com.br\\\/canaldana\\\/\",\"name\":\"Canal Dana\",\"description\":\"Informativo com as principais not\u00edcias da ind\u00fastria automotiva\",\"potentialAction\":[{\"@type\":\"SearchAction\",\"target\":{\"@type\":\"EntryPoint\",\"urlTemplate\":\"https:\\\/\\\/dana.com.br\\\/canaldana\\\/?s={search_term_string}\"},\"query-input\":{\"@type\":\"PropertyValueSpecification\",\"valueRequired\":true,\"valueName\":\"search_term_string\"}}],\"inLanguage\":\"pt-BR\"},{\"@type\":\"Person\",\"@id\":\"https:\\\/\\\/dana.com.br\\\/canaldana\\\/#\\\/schema\\\/person\\\/3c21f22f56fcf3bc46b94bc60ea4fef6\",\"name\":\"Canal Dana\",\"image\":{\"@type\":\"ImageObject\",\"inLanguage\":\"pt-BR\",\"@id\":\"https:\\\/\\\/secure.gravatar.com\\\/avatar\\\/420aaf9278582877d9018637c6817617705899d2858d7572ef0fe59a6b6454b4?s=96&d=mm&r=g\",\"url\":\"https:\\\/\\\/secure.gravatar.com\\\/avatar\\\/420aaf9278582877d9018637c6817617705899d2858d7572ef0fe59a6b6454b4?s=96&d=mm&r=g\",\"contentUrl\":\"https:\\\/\\\/secure.gravatar.com\\\/avatar\\\/420aaf9278582877d9018637c6817617705899d2858d7572ef0fe59a6b6454b4?s=96&d=mm&r=g\",\"caption\":\"Canal Dana\"},\"url\":\"https:\\\/\\\/dana.com.br\\\/canaldana\\\/author\\\/cdeditor\\\/\"}]}<\/script>\n<!-- \/ Yoast SEO plugin. -->","yoast_head_json":{"title":"EUA determinam que carros h\u00edbridos e el\u00e9tricos tenham som de alerta - Canal Dana","robots":{"index":"index","follow":"follow","max-snippet":"max-snippet:-1","max-image-preview":"max-image-preview:large","max-video-preview":"max-video-preview:-1"},"canonical":"https:\/\/dana.com.br\/canaldana\/2018\/03\/01\/eua-determinam-que-carros-hibridos-e-eletricos-tenham-som-de-alerta\/","og_locale":"pt_BR","og_type":"article","og_title":"EUA determinam que carros h\u00edbridos e el\u00e9tricos tenham som de alerta - Canal Dana","og_description":"Jornal do Carro &nbsp; Ve\u00edculos h\u00edbridos e el\u00e9tricos n\u00e3o poder\u00e3o mais ser totalmente silenciosos nos Estados Unidos. O Departamento de Transportes do pa\u00eds determinou que esses carros precisam emitir algum ru\u00eddo para alertar ciclistas, deficientes visuais e pedestres de uma maneira geral. As montadoras t\u00eam at\u00e9 setembro de 2020 para se adequarem \u00e0s novas regras.\u2026 Leia mais \u00bb","og_url":"https:\/\/dana.com.br\/canaldana\/2018\/03\/01\/eua-determinam-que-carros-hibridos-e-eletricos-tenham-som-de-alerta\/","og_site_name":"Canal Dana","article_published_time":"2018-03-01T11:33:52+00:00","author":"Canal Dana","twitter_card":"summary_large_image","twitter_misc":{"Escrito por":"Canal Dana","Est. tempo de leitura":"2 minutos"},"schema":{"@context":"https:\/\/schema.org","@graph":[{"@type":"Article","@id":"https:\/\/dana.com.br\/canaldana\/2018\/03\/01\/eua-determinam-que-carros-hibridos-e-eletricos-tenham-som-de-alerta\/#article","isPartOf":{"@id":"https:\/\/dana.com.br\/canaldana\/2018\/03\/01\/eua-determinam-que-carros-hibridos-e-eletricos-tenham-som-de-alerta\/"},"author":{"name":"Canal Dana","@id":"https:\/\/dana.com.br\/canaldana\/#\/schema\/person\/3c21f22f56fcf3bc46b94bc60ea4fef6"},"headline":"EUA determinam que carros h\u00edbridos e el\u00e9tricos tenham som de alerta","datePublished":"2018-03-01T11:33:52+00:00","mainEntityOfPage":{"@id":"https:\/\/dana.com.br\/canaldana\/2018\/03\/01\/eua-determinam-que-carros-hibridos-e-eletricos-tenham-som-de-alerta\/"},"wordCount":326,"articleSection":["Mercado"],"inLanguage":"pt-BR"},{"@type":"WebPage","@id":"https:\/\/dana.com.br\/canaldana\/2018\/03\/01\/eua-determinam-que-carros-hibridos-e-eletricos-tenham-som-de-alerta\/","url":"https:\/\/dana.com.br\/canaldana\/2018\/03\/01\/eua-determinam-que-carros-hibridos-e-eletricos-tenham-som-de-alerta\/","name":"EUA determinam que carros h\u00edbridos e el\u00e9tricos tenham som de alerta - Canal Dana","isPartOf":{"@id":"https:\/\/dana.com.br\/canaldana\/#website"},"datePublished":"2018-03-01T11:33:52+00:00","author":{"@id":"https:\/\/dana.com.br\/canaldana\/#\/schema\/person\/3c21f22f56fcf3bc46b94bc60ea4fef6"},"breadcrumb":{"@id":"https:\/\/dana.com.br\/canaldana\/2018\/03\/01\/eua-determinam-que-carros-hibridos-e-eletricos-tenham-som-de-alerta\/#breadcrumb"},"inLanguage":"pt-BR","potentialAction":[{"@type":"ReadAction","target":["https:\/\/dana.com.br\/canaldana\/2018\/03\/01\/eua-determinam-que-carros-hibridos-e-eletricos-tenham-som-de-alerta\/"]}]},{"@type":"BreadcrumbList","@id":"https:\/\/dana.com.br\/canaldana\/2018\/03\/01\/eua-determinam-que-carros-hibridos-e-eletricos-tenham-som-de-alerta\/#breadcrumb","itemListElement":[{"@type":"ListItem","position":1,"name":"Home","item":"https:\/\/dana.com.br\/canaldana\/"},{"@type":"ListItem","position":2,"name":"Mercado","item":"https:\/\/dana.com.br\/canaldana\/mercado\/"},{"@type":"ListItem","position":3,"name":"EUA determinam que carros h\u00edbridos e el\u00e9tricos tenham som de alerta"}]},{"@type":"WebSite","@id":"https:\/\/dana.com.br\/canaldana\/#website","url":"https:\/\/dana.com.br\/canaldana\/","name":"Canal Dana","description":"Informativo com as principais not\u00edcias da ind\u00fastria automotiva","potentialAction":[{"@type":"SearchAction","target":{"@type":"EntryPoint","urlTemplate":"https:\/\/dana.com.br\/canaldana\/?s={search_term_string}"},"query-input":{"@type":"PropertyValueSpecification","valueRequired":true,"valueName":"search_term_string"}}],"inLanguage":"pt-BR"},{"@type":"Person","@id":"https:\/\/dana.com.br\/canaldana\/#\/schema\/person\/3c21f22f56fcf3bc46b94bc60ea4fef6","name":"Canal Dana","image":{"@type":"ImageObject","inLanguage":"pt-BR","@id":"https:\/\/secure.gravatar.com\/avatar\/420aaf9278582877d9018637c6817617705899d2858d7572ef0fe59a6b6454b4?s=96&d=mm&r=g","url":"https:\/\/secure.gravatar.com\/avatar\/420aaf9278582877d9018637c6817617705899d2858d7572ef0fe59a6b6454b4?s=96&d=mm&r=g","contentUrl":"https:\/\/secure.gravatar.com\/avatar\/420aaf9278582877d9018637c6817617705899d2858d7572ef0fe59a6b6454b4?s=96&d=mm&r=g","caption":"Canal Dana"},"url":"https:\/\/dana.com.br\/canaldana\/author\/cdeditor\/"}]}},"_links":{"self":[{"href":"https:\/\/dana.com.br\/canaldana\/wp-json\/wp\/v2\/posts\/23519","targetHints":{"allow":["GET"]}}],"collection":[{"href":"https:\/\/dana.com.br\/canaldana\/wp-json\/wp\/v2\/posts"}],"about":[{"href":"https:\/\/dana.com.br\/canaldana\/wp-json\/wp\/v2\/types\/post"}],"author":[{"embeddable":true,"href":"https:\/\/dana.com.br\/canaldana\/wp-json\/wp\/v2\/users\/3"}],"replies":[{"embeddable":true,"href":"https:\/\/dana.com.br\/canaldana\/wp-json\/wp\/v2\/comments?post=23519"}],"version-history":[{"count":0,"href":"https:\/\/dana.com.br\/canaldana\/wp-json\/wp\/v2\/posts\/23519\/revisions"}],"wp:attachment":[{"href":"https:\/\/dana.com.br\/canaldana\/wp-json\/wp\/v2\/media?parent=23519"}],"wp:term":[{"taxonomy":"category","embeddable":true,"href":"https:\/\/dana.com.br\/canaldana\/wp-json\/wp\/v2\/categories?post=23519"},{"taxonomy":"post_tag","embeddable":true,"href":"https:\/\/dana.com.br\/canaldana\/wp-json\/wp\/v2\/tags?post=23519"}],"curies":[{"name":"wp","href":"https:\/\/api.w.org\/{rel}","templated":true}]}}