{"id":23504,"date":"2018-02-28T08:37:25","date_gmt":"2018-02-28T11:37:25","guid":{"rendered":"http:\/\/dana.com.br\/canaldana\/?p=23504"},"modified":"2018-02-28T08:37:25","modified_gmt":"2018-02-28T11:37:25","slug":"scania-comemora-bons-resultados-em-2017-no-mercado-de-caminhoes-e-onibus","status":"publish","type":"post","link":"https:\/\/dana.com.br\/canaldana\/2018\/02\/28\/scania-comemora-bons-resultados-em-2017-no-mercado-de-caminhoes-e-onibus\/","title":{"rendered":"Scania comemora bons resultados em 2017 no mercado de caminh\u00f5es e \u00f4nibus"},"content":{"rendered":"<p><em>Frota &amp; Cia<\/em><\/p>\n<p>&nbsp;<\/p>\n<p>Depois de alcan\u00e7ar um crescimento de 36,5% nas vendas de caminh\u00f5es acima de 16 toneladas no mercado interno em 2017, ante o restante da ind\u00fastria que avan\u00e7ou 10,7%, a Scania estima um novo salto para o ano em curso. Nas contas da empresa, o segmento dever\u00e1 superar as 40 mil unidades licenciadas, o que projeta uma evolu\u00e7\u00e3o de 30% em rela\u00e7\u00e3o ao per\u00edodo anterior.<\/p>\n<p>&nbsp;<\/p>\n<p>\u201cH\u00e1 um reaquecimento da economia com o aumento da confian\u00e7a do consumidor, devido ao descolamento do cen\u00e1rio pol\u00edtico. Temos uma melhora gradativa do mercado e contamos com alguns fatores que poder\u00e3o ser decisivos para um ano melhor, como a baixa dos juros e uma renova\u00e7\u00e3o da frota Euro 5, adquirida no auge do mercado entre 2012 e 2014\u201d, explica Roberto Barral, vice-presidente das opera\u00e7\u00f5es comerciais da Scania no Brasil.<\/p>\n<p>&nbsp;<\/p>\n<p>No acumulado de janeiro a dezembro de 2017, a empresa emplacou 5.754 caminh\u00f5es, ante \u00e0s 4.216 unidades do ano anterior. Somente no segmento dos pesados, a marca contabilizou 4.901 unidades licenciadas, alta de 39,5% em rela\u00e7\u00e3o aos 3.514 caminh\u00f5es emplacadas em 2016. Com esse resultado, a participa\u00e7\u00e3o da Scania nesse competitivo mercado saltou de 23,5% para 26,1%, no bi\u00eanio passado.<\/p>\n<p>&nbsp;<\/p>\n<p><strong>Caminh\u00f5es semipesados<\/strong><\/p>\n<p>&nbsp;<\/p>\n<p>O mesmo se deu com os caminh\u00f5es semipesados, onde a marca registrou uma evolu\u00e7\u00e3o de 21,5%, com um total de 853 unidades comercializadas frente aos 702 ve\u00edculos de 2016. \u201cFoi o maior \u00edndice de crescimento da categoria, em um mercado que avan\u00e7ou apenas 5,7%. Ficamos pela primeira vez em quinto lugar no total e a participa\u00e7\u00e3o subiu de 4,7% para 6,3%\u201d, explica Barral.<\/p>\n<p>&nbsp;<\/p>\n<p>Um outro feito da marca foi a elei\u00e7\u00e3o do modelo R 440 A6x2 como \u201cCampe\u00e3o de Vendas\u201d no segmento de caminh\u00f5es pesados, com 2.011 unidades emplacadas, arrebatando o t\u00edtulo que foi do Volvo FH 540 6x4T at\u00e9 o ano passado.<\/p>\n<p>&nbsp;<\/p>\n<p>O ano de 2017 tamb\u00e9m trouxe \u00f3timos resultados para a divis\u00e3o de \u00f4nibus da Scania. Com 538 unidades vendidas, entre urbanos e rodovi\u00e1rios, a marca alcan\u00e7ou crescimento de 80% no per\u00edodo, enquanto a m\u00e9dia do mercado ficou em 5,3%. Em 2018, a montadora aposta em n\u00fameros pouco melhores para o segmento, da ordem de 10% de incremento nas vendas de \u00f4nibus rodovi\u00e1rios, mas sem muitas mudan\u00e7as de volumes no caso das vers\u00f5es urbanas.<\/p>\n<p>&nbsp;<\/p>\n<p><strong>Servi\u00e7os<\/strong><\/p>\n<p>&nbsp;<\/p>\n<p>Na \u00e1rea de servi\u00e7os, a Scania tamb\u00e9m comemora os primeiros meses de opera\u00e7\u00e3o do Plano de Manuten\u00e7\u00e3o Flex\u00edvel, lan\u00e7ado em outubro de 2017 na Fenatran. Em apenas quatro meses, a montadora fechou mais de 1.000 contratos na modalidade voltada para a gest\u00e3o de frotas. Segundo a empresa, a Manuten\u00e7\u00e3o com Planos Flex\u00edveis deve representar mais de 50% das vendas de Programas de Manuten\u00e7\u00e3o no Pa\u00eds at\u00e9 o final de 2018.<\/p>\n<p>&nbsp;<\/p>\n<p>\u201cConfiamos na efic\u00e1cia deste produto, pois sabemos que essa preocupa\u00e7\u00e3o com cada detalhe da opera\u00e7\u00e3o dos clientes \u00e9 uma exclusividade da Scania. Colocamos o mercado de transporte nacional no patamar de personaliza\u00e7\u00e3o da opera\u00e7\u00e3o, ou seja, conseguimos oferecer servi\u00e7os individualizados e com pagamento vari\u00e1vel de acordo com a necessidade de cada caminh\u00e3o de cada frota. Antes ningu\u00e9m tinha pensado nisso\u201d, esclarece Gustavo Andrade, gerente do portf\u00f3lio de Servi\u00e7os. (Frota &amp; Cia)<\/p>\n","protected":false},"excerpt":{"rendered":"<p>Frota &amp; Cia &nbsp; Depois de alcan\u00e7ar um crescimento de 36,5% nas vendas de caminh\u00f5es acima de 16 toneladas no mercado interno em 2017, ante o restante da ind\u00fastria que avan\u00e7ou 10,7%, a Scania estima um novo salto para o ano em curso. Nas contas da empresa, o segmento dever\u00e1 superar as 40 mil unidades\u2026 <a class=\"readmore\" href=\"https:\/\/dana.com.br\/canaldana\/2018\/02\/28\/scania-comemora-bons-resultados-em-2017-no-mercado-de-caminhoes-e-onibus\/\">Leia mais \u00bb<\/a><\/p>\n","protected":false},"author":3,"featured_media":0,"comment_status":"closed","ping_status":"closed","sticky":false,"template":"","format":"standard","meta":{"_acf_changed":false,"footnotes":""},"categories":[61],"tags":[],"class_list":["post-23504","post","type-post","status-publish","format-standard","hentry","category-destaques"],"acf":[],"yoast_head":"<!-- This site is optimized with the Yoast SEO plugin v27.3 - https:\/\/yoast.com\/product\/yoast-seo-wordpress\/ -->\n<title>Scania comemora bons resultados em 2017 no mercado de caminh\u00f5es e \u00f4nibus - Canal Dana<\/title>\n<meta name=\"robots\" content=\"index, follow, max-snippet:-1, max-image-preview:large, max-video-preview:-1\" \/>\n<link rel=\"canonical\" href=\"https:\/\/dana.com.br\/canaldana\/2018\/02\/28\/scania-comemora-bons-resultados-em-2017-no-mercado-de-caminhoes-e-onibus\/\" \/>\n<meta property=\"og:locale\" content=\"pt_BR\" \/>\n<meta property=\"og:type\" content=\"article\" \/>\n<meta property=\"og:title\" content=\"Scania comemora bons resultados em 2017 no mercado de caminh\u00f5es e \u00f4nibus - Canal Dana\" \/>\n<meta property=\"og:description\" content=\"Frota &amp; Cia &nbsp; Depois de alcan\u00e7ar um crescimento de 36,5% nas vendas de caminh\u00f5es acima de 16 toneladas no mercado interno em 2017, ante o restante da ind\u00fastria que avan\u00e7ou 10,7%, a Scania estima um novo salto para o ano em curso. Nas contas da empresa, o segmento dever\u00e1 superar as 40 mil unidades\u2026 Leia mais \u00bb\" \/>\n<meta property=\"og:url\" content=\"https:\/\/dana.com.br\/canaldana\/2018\/02\/28\/scania-comemora-bons-resultados-em-2017-no-mercado-de-caminhoes-e-onibus\/\" \/>\n<meta property=\"og:site_name\" content=\"Canal Dana\" \/>\n<meta property=\"article:published_time\" content=\"2018-02-28T11:37:25+00:00\" \/>\n<meta name=\"author\" content=\"Canal Dana\" \/>\n<meta name=\"twitter:card\" content=\"summary_large_image\" \/>\n<meta name=\"twitter:label1\" content=\"Escrito por\" \/>\n\t<meta name=\"twitter:data1\" content=\"Canal Dana\" \/>\n\t<meta name=\"twitter:label2\" content=\"Est. tempo de leitura\" \/>\n\t<meta name=\"twitter:data2\" content=\"3 minutos\" \/>\n<script type=\"application\/ld+json\" class=\"yoast-schema-graph\">{\"@context\":\"https:\\\/\\\/schema.org\",\"@graph\":[{\"@type\":\"Article\",\"@id\":\"https:\\\/\\\/dana.com.br\\\/canaldana\\\/2018\\\/02\\\/28\\\/scania-comemora-bons-resultados-em-2017-no-mercado-de-caminhoes-e-onibus\\\/#article\",\"isPartOf\":{\"@id\":\"https:\\\/\\\/dana.com.br\\\/canaldana\\\/2018\\\/02\\\/28\\\/scania-comemora-bons-resultados-em-2017-no-mercado-de-caminhoes-e-onibus\\\/\"},\"author\":{\"name\":\"Canal Dana\",\"@id\":\"https:\\\/\\\/dana.com.br\\\/canaldana\\\/#\\\/schema\\\/person\\\/3c21f22f56fcf3bc46b94bc60ea4fef6\"},\"headline\":\"Scania comemora bons resultados em 2017 no mercado de caminh\u00f5es e \u00f4nibus\",\"datePublished\":\"2018-02-28T11:37:25+00:00\",\"mainEntityOfPage\":{\"@id\":\"https:\\\/\\\/dana.com.br\\\/canaldana\\\/2018\\\/02\\\/28\\\/scania-comemora-bons-resultados-em-2017-no-mercado-de-caminhoes-e-onibus\\\/\"},\"wordCount\":562,\"articleSection\":[\"Destaques\"],\"inLanguage\":\"pt-BR\"},{\"@type\":\"WebPage\",\"@id\":\"https:\\\/\\\/dana.com.br\\\/canaldana\\\/2018\\\/02\\\/28\\\/scania-comemora-bons-resultados-em-2017-no-mercado-de-caminhoes-e-onibus\\\/\",\"url\":\"https:\\\/\\\/dana.com.br\\\/canaldana\\\/2018\\\/02\\\/28\\\/scania-comemora-bons-resultados-em-2017-no-mercado-de-caminhoes-e-onibus\\\/\",\"name\":\"Scania comemora bons resultados em 2017 no mercado de caminh\u00f5es e \u00f4nibus - Canal Dana\",\"isPartOf\":{\"@id\":\"https:\\\/\\\/dana.com.br\\\/canaldana\\\/#website\"},\"datePublished\":\"2018-02-28T11:37:25+00:00\",\"author\":{\"@id\":\"https:\\\/\\\/dana.com.br\\\/canaldana\\\/#\\\/schema\\\/person\\\/3c21f22f56fcf3bc46b94bc60ea4fef6\"},\"breadcrumb\":{\"@id\":\"https:\\\/\\\/dana.com.br\\\/canaldana\\\/2018\\\/02\\\/28\\\/scania-comemora-bons-resultados-em-2017-no-mercado-de-caminhoes-e-onibus\\\/#breadcrumb\"},\"inLanguage\":\"pt-BR\",\"potentialAction\":[{\"@type\":\"ReadAction\",\"target\":[\"https:\\\/\\\/dana.com.br\\\/canaldana\\\/2018\\\/02\\\/28\\\/scania-comemora-bons-resultados-em-2017-no-mercado-de-caminhoes-e-onibus\\\/\"]}]},{\"@type\":\"BreadcrumbList\",\"@id\":\"https:\\\/\\\/dana.com.br\\\/canaldana\\\/2018\\\/02\\\/28\\\/scania-comemora-bons-resultados-em-2017-no-mercado-de-caminhoes-e-onibus\\\/#breadcrumb\",\"itemListElement\":[{\"@type\":\"ListItem\",\"position\":1,\"name\":\"Home\",\"item\":\"https:\\\/\\\/dana.com.br\\\/canaldana\\\/\"},{\"@type\":\"ListItem\",\"position\":2,\"name\":\"Destaques\",\"item\":\"https:\\\/\\\/dana.com.br\\\/canaldana\\\/destaques\\\/\"},{\"@type\":\"ListItem\",\"position\":3,\"name\":\"Scania comemora bons resultados em 2017 no mercado de caminh\u00f5es e \u00f4nibus\"}]},{\"@type\":\"WebSite\",\"@id\":\"https:\\\/\\\/dana.com.br\\\/canaldana\\\/#website\",\"url\":\"https:\\\/\\\/dana.com.br\\\/canaldana\\\/\",\"name\":\"Canal Dana\",\"description\":\"Informativo com as principais not\u00edcias da ind\u00fastria automotiva\",\"potentialAction\":[{\"@type\":\"SearchAction\",\"target\":{\"@type\":\"EntryPoint\",\"urlTemplate\":\"https:\\\/\\\/dana.com.br\\\/canaldana\\\/?s={search_term_string}\"},\"query-input\":{\"@type\":\"PropertyValueSpecification\",\"valueRequired\":true,\"valueName\":\"search_term_string\"}}],\"inLanguage\":\"pt-BR\"},{\"@type\":\"Person\",\"@id\":\"https:\\\/\\\/dana.com.br\\\/canaldana\\\/#\\\/schema\\\/person\\\/3c21f22f56fcf3bc46b94bc60ea4fef6\",\"name\":\"Canal Dana\",\"image\":{\"@type\":\"ImageObject\",\"inLanguage\":\"pt-BR\",\"@id\":\"https:\\\/\\\/secure.gravatar.com\\\/avatar\\\/420aaf9278582877d9018637c6817617705899d2858d7572ef0fe59a6b6454b4?s=96&d=mm&r=g\",\"url\":\"https:\\\/\\\/secure.gravatar.com\\\/avatar\\\/420aaf9278582877d9018637c6817617705899d2858d7572ef0fe59a6b6454b4?s=96&d=mm&r=g\",\"contentUrl\":\"https:\\\/\\\/secure.gravatar.com\\\/avatar\\\/420aaf9278582877d9018637c6817617705899d2858d7572ef0fe59a6b6454b4?s=96&d=mm&r=g\",\"caption\":\"Canal Dana\"},\"url\":\"https:\\\/\\\/dana.com.br\\\/canaldana\\\/author\\\/cdeditor\\\/\"}]}<\/script>\n<!-- \/ Yoast SEO plugin. -->","yoast_head_json":{"title":"Scania comemora bons resultados em 2017 no mercado de caminh\u00f5es e \u00f4nibus - Canal Dana","robots":{"index":"index","follow":"follow","max-snippet":"max-snippet:-1","max-image-preview":"max-image-preview:large","max-video-preview":"max-video-preview:-1"},"canonical":"https:\/\/dana.com.br\/canaldana\/2018\/02\/28\/scania-comemora-bons-resultados-em-2017-no-mercado-de-caminhoes-e-onibus\/","og_locale":"pt_BR","og_type":"article","og_title":"Scania comemora bons resultados em 2017 no mercado de caminh\u00f5es e \u00f4nibus - Canal Dana","og_description":"Frota &amp; Cia &nbsp; Depois de alcan\u00e7ar um crescimento de 36,5% nas vendas de caminh\u00f5es acima de 16 toneladas no mercado interno em 2017, ante o restante da ind\u00fastria que avan\u00e7ou 10,7%, a Scania estima um novo salto para o ano em curso. Nas contas da empresa, o segmento dever\u00e1 superar as 40 mil unidades\u2026 Leia mais \u00bb","og_url":"https:\/\/dana.com.br\/canaldana\/2018\/02\/28\/scania-comemora-bons-resultados-em-2017-no-mercado-de-caminhoes-e-onibus\/","og_site_name":"Canal Dana","article_published_time":"2018-02-28T11:37:25+00:00","author":"Canal Dana","twitter_card":"summary_large_image","twitter_misc":{"Escrito por":"Canal Dana","Est. tempo de leitura":"3 minutos"},"schema":{"@context":"https:\/\/schema.org","@graph":[{"@type":"Article","@id":"https:\/\/dana.com.br\/canaldana\/2018\/02\/28\/scania-comemora-bons-resultados-em-2017-no-mercado-de-caminhoes-e-onibus\/#article","isPartOf":{"@id":"https:\/\/dana.com.br\/canaldana\/2018\/02\/28\/scania-comemora-bons-resultados-em-2017-no-mercado-de-caminhoes-e-onibus\/"},"author":{"name":"Canal Dana","@id":"https:\/\/dana.com.br\/canaldana\/#\/schema\/person\/3c21f22f56fcf3bc46b94bc60ea4fef6"},"headline":"Scania comemora bons resultados em 2017 no mercado de caminh\u00f5es e \u00f4nibus","datePublished":"2018-02-28T11:37:25+00:00","mainEntityOfPage":{"@id":"https:\/\/dana.com.br\/canaldana\/2018\/02\/28\/scania-comemora-bons-resultados-em-2017-no-mercado-de-caminhoes-e-onibus\/"},"wordCount":562,"articleSection":["Destaques"],"inLanguage":"pt-BR"},{"@type":"WebPage","@id":"https:\/\/dana.com.br\/canaldana\/2018\/02\/28\/scania-comemora-bons-resultados-em-2017-no-mercado-de-caminhoes-e-onibus\/","url":"https:\/\/dana.com.br\/canaldana\/2018\/02\/28\/scania-comemora-bons-resultados-em-2017-no-mercado-de-caminhoes-e-onibus\/","name":"Scania comemora bons resultados em 2017 no mercado de caminh\u00f5es e \u00f4nibus - Canal Dana","isPartOf":{"@id":"https:\/\/dana.com.br\/canaldana\/#website"},"datePublished":"2018-02-28T11:37:25+00:00","author":{"@id":"https:\/\/dana.com.br\/canaldana\/#\/schema\/person\/3c21f22f56fcf3bc46b94bc60ea4fef6"},"breadcrumb":{"@id":"https:\/\/dana.com.br\/canaldana\/2018\/02\/28\/scania-comemora-bons-resultados-em-2017-no-mercado-de-caminhoes-e-onibus\/#breadcrumb"},"inLanguage":"pt-BR","potentialAction":[{"@type":"ReadAction","target":["https:\/\/dana.com.br\/canaldana\/2018\/02\/28\/scania-comemora-bons-resultados-em-2017-no-mercado-de-caminhoes-e-onibus\/"]}]},{"@type":"BreadcrumbList","@id":"https:\/\/dana.com.br\/canaldana\/2018\/02\/28\/scania-comemora-bons-resultados-em-2017-no-mercado-de-caminhoes-e-onibus\/#breadcrumb","itemListElement":[{"@type":"ListItem","position":1,"name":"Home","item":"https:\/\/dana.com.br\/canaldana\/"},{"@type":"ListItem","position":2,"name":"Destaques","item":"https:\/\/dana.com.br\/canaldana\/destaques\/"},{"@type":"ListItem","position":3,"name":"Scania comemora bons resultados em 2017 no mercado de caminh\u00f5es e \u00f4nibus"}]},{"@type":"WebSite","@id":"https:\/\/dana.com.br\/canaldana\/#website","url":"https:\/\/dana.com.br\/canaldana\/","name":"Canal Dana","description":"Informativo com as principais not\u00edcias da ind\u00fastria automotiva","potentialAction":[{"@type":"SearchAction","target":{"@type":"EntryPoint","urlTemplate":"https:\/\/dana.com.br\/canaldana\/?s={search_term_string}"},"query-input":{"@type":"PropertyValueSpecification","valueRequired":true,"valueName":"search_term_string"}}],"inLanguage":"pt-BR"},{"@type":"Person","@id":"https:\/\/dana.com.br\/canaldana\/#\/schema\/person\/3c21f22f56fcf3bc46b94bc60ea4fef6","name":"Canal Dana","image":{"@type":"ImageObject","inLanguage":"pt-BR","@id":"https:\/\/secure.gravatar.com\/avatar\/420aaf9278582877d9018637c6817617705899d2858d7572ef0fe59a6b6454b4?s=96&d=mm&r=g","url":"https:\/\/secure.gravatar.com\/avatar\/420aaf9278582877d9018637c6817617705899d2858d7572ef0fe59a6b6454b4?s=96&d=mm&r=g","contentUrl":"https:\/\/secure.gravatar.com\/avatar\/420aaf9278582877d9018637c6817617705899d2858d7572ef0fe59a6b6454b4?s=96&d=mm&r=g","caption":"Canal Dana"},"url":"https:\/\/dana.com.br\/canaldana\/author\/cdeditor\/"}]}},"_links":{"self":[{"href":"https:\/\/dana.com.br\/canaldana\/wp-json\/wp\/v2\/posts\/23504","targetHints":{"allow":["GET"]}}],"collection":[{"href":"https:\/\/dana.com.br\/canaldana\/wp-json\/wp\/v2\/posts"}],"about":[{"href":"https:\/\/dana.com.br\/canaldana\/wp-json\/wp\/v2\/types\/post"}],"author":[{"embeddable":true,"href":"https:\/\/dana.com.br\/canaldana\/wp-json\/wp\/v2\/users\/3"}],"replies":[{"embeddable":true,"href":"https:\/\/dana.com.br\/canaldana\/wp-json\/wp\/v2\/comments?post=23504"}],"version-history":[{"count":0,"href":"https:\/\/dana.com.br\/canaldana\/wp-json\/wp\/v2\/posts\/23504\/revisions"}],"wp:attachment":[{"href":"https:\/\/dana.com.br\/canaldana\/wp-json\/wp\/v2\/media?parent=23504"}],"wp:term":[{"taxonomy":"category","embeddable":true,"href":"https:\/\/dana.com.br\/canaldana\/wp-json\/wp\/v2\/categories?post=23504"},{"taxonomy":"post_tag","embeddable":true,"href":"https:\/\/dana.com.br\/canaldana\/wp-json\/wp\/v2\/tags?post=23504"}],"curies":[{"name":"wp","href":"https:\/\/api.w.org\/{rel}","templated":true}]}}