{"id":23452,"date":"2018-02-27T08:34:13","date_gmt":"2018-02-27T11:34:13","guid":{"rendered":"http:\/\/dana.com.br\/canaldana\/?p=23452"},"modified":"2018-02-27T08:34:13","modified_gmt":"2018-02-27T11:34:13","slug":"carro-dos-sonhos-brasil-rumo-ao-tricampeonato","status":"publish","type":"post","link":"https:\/\/dana.com.br\/canaldana\/2018\/02\/27\/carro-dos-sonhos-brasil-rumo-ao-tricampeonato\/","title":{"rendered":"Carro dos Sonhos: Brasil rumo ao tricampeonato."},"content":{"rendered":"<p style=\"text-align: justify; background: white;\"><em><span style=\"font-family: 'Arial',sans-serif; color: #333333;\">AutoInd\u00fastria\u00a0<\/span><\/em><\/p>\n<p style=\"text-align: start; background: white; font-variant-ligatures: normal; font-variant-caps: normal; orphans: 2; widows: 2; -webkit-text-stroke-width: 0px; text-decoration-style: initial; text-decoration-color: initial; word-spacing: 0px;\"><span style=\"font-family: 'Arial',sans-serif; color: #333333;\">\u00a0<\/span><\/p>\n<p style=\"text-align: start; background: white; font-variant-ligatures: normal; font-variant-caps: normal; orphans: 2; widows: 2; -webkit-text-stroke-width: 0px; text-decoration-style: initial; text-decoration-color: initial; word-spacing: 0px;\"><span style=\"font-family: 'Arial',sans-serif; color: #333333;\">Em 2016, Vict\u00f3ria Bezerra de Oliveira foi a vencedora. No ano passado, coube a Gabriele Castro de Sousa trazer o bicampeonato para o Brasil. E, na semana passada, um j\u00fari composto por jornalistas, influenciadores, artistas pl\u00e1sticas e professores, reuniram-se para escolher os trabalhos que ser\u00e3o enviados ao Jap\u00e3o para concorrer com jovens de cerca de oitenta pa\u00edses de todo o mundo. Um deles pode conquistar o tricampeonato, vencendo a Edi\u00e7\u00e3o de 2018 do Concurso Carro do Sonho, que a Toyota realiza no Jap\u00e3o h\u00e1 13 anos, com a presen\u00e7a do Brasil h\u00e1 cinco.<\/span><\/p>\n<p style=\"text-align: start; background: white; font-variant-ligatures: normal; font-variant-caps: normal; orphans: 2; widows: 2; -webkit-text-stroke-width: 0px; text-decoration-style: initial; text-decoration-color: initial; word-spacing: 0px;\"><span style=\"font-family: 'Arial',sans-serif; color: #333333;\">\u00a0<\/span><\/p>\n<p style=\"text-align: start; background: white; font-variant-ligatures: normal; font-variant-caps: normal; orphans: 2; widows: 2; -webkit-text-stroke-width: 0px; text-decoration-style: initial; text-decoration-color: initial; word-spacing: 0px;\"><span style=\"font-family: 'Arial',sans-serif; color: #333333;\">S\u00e3o tr\u00eas as categorias participantes, divididas por faixas et\u00e1rias: dos quatro aos sete anos, dos oito aos 11, e dos 12 aos 15 anos de idade.<\/span><\/p>\n<p style=\"text-align: start; background: white; font-variant-ligatures: normal; font-variant-caps: normal; orphans: 2; widows: 2; -webkit-text-stroke-width: 0px; text-decoration-style: initial; text-decoration-color: initial; word-spacing: 0px;\"><span style=\"font-family: 'Arial',sans-serif; color: #333333;\">\u00a0<\/span><\/p>\n<p style=\"text-align: start; background: white; font-variant-ligatures: normal; font-variant-caps: normal; orphans: 2; widows: 2; -webkit-text-stroke-width: 0px; text-decoration-style: initial; text-decoration-color: initial; word-spacing: 0px;\"><span style=\"font-family: 'Arial',sans-serif; color: #333333;\">O concurso pede que cada jovem desenhe o seu Carro dos Sonhos, expressando o seu pensamento sobre como ser\u00e1 o autom\u00f3vel do futuro, demonstrando singularidade, sua criatividade e arte. Neste ano foram muitos os que mostraram preocupa\u00e7\u00e3o com o meio ambiente, em especial, com o mar.<\/span><\/p>\n<p style=\"text-align: start; background: white; font-variant-ligatures: normal; font-variant-caps: normal; orphans: 2; widows: 2; -webkit-text-stroke-width: 0px; text-decoration-style: initial; text-decoration-color: initial; word-spacing: 0px;\"><span style=\"font-family: 'Arial',sans-serif; color: #333333;\">\u00a0<\/span><\/p>\n<p style=\"text-align: start; background: white; font-variant-ligatures: normal; font-variant-caps: normal; orphans: 2; widows: 2; -webkit-text-stroke-width: 0px; text-decoration-style: initial; text-decoration-color: initial; word-spacing: 0px;\"><strong><span style=\"font-family: 'Arial',sans-serif; color: #333333;\">Sonhando com o Jap\u00e3o<\/span><\/strong><\/p>\n<p style=\"text-align: start; background: white; font-variant-ligatures: normal; font-variant-caps: normal; orphans: 2; widows: 2; -webkit-text-stroke-width: 0px; text-decoration-style: initial; text-decoration-color: initial; word-spacing: 0px;\"><span style=\"font-family: 'Arial',sans-serif; color: #333333;\">\u00a0<\/span><\/p>\n<p style=\"text-align: start; background: white; font-variant-ligatures: normal; font-variant-caps: normal; orphans: 2; widows: 2; -webkit-text-stroke-width: 0px; text-decoration-style: initial; text-decoration-color: initial; word-spacing: 0px;\"><span style=\"font-family: 'Arial',sans-serif; color: #333333;\">Al\u00e9m de vencedoras no concurso Carro dos Sonhos, Vict\u00f3ria e Gabriele compartilham uma paix\u00e3o. Ambas viajaram ao Jap\u00e3o\u00a0 como pr\u00eamio maior pelas suas conquistas. E voltaram de l\u00e1 com um sonho: que o Brasil se espelhe naquele Pa\u00eds do Oriente para que tenhamos uma Na\u00e7\u00e3o com pessoas vivendo melhor, com educa\u00e7\u00e3o, ensino, sa\u00fade e felicidade.<\/span><\/p>\n<p style=\"text-align: start; background: white; font-variant-ligatures: normal; font-variant-caps: normal; orphans: 2; widows: 2; -webkit-text-stroke-width: 0px; text-decoration-style: initial; text-decoration-color: initial; word-spacing: 0px;\"><span style=\"font-family: 'Arial',sans-serif; color: #333333;\">\u00a0<\/span><\/p>\n<p style=\"text-align: start; background: white; font-variant-ligatures: normal; font-variant-caps: normal; orphans: 2; widows: 2; -webkit-text-stroke-width: 0px; text-decoration-style: initial; text-decoration-color: initial; word-spacing: 0px;\"><span style=\"font-family: 'Arial',sans-serif; color: #333333;\">Gabriele Castro de Sousa conta que sempre sonhou em conhecer o Jap\u00e3o e que sua estada l\u00e1 foi a melhor coisa que j\u00e1 viveu. Com o mesmo racioc\u00ednio, Vict\u00f3ria diz que ir ao Jap\u00e3o foi algo que jamais pensou na vida. Ela pensava em, no m\u00e1ximo, ganhar uma bike, v\u00eddeo game, tablet ou um notebook, alguns dos pr\u00eamios do concurso.<\/span><\/p>\n<p style=\"text-align: start; background: white; font-variant-ligatures: normal; font-variant-caps: normal; orphans: 2; widows: 2; -webkit-text-stroke-width: 0px; text-decoration-style: initial; text-decoration-color: initial; word-spacing: 0px;\"><span style=\"font-family: 'Arial',sans-serif; color: #333333;\">\u00a0<\/span><\/p>\n<p style=\"text-align: start; background: white; font-variant-ligatures: normal; font-variant-caps: normal; orphans: 2; widows: 2; -webkit-text-stroke-width: 0px; text-decoration-style: initial; text-decoration-color: initial; word-spacing: 0px;\"><strong><span style=\"font-family: 'Arial',sans-serif; color: #333333;\">Para todo o Brasil<\/span><\/strong><\/p>\n<p style=\"text-align: start; background: white; font-variant-ligatures: normal; font-variant-caps: normal; orphans: 2; widows: 2; -webkit-text-stroke-width: 0px; text-decoration-style: initial; text-decoration-color: initial; word-spacing: 0px;\"><span style=\"font-family: 'Arial',sans-serif; color: #333333;\">\u00a0<\/span><\/p>\n<p style=\"text-align: start; background: white; font-variant-ligatures: normal; font-variant-caps: normal; orphans: 2; widows: 2; -webkit-text-stroke-width: 0px; text-decoration-style: initial; text-decoration-color: initial; word-spacing: 0px;\"><span style=\"font-family: 'Arial',sans-serif; color: #333333;\">\u00a0O concurso est\u00e1 aberto para jovens entre quatro e 15 anos de idade de todo o Brasil. A \u00fanica exig\u00eancia \u00e9 que tenha criatividade e vontade de mostrar sua capacidade em colocar esta criatividade no papel. Para conhecer os detalhes sobre o concurso, basta entrar no site\u00a0<a href=\"http:\/\/www.toyotadreamcar.com.br\/\" target=\"_blank\" rel=\"noopener\"><span style=\"color: purple;\">www.toyotadreamcar.com.br<\/span><\/a>.<\/span><\/p>\n<p style=\"text-align: start; background: white; font-variant-ligatures: normal; font-variant-caps: normal; orphans: 2; widows: 2; -webkit-text-stroke-width: 0px; text-decoration-style: initial; text-decoration-color: initial; word-spacing: 0px;\"><span style=\"font-family: 'Arial',sans-serif; color: #333333;\">\u00a0<\/span><\/p>\n<p style=\"text-align: start; background: white; font-variant-ligatures: normal; font-variant-caps: normal; orphans: 2; widows: 2; -webkit-text-stroke-width: 0px; text-decoration-style: initial; text-decoration-color: initial; word-spacing: 0px;\"><span style=\"font-family: 'Arial',sans-serif; color: #333333;\">E aqui vai um conselho da primeira vencedora para quem quer participar: \u201cPensem e analisem a ideia que querem para o seu desenho. E o realizem com calma, para que fique perfeito\u201d. (AutoInd\u00fastria\/Chico Lelis)<\/span><\/p>\n","protected":false},"excerpt":{"rendered":"<p>AutoInd\u00fastria\u00a0 \u00a0 Em 2016, Vict\u00f3ria Bezerra de Oliveira foi a vencedora. No ano passado, coube a Gabriele Castro de Sousa trazer o bicampeonato para o Brasil. E, na semana passada, um j\u00fari composto por jornalistas, influenciadores, artistas pl\u00e1sticas e professores, reuniram-se para escolher os trabalhos que ser\u00e3o enviados ao Jap\u00e3o para concorrer com jovens de\u2026 <a class=\"readmore\" href=\"https:\/\/dana.com.br\/canaldana\/2018\/02\/27\/carro-dos-sonhos-brasil-rumo-ao-tricampeonato\/\">Leia mais \u00bb<\/a><\/p>\n","protected":false},"author":3,"featured_media":0,"comment_status":"closed","ping_status":"closed","sticky":false,"template":"","format":"standard","meta":{"_acf_changed":false,"footnotes":""},"categories":[100],"tags":[],"class_list":["post-23452","post","type-post","status-publish","format-standard","hentry","category-artigo"],"acf":[],"yoast_head":"<!-- This site is optimized with the Yoast SEO plugin v27.3 - https:\/\/yoast.com\/product\/yoast-seo-wordpress\/ -->\n<title>Carro dos Sonhos: Brasil rumo ao tricampeonato. - Canal Dana<\/title>\n<meta name=\"robots\" content=\"index, follow, max-snippet:-1, max-image-preview:large, max-video-preview:-1\" \/>\n<link rel=\"canonical\" href=\"https:\/\/dana.com.br\/canaldana\/2018\/02\/27\/carro-dos-sonhos-brasil-rumo-ao-tricampeonato\/\" \/>\n<meta property=\"og:locale\" content=\"pt_BR\" \/>\n<meta property=\"og:type\" content=\"article\" \/>\n<meta property=\"og:title\" content=\"Carro dos Sonhos: Brasil rumo ao tricampeonato. - Canal Dana\" \/>\n<meta property=\"og:description\" content=\"AutoInd\u00fastria\u00a0 \u00a0 Em 2016, Vict\u00f3ria Bezerra de Oliveira foi a vencedora. No ano passado, coube a Gabriele Castro de Sousa trazer o bicampeonato para o Brasil. E, na semana passada, um j\u00fari composto por jornalistas, influenciadores, artistas pl\u00e1sticas e professores, reuniram-se para escolher os trabalhos que ser\u00e3o enviados ao Jap\u00e3o para concorrer com jovens de\u2026 Leia mais \u00bb\" \/>\n<meta property=\"og:url\" content=\"https:\/\/dana.com.br\/canaldana\/2018\/02\/27\/carro-dos-sonhos-brasil-rumo-ao-tricampeonato\/\" \/>\n<meta property=\"og:site_name\" content=\"Canal Dana\" \/>\n<meta property=\"article:published_time\" content=\"2018-02-27T11:34:13+00:00\" \/>\n<meta name=\"author\" content=\"Canal Dana\" \/>\n<meta name=\"twitter:card\" content=\"summary_large_image\" \/>\n<meta name=\"twitter:label1\" content=\"Escrito por\" \/>\n\t<meta name=\"twitter:data1\" content=\"Canal Dana\" \/>\n\t<meta name=\"twitter:label2\" content=\"Est. tempo de leitura\" \/>\n\t<meta name=\"twitter:data2\" content=\"2 minutos\" \/>\n<script type=\"application\/ld+json\" class=\"yoast-schema-graph\">{\"@context\":\"https:\\\/\\\/schema.org\",\"@graph\":[{\"@type\":\"Article\",\"@id\":\"https:\\\/\\\/dana.com.br\\\/canaldana\\\/2018\\\/02\\\/27\\\/carro-dos-sonhos-brasil-rumo-ao-tricampeonato\\\/#article\",\"isPartOf\":{\"@id\":\"https:\\\/\\\/dana.com.br\\\/canaldana\\\/2018\\\/02\\\/27\\\/carro-dos-sonhos-brasil-rumo-ao-tricampeonato\\\/\"},\"author\":{\"name\":\"Canal Dana\",\"@id\":\"https:\\\/\\\/dana.com.br\\\/canaldana\\\/#\\\/schema\\\/person\\\/3c21f22f56fcf3bc46b94bc60ea4fef6\"},\"headline\":\"Carro dos Sonhos: Brasil rumo ao tricampeonato.\",\"datePublished\":\"2018-02-27T11:34:13+00:00\",\"mainEntityOfPage\":{\"@id\":\"https:\\\/\\\/dana.com.br\\\/canaldana\\\/2018\\\/02\\\/27\\\/carro-dos-sonhos-brasil-rumo-ao-tricampeonato\\\/\"},\"wordCount\":408,\"articleSection\":[\"Artigo\"],\"inLanguage\":\"pt-BR\"},{\"@type\":\"WebPage\",\"@id\":\"https:\\\/\\\/dana.com.br\\\/canaldana\\\/2018\\\/02\\\/27\\\/carro-dos-sonhos-brasil-rumo-ao-tricampeonato\\\/\",\"url\":\"https:\\\/\\\/dana.com.br\\\/canaldana\\\/2018\\\/02\\\/27\\\/carro-dos-sonhos-brasil-rumo-ao-tricampeonato\\\/\",\"name\":\"Carro dos Sonhos: Brasil rumo ao tricampeonato. - Canal Dana\",\"isPartOf\":{\"@id\":\"https:\\\/\\\/dana.com.br\\\/canaldana\\\/#website\"},\"datePublished\":\"2018-02-27T11:34:13+00:00\",\"author\":{\"@id\":\"https:\\\/\\\/dana.com.br\\\/canaldana\\\/#\\\/schema\\\/person\\\/3c21f22f56fcf3bc46b94bc60ea4fef6\"},\"breadcrumb\":{\"@id\":\"https:\\\/\\\/dana.com.br\\\/canaldana\\\/2018\\\/02\\\/27\\\/carro-dos-sonhos-brasil-rumo-ao-tricampeonato\\\/#breadcrumb\"},\"inLanguage\":\"pt-BR\",\"potentialAction\":[{\"@type\":\"ReadAction\",\"target\":[\"https:\\\/\\\/dana.com.br\\\/canaldana\\\/2018\\\/02\\\/27\\\/carro-dos-sonhos-brasil-rumo-ao-tricampeonato\\\/\"]}]},{\"@type\":\"BreadcrumbList\",\"@id\":\"https:\\\/\\\/dana.com.br\\\/canaldana\\\/2018\\\/02\\\/27\\\/carro-dos-sonhos-brasil-rumo-ao-tricampeonato\\\/#breadcrumb\",\"itemListElement\":[{\"@type\":\"ListItem\",\"position\":1,\"name\":\"Home\",\"item\":\"https:\\\/\\\/dana.com.br\\\/canaldana\\\/\"},{\"@type\":\"ListItem\",\"position\":2,\"name\":\"Artigo\",\"item\":\"https:\\\/\\\/dana.com.br\\\/canaldana\\\/artigo\\\/\"},{\"@type\":\"ListItem\",\"position\":3,\"name\":\"Carro dos Sonhos: Brasil rumo ao tricampeonato.\"}]},{\"@type\":\"WebSite\",\"@id\":\"https:\\\/\\\/dana.com.br\\\/canaldana\\\/#website\",\"url\":\"https:\\\/\\\/dana.com.br\\\/canaldana\\\/\",\"name\":\"Canal Dana\",\"description\":\"Informativo com as principais not\u00edcias da ind\u00fastria automotiva\",\"potentialAction\":[{\"@type\":\"SearchAction\",\"target\":{\"@type\":\"EntryPoint\",\"urlTemplate\":\"https:\\\/\\\/dana.com.br\\\/canaldana\\\/?s={search_term_string}\"},\"query-input\":{\"@type\":\"PropertyValueSpecification\",\"valueRequired\":true,\"valueName\":\"search_term_string\"}}],\"inLanguage\":\"pt-BR\"},{\"@type\":\"Person\",\"@id\":\"https:\\\/\\\/dana.com.br\\\/canaldana\\\/#\\\/schema\\\/person\\\/3c21f22f56fcf3bc46b94bc60ea4fef6\",\"name\":\"Canal Dana\",\"image\":{\"@type\":\"ImageObject\",\"inLanguage\":\"pt-BR\",\"@id\":\"https:\\\/\\\/secure.gravatar.com\\\/avatar\\\/420aaf9278582877d9018637c6817617705899d2858d7572ef0fe59a6b6454b4?s=96&d=mm&r=g\",\"url\":\"https:\\\/\\\/secure.gravatar.com\\\/avatar\\\/420aaf9278582877d9018637c6817617705899d2858d7572ef0fe59a6b6454b4?s=96&d=mm&r=g\",\"contentUrl\":\"https:\\\/\\\/secure.gravatar.com\\\/avatar\\\/420aaf9278582877d9018637c6817617705899d2858d7572ef0fe59a6b6454b4?s=96&d=mm&r=g\",\"caption\":\"Canal Dana\"},\"url\":\"https:\\\/\\\/dana.com.br\\\/canaldana\\\/author\\\/cdeditor\\\/\"}]}<\/script>\n<!-- \/ Yoast SEO plugin. -->","yoast_head_json":{"title":"Carro dos Sonhos: Brasil rumo ao tricampeonato. - Canal Dana","robots":{"index":"index","follow":"follow","max-snippet":"max-snippet:-1","max-image-preview":"max-image-preview:large","max-video-preview":"max-video-preview:-1"},"canonical":"https:\/\/dana.com.br\/canaldana\/2018\/02\/27\/carro-dos-sonhos-brasil-rumo-ao-tricampeonato\/","og_locale":"pt_BR","og_type":"article","og_title":"Carro dos Sonhos: Brasil rumo ao tricampeonato. - Canal Dana","og_description":"AutoInd\u00fastria\u00a0 \u00a0 Em 2016, Vict\u00f3ria Bezerra de Oliveira foi a vencedora. No ano passado, coube a Gabriele Castro de Sousa trazer o bicampeonato para o Brasil. E, na semana passada, um j\u00fari composto por jornalistas, influenciadores, artistas pl\u00e1sticas e professores, reuniram-se para escolher os trabalhos que ser\u00e3o enviados ao Jap\u00e3o para concorrer com jovens de\u2026 Leia mais \u00bb","og_url":"https:\/\/dana.com.br\/canaldana\/2018\/02\/27\/carro-dos-sonhos-brasil-rumo-ao-tricampeonato\/","og_site_name":"Canal Dana","article_published_time":"2018-02-27T11:34:13+00:00","author":"Canal Dana","twitter_card":"summary_large_image","twitter_misc":{"Escrito por":"Canal Dana","Est. tempo de leitura":"2 minutos"},"schema":{"@context":"https:\/\/schema.org","@graph":[{"@type":"Article","@id":"https:\/\/dana.com.br\/canaldana\/2018\/02\/27\/carro-dos-sonhos-brasil-rumo-ao-tricampeonato\/#article","isPartOf":{"@id":"https:\/\/dana.com.br\/canaldana\/2018\/02\/27\/carro-dos-sonhos-brasil-rumo-ao-tricampeonato\/"},"author":{"name":"Canal Dana","@id":"https:\/\/dana.com.br\/canaldana\/#\/schema\/person\/3c21f22f56fcf3bc46b94bc60ea4fef6"},"headline":"Carro dos Sonhos: Brasil rumo ao tricampeonato.","datePublished":"2018-02-27T11:34:13+00:00","mainEntityOfPage":{"@id":"https:\/\/dana.com.br\/canaldana\/2018\/02\/27\/carro-dos-sonhos-brasil-rumo-ao-tricampeonato\/"},"wordCount":408,"articleSection":["Artigo"],"inLanguage":"pt-BR"},{"@type":"WebPage","@id":"https:\/\/dana.com.br\/canaldana\/2018\/02\/27\/carro-dos-sonhos-brasil-rumo-ao-tricampeonato\/","url":"https:\/\/dana.com.br\/canaldana\/2018\/02\/27\/carro-dos-sonhos-brasil-rumo-ao-tricampeonato\/","name":"Carro dos Sonhos: Brasil rumo ao tricampeonato. - Canal Dana","isPartOf":{"@id":"https:\/\/dana.com.br\/canaldana\/#website"},"datePublished":"2018-02-27T11:34:13+00:00","author":{"@id":"https:\/\/dana.com.br\/canaldana\/#\/schema\/person\/3c21f22f56fcf3bc46b94bc60ea4fef6"},"breadcrumb":{"@id":"https:\/\/dana.com.br\/canaldana\/2018\/02\/27\/carro-dos-sonhos-brasil-rumo-ao-tricampeonato\/#breadcrumb"},"inLanguage":"pt-BR","potentialAction":[{"@type":"ReadAction","target":["https:\/\/dana.com.br\/canaldana\/2018\/02\/27\/carro-dos-sonhos-brasil-rumo-ao-tricampeonato\/"]}]},{"@type":"BreadcrumbList","@id":"https:\/\/dana.com.br\/canaldana\/2018\/02\/27\/carro-dos-sonhos-brasil-rumo-ao-tricampeonato\/#breadcrumb","itemListElement":[{"@type":"ListItem","position":1,"name":"Home","item":"https:\/\/dana.com.br\/canaldana\/"},{"@type":"ListItem","position":2,"name":"Artigo","item":"https:\/\/dana.com.br\/canaldana\/artigo\/"},{"@type":"ListItem","position":3,"name":"Carro dos Sonhos: Brasil rumo ao tricampeonato."}]},{"@type":"WebSite","@id":"https:\/\/dana.com.br\/canaldana\/#website","url":"https:\/\/dana.com.br\/canaldana\/","name":"Canal Dana","description":"Informativo com as principais not\u00edcias da ind\u00fastria automotiva","potentialAction":[{"@type":"SearchAction","target":{"@type":"EntryPoint","urlTemplate":"https:\/\/dana.com.br\/canaldana\/?s={search_term_string}"},"query-input":{"@type":"PropertyValueSpecification","valueRequired":true,"valueName":"search_term_string"}}],"inLanguage":"pt-BR"},{"@type":"Person","@id":"https:\/\/dana.com.br\/canaldana\/#\/schema\/person\/3c21f22f56fcf3bc46b94bc60ea4fef6","name":"Canal Dana","image":{"@type":"ImageObject","inLanguage":"pt-BR","@id":"https:\/\/secure.gravatar.com\/avatar\/420aaf9278582877d9018637c6817617705899d2858d7572ef0fe59a6b6454b4?s=96&d=mm&r=g","url":"https:\/\/secure.gravatar.com\/avatar\/420aaf9278582877d9018637c6817617705899d2858d7572ef0fe59a6b6454b4?s=96&d=mm&r=g","contentUrl":"https:\/\/secure.gravatar.com\/avatar\/420aaf9278582877d9018637c6817617705899d2858d7572ef0fe59a6b6454b4?s=96&d=mm&r=g","caption":"Canal Dana"},"url":"https:\/\/dana.com.br\/canaldana\/author\/cdeditor\/"}]}},"_links":{"self":[{"href":"https:\/\/dana.com.br\/canaldana\/wp-json\/wp\/v2\/posts\/23452","targetHints":{"allow":["GET"]}}],"collection":[{"href":"https:\/\/dana.com.br\/canaldana\/wp-json\/wp\/v2\/posts"}],"about":[{"href":"https:\/\/dana.com.br\/canaldana\/wp-json\/wp\/v2\/types\/post"}],"author":[{"embeddable":true,"href":"https:\/\/dana.com.br\/canaldana\/wp-json\/wp\/v2\/users\/3"}],"replies":[{"embeddable":true,"href":"https:\/\/dana.com.br\/canaldana\/wp-json\/wp\/v2\/comments?post=23452"}],"version-history":[{"count":0,"href":"https:\/\/dana.com.br\/canaldana\/wp-json\/wp\/v2\/posts\/23452\/revisions"}],"wp:attachment":[{"href":"https:\/\/dana.com.br\/canaldana\/wp-json\/wp\/v2\/media?parent=23452"}],"wp:term":[{"taxonomy":"category","embeddable":true,"href":"https:\/\/dana.com.br\/canaldana\/wp-json\/wp\/v2\/categories?post=23452"},{"taxonomy":"post_tag","embeddable":true,"href":"https:\/\/dana.com.br\/canaldana\/wp-json\/wp\/v2\/tags?post=23452"}],"curies":[{"name":"wp","href":"https:\/\/api.w.org\/{rel}","templated":true}]}}