{"id":23445,"date":"2018-02-26T08:55:31","date_gmt":"2018-02-26T11:55:31","guid":{"rendered":"http:\/\/dana.com.br\/canaldana\/?p=23445"},"modified":"2018-02-26T08:55:31","modified_gmt":"2018-02-26T11:55:31","slug":"volkswagen-do-brasil-acerta-exportacao-de-5-mil-pecas-de-carro-para-fabrica-na-alemanha","status":"publish","type":"post","link":"https:\/\/dana.com.br\/canaldana\/2018\/02\/26\/volkswagen-do-brasil-acerta-exportacao-de-5-mil-pecas-de-carro-para-fabrica-na-alemanha\/","title":{"rendered":"Volkswagen do Brasil acerta exporta\u00e7\u00e3o de 5 mil pe\u00e7as de carro para f\u00e1brica na Alemanha"},"content":{"rendered":"<p><em>O Estado de S. Paulo<\/em><\/p>\n<p>&nbsp;<\/p>\n<p>Como parte do plano de ampliar sua atua\u00e7\u00e3o no mercado externo, a Volkswagen do Brasil acertou a exporta\u00e7\u00e3o de 5 mil pe\u00e7as de carro para uma das f\u00e1bricas do grupo na Alemanha, na cidade de Chemnitz. O lote diz respeito a uma pe\u00e7a chamada virabrequim, tamb\u00e9m conhecida como &#8220;\u00e1rvore de manivela&#8221;. O item, que ajuda no funcionamento do motor a combust\u00e3o, tamb\u00e9m \u00e9 produzido pela Volkswagen da Alemanha. No entanto, por falta de capacidade para produzir a quantidade que necessita, os alem\u00e3es acionaram a filial brasileira para suprir a demanda.<\/p>\n<p>&nbsp;<\/p>\n<p>\u00c9 a primeira vez que a Volkswagen do Brasil exporta esta pe\u00e7a para os alem\u00e3es. At\u00e9 ent\u00e3o, produzia apenas para consumo no mercado interno. A fabrica\u00e7\u00e3o desta pe\u00e7a, que ocorre na f\u00e1brica de S\u00e3o Carlos, come\u00e7ou no final de 2016. Antes disso, o Brasil importava o item da Alemanha.<\/p>\n<p>&nbsp;<\/p>\n<p>Como se trata de uma exporta\u00e7\u00e3o para compensar uma falta de capacidade na Alemanha, a Volkswagen informou que o lote de virabrequins \u00e9 um contrato isolado, pelo menos por enquanto. A montadora lembrou que, em geral, antes de alguma exporta\u00e7\u00e3o se tornar recorrente, ela come\u00e7a com lotes pontuais.<\/p>\n<p>&nbsp;<\/p>\n<p>A filial brasileira tem feito um esfor\u00e7o para aumentar suas exporta\u00e7\u00f5es, tanto de ve\u00edculos quanto de pe\u00e7as. A ideia \u00e9 reduzir a depend\u00eancia do mercado interno, para que a empresa n\u00e3o fique t\u00e3o vulner\u00e1vel a crises, como ocorreu durante a \u00faltima retra\u00e7\u00e3o das vendas de ve\u00edculos, que reduziu o mercado \u00e0 metade entre 2013 e 2016.<\/p>\n<p>&nbsp;<\/p>\n<p>Na \u00faltima quinta-feira, 22, o presidente da empresa para a Am\u00e9rica do Sul, Am\u00e9rica Central e Caribe, Pablo Di Si, disse que a filial brasileira, que hoje exporta para 15 pa\u00edses da Am\u00e9rica Latina, tem como meta ampliar os seus mercados, para chegar a vender a algo entre cinco a dez pa\u00edses fora da regi\u00e3o nos pr\u00f3ximos anos. Entre os principais alvos est\u00e3o pa\u00edses da \u00c1frica e do Oriente M\u00e9dio.<\/p>\n<p>&nbsp;<\/p>\n<p>Das principais montadoras instaladas no Brasil, a Volkswagen \u00e9 a que mais exporta. Foram 163 mil ve\u00edculos vendidos ao exterior no ano passado, crescimento de 52% em compara\u00e7\u00e3o com 2016. Principal destino, a Argentina recebeu 110 mil deles. (O Estado de S. Paulo\/Andr\u00e9 \u00cdtalo Rocha)<\/p>\n","protected":false},"excerpt":{"rendered":"<p>O Estado de S. Paulo &nbsp; Como parte do plano de ampliar sua atua\u00e7\u00e3o no mercado externo, a Volkswagen do Brasil acertou a exporta\u00e7\u00e3o de 5 mil pe\u00e7as de carro para uma das f\u00e1bricas do grupo na Alemanha, na cidade de Chemnitz. O lote diz respeito a uma pe\u00e7a chamada virabrequim, tamb\u00e9m conhecida como &#8220;\u00e1rvore\u2026 <a class=\"readmore\" href=\"https:\/\/dana.com.br\/canaldana\/2018\/02\/26\/volkswagen-do-brasil-acerta-exportacao-de-5-mil-pecas-de-carro-para-fabrica-na-alemanha\/\">Leia mais \u00bb<\/a><\/p>\n","protected":false},"author":3,"featured_media":0,"comment_status":"closed","ping_status":"closed","sticky":false,"template":"","format":"standard","meta":{"_acf_changed":false,"footnotes":""},"categories":[61],"tags":[],"class_list":["post-23445","post","type-post","status-publish","format-standard","hentry","category-destaques"],"acf":[],"yoast_head":"<!-- This site is optimized with the Yoast SEO plugin v27.3 - https:\/\/yoast.com\/product\/yoast-seo-wordpress\/ -->\n<title>Volkswagen do Brasil acerta exporta\u00e7\u00e3o de 5 mil pe\u00e7as de carro para f\u00e1brica na Alemanha - Canal Dana<\/title>\n<meta name=\"robots\" content=\"index, follow, max-snippet:-1, max-image-preview:large, max-video-preview:-1\" \/>\n<link rel=\"canonical\" href=\"https:\/\/dana.com.br\/canaldana\/2018\/02\/26\/volkswagen-do-brasil-acerta-exportacao-de-5-mil-pecas-de-carro-para-fabrica-na-alemanha\/\" \/>\n<meta property=\"og:locale\" content=\"pt_BR\" \/>\n<meta property=\"og:type\" content=\"article\" \/>\n<meta property=\"og:title\" content=\"Volkswagen do Brasil acerta exporta\u00e7\u00e3o de 5 mil pe\u00e7as de carro para f\u00e1brica na Alemanha - Canal Dana\" \/>\n<meta property=\"og:description\" content=\"O Estado de S. Paulo &nbsp; Como parte do plano de ampliar sua atua\u00e7\u00e3o no mercado externo, a Volkswagen do Brasil acertou a exporta\u00e7\u00e3o de 5 mil pe\u00e7as de carro para uma das f\u00e1bricas do grupo na Alemanha, na cidade de Chemnitz. O lote diz respeito a uma pe\u00e7a chamada virabrequim, tamb\u00e9m conhecida como &#8220;\u00e1rvore\u2026 Leia mais \u00bb\" \/>\n<meta property=\"og:url\" content=\"https:\/\/dana.com.br\/canaldana\/2018\/02\/26\/volkswagen-do-brasil-acerta-exportacao-de-5-mil-pecas-de-carro-para-fabrica-na-alemanha\/\" \/>\n<meta property=\"og:site_name\" content=\"Canal Dana\" \/>\n<meta property=\"article:published_time\" content=\"2018-02-26T11:55:31+00:00\" \/>\n<meta name=\"author\" content=\"Canal Dana\" \/>\n<meta name=\"twitter:card\" content=\"summary_large_image\" \/>\n<meta name=\"twitter:label1\" content=\"Escrito por\" \/>\n\t<meta name=\"twitter:data1\" content=\"Canal Dana\" \/>\n\t<meta name=\"twitter:label2\" content=\"Est. tempo de leitura\" \/>\n\t<meta name=\"twitter:data2\" content=\"2 minutos\" \/>\n<script type=\"application\/ld+json\" class=\"yoast-schema-graph\">{\"@context\":\"https:\\\/\\\/schema.org\",\"@graph\":[{\"@type\":\"Article\",\"@id\":\"https:\\\/\\\/dana.com.br\\\/canaldana\\\/2018\\\/02\\\/26\\\/volkswagen-do-brasil-acerta-exportacao-de-5-mil-pecas-de-carro-para-fabrica-na-alemanha\\\/#article\",\"isPartOf\":{\"@id\":\"https:\\\/\\\/dana.com.br\\\/canaldana\\\/2018\\\/02\\\/26\\\/volkswagen-do-brasil-acerta-exportacao-de-5-mil-pecas-de-carro-para-fabrica-na-alemanha\\\/\"},\"author\":{\"name\":\"Canal Dana\",\"@id\":\"https:\\\/\\\/dana.com.br\\\/canaldana\\\/#\\\/schema\\\/person\\\/3c21f22f56fcf3bc46b94bc60ea4fef6\"},\"headline\":\"Volkswagen do Brasil acerta exporta\u00e7\u00e3o de 5 mil pe\u00e7as de carro para f\u00e1brica na Alemanha\",\"datePublished\":\"2018-02-26T11:55:31+00:00\",\"mainEntityOfPage\":{\"@id\":\"https:\\\/\\\/dana.com.br\\\/canaldana\\\/2018\\\/02\\\/26\\\/volkswagen-do-brasil-acerta-exportacao-de-5-mil-pecas-de-carro-para-fabrica-na-alemanha\\\/\"},\"wordCount\":413,\"articleSection\":[\"Destaques\"],\"inLanguage\":\"pt-BR\"},{\"@type\":\"WebPage\",\"@id\":\"https:\\\/\\\/dana.com.br\\\/canaldana\\\/2018\\\/02\\\/26\\\/volkswagen-do-brasil-acerta-exportacao-de-5-mil-pecas-de-carro-para-fabrica-na-alemanha\\\/\",\"url\":\"https:\\\/\\\/dana.com.br\\\/canaldana\\\/2018\\\/02\\\/26\\\/volkswagen-do-brasil-acerta-exportacao-de-5-mil-pecas-de-carro-para-fabrica-na-alemanha\\\/\",\"name\":\"Volkswagen do Brasil acerta exporta\u00e7\u00e3o de 5 mil pe\u00e7as de carro para f\u00e1brica na Alemanha - Canal Dana\",\"isPartOf\":{\"@id\":\"https:\\\/\\\/dana.com.br\\\/canaldana\\\/#website\"},\"datePublished\":\"2018-02-26T11:55:31+00:00\",\"author\":{\"@id\":\"https:\\\/\\\/dana.com.br\\\/canaldana\\\/#\\\/schema\\\/person\\\/3c21f22f56fcf3bc46b94bc60ea4fef6\"},\"breadcrumb\":{\"@id\":\"https:\\\/\\\/dana.com.br\\\/canaldana\\\/2018\\\/02\\\/26\\\/volkswagen-do-brasil-acerta-exportacao-de-5-mil-pecas-de-carro-para-fabrica-na-alemanha\\\/#breadcrumb\"},\"inLanguage\":\"pt-BR\",\"potentialAction\":[{\"@type\":\"ReadAction\",\"target\":[\"https:\\\/\\\/dana.com.br\\\/canaldana\\\/2018\\\/02\\\/26\\\/volkswagen-do-brasil-acerta-exportacao-de-5-mil-pecas-de-carro-para-fabrica-na-alemanha\\\/\"]}]},{\"@type\":\"BreadcrumbList\",\"@id\":\"https:\\\/\\\/dana.com.br\\\/canaldana\\\/2018\\\/02\\\/26\\\/volkswagen-do-brasil-acerta-exportacao-de-5-mil-pecas-de-carro-para-fabrica-na-alemanha\\\/#breadcrumb\",\"itemListElement\":[{\"@type\":\"ListItem\",\"position\":1,\"name\":\"Home\",\"item\":\"https:\\\/\\\/dana.com.br\\\/canaldana\\\/\"},{\"@type\":\"ListItem\",\"position\":2,\"name\":\"Destaques\",\"item\":\"https:\\\/\\\/dana.com.br\\\/canaldana\\\/destaques\\\/\"},{\"@type\":\"ListItem\",\"position\":3,\"name\":\"Volkswagen do Brasil acerta exporta\u00e7\u00e3o de 5 mil pe\u00e7as de carro para f\u00e1brica na Alemanha\"}]},{\"@type\":\"WebSite\",\"@id\":\"https:\\\/\\\/dana.com.br\\\/canaldana\\\/#website\",\"url\":\"https:\\\/\\\/dana.com.br\\\/canaldana\\\/\",\"name\":\"Canal Dana\",\"description\":\"Informativo com as principais not\u00edcias da ind\u00fastria automotiva\",\"potentialAction\":[{\"@type\":\"SearchAction\",\"target\":{\"@type\":\"EntryPoint\",\"urlTemplate\":\"https:\\\/\\\/dana.com.br\\\/canaldana\\\/?s={search_term_string}\"},\"query-input\":{\"@type\":\"PropertyValueSpecification\",\"valueRequired\":true,\"valueName\":\"search_term_string\"}}],\"inLanguage\":\"pt-BR\"},{\"@type\":\"Person\",\"@id\":\"https:\\\/\\\/dana.com.br\\\/canaldana\\\/#\\\/schema\\\/person\\\/3c21f22f56fcf3bc46b94bc60ea4fef6\",\"name\":\"Canal Dana\",\"image\":{\"@type\":\"ImageObject\",\"inLanguage\":\"pt-BR\",\"@id\":\"https:\\\/\\\/secure.gravatar.com\\\/avatar\\\/420aaf9278582877d9018637c6817617705899d2858d7572ef0fe59a6b6454b4?s=96&d=mm&r=g\",\"url\":\"https:\\\/\\\/secure.gravatar.com\\\/avatar\\\/420aaf9278582877d9018637c6817617705899d2858d7572ef0fe59a6b6454b4?s=96&d=mm&r=g\",\"contentUrl\":\"https:\\\/\\\/secure.gravatar.com\\\/avatar\\\/420aaf9278582877d9018637c6817617705899d2858d7572ef0fe59a6b6454b4?s=96&d=mm&r=g\",\"caption\":\"Canal Dana\"},\"url\":\"https:\\\/\\\/dana.com.br\\\/canaldana\\\/author\\\/cdeditor\\\/\"}]}<\/script>\n<!-- \/ Yoast SEO plugin. -->","yoast_head_json":{"title":"Volkswagen do Brasil acerta exporta\u00e7\u00e3o de 5 mil pe\u00e7as de carro para f\u00e1brica na Alemanha - Canal Dana","robots":{"index":"index","follow":"follow","max-snippet":"max-snippet:-1","max-image-preview":"max-image-preview:large","max-video-preview":"max-video-preview:-1"},"canonical":"https:\/\/dana.com.br\/canaldana\/2018\/02\/26\/volkswagen-do-brasil-acerta-exportacao-de-5-mil-pecas-de-carro-para-fabrica-na-alemanha\/","og_locale":"pt_BR","og_type":"article","og_title":"Volkswagen do Brasil acerta exporta\u00e7\u00e3o de 5 mil pe\u00e7as de carro para f\u00e1brica na Alemanha - Canal Dana","og_description":"O Estado de S. Paulo &nbsp; Como parte do plano de ampliar sua atua\u00e7\u00e3o no mercado externo, a Volkswagen do Brasil acertou a exporta\u00e7\u00e3o de 5 mil pe\u00e7as de carro para uma das f\u00e1bricas do grupo na Alemanha, na cidade de Chemnitz. O lote diz respeito a uma pe\u00e7a chamada virabrequim, tamb\u00e9m conhecida como &#8220;\u00e1rvore\u2026 Leia mais \u00bb","og_url":"https:\/\/dana.com.br\/canaldana\/2018\/02\/26\/volkswagen-do-brasil-acerta-exportacao-de-5-mil-pecas-de-carro-para-fabrica-na-alemanha\/","og_site_name":"Canal Dana","article_published_time":"2018-02-26T11:55:31+00:00","author":"Canal Dana","twitter_card":"summary_large_image","twitter_misc":{"Escrito por":"Canal Dana","Est. tempo de leitura":"2 minutos"},"schema":{"@context":"https:\/\/schema.org","@graph":[{"@type":"Article","@id":"https:\/\/dana.com.br\/canaldana\/2018\/02\/26\/volkswagen-do-brasil-acerta-exportacao-de-5-mil-pecas-de-carro-para-fabrica-na-alemanha\/#article","isPartOf":{"@id":"https:\/\/dana.com.br\/canaldana\/2018\/02\/26\/volkswagen-do-brasil-acerta-exportacao-de-5-mil-pecas-de-carro-para-fabrica-na-alemanha\/"},"author":{"name":"Canal Dana","@id":"https:\/\/dana.com.br\/canaldana\/#\/schema\/person\/3c21f22f56fcf3bc46b94bc60ea4fef6"},"headline":"Volkswagen do Brasil acerta exporta\u00e7\u00e3o de 5 mil pe\u00e7as de carro para f\u00e1brica na Alemanha","datePublished":"2018-02-26T11:55:31+00:00","mainEntityOfPage":{"@id":"https:\/\/dana.com.br\/canaldana\/2018\/02\/26\/volkswagen-do-brasil-acerta-exportacao-de-5-mil-pecas-de-carro-para-fabrica-na-alemanha\/"},"wordCount":413,"articleSection":["Destaques"],"inLanguage":"pt-BR"},{"@type":"WebPage","@id":"https:\/\/dana.com.br\/canaldana\/2018\/02\/26\/volkswagen-do-brasil-acerta-exportacao-de-5-mil-pecas-de-carro-para-fabrica-na-alemanha\/","url":"https:\/\/dana.com.br\/canaldana\/2018\/02\/26\/volkswagen-do-brasil-acerta-exportacao-de-5-mil-pecas-de-carro-para-fabrica-na-alemanha\/","name":"Volkswagen do Brasil acerta exporta\u00e7\u00e3o de 5 mil pe\u00e7as de carro para f\u00e1brica na Alemanha - Canal Dana","isPartOf":{"@id":"https:\/\/dana.com.br\/canaldana\/#website"},"datePublished":"2018-02-26T11:55:31+00:00","author":{"@id":"https:\/\/dana.com.br\/canaldana\/#\/schema\/person\/3c21f22f56fcf3bc46b94bc60ea4fef6"},"breadcrumb":{"@id":"https:\/\/dana.com.br\/canaldana\/2018\/02\/26\/volkswagen-do-brasil-acerta-exportacao-de-5-mil-pecas-de-carro-para-fabrica-na-alemanha\/#breadcrumb"},"inLanguage":"pt-BR","potentialAction":[{"@type":"ReadAction","target":["https:\/\/dana.com.br\/canaldana\/2018\/02\/26\/volkswagen-do-brasil-acerta-exportacao-de-5-mil-pecas-de-carro-para-fabrica-na-alemanha\/"]}]},{"@type":"BreadcrumbList","@id":"https:\/\/dana.com.br\/canaldana\/2018\/02\/26\/volkswagen-do-brasil-acerta-exportacao-de-5-mil-pecas-de-carro-para-fabrica-na-alemanha\/#breadcrumb","itemListElement":[{"@type":"ListItem","position":1,"name":"Home","item":"https:\/\/dana.com.br\/canaldana\/"},{"@type":"ListItem","position":2,"name":"Destaques","item":"https:\/\/dana.com.br\/canaldana\/destaques\/"},{"@type":"ListItem","position":3,"name":"Volkswagen do Brasil acerta exporta\u00e7\u00e3o de 5 mil pe\u00e7as de carro para f\u00e1brica na Alemanha"}]},{"@type":"WebSite","@id":"https:\/\/dana.com.br\/canaldana\/#website","url":"https:\/\/dana.com.br\/canaldana\/","name":"Canal Dana","description":"Informativo com as principais not\u00edcias da ind\u00fastria automotiva","potentialAction":[{"@type":"SearchAction","target":{"@type":"EntryPoint","urlTemplate":"https:\/\/dana.com.br\/canaldana\/?s={search_term_string}"},"query-input":{"@type":"PropertyValueSpecification","valueRequired":true,"valueName":"search_term_string"}}],"inLanguage":"pt-BR"},{"@type":"Person","@id":"https:\/\/dana.com.br\/canaldana\/#\/schema\/person\/3c21f22f56fcf3bc46b94bc60ea4fef6","name":"Canal Dana","image":{"@type":"ImageObject","inLanguage":"pt-BR","@id":"https:\/\/secure.gravatar.com\/avatar\/420aaf9278582877d9018637c6817617705899d2858d7572ef0fe59a6b6454b4?s=96&d=mm&r=g","url":"https:\/\/secure.gravatar.com\/avatar\/420aaf9278582877d9018637c6817617705899d2858d7572ef0fe59a6b6454b4?s=96&d=mm&r=g","contentUrl":"https:\/\/secure.gravatar.com\/avatar\/420aaf9278582877d9018637c6817617705899d2858d7572ef0fe59a6b6454b4?s=96&d=mm&r=g","caption":"Canal Dana"},"url":"https:\/\/dana.com.br\/canaldana\/author\/cdeditor\/"}]}},"_links":{"self":[{"href":"https:\/\/dana.com.br\/canaldana\/wp-json\/wp\/v2\/posts\/23445","targetHints":{"allow":["GET"]}}],"collection":[{"href":"https:\/\/dana.com.br\/canaldana\/wp-json\/wp\/v2\/posts"}],"about":[{"href":"https:\/\/dana.com.br\/canaldana\/wp-json\/wp\/v2\/types\/post"}],"author":[{"embeddable":true,"href":"https:\/\/dana.com.br\/canaldana\/wp-json\/wp\/v2\/users\/3"}],"replies":[{"embeddable":true,"href":"https:\/\/dana.com.br\/canaldana\/wp-json\/wp\/v2\/comments?post=23445"}],"version-history":[{"count":0,"href":"https:\/\/dana.com.br\/canaldana\/wp-json\/wp\/v2\/posts\/23445\/revisions"}],"wp:attachment":[{"href":"https:\/\/dana.com.br\/canaldana\/wp-json\/wp\/v2\/media?parent=23445"}],"wp:term":[{"taxonomy":"category","embeddable":true,"href":"https:\/\/dana.com.br\/canaldana\/wp-json\/wp\/v2\/categories?post=23445"},{"taxonomy":"post_tag","embeddable":true,"href":"https:\/\/dana.com.br\/canaldana\/wp-json\/wp\/v2\/tags?post=23445"}],"curies":[{"name":"wp","href":"https:\/\/api.w.org\/{rel}","templated":true}]}}