{"id":23378,"date":"2018-02-22T09:07:36","date_gmt":"2018-02-22T12:07:36","guid":{"rendered":"http:\/\/dana.com.br\/canaldana\/?p=23378"},"modified":"2018-02-22T09:07:36","modified_gmt":"2018-02-22T12:07:36","slug":"volvo-retoma-2o-turno-depois-de-tres-anos-e-contrata-250-funcionarios","status":"publish","type":"post","link":"https:\/\/dana.com.br\/canaldana\/2018\/02\/22\/volvo-retoma-2o-turno-depois-de-tres-anos-e-contrata-250-funcionarios\/","title":{"rendered":"Volvo retoma 2\u00ba turno depois de tr\u00eas anos e contrata 250 funcion\u00e1rios"},"content":{"rendered":"<p><em>O Estado de S. Paulo<\/em><\/p>\n<p>&nbsp;<\/p>\n<p>Com previs\u00e3o de crescimento de quase 25% nas vendas neste ano, ap\u00f3s a pequena recupera\u00e7\u00e3o em 2017, de 3,2%, as fabricantes de caminh\u00f5es e \u00f4nibus come\u00e7am um movimento de contrata\u00e7\u00f5es, ainda que os n\u00fameros estejam muito longe de compensar os cortes realizados no per\u00edodo da crise econ\u00f4mica.<\/p>\n<p>&nbsp;<\/p>\n<p>A Volvo anunciou ontem a contrata\u00e7\u00e3o de 250 funcion\u00e1rios para retomar o segundo turno de produ\u00e7\u00e3o na unidade de caminh\u00f5es da f\u00e1brica de Curitiba (PR), que estava suspenso desde meados de 2015. Al\u00e9m do mercado interno, o refor\u00e7o \u00e9 para atender as exporta\u00e7\u00f5es da marca, que aumentaram 27% no ano passado em rela\u00e7\u00e3o a 2016.<\/p>\n<p>&nbsp;<\/p>\n<p>No per\u00edodo mais dr\u00e1stico da crise, entre 2015 e 2016, a marca sueca reduziu seu quadro de funcion\u00e1rios em 20%, e emprega atualmente 3,4 mil trabalhadores. \u201cAs contrata\u00e7\u00f5es, em princ\u00edpio, s\u00e3o tempor\u00e1rias, por cerca de um ano, mas esperamos que se transformem em vagas efetivas\u201d, diz o presidente da Volvo Am\u00e9rica Latina, Wilson Lirmann, que ontem apresentou, em S\u00e3o Paulo, o balan\u00e7o das opera\u00e7\u00f5es do grupo no Pa\u00eds.<\/p>\n<p>&nbsp;<\/p>\n<p>No in\u00edcio do ano, a Mercedes-Benz tamb\u00e9m contratou 272 trabalhadores para a f\u00e1brica de S\u00e3o Bernardo do Campo, no ABC paulista, onde produz caminh\u00f5es, \u00f4nibus e componentes. Al\u00e9m disso, tem convocado os funcion\u00e1rios para horas extras em s\u00e1bados alternativos.<\/p>\n<p>&nbsp;<\/p>\n<p>Segundo o presidente da empresa no Brasil, Philipp Schiemer, se a demanda continuar aquecida a companhia poder\u00e1 voltar a operar em dois turnos a partir de maio. Nos \u00faltimos quatro anos, a fabricante eliminou mais de 5 mil vagas e emprega atualmente cerca de 7 mil pessoas no ABC e 700 em Juiz de Fora (MG). Parte dos cortes \u00e9 resultado da crise, mas tamb\u00e9m houve uma reestrutura\u00e7\u00e3o das opera\u00e7\u00f5es do grupo.<\/p>\n<p>&nbsp;<\/p>\n<p>A Anfavea, associa\u00e7\u00e3o do setor, prev\u00ea para este ano alta de 24,7% nas vendas de caminh\u00f5es e \u00f4nibus, para 79,5 mil unidades, e de 16,2% na produ\u00e7\u00e3o, para 120,3 mil unidades. O melhor ano do setor foi em 2011, quando foram vendidos 207,4 mil ve\u00edculos dos dois segmentos.<\/p>\n<p>&nbsp;<\/p>\n<p><strong>Sem reformas<\/strong><\/p>\n<p>&nbsp;<\/p>\n<p>A recupera\u00e7\u00e3o ser\u00e1 lenta, afirma Lirmann, \u201cmas finalmente interrompemos e sequ\u00eancia negativa da crise\u201d. As previs\u00f5es de melhora, diz o executivo, t\u00eam como base a infla\u00e7\u00e3o sob controle, juros em queda, agricultura forte, retomada da confian\u00e7a de consumidores e da ind\u00fastria e aumento do emprego e do consumo.<\/p>\n<p>&nbsp;<\/p>\n<p>O presidente da Volvo, contudo, se mostra preocupado com o adiamento de medidas como as reformas da previd\u00eancia, tribut\u00e1ria e pol\u00edtica. \u201cTemos um encontro marcado com as consequ\u00eancias de tomar ou n\u00e3o essas decis\u00f5es\u201d, diz. Ele tamb\u00e9m espera que as lideran\u00e7as pol\u00edticas, principalmente em ano de elei\u00e7\u00f5es, coloquem as agendas econ\u00f4mica e pol\u00edtica de forma transparente. \u201cApesar de dizerem que a economia se descolou da pol\u00edtica, h\u00e1 um limite para isso por causa dos desafios a serem apresentados, e isso depende da pol\u00edtica.\u201d<\/p>\n<p>&nbsp;<\/p>\n<p>Em 2017, a Volvo vendeu 5.699 caminh\u00f5es pesados e semipesados no mercado interno e exportou 4.637, num total de 10.336 unidades, alta de 20% ante 2016. Para este ano, a empresa espera alta pr\u00f3xima a 30%, a mesma projetada para o mercado total de modelos com capacidade acima de 16 toneladas de carga, segmento em que atua. As vendas de \u00f4nibus somaram 1,8 mil unidades e este ano devem chegar a 2,2 mil. (O Estado de S. Paulo\/Cleide Silva)<\/p>\n","protected":false},"excerpt":{"rendered":"<p>O Estado de S. Paulo &nbsp; Com previs\u00e3o de crescimento de quase 25% nas vendas neste ano, ap\u00f3s a pequena recupera\u00e7\u00e3o em 2017, de 3,2%, as fabricantes de caminh\u00f5es e \u00f4nibus come\u00e7am um movimento de contrata\u00e7\u00f5es, ainda que os n\u00fameros estejam muito longe de compensar os cortes realizados no per\u00edodo da crise econ\u00f4mica. &nbsp; A\u2026 <a class=\"readmore\" href=\"https:\/\/dana.com.br\/canaldana\/2018\/02\/22\/volvo-retoma-2o-turno-depois-de-tres-anos-e-contrata-250-funcionarios\/\">Leia mais \u00bb<\/a><\/p>\n","protected":false},"author":3,"featured_media":0,"comment_status":"closed","ping_status":"closed","sticky":false,"template":"","format":"standard","meta":{"_acf_changed":false,"footnotes":""},"categories":[61],"tags":[],"class_list":["post-23378","post","type-post","status-publish","format-standard","hentry","category-destaques"],"acf":[],"yoast_head":"<!-- This site is optimized with the Yoast SEO plugin v27.3 - https:\/\/yoast.com\/product\/yoast-seo-wordpress\/ -->\n<title>Volvo retoma 2\u00ba turno depois de tr\u00eas anos e contrata 250 funcion\u00e1rios - Canal Dana<\/title>\n<meta name=\"robots\" content=\"index, follow, max-snippet:-1, max-image-preview:large, max-video-preview:-1\" \/>\n<link rel=\"canonical\" href=\"https:\/\/dana.com.br\/canaldana\/2018\/02\/22\/volvo-retoma-2o-turno-depois-de-tres-anos-e-contrata-250-funcionarios\/\" \/>\n<meta property=\"og:locale\" content=\"pt_BR\" \/>\n<meta property=\"og:type\" content=\"article\" \/>\n<meta property=\"og:title\" content=\"Volvo retoma 2\u00ba turno depois de tr\u00eas anos e contrata 250 funcion\u00e1rios - Canal Dana\" \/>\n<meta property=\"og:description\" content=\"O Estado de S. Paulo &nbsp; Com previs\u00e3o de crescimento de quase 25% nas vendas neste ano, ap\u00f3s a pequena recupera\u00e7\u00e3o em 2017, de 3,2%, as fabricantes de caminh\u00f5es e \u00f4nibus come\u00e7am um movimento de contrata\u00e7\u00f5es, ainda que os n\u00fameros estejam muito longe de compensar os cortes realizados no per\u00edodo da crise econ\u00f4mica. &nbsp; A\u2026 Leia mais \u00bb\" \/>\n<meta property=\"og:url\" content=\"https:\/\/dana.com.br\/canaldana\/2018\/02\/22\/volvo-retoma-2o-turno-depois-de-tres-anos-e-contrata-250-funcionarios\/\" \/>\n<meta property=\"og:site_name\" content=\"Canal Dana\" \/>\n<meta property=\"article:published_time\" content=\"2018-02-22T12:07:36+00:00\" \/>\n<meta name=\"author\" content=\"Canal Dana\" \/>\n<meta name=\"twitter:card\" content=\"summary_large_image\" \/>\n<meta name=\"twitter:label1\" content=\"Escrito por\" \/>\n\t<meta name=\"twitter:data1\" content=\"Canal Dana\" \/>\n\t<meta name=\"twitter:label2\" content=\"Est. tempo de leitura\" \/>\n\t<meta name=\"twitter:data2\" content=\"3 minutos\" \/>\n<script type=\"application\/ld+json\" class=\"yoast-schema-graph\">{\"@context\":\"https:\\\/\\\/schema.org\",\"@graph\":[{\"@type\":\"Article\",\"@id\":\"https:\\\/\\\/dana.com.br\\\/canaldana\\\/2018\\\/02\\\/22\\\/volvo-retoma-2o-turno-depois-de-tres-anos-e-contrata-250-funcionarios\\\/#article\",\"isPartOf\":{\"@id\":\"https:\\\/\\\/dana.com.br\\\/canaldana\\\/2018\\\/02\\\/22\\\/volvo-retoma-2o-turno-depois-de-tres-anos-e-contrata-250-funcionarios\\\/\"},\"author\":{\"name\":\"Canal Dana\",\"@id\":\"https:\\\/\\\/dana.com.br\\\/canaldana\\\/#\\\/schema\\\/person\\\/3c21f22f56fcf3bc46b94bc60ea4fef6\"},\"headline\":\"Volvo retoma 2\u00ba turno depois de tr\u00eas anos e contrata 250 funcion\u00e1rios\",\"datePublished\":\"2018-02-22T12:07:36+00:00\",\"mainEntityOfPage\":{\"@id\":\"https:\\\/\\\/dana.com.br\\\/canaldana\\\/2018\\\/02\\\/22\\\/volvo-retoma-2o-turno-depois-de-tres-anos-e-contrata-250-funcionarios\\\/\"},\"wordCount\":604,\"articleSection\":[\"Destaques\"],\"inLanguage\":\"pt-BR\"},{\"@type\":\"WebPage\",\"@id\":\"https:\\\/\\\/dana.com.br\\\/canaldana\\\/2018\\\/02\\\/22\\\/volvo-retoma-2o-turno-depois-de-tres-anos-e-contrata-250-funcionarios\\\/\",\"url\":\"https:\\\/\\\/dana.com.br\\\/canaldana\\\/2018\\\/02\\\/22\\\/volvo-retoma-2o-turno-depois-de-tres-anos-e-contrata-250-funcionarios\\\/\",\"name\":\"Volvo retoma 2\u00ba turno depois de tr\u00eas anos e contrata 250 funcion\u00e1rios - Canal Dana\",\"isPartOf\":{\"@id\":\"https:\\\/\\\/dana.com.br\\\/canaldana\\\/#website\"},\"datePublished\":\"2018-02-22T12:07:36+00:00\",\"author\":{\"@id\":\"https:\\\/\\\/dana.com.br\\\/canaldana\\\/#\\\/schema\\\/person\\\/3c21f22f56fcf3bc46b94bc60ea4fef6\"},\"breadcrumb\":{\"@id\":\"https:\\\/\\\/dana.com.br\\\/canaldana\\\/2018\\\/02\\\/22\\\/volvo-retoma-2o-turno-depois-de-tres-anos-e-contrata-250-funcionarios\\\/#breadcrumb\"},\"inLanguage\":\"pt-BR\",\"potentialAction\":[{\"@type\":\"ReadAction\",\"target\":[\"https:\\\/\\\/dana.com.br\\\/canaldana\\\/2018\\\/02\\\/22\\\/volvo-retoma-2o-turno-depois-de-tres-anos-e-contrata-250-funcionarios\\\/\"]}]},{\"@type\":\"BreadcrumbList\",\"@id\":\"https:\\\/\\\/dana.com.br\\\/canaldana\\\/2018\\\/02\\\/22\\\/volvo-retoma-2o-turno-depois-de-tres-anos-e-contrata-250-funcionarios\\\/#breadcrumb\",\"itemListElement\":[{\"@type\":\"ListItem\",\"position\":1,\"name\":\"Home\",\"item\":\"https:\\\/\\\/dana.com.br\\\/canaldana\\\/\"},{\"@type\":\"ListItem\",\"position\":2,\"name\":\"Destaques\",\"item\":\"https:\\\/\\\/dana.com.br\\\/canaldana\\\/destaques\\\/\"},{\"@type\":\"ListItem\",\"position\":3,\"name\":\"Volvo retoma 2\u00ba turno depois de tr\u00eas anos e contrata 250 funcion\u00e1rios\"}]},{\"@type\":\"WebSite\",\"@id\":\"https:\\\/\\\/dana.com.br\\\/canaldana\\\/#website\",\"url\":\"https:\\\/\\\/dana.com.br\\\/canaldana\\\/\",\"name\":\"Canal Dana\",\"description\":\"Informativo com as principais not\u00edcias da ind\u00fastria automotiva\",\"potentialAction\":[{\"@type\":\"SearchAction\",\"target\":{\"@type\":\"EntryPoint\",\"urlTemplate\":\"https:\\\/\\\/dana.com.br\\\/canaldana\\\/?s={search_term_string}\"},\"query-input\":{\"@type\":\"PropertyValueSpecification\",\"valueRequired\":true,\"valueName\":\"search_term_string\"}}],\"inLanguage\":\"pt-BR\"},{\"@type\":\"Person\",\"@id\":\"https:\\\/\\\/dana.com.br\\\/canaldana\\\/#\\\/schema\\\/person\\\/3c21f22f56fcf3bc46b94bc60ea4fef6\",\"name\":\"Canal Dana\",\"image\":{\"@type\":\"ImageObject\",\"inLanguage\":\"pt-BR\",\"@id\":\"https:\\\/\\\/secure.gravatar.com\\\/avatar\\\/420aaf9278582877d9018637c6817617705899d2858d7572ef0fe59a6b6454b4?s=96&d=mm&r=g\",\"url\":\"https:\\\/\\\/secure.gravatar.com\\\/avatar\\\/420aaf9278582877d9018637c6817617705899d2858d7572ef0fe59a6b6454b4?s=96&d=mm&r=g\",\"contentUrl\":\"https:\\\/\\\/secure.gravatar.com\\\/avatar\\\/420aaf9278582877d9018637c6817617705899d2858d7572ef0fe59a6b6454b4?s=96&d=mm&r=g\",\"caption\":\"Canal Dana\"},\"url\":\"https:\\\/\\\/dana.com.br\\\/canaldana\\\/author\\\/cdeditor\\\/\"}]}<\/script>\n<!-- \/ Yoast SEO plugin. -->","yoast_head_json":{"title":"Volvo retoma 2\u00ba turno depois de tr\u00eas anos e contrata 250 funcion\u00e1rios - Canal Dana","robots":{"index":"index","follow":"follow","max-snippet":"max-snippet:-1","max-image-preview":"max-image-preview:large","max-video-preview":"max-video-preview:-1"},"canonical":"https:\/\/dana.com.br\/canaldana\/2018\/02\/22\/volvo-retoma-2o-turno-depois-de-tres-anos-e-contrata-250-funcionarios\/","og_locale":"pt_BR","og_type":"article","og_title":"Volvo retoma 2\u00ba turno depois de tr\u00eas anos e contrata 250 funcion\u00e1rios - Canal Dana","og_description":"O Estado de S. Paulo &nbsp; Com previs\u00e3o de crescimento de quase 25% nas vendas neste ano, ap\u00f3s a pequena recupera\u00e7\u00e3o em 2017, de 3,2%, as fabricantes de caminh\u00f5es e \u00f4nibus come\u00e7am um movimento de contrata\u00e7\u00f5es, ainda que os n\u00fameros estejam muito longe de compensar os cortes realizados no per\u00edodo da crise econ\u00f4mica. &nbsp; A\u2026 Leia mais \u00bb","og_url":"https:\/\/dana.com.br\/canaldana\/2018\/02\/22\/volvo-retoma-2o-turno-depois-de-tres-anos-e-contrata-250-funcionarios\/","og_site_name":"Canal Dana","article_published_time":"2018-02-22T12:07:36+00:00","author":"Canal Dana","twitter_card":"summary_large_image","twitter_misc":{"Escrito por":"Canal Dana","Est. tempo de leitura":"3 minutos"},"schema":{"@context":"https:\/\/schema.org","@graph":[{"@type":"Article","@id":"https:\/\/dana.com.br\/canaldana\/2018\/02\/22\/volvo-retoma-2o-turno-depois-de-tres-anos-e-contrata-250-funcionarios\/#article","isPartOf":{"@id":"https:\/\/dana.com.br\/canaldana\/2018\/02\/22\/volvo-retoma-2o-turno-depois-de-tres-anos-e-contrata-250-funcionarios\/"},"author":{"name":"Canal Dana","@id":"https:\/\/dana.com.br\/canaldana\/#\/schema\/person\/3c21f22f56fcf3bc46b94bc60ea4fef6"},"headline":"Volvo retoma 2\u00ba turno depois de tr\u00eas anos e contrata 250 funcion\u00e1rios","datePublished":"2018-02-22T12:07:36+00:00","mainEntityOfPage":{"@id":"https:\/\/dana.com.br\/canaldana\/2018\/02\/22\/volvo-retoma-2o-turno-depois-de-tres-anos-e-contrata-250-funcionarios\/"},"wordCount":604,"articleSection":["Destaques"],"inLanguage":"pt-BR"},{"@type":"WebPage","@id":"https:\/\/dana.com.br\/canaldana\/2018\/02\/22\/volvo-retoma-2o-turno-depois-de-tres-anos-e-contrata-250-funcionarios\/","url":"https:\/\/dana.com.br\/canaldana\/2018\/02\/22\/volvo-retoma-2o-turno-depois-de-tres-anos-e-contrata-250-funcionarios\/","name":"Volvo retoma 2\u00ba turno depois de tr\u00eas anos e contrata 250 funcion\u00e1rios - Canal Dana","isPartOf":{"@id":"https:\/\/dana.com.br\/canaldana\/#website"},"datePublished":"2018-02-22T12:07:36+00:00","author":{"@id":"https:\/\/dana.com.br\/canaldana\/#\/schema\/person\/3c21f22f56fcf3bc46b94bc60ea4fef6"},"breadcrumb":{"@id":"https:\/\/dana.com.br\/canaldana\/2018\/02\/22\/volvo-retoma-2o-turno-depois-de-tres-anos-e-contrata-250-funcionarios\/#breadcrumb"},"inLanguage":"pt-BR","potentialAction":[{"@type":"ReadAction","target":["https:\/\/dana.com.br\/canaldana\/2018\/02\/22\/volvo-retoma-2o-turno-depois-de-tres-anos-e-contrata-250-funcionarios\/"]}]},{"@type":"BreadcrumbList","@id":"https:\/\/dana.com.br\/canaldana\/2018\/02\/22\/volvo-retoma-2o-turno-depois-de-tres-anos-e-contrata-250-funcionarios\/#breadcrumb","itemListElement":[{"@type":"ListItem","position":1,"name":"Home","item":"https:\/\/dana.com.br\/canaldana\/"},{"@type":"ListItem","position":2,"name":"Destaques","item":"https:\/\/dana.com.br\/canaldana\/destaques\/"},{"@type":"ListItem","position":3,"name":"Volvo retoma 2\u00ba turno depois de tr\u00eas anos e contrata 250 funcion\u00e1rios"}]},{"@type":"WebSite","@id":"https:\/\/dana.com.br\/canaldana\/#website","url":"https:\/\/dana.com.br\/canaldana\/","name":"Canal Dana","description":"Informativo com as principais not\u00edcias da ind\u00fastria automotiva","potentialAction":[{"@type":"SearchAction","target":{"@type":"EntryPoint","urlTemplate":"https:\/\/dana.com.br\/canaldana\/?s={search_term_string}"},"query-input":{"@type":"PropertyValueSpecification","valueRequired":true,"valueName":"search_term_string"}}],"inLanguage":"pt-BR"},{"@type":"Person","@id":"https:\/\/dana.com.br\/canaldana\/#\/schema\/person\/3c21f22f56fcf3bc46b94bc60ea4fef6","name":"Canal Dana","image":{"@type":"ImageObject","inLanguage":"pt-BR","@id":"https:\/\/secure.gravatar.com\/avatar\/420aaf9278582877d9018637c6817617705899d2858d7572ef0fe59a6b6454b4?s=96&d=mm&r=g","url":"https:\/\/secure.gravatar.com\/avatar\/420aaf9278582877d9018637c6817617705899d2858d7572ef0fe59a6b6454b4?s=96&d=mm&r=g","contentUrl":"https:\/\/secure.gravatar.com\/avatar\/420aaf9278582877d9018637c6817617705899d2858d7572ef0fe59a6b6454b4?s=96&d=mm&r=g","caption":"Canal Dana"},"url":"https:\/\/dana.com.br\/canaldana\/author\/cdeditor\/"}]}},"_links":{"self":[{"href":"https:\/\/dana.com.br\/canaldana\/wp-json\/wp\/v2\/posts\/23378","targetHints":{"allow":["GET"]}}],"collection":[{"href":"https:\/\/dana.com.br\/canaldana\/wp-json\/wp\/v2\/posts"}],"about":[{"href":"https:\/\/dana.com.br\/canaldana\/wp-json\/wp\/v2\/types\/post"}],"author":[{"embeddable":true,"href":"https:\/\/dana.com.br\/canaldana\/wp-json\/wp\/v2\/users\/3"}],"replies":[{"embeddable":true,"href":"https:\/\/dana.com.br\/canaldana\/wp-json\/wp\/v2\/comments?post=23378"}],"version-history":[{"count":0,"href":"https:\/\/dana.com.br\/canaldana\/wp-json\/wp\/v2\/posts\/23378\/revisions"}],"wp:attachment":[{"href":"https:\/\/dana.com.br\/canaldana\/wp-json\/wp\/v2\/media?parent=23378"}],"wp:term":[{"taxonomy":"category","embeddable":true,"href":"https:\/\/dana.com.br\/canaldana\/wp-json\/wp\/v2\/categories?post=23378"},{"taxonomy":"post_tag","embeddable":true,"href":"https:\/\/dana.com.br\/canaldana\/wp-json\/wp\/v2\/tags?post=23378"}],"curies":[{"name":"wp","href":"https:\/\/api.w.org\/{rel}","templated":true}]}}