{"id":23344,"date":"2018-02-21T08:41:53","date_gmt":"2018-02-21T11:41:53","guid":{"rendered":"http:\/\/dana.com.br\/canaldana\/?p=23344"},"modified":"2018-02-21T08:41:53","modified_gmt":"2018-02-21T11:41:53","slug":"general-motors-investira-r-12-bilhao-para-ampliar-fabrica-no-abc-paulista","status":"publish","type":"post","link":"https:\/\/dana.com.br\/canaldana\/2018\/02\/21\/general-motors-investira-r-12-bilhao-para-ampliar-fabrica-no-abc-paulista\/","title":{"rendered":"General Motors investir\u00e1 R$ 1,2 bilh\u00e3o para ampliar f\u00e1brica no ABC Paulista"},"content":{"rendered":"<p><em>O Estado de S. Paulo<\/em><\/p>\n<p>&nbsp;<\/p>\n<p>L\u00edder em vendas no Brasil h\u00e1 dois anos, a General Motors vai aumentar a capacidade produtiva da f\u00e1brica de S\u00e3o Caetano do Sul, no ABC paulista, de 250 mil para 330 mil ve\u00edculos ao ano. As obras para amplia\u00e7\u00e3o e moderniza\u00e7\u00e3o da linha de montagem, com investimentos de R$ 1,2 bilh\u00e3o, ser\u00e3o conclu\u00eddas em 2019.<\/p>\n<p>&nbsp;<\/p>\n<p>A montadora \u00e9 uma das poucas a anunciar aportes em amplia\u00e7\u00e3o de capacidade. Nos \u00faltimos tr\u00eas anos, per\u00edodo em que o setor automobil\u00edstico operou com at\u00e9 50% de ociosidade em raz\u00e3o da crise nas vendas, os investimentos foram focados em produtos e moderniza\u00e7\u00e3o.<\/p>\n<p>&nbsp;<\/p>\n<p>\u201cRegistramos crescimento muito forte nas nossas vendas em 2017 (de 14% em rela\u00e7\u00e3o a 2016) e este ano esperamos outro aumento significativo, acima de 20%\u201d, diz o presidente da GM Mercosul, Carlos Zarlenga.<\/p>\n<p>&nbsp;<\/p>\n<p>Hoje, a f\u00e1brica do ABC ainda opera abaixo de sua capacidade, mas, com a chegada de novos produtos tamb\u00e9m previstos no investimento, precisar\u00e1 dessa capacidade maior. A filial do grupo em Gravata\u00ed (RS), opera praticamente com capacidade plena na produ\u00e7\u00e3o dos modelos Onix \u2013 o mais vendido no Pa\u00eds \u2013 e Prisma. Em S\u00e3o Caetano s\u00e3o feitos Cobalt, Montana, Spin e uma vers\u00e3o do Onix.<\/p>\n<p>&nbsp;<\/p>\n<p><strong>Inova\u00e7\u00e3o<\/strong><\/p>\n<p>&nbsp;<\/p>\n<p>Em evento ontem que contou com a participa\u00e7\u00e3o do governador Geraldo Alckmin e do ministro da Ind\u00fastria, Com\u00e9rcio Exterior e Servi\u00e7os (MDIC), Marcos Jorge de Lima, a GM mostrou as obras de amplia\u00e7\u00e3o da f\u00e1brica que, segundo Zarlenga, v\u00e3o incorporar novas tecnologias da chamada ind\u00fastria 4.0, como prensas de \u00faltima gera\u00e7\u00e3o, solda a laser e novo transportador de ve\u00edculos.<\/p>\n<p>&nbsp;<\/p>\n<p>Para realiza\u00e7\u00e3o das obras, a produ\u00e7\u00e3o foi suspensa e todos os funcion\u00e1rios da linha de montagem entraram em f\u00e9rias coletivas por um m\u00eas. Somando o pessoal administrativo, a unidade emprega 9,2 mil pessoas.<\/p>\n<p>&nbsp;<\/p>\n<p>O investimento, bancado pela pr\u00f3pria empresa e sua matriz americana, faz parte de um programa de R$ 13 bilh\u00f5es previstos para o per\u00edodo de 2014 a 2020. \u201cJ\u00e1 vamos come\u00e7ar a trabalhar em um novo ciclo de investimentos\u201d, avisa o presidente da GM. Para isso, o executivo espera que \u201cem breve\u201d seja anunciado o Rota 2030, novo regime automotivo substituto do Inovar-Auto, que vigorou nos \u00faltimos cinco anos e terminou em dezembro.<\/p>\n<p>&nbsp;<\/p>\n<p>\u201cNossa ind\u00fastria trabalha no longo prazo, e \u00e9 importante ter essa ferramenta para continuarmos investindo num ambiente de previsibilidade\u201d, diz Zarlenga. \u201cEstamos come\u00e7ando um novo ciclo de crescimento e a previsibilidade (das regras) que o Rota trar\u00e1 \u00e9 fundamental\u201d.<\/p>\n<p>&nbsp;<\/p>\n<p>As regras do novo regime, que dever\u00e3o prevalecer por 15 anos, est\u00e3o praticamente prontas, mas ainda h\u00e1 diverg\u00eancias com o Minist\u00e9rio da Fazenda. A principal delas \u00e9 como ser\u00e1 a compensa\u00e7\u00e3o do incentivo de R$ 1,5 bilh\u00e3o ao ano para as empresas investirem em pesquisa e desenvolvimento.<\/p>\n<p>&nbsp;<\/p>\n<p>O ministro Jorge Lima afirma que o Rota deve ser anunciado at\u00e9 o fim do m\u00eas, \u201cconforme estabelecido pelo presidente (Michel Temer)\u201d. O mesmo vale para o an\u00fancio da redu\u00e7\u00e3o de IPI para carros el\u00e9tricos e h\u00edbridos.<\/p>\n<p>&nbsp;<\/p>\n<p>\u201cNossa ind\u00fastria trabalha no longo prazo, e \u00e9 importante ter essa ferramenta para continuarmos investindo num ambiente de previsibilidade.\u201d Carlos Zarlenga &#8211; presidente da GM Mercosul. (O Estado de S. Paulo\/Cleide Silva)<\/p>\n","protected":false},"excerpt":{"rendered":"<p>O Estado de S. Paulo &nbsp; L\u00edder em vendas no Brasil h\u00e1 dois anos, a General Motors vai aumentar a capacidade produtiva da f\u00e1brica de S\u00e3o Caetano do Sul, no ABC paulista, de 250 mil para 330 mil ve\u00edculos ao ano. As obras para amplia\u00e7\u00e3o e moderniza\u00e7\u00e3o da linha de montagem, com investimentos de R$\u2026 <a class=\"readmore\" href=\"https:\/\/dana.com.br\/canaldana\/2018\/02\/21\/general-motors-investira-r-12-bilhao-para-ampliar-fabrica-no-abc-paulista\/\">Leia mais \u00bb<\/a><\/p>\n","protected":false},"author":3,"featured_media":0,"comment_status":"closed","ping_status":"closed","sticky":false,"template":"","format":"standard","meta":{"_acf_changed":false,"footnotes":""},"categories":[61],"tags":[],"class_list":["post-23344","post","type-post","status-publish","format-standard","hentry","category-destaques"],"acf":[],"yoast_head":"<!-- This site is optimized with the Yoast SEO plugin v27.3 - https:\/\/yoast.com\/product\/yoast-seo-wordpress\/ -->\n<title>General Motors investir\u00e1 R$ 1,2 bilh\u00e3o para ampliar f\u00e1brica no ABC Paulista - Canal Dana<\/title>\n<meta name=\"robots\" content=\"index, follow, max-snippet:-1, max-image-preview:large, max-video-preview:-1\" \/>\n<link rel=\"canonical\" href=\"https:\/\/dana.com.br\/canaldana\/2018\/02\/21\/general-motors-investira-r-12-bilhao-para-ampliar-fabrica-no-abc-paulista\/\" \/>\n<meta property=\"og:locale\" content=\"pt_BR\" \/>\n<meta property=\"og:type\" content=\"article\" \/>\n<meta property=\"og:title\" content=\"General Motors investir\u00e1 R$ 1,2 bilh\u00e3o para ampliar f\u00e1brica no ABC Paulista - Canal Dana\" \/>\n<meta property=\"og:description\" content=\"O Estado de S. Paulo &nbsp; L\u00edder em vendas no Brasil h\u00e1 dois anos, a General Motors vai aumentar a capacidade produtiva da f\u00e1brica de S\u00e3o Caetano do Sul, no ABC paulista, de 250 mil para 330 mil ve\u00edculos ao ano. As obras para amplia\u00e7\u00e3o e moderniza\u00e7\u00e3o da linha de montagem, com investimentos de R$\u2026 Leia mais \u00bb\" \/>\n<meta property=\"og:url\" content=\"https:\/\/dana.com.br\/canaldana\/2018\/02\/21\/general-motors-investira-r-12-bilhao-para-ampliar-fabrica-no-abc-paulista\/\" \/>\n<meta property=\"og:site_name\" content=\"Canal Dana\" \/>\n<meta property=\"article:published_time\" content=\"2018-02-21T11:41:53+00:00\" \/>\n<meta name=\"author\" content=\"Canal Dana\" \/>\n<meta name=\"twitter:card\" content=\"summary_large_image\" \/>\n<meta name=\"twitter:label1\" content=\"Escrito por\" \/>\n\t<meta name=\"twitter:data1\" content=\"Canal Dana\" \/>\n\t<meta name=\"twitter:label2\" content=\"Est. tempo de leitura\" \/>\n\t<meta name=\"twitter:data2\" content=\"3 minutos\" \/>\n<script type=\"application\/ld+json\" class=\"yoast-schema-graph\">{\"@context\":\"https:\\\/\\\/schema.org\",\"@graph\":[{\"@type\":\"Article\",\"@id\":\"https:\\\/\\\/dana.com.br\\\/canaldana\\\/2018\\\/02\\\/21\\\/general-motors-investira-r-12-bilhao-para-ampliar-fabrica-no-abc-paulista\\\/#article\",\"isPartOf\":{\"@id\":\"https:\\\/\\\/dana.com.br\\\/canaldana\\\/2018\\\/02\\\/21\\\/general-motors-investira-r-12-bilhao-para-ampliar-fabrica-no-abc-paulista\\\/\"},\"author\":{\"name\":\"Canal Dana\",\"@id\":\"https:\\\/\\\/dana.com.br\\\/canaldana\\\/#\\\/schema\\\/person\\\/3c21f22f56fcf3bc46b94bc60ea4fef6\"},\"headline\":\"General Motors investir\u00e1 R$ 1,2 bilh\u00e3o para ampliar f\u00e1brica no ABC Paulista\",\"datePublished\":\"2018-02-21T11:41:53+00:00\",\"mainEntityOfPage\":{\"@id\":\"https:\\\/\\\/dana.com.br\\\/canaldana\\\/2018\\\/02\\\/21\\\/general-motors-investira-r-12-bilhao-para-ampliar-fabrica-no-abc-paulista\\\/\"},\"wordCount\":580,\"articleSection\":[\"Destaques\"],\"inLanguage\":\"pt-BR\"},{\"@type\":\"WebPage\",\"@id\":\"https:\\\/\\\/dana.com.br\\\/canaldana\\\/2018\\\/02\\\/21\\\/general-motors-investira-r-12-bilhao-para-ampliar-fabrica-no-abc-paulista\\\/\",\"url\":\"https:\\\/\\\/dana.com.br\\\/canaldana\\\/2018\\\/02\\\/21\\\/general-motors-investira-r-12-bilhao-para-ampliar-fabrica-no-abc-paulista\\\/\",\"name\":\"General Motors investir\u00e1 R$ 1,2 bilh\u00e3o para ampliar f\u00e1brica no ABC Paulista - Canal Dana\",\"isPartOf\":{\"@id\":\"https:\\\/\\\/dana.com.br\\\/canaldana\\\/#website\"},\"datePublished\":\"2018-02-21T11:41:53+00:00\",\"author\":{\"@id\":\"https:\\\/\\\/dana.com.br\\\/canaldana\\\/#\\\/schema\\\/person\\\/3c21f22f56fcf3bc46b94bc60ea4fef6\"},\"breadcrumb\":{\"@id\":\"https:\\\/\\\/dana.com.br\\\/canaldana\\\/2018\\\/02\\\/21\\\/general-motors-investira-r-12-bilhao-para-ampliar-fabrica-no-abc-paulista\\\/#breadcrumb\"},\"inLanguage\":\"pt-BR\",\"potentialAction\":[{\"@type\":\"ReadAction\",\"target\":[\"https:\\\/\\\/dana.com.br\\\/canaldana\\\/2018\\\/02\\\/21\\\/general-motors-investira-r-12-bilhao-para-ampliar-fabrica-no-abc-paulista\\\/\"]}]},{\"@type\":\"BreadcrumbList\",\"@id\":\"https:\\\/\\\/dana.com.br\\\/canaldana\\\/2018\\\/02\\\/21\\\/general-motors-investira-r-12-bilhao-para-ampliar-fabrica-no-abc-paulista\\\/#breadcrumb\",\"itemListElement\":[{\"@type\":\"ListItem\",\"position\":1,\"name\":\"Home\",\"item\":\"https:\\\/\\\/dana.com.br\\\/canaldana\\\/\"},{\"@type\":\"ListItem\",\"position\":2,\"name\":\"Destaques\",\"item\":\"https:\\\/\\\/dana.com.br\\\/canaldana\\\/destaques\\\/\"},{\"@type\":\"ListItem\",\"position\":3,\"name\":\"General Motors investir\u00e1 R$ 1,2 bilh\u00e3o para ampliar f\u00e1brica no ABC Paulista\"}]},{\"@type\":\"WebSite\",\"@id\":\"https:\\\/\\\/dana.com.br\\\/canaldana\\\/#website\",\"url\":\"https:\\\/\\\/dana.com.br\\\/canaldana\\\/\",\"name\":\"Canal Dana\",\"description\":\"Informativo com as principais not\u00edcias da ind\u00fastria automotiva\",\"potentialAction\":[{\"@type\":\"SearchAction\",\"target\":{\"@type\":\"EntryPoint\",\"urlTemplate\":\"https:\\\/\\\/dana.com.br\\\/canaldana\\\/?s={search_term_string}\"},\"query-input\":{\"@type\":\"PropertyValueSpecification\",\"valueRequired\":true,\"valueName\":\"search_term_string\"}}],\"inLanguage\":\"pt-BR\"},{\"@type\":\"Person\",\"@id\":\"https:\\\/\\\/dana.com.br\\\/canaldana\\\/#\\\/schema\\\/person\\\/3c21f22f56fcf3bc46b94bc60ea4fef6\",\"name\":\"Canal Dana\",\"image\":{\"@type\":\"ImageObject\",\"inLanguage\":\"pt-BR\",\"@id\":\"https:\\\/\\\/secure.gravatar.com\\\/avatar\\\/420aaf9278582877d9018637c6817617705899d2858d7572ef0fe59a6b6454b4?s=96&d=mm&r=g\",\"url\":\"https:\\\/\\\/secure.gravatar.com\\\/avatar\\\/420aaf9278582877d9018637c6817617705899d2858d7572ef0fe59a6b6454b4?s=96&d=mm&r=g\",\"contentUrl\":\"https:\\\/\\\/secure.gravatar.com\\\/avatar\\\/420aaf9278582877d9018637c6817617705899d2858d7572ef0fe59a6b6454b4?s=96&d=mm&r=g\",\"caption\":\"Canal Dana\"},\"url\":\"https:\\\/\\\/dana.com.br\\\/canaldana\\\/author\\\/cdeditor\\\/\"}]}<\/script>\n<!-- \/ Yoast SEO plugin. -->","yoast_head_json":{"title":"General Motors investir\u00e1 R$ 1,2 bilh\u00e3o para ampliar f\u00e1brica no ABC Paulista - Canal Dana","robots":{"index":"index","follow":"follow","max-snippet":"max-snippet:-1","max-image-preview":"max-image-preview:large","max-video-preview":"max-video-preview:-1"},"canonical":"https:\/\/dana.com.br\/canaldana\/2018\/02\/21\/general-motors-investira-r-12-bilhao-para-ampliar-fabrica-no-abc-paulista\/","og_locale":"pt_BR","og_type":"article","og_title":"General Motors investir\u00e1 R$ 1,2 bilh\u00e3o para ampliar f\u00e1brica no ABC Paulista - Canal Dana","og_description":"O Estado de S. Paulo &nbsp; L\u00edder em vendas no Brasil h\u00e1 dois anos, a General Motors vai aumentar a capacidade produtiva da f\u00e1brica de S\u00e3o Caetano do Sul, no ABC paulista, de 250 mil para 330 mil ve\u00edculos ao ano. As obras para amplia\u00e7\u00e3o e moderniza\u00e7\u00e3o da linha de montagem, com investimentos de R$\u2026 Leia mais \u00bb","og_url":"https:\/\/dana.com.br\/canaldana\/2018\/02\/21\/general-motors-investira-r-12-bilhao-para-ampliar-fabrica-no-abc-paulista\/","og_site_name":"Canal Dana","article_published_time":"2018-02-21T11:41:53+00:00","author":"Canal Dana","twitter_card":"summary_large_image","twitter_misc":{"Escrito por":"Canal Dana","Est. tempo de leitura":"3 minutos"},"schema":{"@context":"https:\/\/schema.org","@graph":[{"@type":"Article","@id":"https:\/\/dana.com.br\/canaldana\/2018\/02\/21\/general-motors-investira-r-12-bilhao-para-ampliar-fabrica-no-abc-paulista\/#article","isPartOf":{"@id":"https:\/\/dana.com.br\/canaldana\/2018\/02\/21\/general-motors-investira-r-12-bilhao-para-ampliar-fabrica-no-abc-paulista\/"},"author":{"name":"Canal Dana","@id":"https:\/\/dana.com.br\/canaldana\/#\/schema\/person\/3c21f22f56fcf3bc46b94bc60ea4fef6"},"headline":"General Motors investir\u00e1 R$ 1,2 bilh\u00e3o para ampliar f\u00e1brica no ABC Paulista","datePublished":"2018-02-21T11:41:53+00:00","mainEntityOfPage":{"@id":"https:\/\/dana.com.br\/canaldana\/2018\/02\/21\/general-motors-investira-r-12-bilhao-para-ampliar-fabrica-no-abc-paulista\/"},"wordCount":580,"articleSection":["Destaques"],"inLanguage":"pt-BR"},{"@type":"WebPage","@id":"https:\/\/dana.com.br\/canaldana\/2018\/02\/21\/general-motors-investira-r-12-bilhao-para-ampliar-fabrica-no-abc-paulista\/","url":"https:\/\/dana.com.br\/canaldana\/2018\/02\/21\/general-motors-investira-r-12-bilhao-para-ampliar-fabrica-no-abc-paulista\/","name":"General Motors investir\u00e1 R$ 1,2 bilh\u00e3o para ampliar f\u00e1brica no ABC Paulista - Canal Dana","isPartOf":{"@id":"https:\/\/dana.com.br\/canaldana\/#website"},"datePublished":"2018-02-21T11:41:53+00:00","author":{"@id":"https:\/\/dana.com.br\/canaldana\/#\/schema\/person\/3c21f22f56fcf3bc46b94bc60ea4fef6"},"breadcrumb":{"@id":"https:\/\/dana.com.br\/canaldana\/2018\/02\/21\/general-motors-investira-r-12-bilhao-para-ampliar-fabrica-no-abc-paulista\/#breadcrumb"},"inLanguage":"pt-BR","potentialAction":[{"@type":"ReadAction","target":["https:\/\/dana.com.br\/canaldana\/2018\/02\/21\/general-motors-investira-r-12-bilhao-para-ampliar-fabrica-no-abc-paulista\/"]}]},{"@type":"BreadcrumbList","@id":"https:\/\/dana.com.br\/canaldana\/2018\/02\/21\/general-motors-investira-r-12-bilhao-para-ampliar-fabrica-no-abc-paulista\/#breadcrumb","itemListElement":[{"@type":"ListItem","position":1,"name":"Home","item":"https:\/\/dana.com.br\/canaldana\/"},{"@type":"ListItem","position":2,"name":"Destaques","item":"https:\/\/dana.com.br\/canaldana\/destaques\/"},{"@type":"ListItem","position":3,"name":"General Motors investir\u00e1 R$ 1,2 bilh\u00e3o para ampliar f\u00e1brica no ABC Paulista"}]},{"@type":"WebSite","@id":"https:\/\/dana.com.br\/canaldana\/#website","url":"https:\/\/dana.com.br\/canaldana\/","name":"Canal Dana","description":"Informativo com as principais not\u00edcias da ind\u00fastria automotiva","potentialAction":[{"@type":"SearchAction","target":{"@type":"EntryPoint","urlTemplate":"https:\/\/dana.com.br\/canaldana\/?s={search_term_string}"},"query-input":{"@type":"PropertyValueSpecification","valueRequired":true,"valueName":"search_term_string"}}],"inLanguage":"pt-BR"},{"@type":"Person","@id":"https:\/\/dana.com.br\/canaldana\/#\/schema\/person\/3c21f22f56fcf3bc46b94bc60ea4fef6","name":"Canal Dana","image":{"@type":"ImageObject","inLanguage":"pt-BR","@id":"https:\/\/secure.gravatar.com\/avatar\/420aaf9278582877d9018637c6817617705899d2858d7572ef0fe59a6b6454b4?s=96&d=mm&r=g","url":"https:\/\/secure.gravatar.com\/avatar\/420aaf9278582877d9018637c6817617705899d2858d7572ef0fe59a6b6454b4?s=96&d=mm&r=g","contentUrl":"https:\/\/secure.gravatar.com\/avatar\/420aaf9278582877d9018637c6817617705899d2858d7572ef0fe59a6b6454b4?s=96&d=mm&r=g","caption":"Canal Dana"},"url":"https:\/\/dana.com.br\/canaldana\/author\/cdeditor\/"}]}},"_links":{"self":[{"href":"https:\/\/dana.com.br\/canaldana\/wp-json\/wp\/v2\/posts\/23344","targetHints":{"allow":["GET"]}}],"collection":[{"href":"https:\/\/dana.com.br\/canaldana\/wp-json\/wp\/v2\/posts"}],"about":[{"href":"https:\/\/dana.com.br\/canaldana\/wp-json\/wp\/v2\/types\/post"}],"author":[{"embeddable":true,"href":"https:\/\/dana.com.br\/canaldana\/wp-json\/wp\/v2\/users\/3"}],"replies":[{"embeddable":true,"href":"https:\/\/dana.com.br\/canaldana\/wp-json\/wp\/v2\/comments?post=23344"}],"version-history":[{"count":0,"href":"https:\/\/dana.com.br\/canaldana\/wp-json\/wp\/v2\/posts\/23344\/revisions"}],"wp:attachment":[{"href":"https:\/\/dana.com.br\/canaldana\/wp-json\/wp\/v2\/media?parent=23344"}],"wp:term":[{"taxonomy":"category","embeddable":true,"href":"https:\/\/dana.com.br\/canaldana\/wp-json\/wp\/v2\/categories?post=23344"},{"taxonomy":"post_tag","embeddable":true,"href":"https:\/\/dana.com.br\/canaldana\/wp-json\/wp\/v2\/tags?post=23344"}],"curies":[{"name":"wp","href":"https:\/\/api.w.org\/{rel}","templated":true}]}}