{"id":23239,"date":"2018-02-16T08:28:51","date_gmt":"2018-02-16T10:28:51","guid":{"rendered":"http:\/\/dana.com.br\/canaldana\/?p=23239"},"modified":"2018-02-16T08:28:51","modified_gmt":"2018-02-16T10:28:51","slug":"argentina-pressiona-mas-importacao-de-carros-brasileiros-nao-recua","status":"publish","type":"post","link":"https:\/\/dana.com.br\/canaldana\/2018\/02\/16\/argentina-pressiona-mas-importacao-de-carros-brasileiros-nao-recua\/","title":{"rendered":"Argentina pressiona, mas importa\u00e7\u00e3o de carros brasileiros n\u00e3o recua"},"content":{"rendered":"<p><em>O Estado de S. Paulo<\/em><\/p>\n<p>&nbsp;<\/p>\n<p>O esfor\u00e7o da Argentina para reduzir a entrada de carros brasileiros tem se mostrado em v\u00e3o. A importa\u00e7\u00e3o de ve\u00edculos do Brasil feita pelas montadoras instaladas no pa\u00eds vizinho \u2013 que tem ajudado as fabricantes locais a ampliarem a produ\u00e7\u00e3o \u2013 permanece acima dos limites estabelecidos em acordo comercial entre os dois pa\u00edses, o que pode resultar em multas.<\/p>\n<p>&nbsp;<\/p>\n<p>O descumprimento da regra ocorre mesmo ap\u00f3s o governo argentino ter anunciado, sete meses atr\u00e1s, que exigiria das montadoras respons\u00e1veis pelo excesso o dep\u00f3sito de garantias equivalentes \u00e0s multas que, se confirmadas, dever\u00e3o ser pagas ap\u00f3s o fim do acordo, em 2020.<\/p>\n<p>&nbsp;<\/p>\n<p>Pelo acordo, para cada US$ 1 que a Argentina exporta para o mercado brasileiro em ve\u00edculos e autope\u00e7as, o Brasil pode exportar US$ 1,5 para l\u00e1. \u00c9 o que os dois governos chamam de \u201cflex\u201d (ver quadro). Essa propor\u00e7\u00e3o, no entanto, chegou a US$ 1,85 em 2016 e a US$ 2,34 no ano passado. Mesmo ap\u00f3s o alerta do presidente Mauricio Macri, de pedir garantias do pagamento de eventuais multas, a balan\u00e7a manteve o desequil\u00edbrio. De julho de 2017 a janeiro deste ano o flex ficou em US$ 2,19.<\/p>\n<p>&nbsp;<\/p>\n<p>A explica\u00e7\u00e3o \u00e9 que, nesse per\u00edodo, enquanto o Brasil come\u00e7ava a se recuperar da pior crise de sua hist\u00f3ria \u2013 que derrubou as vendas de carros \u00e0 metade, \u2013 a Argentina seguia com seu mercado a todo vapor, com vendas de 883 mil unidades no ano passado, 22,5% a mais que em 2016.<\/p>\n<p>&nbsp;<\/p>\n<p>Boa parte da demanda foi atendida pelos carros fabricados no Brasil, pois a produ\u00e7\u00e3o ficou est\u00e1vel, em 472 mil unidades, segundo a associa\u00e7\u00e3o das montadoras argentinas (Adefa). Talvez seja isso que tenha colocado Macri em alerta. O Brasil, por outro lado, aumentou sua produ\u00e7\u00e3o em 25% no ano passado, e as exporta\u00e7\u00f5es cresceram 46,5%, para 762 mil unidades, mais da metade destinada ao pa\u00eds vizinho.<\/p>\n<p>&nbsp;<\/p>\n<p>\u201cTudo indica que o Brasil, embora deva manter suas exporta\u00e7\u00f5es em alta, tamb\u00e9m vai importar mais este ano, especialmente o setor automotivo, em raz\u00e3o da recupera\u00e7\u00e3o econ\u00f4mica\u201d, diz Jos\u00e9 Augusto de Castro, presidente da Associa\u00e7\u00e3o de Com\u00e9rcio Exterior do Brasil (AEB).<\/p>\n<p>&nbsp;<\/p>\n<p>Mesmo com esse cen\u00e1rio, a Argentina come\u00e7ou a notificar neste m\u00eas as montadoras que dever\u00e3o fazer o dep\u00f3sito de garantia da multa por ter extrapolado o flex. Das empresas brasileiras que exportam para o pa\u00eds, somente a Fiat confirmou que sua subsidi\u00e1ria est\u00e1 nesse grupo.<\/p>\n<p>&nbsp;<\/p>\n<p>As montadoras argentinas ter\u00e3o de depositar o equivalente a 24,5% do valor excedente importado. Segundo analistas, por se tratar de empresas do mesmo grupo, \u00e9 poss\u00edvel que as marcas instaladas no Brasil possam colaborar com eventuais multas. N\u00e3o foi divulgado, por enquanto, valores e prazos para o dep\u00f3sito das garantias.<\/p>\n<p>&nbsp;<\/p>\n<p><strong>Press\u00e3o<\/strong><\/p>\n<p>&nbsp;<\/p>\n<p>O Minist\u00e9rio da Ind\u00fastria, Com\u00e9rcio Exterior e Servi\u00e7os (MDIC) refor\u00e7ou ontem que a aferi\u00e7\u00e3o das cotas \u00e9 prevista para ocorrer no fim do acordo e que o governo entende que, com a retomada do crescimento da economia brasileira, a tend\u00eancia \u00e9 de aumento das importa\u00e7\u00f5es de produtos argentinos, reduzindo a press\u00e3o existente hoje.<\/p>\n<p>&nbsp;<\/p>\n<p>\u201cAcreditamos que, em 2020, o \u00edndice estar\u00e1 dentro do acordado, com aumento do com\u00e9rcio bilateral, com consequente incremento da integra\u00e7\u00e3o produtiva\u201d, avalia o secret\u00e1rio de Desenvolvimento e Competitividade Industrial do MDIC, Igor Calvet.<\/p>\n<p>&nbsp;<\/p>\n<p>Na opini\u00e3o do presidente da Associa\u00e7\u00e3o Nacional dos Fabricantes de Ve\u00edculos Automotores (Anfavea), Antonio Megale, a propor\u00e7\u00e3o do flex n\u00e3o dever\u00e1 subir mais, uma vez que o mercado brasileiro voltou a crescer.<\/p>\n<p>&nbsp;<\/p>\n<p>\u201cA tend\u00eancia \u00e9 que o flex se estabilize, para depois voltar a cair\u201d, diz. Megale lembra que o acordo prev\u00ea que o flex suba de 1,5 para 1,7 a partir de julho de 2019, o que facilitar\u00e1 o equil\u00edbrio comercial entre os dois pa\u00edses.<\/p>\n<p>&nbsp;<\/p>\n<p>As montadoras t\u00eam anunciado investimentos na Argentina para produzir modelos que ter\u00e3o o Brasil como importante cliente, outra medida que ajudar\u00e1 o setor a cumprir o acordo. A Fiat investiu US$ 500 milh\u00f5es para produzir o sed\u00e3 Cronos, apresentado na semana passada. A Volkswagen far\u00e1 aporte de US$ 650 milh\u00f5es para a produ\u00e7\u00e3o um utilit\u00e1rio esportivo e a GM vai investir US$ 500 milh\u00f5es em \u201cum carro global de alto valor agregado\u201d.<\/p>\n<p>&nbsp;<\/p>\n<p><strong>Brasil responde por metade do d\u00e9ficit comercial argentino\u00a0<\/strong><\/p>\n<p>&nbsp;<\/p>\n<p>O d\u00e9ficit comercial argentino com o mundo foi recorde no ano passado, de US$ 8,4 bilh\u00f5es, o que acendeu o alarme no governo Macri. O Brasil responde por US$ 4,6 bilh\u00f5es desse valor.<\/p>\n<p>&nbsp;<\/p>\n<p>\u201cN\u00e3o vejo uma medida contra o Brasil, mas uma rea\u00e7\u00e3o contra um d\u00e9ficit comercial elevad\u00edssimo com o mundo\u201d, diz o economista Marcelo Elizondo. Os carros feitos no Brasil s\u00e3o os mais baratos \u00e0 venda na Argentina. O pa\u00eds importa modelos pequenos enquanto produz modelos maiores. \u201cH\u00e1 mais complementaridade do que concorr\u00eancia no setor\u201d.<\/p>\n<p>&nbsp;<\/p>\n<p>Para o secret\u00e1rio da Ind\u00fastria da Argentina, Mart\u00edn Etchegoyen, o acordo assinado entre os dois pa\u00edses em 2016 \u00e9 equilibrado para ambas as partes. Ele defende a aplica\u00e7\u00e3o da garantia de pagamento de eventuais multas prevista no acordo. \u201c\u00c9 uma esp\u00e9cie de pagamento antecipado de exporta\u00e7\u00f5es que ter\u00e3o de ocorrer mais adiante para cumprir o acordo\u201d. A Associa\u00e7\u00e3o de Fabricantes de Automotores da Argentina (Adefa) n\u00e3o comentou o assunto. (O Estado de S. Paulo\/Andr\u00e9 \u00cdtalo Rocha, Cleide Silva, M\u00e1rcio Resende e Lorena Rodrigues)<\/p>\n","protected":false},"excerpt":{"rendered":"<p>O Estado de S. Paulo &nbsp; O esfor\u00e7o da Argentina para reduzir a entrada de carros brasileiros tem se mostrado em v\u00e3o. A importa\u00e7\u00e3o de ve\u00edculos do Brasil feita pelas montadoras instaladas no pa\u00eds vizinho \u2013 que tem ajudado as fabricantes locais a ampliarem a produ\u00e7\u00e3o \u2013 permanece acima dos limites estabelecidos em acordo comercial\u2026 <a class=\"readmore\" href=\"https:\/\/dana.com.br\/canaldana\/2018\/02\/16\/argentina-pressiona-mas-importacao-de-carros-brasileiros-nao-recua\/\">Leia mais \u00bb<\/a><\/p>\n","protected":false},"author":3,"featured_media":0,"comment_status":"closed","ping_status":"closed","sticky":false,"template":"","format":"standard","meta":{"_acf_changed":false,"footnotes":""},"categories":[61],"tags":[],"class_list":["post-23239","post","type-post","status-publish","format-standard","hentry","category-destaques"],"acf":[],"yoast_head":"<!-- This site is optimized with the Yoast SEO plugin v27.3 - https:\/\/yoast.com\/product\/yoast-seo-wordpress\/ -->\n<title>Argentina pressiona, mas importa\u00e7\u00e3o de carros brasileiros n\u00e3o recua - Canal Dana<\/title>\n<meta name=\"robots\" content=\"index, follow, max-snippet:-1, max-image-preview:large, max-video-preview:-1\" \/>\n<link rel=\"canonical\" href=\"https:\/\/dana.com.br\/canaldana\/2018\/02\/16\/argentina-pressiona-mas-importacao-de-carros-brasileiros-nao-recua\/\" \/>\n<meta property=\"og:locale\" content=\"pt_BR\" \/>\n<meta property=\"og:type\" content=\"article\" \/>\n<meta property=\"og:title\" content=\"Argentina pressiona, mas importa\u00e7\u00e3o de carros brasileiros n\u00e3o recua - Canal Dana\" \/>\n<meta property=\"og:description\" content=\"O Estado de S. Paulo &nbsp; O esfor\u00e7o da Argentina para reduzir a entrada de carros brasileiros tem se mostrado em v\u00e3o. A importa\u00e7\u00e3o de ve\u00edculos do Brasil feita pelas montadoras instaladas no pa\u00eds vizinho \u2013 que tem ajudado as fabricantes locais a ampliarem a produ\u00e7\u00e3o \u2013 permanece acima dos limites estabelecidos em acordo comercial\u2026 Leia mais \u00bb\" \/>\n<meta property=\"og:url\" content=\"https:\/\/dana.com.br\/canaldana\/2018\/02\/16\/argentina-pressiona-mas-importacao-de-carros-brasileiros-nao-recua\/\" \/>\n<meta property=\"og:site_name\" content=\"Canal Dana\" \/>\n<meta property=\"article:published_time\" content=\"2018-02-16T10:28:51+00:00\" \/>\n<meta name=\"author\" content=\"Canal Dana\" \/>\n<meta name=\"twitter:card\" content=\"summary_large_image\" \/>\n<meta name=\"twitter:label1\" content=\"Escrito por\" \/>\n\t<meta name=\"twitter:data1\" content=\"Canal Dana\" \/>\n\t<meta name=\"twitter:label2\" content=\"Est. tempo de leitura\" \/>\n\t<meta name=\"twitter:data2\" content=\"5 minutos\" \/>\n<script type=\"application\/ld+json\" class=\"yoast-schema-graph\">{\"@context\":\"https:\\\/\\\/schema.org\",\"@graph\":[{\"@type\":\"Article\",\"@id\":\"https:\\\/\\\/dana.com.br\\\/canaldana\\\/2018\\\/02\\\/16\\\/argentina-pressiona-mas-importacao-de-carros-brasileiros-nao-recua\\\/#article\",\"isPartOf\":{\"@id\":\"https:\\\/\\\/dana.com.br\\\/canaldana\\\/2018\\\/02\\\/16\\\/argentina-pressiona-mas-importacao-de-carros-brasileiros-nao-recua\\\/\"},\"author\":{\"name\":\"Canal Dana\",\"@id\":\"https:\\\/\\\/dana.com.br\\\/canaldana\\\/#\\\/schema\\\/person\\\/3c21f22f56fcf3bc46b94bc60ea4fef6\"},\"headline\":\"Argentina pressiona, mas importa\u00e7\u00e3o de carros brasileiros n\u00e3o recua\",\"datePublished\":\"2018-02-16T10:28:51+00:00\",\"mainEntityOfPage\":{\"@id\":\"https:\\\/\\\/dana.com.br\\\/canaldana\\\/2018\\\/02\\\/16\\\/argentina-pressiona-mas-importacao-de-carros-brasileiros-nao-recua\\\/\"},\"wordCount\":948,\"articleSection\":[\"Destaques\"],\"inLanguage\":\"pt-BR\"},{\"@type\":\"WebPage\",\"@id\":\"https:\\\/\\\/dana.com.br\\\/canaldana\\\/2018\\\/02\\\/16\\\/argentina-pressiona-mas-importacao-de-carros-brasileiros-nao-recua\\\/\",\"url\":\"https:\\\/\\\/dana.com.br\\\/canaldana\\\/2018\\\/02\\\/16\\\/argentina-pressiona-mas-importacao-de-carros-brasileiros-nao-recua\\\/\",\"name\":\"Argentina pressiona, mas importa\u00e7\u00e3o de carros brasileiros n\u00e3o recua - Canal Dana\",\"isPartOf\":{\"@id\":\"https:\\\/\\\/dana.com.br\\\/canaldana\\\/#website\"},\"datePublished\":\"2018-02-16T10:28:51+00:00\",\"author\":{\"@id\":\"https:\\\/\\\/dana.com.br\\\/canaldana\\\/#\\\/schema\\\/person\\\/3c21f22f56fcf3bc46b94bc60ea4fef6\"},\"breadcrumb\":{\"@id\":\"https:\\\/\\\/dana.com.br\\\/canaldana\\\/2018\\\/02\\\/16\\\/argentina-pressiona-mas-importacao-de-carros-brasileiros-nao-recua\\\/#breadcrumb\"},\"inLanguage\":\"pt-BR\",\"potentialAction\":[{\"@type\":\"ReadAction\",\"target\":[\"https:\\\/\\\/dana.com.br\\\/canaldana\\\/2018\\\/02\\\/16\\\/argentina-pressiona-mas-importacao-de-carros-brasileiros-nao-recua\\\/\"]}]},{\"@type\":\"BreadcrumbList\",\"@id\":\"https:\\\/\\\/dana.com.br\\\/canaldana\\\/2018\\\/02\\\/16\\\/argentina-pressiona-mas-importacao-de-carros-brasileiros-nao-recua\\\/#breadcrumb\",\"itemListElement\":[{\"@type\":\"ListItem\",\"position\":1,\"name\":\"Home\",\"item\":\"https:\\\/\\\/dana.com.br\\\/canaldana\\\/\"},{\"@type\":\"ListItem\",\"position\":2,\"name\":\"Destaques\",\"item\":\"https:\\\/\\\/dana.com.br\\\/canaldana\\\/destaques\\\/\"},{\"@type\":\"ListItem\",\"position\":3,\"name\":\"Argentina pressiona, mas importa\u00e7\u00e3o de carros brasileiros n\u00e3o recua\"}]},{\"@type\":\"WebSite\",\"@id\":\"https:\\\/\\\/dana.com.br\\\/canaldana\\\/#website\",\"url\":\"https:\\\/\\\/dana.com.br\\\/canaldana\\\/\",\"name\":\"Canal Dana\",\"description\":\"Informativo com as principais not\u00edcias da ind\u00fastria automotiva\",\"potentialAction\":[{\"@type\":\"SearchAction\",\"target\":{\"@type\":\"EntryPoint\",\"urlTemplate\":\"https:\\\/\\\/dana.com.br\\\/canaldana\\\/?s={search_term_string}\"},\"query-input\":{\"@type\":\"PropertyValueSpecification\",\"valueRequired\":true,\"valueName\":\"search_term_string\"}}],\"inLanguage\":\"pt-BR\"},{\"@type\":\"Person\",\"@id\":\"https:\\\/\\\/dana.com.br\\\/canaldana\\\/#\\\/schema\\\/person\\\/3c21f22f56fcf3bc46b94bc60ea4fef6\",\"name\":\"Canal Dana\",\"image\":{\"@type\":\"ImageObject\",\"inLanguage\":\"pt-BR\",\"@id\":\"https:\\\/\\\/secure.gravatar.com\\\/avatar\\\/420aaf9278582877d9018637c6817617705899d2858d7572ef0fe59a6b6454b4?s=96&d=mm&r=g\",\"url\":\"https:\\\/\\\/secure.gravatar.com\\\/avatar\\\/420aaf9278582877d9018637c6817617705899d2858d7572ef0fe59a6b6454b4?s=96&d=mm&r=g\",\"contentUrl\":\"https:\\\/\\\/secure.gravatar.com\\\/avatar\\\/420aaf9278582877d9018637c6817617705899d2858d7572ef0fe59a6b6454b4?s=96&d=mm&r=g\",\"caption\":\"Canal Dana\"},\"url\":\"https:\\\/\\\/dana.com.br\\\/canaldana\\\/author\\\/cdeditor\\\/\"}]}<\/script>\n<!-- \/ Yoast SEO plugin. -->","yoast_head_json":{"title":"Argentina pressiona, mas importa\u00e7\u00e3o de carros brasileiros n\u00e3o recua - Canal Dana","robots":{"index":"index","follow":"follow","max-snippet":"max-snippet:-1","max-image-preview":"max-image-preview:large","max-video-preview":"max-video-preview:-1"},"canonical":"https:\/\/dana.com.br\/canaldana\/2018\/02\/16\/argentina-pressiona-mas-importacao-de-carros-brasileiros-nao-recua\/","og_locale":"pt_BR","og_type":"article","og_title":"Argentina pressiona, mas importa\u00e7\u00e3o de carros brasileiros n\u00e3o recua - Canal Dana","og_description":"O Estado de S. Paulo &nbsp; O esfor\u00e7o da Argentina para reduzir a entrada de carros brasileiros tem se mostrado em v\u00e3o. A importa\u00e7\u00e3o de ve\u00edculos do Brasil feita pelas montadoras instaladas no pa\u00eds vizinho \u2013 que tem ajudado as fabricantes locais a ampliarem a produ\u00e7\u00e3o \u2013 permanece acima dos limites estabelecidos em acordo comercial\u2026 Leia mais \u00bb","og_url":"https:\/\/dana.com.br\/canaldana\/2018\/02\/16\/argentina-pressiona-mas-importacao-de-carros-brasileiros-nao-recua\/","og_site_name":"Canal Dana","article_published_time":"2018-02-16T10:28:51+00:00","author":"Canal Dana","twitter_card":"summary_large_image","twitter_misc":{"Escrito por":"Canal Dana","Est. tempo de leitura":"5 minutos"},"schema":{"@context":"https:\/\/schema.org","@graph":[{"@type":"Article","@id":"https:\/\/dana.com.br\/canaldana\/2018\/02\/16\/argentina-pressiona-mas-importacao-de-carros-brasileiros-nao-recua\/#article","isPartOf":{"@id":"https:\/\/dana.com.br\/canaldana\/2018\/02\/16\/argentina-pressiona-mas-importacao-de-carros-brasileiros-nao-recua\/"},"author":{"name":"Canal Dana","@id":"https:\/\/dana.com.br\/canaldana\/#\/schema\/person\/3c21f22f56fcf3bc46b94bc60ea4fef6"},"headline":"Argentina pressiona, mas importa\u00e7\u00e3o de carros brasileiros n\u00e3o recua","datePublished":"2018-02-16T10:28:51+00:00","mainEntityOfPage":{"@id":"https:\/\/dana.com.br\/canaldana\/2018\/02\/16\/argentina-pressiona-mas-importacao-de-carros-brasileiros-nao-recua\/"},"wordCount":948,"articleSection":["Destaques"],"inLanguage":"pt-BR"},{"@type":"WebPage","@id":"https:\/\/dana.com.br\/canaldana\/2018\/02\/16\/argentina-pressiona-mas-importacao-de-carros-brasileiros-nao-recua\/","url":"https:\/\/dana.com.br\/canaldana\/2018\/02\/16\/argentina-pressiona-mas-importacao-de-carros-brasileiros-nao-recua\/","name":"Argentina pressiona, mas importa\u00e7\u00e3o de carros brasileiros n\u00e3o recua - Canal Dana","isPartOf":{"@id":"https:\/\/dana.com.br\/canaldana\/#website"},"datePublished":"2018-02-16T10:28:51+00:00","author":{"@id":"https:\/\/dana.com.br\/canaldana\/#\/schema\/person\/3c21f22f56fcf3bc46b94bc60ea4fef6"},"breadcrumb":{"@id":"https:\/\/dana.com.br\/canaldana\/2018\/02\/16\/argentina-pressiona-mas-importacao-de-carros-brasileiros-nao-recua\/#breadcrumb"},"inLanguage":"pt-BR","potentialAction":[{"@type":"ReadAction","target":["https:\/\/dana.com.br\/canaldana\/2018\/02\/16\/argentina-pressiona-mas-importacao-de-carros-brasileiros-nao-recua\/"]}]},{"@type":"BreadcrumbList","@id":"https:\/\/dana.com.br\/canaldana\/2018\/02\/16\/argentina-pressiona-mas-importacao-de-carros-brasileiros-nao-recua\/#breadcrumb","itemListElement":[{"@type":"ListItem","position":1,"name":"Home","item":"https:\/\/dana.com.br\/canaldana\/"},{"@type":"ListItem","position":2,"name":"Destaques","item":"https:\/\/dana.com.br\/canaldana\/destaques\/"},{"@type":"ListItem","position":3,"name":"Argentina pressiona, mas importa\u00e7\u00e3o de carros brasileiros n\u00e3o recua"}]},{"@type":"WebSite","@id":"https:\/\/dana.com.br\/canaldana\/#website","url":"https:\/\/dana.com.br\/canaldana\/","name":"Canal Dana","description":"Informativo com as principais not\u00edcias da ind\u00fastria automotiva","potentialAction":[{"@type":"SearchAction","target":{"@type":"EntryPoint","urlTemplate":"https:\/\/dana.com.br\/canaldana\/?s={search_term_string}"},"query-input":{"@type":"PropertyValueSpecification","valueRequired":true,"valueName":"search_term_string"}}],"inLanguage":"pt-BR"},{"@type":"Person","@id":"https:\/\/dana.com.br\/canaldana\/#\/schema\/person\/3c21f22f56fcf3bc46b94bc60ea4fef6","name":"Canal Dana","image":{"@type":"ImageObject","inLanguage":"pt-BR","@id":"https:\/\/secure.gravatar.com\/avatar\/420aaf9278582877d9018637c6817617705899d2858d7572ef0fe59a6b6454b4?s=96&d=mm&r=g","url":"https:\/\/secure.gravatar.com\/avatar\/420aaf9278582877d9018637c6817617705899d2858d7572ef0fe59a6b6454b4?s=96&d=mm&r=g","contentUrl":"https:\/\/secure.gravatar.com\/avatar\/420aaf9278582877d9018637c6817617705899d2858d7572ef0fe59a6b6454b4?s=96&d=mm&r=g","caption":"Canal Dana"},"url":"https:\/\/dana.com.br\/canaldana\/author\/cdeditor\/"}]}},"_links":{"self":[{"href":"https:\/\/dana.com.br\/canaldana\/wp-json\/wp\/v2\/posts\/23239","targetHints":{"allow":["GET"]}}],"collection":[{"href":"https:\/\/dana.com.br\/canaldana\/wp-json\/wp\/v2\/posts"}],"about":[{"href":"https:\/\/dana.com.br\/canaldana\/wp-json\/wp\/v2\/types\/post"}],"author":[{"embeddable":true,"href":"https:\/\/dana.com.br\/canaldana\/wp-json\/wp\/v2\/users\/3"}],"replies":[{"embeddable":true,"href":"https:\/\/dana.com.br\/canaldana\/wp-json\/wp\/v2\/comments?post=23239"}],"version-history":[{"count":0,"href":"https:\/\/dana.com.br\/canaldana\/wp-json\/wp\/v2\/posts\/23239\/revisions"}],"wp:attachment":[{"href":"https:\/\/dana.com.br\/canaldana\/wp-json\/wp\/v2\/media?parent=23239"}],"wp:term":[{"taxonomy":"category","embeddable":true,"href":"https:\/\/dana.com.br\/canaldana\/wp-json\/wp\/v2\/categories?post=23239"},{"taxonomy":"post_tag","embeddable":true,"href":"https:\/\/dana.com.br\/canaldana\/wp-json\/wp\/v2\/tags?post=23239"}],"curies":[{"name":"wp","href":"https:\/\/api.w.org\/{rel}","templated":true}]}}