{"id":23204,"date":"2018-02-15T08:25:39","date_gmt":"2018-02-15T10:25:39","guid":{"rendered":"http:\/\/dana.com.br\/canaldana\/?p=23204"},"modified":"2018-02-15T08:25:39","modified_gmt":"2018-02-15T10:25:39","slug":"carros-mais-eficientes-devem-reduzir-em-r-2-bilhoes-gastos-com-combustivel","status":"publish","type":"post","link":"https:\/\/dana.com.br\/canaldana\/2018\/02\/15\/carros-mais-eficientes-devem-reduzir-em-r-2-bilhoes-gastos-com-combustivel\/","title":{"rendered":"Carros mais eficientes devem reduzir em R$ 2 bilh\u00f5es gastos com combust\u00edvel"},"content":{"rendered":"<p><em>O Estado de S. Paulo<\/em><\/p>\n<p>&nbsp;<\/p>\n<p>O propriet\u00e1rio de um carro com motor 1.0 novo, antigamente chamado de \u201cpopular\u201d, gasta, em m\u00e9dia, R$ 900 a menos por ano em combust\u00edvel em compara\u00e7\u00e3o a cinco anos atr\u00e1s. A economia \u00e9 decorrente da melhora na efici\u00eancia energ\u00e9tica dos autom\u00f3veis brasileiros, medida estabelecida no programa Inovar-Auto e que passou a ser obrigat\u00f3ria a partir do ano passado.<\/p>\n<p>&nbsp;<\/p>\n<p>S\u00f3 neste ano, a estimativa \u00e9 de que R$ 2 bilh\u00f5es deixar\u00e3o de ser gastos em combust\u00edvel, montante que, no acumulado de seis anos, atingir\u00e1 economia de cerca de R$ 44 bilh\u00f5es, segundo c\u00e1lculos da consultoria Bright, que assessora o Minist\u00e9rio da Ind\u00fastria, Com\u00e9rcio Exterior e Servi\u00e7os (MDIC) na discuss\u00e3o de pol\u00edticas automotivas.<\/p>\n<p>&nbsp;<\/p>\n<p>O dado da economia total leva em conta o aumento m\u00e9dio de 15% na efici\u00eancia energ\u00e9tica dos autom\u00f3veis (exceto os movidos a diesel), porcentual que dever\u00e1 ser cumprido pelas fabricantes at\u00e9 2022, quando novas metas de redu\u00e7\u00e3o entrar\u00e3o em vigor. A conta tamb\u00e9m inclui a proje\u00e7\u00e3o de vendas de carros e comerciais leves flex nesse per\u00edodo.<\/p>\n<p>&nbsp;<\/p>\n<p>No caso dos modelos compactos com motor 1.0, o rendimento m\u00e9dio na estrada era de 14 km por litro de gasolina em 2012, m\u00e9dia que hoje \u00e9 de 16,6 km\/l. Com isso, um autom\u00f3vel que percorreu 20 mil km em um ano consumiu 224 litros a menos, deixando de gastar R$ 896, c\u00e1lculo que considera o pre\u00e7o atual do combust\u00edvel, de cerca de R$ 4 por litro.<\/p>\n<p>&nbsp;<\/p>\n<p><strong>Meta m\u00ednima<\/strong><\/p>\n<p>&nbsp;<\/p>\n<p>Com novas metas a serem estabelecidas no programa Rota 2030 (substituto do Inovar-Auto, que aguarda aprova\u00e7\u00e3o do Minist\u00e9rio da Fazenda), para valerem a partir de 2022 em uma das etapas, e a partir de 2027, na etapa seguinte, \u201co carro brasileiro ter\u00e1 condi\u00e7\u00f5es de competir em qualquer mercado global em termos de legisla\u00e7\u00e3o de emiss\u00f5es e consumo\u201d, afirma Paulo Cardamone, chefe de estrat\u00e9gia da Bright.<\/p>\n<p>&nbsp;<\/p>\n<p>Segundo ele, o m\u00ednimo a ser estabelecido deve ser de melhora de 12% na efici\u00eancia, mesmo porcentual exigido no Inovar-Auto. No programa anterior, cada montadora tinha de atender a meta m\u00ednima de reduzir em 12% a m\u00e9dia de consumo de seus modelos. Empresas que atingissem redu\u00e7\u00e3o de 15,4% receberiam como \u201cpr\u00eamio\u201d desconto de 1 ponto porcentual no IPI. Quem fosse al\u00e9m e atingisse 18,8% teria direito a desconto de 2 pontos de IPI.<\/p>\n<p>&nbsp;<\/p>\n<p>Segundo o MDIC, oito empresas melhoraram a efici\u00eancia de seus produtos em 15,4% \u2013 Audi, Honda, Mercedes-Benz, Nissan, PSA (Peugeot e Citro\u00ebn), Renault, Toyota e Volkswagen. Ford e General Motors foram as \u00fanicas a atingirem redu\u00e7\u00e3o na casa dos 18%. As demais cumpriram a meta de 12%.<\/p>\n<p>&nbsp;<\/p>\n<p>O carro mais vendido do mercado, o Chevrolet Onix, teve seu consumo reduzido em 18%. Para atingir esse porcentual, uma das medidas adotadas, segundo a General Motors, foi a redu\u00e7\u00e3o do peso do ve\u00edculo em 32 quilos. \u201cMais de cem componentes foram retrabalhados, aumentando a aplica\u00e7\u00e3o de a\u00e7o de alta resist\u00eancia em pain\u00e9is e refor\u00e7os\u201d, informa a fabricante.<\/p>\n<p>&nbsp;<\/p>\n<p>Passaram por mudan\u00e7as, sejam tecnol\u00f3gicas ou de peso, componentes como motor, transmiss\u00e3o, suspens\u00e3o, freio, pist\u00f5es, bielas e an\u00e9is. Mudan\u00e7as foram feitas na aerodin\u00e2mica do modelo e o c\u00e2mbio passou a ter seis marchas nas vers\u00f5es manual e autom\u00e1tica.<\/p>\n<p>&nbsp;<\/p>\n<p>Nos c\u00e1lculos do MDIC, al\u00e9m da redu\u00e7\u00e3o do consumo, os carros com motores mais eficientes v\u00e3o evitar a emiss\u00e3o de 1 milh\u00e3o de toneladas de g\u00e1s carb\u00f4nico por ano.<\/p>\n<p>&nbsp;<\/p>\n<p><strong>Inspe\u00e7\u00e3o veicular<\/strong><\/p>\n<p>&nbsp;<\/p>\n<p>Cardamone lembra que outra medida j\u00e1 aprovada pelo Conselho Nacional de Tr\u00e2nsito (Contran), para entrar em vigor em 2019, \u00e9 a obrigatoriedade de inspe\u00e7\u00e3o veicular em todo o Pa\u00eds.<\/p>\n<p>&nbsp;<\/p>\n<p>A vistoria para avaliar as condi\u00e7\u00f5es de seguran\u00e7a e de emiss\u00f5es de poluentes ser\u00e1 feita em ve\u00edculos com mais de tr\u00eas anos de uso. A previs\u00e3o \u00e9 de que cerca de 400 mil carros ser\u00e3o exclu\u00eddos anualmente da frota nacional, hoje estimada em 42 milh\u00f5es de ve\u00edculos.<\/p>\n<p>&nbsp;<\/p>\n<p><strong>Ve\u00edculos ter\u00e3o mais itens de seguran\u00e7a<\/strong><\/p>\n<p>&nbsp;<\/p>\n<p>Os carros brasileiros tamb\u00e9m ficar\u00e3o mais seguros. Assim como ocorreu com a obrigatoriedade de sa\u00edrem de f\u00e1brica com airbag e freio ABS, o Conselho Nacional de Tr\u00e2nsito (Contram) aprovou no fim de 2017 uma lista de 13 itens de seguran\u00e7a que dever\u00e3o estar em todos os ve\u00edculos novos nacionais e importados.<\/p>\n<p>&nbsp;<\/p>\n<p>As regulamenta\u00e7\u00f5es ser\u00e3o publicadas ao longo dos pr\u00f3ximos quatro anos, e cada uma delas indicar\u00e1 a data limite para os equipamentos serem incorporados pelas fabricantes, que ter\u00e3o tempo para modificar os novos projetos.<\/p>\n<p>&nbsp;<\/p>\n<p>A lista cont\u00e9m alerta de frenagem emergencial, c\u00e2mara de r\u00e9, aviso de afivelamento de cintos de seguran\u00e7a, aviso de manuten\u00e7\u00e3o de faixa, frenagem autom\u00e1tica emergencial e gravador de dados de acidentes de tr\u00e2nsito (uma esp\u00e9cie de caixa preta, como h\u00e1 nos avi\u00f5es). Tamb\u00e9m ser\u00e3o estabelecidas novas normas para buzinas, retrovisores, dobradi\u00e7as e fechaduras, refor\u00e7os estruturais para prote\u00e7\u00e3o contra impactos frontal, traseiro e lateral e itens de acessibilidade. (O Estado de S. Paulo\/Cleide Silva)<\/p>\n","protected":false},"excerpt":{"rendered":"<p>O Estado de S. Paulo &nbsp; O propriet\u00e1rio de um carro com motor 1.0 novo, antigamente chamado de \u201cpopular\u201d, gasta, em m\u00e9dia, R$ 900 a menos por ano em combust\u00edvel em compara\u00e7\u00e3o a cinco anos atr\u00e1s. A economia \u00e9 decorrente da melhora na efici\u00eancia energ\u00e9tica dos autom\u00f3veis brasileiros, medida estabelecida no programa Inovar-Auto e que\u2026 <a class=\"readmore\" href=\"https:\/\/dana.com.br\/canaldana\/2018\/02\/15\/carros-mais-eficientes-devem-reduzir-em-r-2-bilhoes-gastos-com-combustivel\/\">Leia mais \u00bb<\/a><\/p>\n","protected":false},"author":3,"featured_media":0,"comment_status":"closed","ping_status":"closed","sticky":false,"template":"","format":"standard","meta":{"_acf_changed":false,"footnotes":""},"categories":[61],"tags":[],"class_list":["post-23204","post","type-post","status-publish","format-standard","hentry","category-destaques"],"acf":[],"yoast_head":"<!-- This site is optimized with the Yoast SEO plugin v27.3 - https:\/\/yoast.com\/product\/yoast-seo-wordpress\/ -->\n<title>Carros mais eficientes devem reduzir em R$ 2 bilh\u00f5es gastos com combust\u00edvel - Canal Dana<\/title>\n<meta name=\"robots\" content=\"index, follow, max-snippet:-1, max-image-preview:large, max-video-preview:-1\" \/>\n<link rel=\"canonical\" href=\"https:\/\/dana.com.br\/canaldana\/2018\/02\/15\/carros-mais-eficientes-devem-reduzir-em-r-2-bilhoes-gastos-com-combustivel\/\" \/>\n<meta property=\"og:locale\" content=\"pt_BR\" \/>\n<meta property=\"og:type\" content=\"article\" \/>\n<meta property=\"og:title\" content=\"Carros mais eficientes devem reduzir em R$ 2 bilh\u00f5es gastos com combust\u00edvel - Canal Dana\" \/>\n<meta property=\"og:description\" content=\"O Estado de S. Paulo &nbsp; O propriet\u00e1rio de um carro com motor 1.0 novo, antigamente chamado de \u201cpopular\u201d, gasta, em m\u00e9dia, R$ 900 a menos por ano em combust\u00edvel em compara\u00e7\u00e3o a cinco anos atr\u00e1s. A economia \u00e9 decorrente da melhora na efici\u00eancia energ\u00e9tica dos autom\u00f3veis brasileiros, medida estabelecida no programa Inovar-Auto e que\u2026 Leia mais \u00bb\" \/>\n<meta property=\"og:url\" content=\"https:\/\/dana.com.br\/canaldana\/2018\/02\/15\/carros-mais-eficientes-devem-reduzir-em-r-2-bilhoes-gastos-com-combustivel\/\" \/>\n<meta property=\"og:site_name\" content=\"Canal Dana\" \/>\n<meta property=\"article:published_time\" content=\"2018-02-15T10:25:39+00:00\" \/>\n<meta name=\"author\" content=\"Canal Dana\" \/>\n<meta name=\"twitter:card\" content=\"summary_large_image\" \/>\n<meta name=\"twitter:label1\" content=\"Escrito por\" \/>\n\t<meta name=\"twitter:data1\" content=\"Canal Dana\" \/>\n\t<meta name=\"twitter:label2\" content=\"Est. tempo de leitura\" \/>\n\t<meta name=\"twitter:data2\" content=\"4 minutos\" \/>\n<script type=\"application\/ld+json\" class=\"yoast-schema-graph\">{\"@context\":\"https:\\\/\\\/schema.org\",\"@graph\":[{\"@type\":\"Article\",\"@id\":\"https:\\\/\\\/dana.com.br\\\/canaldana\\\/2018\\\/02\\\/15\\\/carros-mais-eficientes-devem-reduzir-em-r-2-bilhoes-gastos-com-combustivel\\\/#article\",\"isPartOf\":{\"@id\":\"https:\\\/\\\/dana.com.br\\\/canaldana\\\/2018\\\/02\\\/15\\\/carros-mais-eficientes-devem-reduzir-em-r-2-bilhoes-gastos-com-combustivel\\\/\"},\"author\":{\"name\":\"Canal Dana\",\"@id\":\"https:\\\/\\\/dana.com.br\\\/canaldana\\\/#\\\/schema\\\/person\\\/3c21f22f56fcf3bc46b94bc60ea4fef6\"},\"headline\":\"Carros mais eficientes devem reduzir em R$ 2 bilh\u00f5es gastos com combust\u00edvel\",\"datePublished\":\"2018-02-15T10:25:39+00:00\",\"mainEntityOfPage\":{\"@id\":\"https:\\\/\\\/dana.com.br\\\/canaldana\\\/2018\\\/02\\\/15\\\/carros-mais-eficientes-devem-reduzir-em-r-2-bilhoes-gastos-com-combustivel\\\/\"},\"wordCount\":905,\"articleSection\":[\"Destaques\"],\"inLanguage\":\"pt-BR\"},{\"@type\":\"WebPage\",\"@id\":\"https:\\\/\\\/dana.com.br\\\/canaldana\\\/2018\\\/02\\\/15\\\/carros-mais-eficientes-devem-reduzir-em-r-2-bilhoes-gastos-com-combustivel\\\/\",\"url\":\"https:\\\/\\\/dana.com.br\\\/canaldana\\\/2018\\\/02\\\/15\\\/carros-mais-eficientes-devem-reduzir-em-r-2-bilhoes-gastos-com-combustivel\\\/\",\"name\":\"Carros mais eficientes devem reduzir em R$ 2 bilh\u00f5es gastos com combust\u00edvel - Canal Dana\",\"isPartOf\":{\"@id\":\"https:\\\/\\\/dana.com.br\\\/canaldana\\\/#website\"},\"datePublished\":\"2018-02-15T10:25:39+00:00\",\"author\":{\"@id\":\"https:\\\/\\\/dana.com.br\\\/canaldana\\\/#\\\/schema\\\/person\\\/3c21f22f56fcf3bc46b94bc60ea4fef6\"},\"breadcrumb\":{\"@id\":\"https:\\\/\\\/dana.com.br\\\/canaldana\\\/2018\\\/02\\\/15\\\/carros-mais-eficientes-devem-reduzir-em-r-2-bilhoes-gastos-com-combustivel\\\/#breadcrumb\"},\"inLanguage\":\"pt-BR\",\"potentialAction\":[{\"@type\":\"ReadAction\",\"target\":[\"https:\\\/\\\/dana.com.br\\\/canaldana\\\/2018\\\/02\\\/15\\\/carros-mais-eficientes-devem-reduzir-em-r-2-bilhoes-gastos-com-combustivel\\\/\"]}]},{\"@type\":\"BreadcrumbList\",\"@id\":\"https:\\\/\\\/dana.com.br\\\/canaldana\\\/2018\\\/02\\\/15\\\/carros-mais-eficientes-devem-reduzir-em-r-2-bilhoes-gastos-com-combustivel\\\/#breadcrumb\",\"itemListElement\":[{\"@type\":\"ListItem\",\"position\":1,\"name\":\"Home\",\"item\":\"https:\\\/\\\/dana.com.br\\\/canaldana\\\/\"},{\"@type\":\"ListItem\",\"position\":2,\"name\":\"Destaques\",\"item\":\"https:\\\/\\\/dana.com.br\\\/canaldana\\\/destaques\\\/\"},{\"@type\":\"ListItem\",\"position\":3,\"name\":\"Carros mais eficientes devem reduzir em R$ 2 bilh\u00f5es gastos com combust\u00edvel\"}]},{\"@type\":\"WebSite\",\"@id\":\"https:\\\/\\\/dana.com.br\\\/canaldana\\\/#website\",\"url\":\"https:\\\/\\\/dana.com.br\\\/canaldana\\\/\",\"name\":\"Canal Dana\",\"description\":\"Informativo com as principais not\u00edcias da ind\u00fastria automotiva\",\"potentialAction\":[{\"@type\":\"SearchAction\",\"target\":{\"@type\":\"EntryPoint\",\"urlTemplate\":\"https:\\\/\\\/dana.com.br\\\/canaldana\\\/?s={search_term_string}\"},\"query-input\":{\"@type\":\"PropertyValueSpecification\",\"valueRequired\":true,\"valueName\":\"search_term_string\"}}],\"inLanguage\":\"pt-BR\"},{\"@type\":\"Person\",\"@id\":\"https:\\\/\\\/dana.com.br\\\/canaldana\\\/#\\\/schema\\\/person\\\/3c21f22f56fcf3bc46b94bc60ea4fef6\",\"name\":\"Canal Dana\",\"image\":{\"@type\":\"ImageObject\",\"inLanguage\":\"pt-BR\",\"@id\":\"https:\\\/\\\/secure.gravatar.com\\\/avatar\\\/420aaf9278582877d9018637c6817617705899d2858d7572ef0fe59a6b6454b4?s=96&d=mm&r=g\",\"url\":\"https:\\\/\\\/secure.gravatar.com\\\/avatar\\\/420aaf9278582877d9018637c6817617705899d2858d7572ef0fe59a6b6454b4?s=96&d=mm&r=g\",\"contentUrl\":\"https:\\\/\\\/secure.gravatar.com\\\/avatar\\\/420aaf9278582877d9018637c6817617705899d2858d7572ef0fe59a6b6454b4?s=96&d=mm&r=g\",\"caption\":\"Canal Dana\"},\"url\":\"https:\\\/\\\/dana.com.br\\\/canaldana\\\/author\\\/cdeditor\\\/\"}]}<\/script>\n<!-- \/ Yoast SEO plugin. -->","yoast_head_json":{"title":"Carros mais eficientes devem reduzir em R$ 2 bilh\u00f5es gastos com combust\u00edvel - Canal Dana","robots":{"index":"index","follow":"follow","max-snippet":"max-snippet:-1","max-image-preview":"max-image-preview:large","max-video-preview":"max-video-preview:-1"},"canonical":"https:\/\/dana.com.br\/canaldana\/2018\/02\/15\/carros-mais-eficientes-devem-reduzir-em-r-2-bilhoes-gastos-com-combustivel\/","og_locale":"pt_BR","og_type":"article","og_title":"Carros mais eficientes devem reduzir em R$ 2 bilh\u00f5es gastos com combust\u00edvel - Canal Dana","og_description":"O Estado de S. Paulo &nbsp; O propriet\u00e1rio de um carro com motor 1.0 novo, antigamente chamado de \u201cpopular\u201d, gasta, em m\u00e9dia, R$ 900 a menos por ano em combust\u00edvel em compara\u00e7\u00e3o a cinco anos atr\u00e1s. A economia \u00e9 decorrente da melhora na efici\u00eancia energ\u00e9tica dos autom\u00f3veis brasileiros, medida estabelecida no programa Inovar-Auto e que\u2026 Leia mais \u00bb","og_url":"https:\/\/dana.com.br\/canaldana\/2018\/02\/15\/carros-mais-eficientes-devem-reduzir-em-r-2-bilhoes-gastos-com-combustivel\/","og_site_name":"Canal Dana","article_published_time":"2018-02-15T10:25:39+00:00","author":"Canal Dana","twitter_card":"summary_large_image","twitter_misc":{"Escrito por":"Canal Dana","Est. tempo de leitura":"4 minutos"},"schema":{"@context":"https:\/\/schema.org","@graph":[{"@type":"Article","@id":"https:\/\/dana.com.br\/canaldana\/2018\/02\/15\/carros-mais-eficientes-devem-reduzir-em-r-2-bilhoes-gastos-com-combustivel\/#article","isPartOf":{"@id":"https:\/\/dana.com.br\/canaldana\/2018\/02\/15\/carros-mais-eficientes-devem-reduzir-em-r-2-bilhoes-gastos-com-combustivel\/"},"author":{"name":"Canal Dana","@id":"https:\/\/dana.com.br\/canaldana\/#\/schema\/person\/3c21f22f56fcf3bc46b94bc60ea4fef6"},"headline":"Carros mais eficientes devem reduzir em R$ 2 bilh\u00f5es gastos com combust\u00edvel","datePublished":"2018-02-15T10:25:39+00:00","mainEntityOfPage":{"@id":"https:\/\/dana.com.br\/canaldana\/2018\/02\/15\/carros-mais-eficientes-devem-reduzir-em-r-2-bilhoes-gastos-com-combustivel\/"},"wordCount":905,"articleSection":["Destaques"],"inLanguage":"pt-BR"},{"@type":"WebPage","@id":"https:\/\/dana.com.br\/canaldana\/2018\/02\/15\/carros-mais-eficientes-devem-reduzir-em-r-2-bilhoes-gastos-com-combustivel\/","url":"https:\/\/dana.com.br\/canaldana\/2018\/02\/15\/carros-mais-eficientes-devem-reduzir-em-r-2-bilhoes-gastos-com-combustivel\/","name":"Carros mais eficientes devem reduzir em R$ 2 bilh\u00f5es gastos com combust\u00edvel - Canal Dana","isPartOf":{"@id":"https:\/\/dana.com.br\/canaldana\/#website"},"datePublished":"2018-02-15T10:25:39+00:00","author":{"@id":"https:\/\/dana.com.br\/canaldana\/#\/schema\/person\/3c21f22f56fcf3bc46b94bc60ea4fef6"},"breadcrumb":{"@id":"https:\/\/dana.com.br\/canaldana\/2018\/02\/15\/carros-mais-eficientes-devem-reduzir-em-r-2-bilhoes-gastos-com-combustivel\/#breadcrumb"},"inLanguage":"pt-BR","potentialAction":[{"@type":"ReadAction","target":["https:\/\/dana.com.br\/canaldana\/2018\/02\/15\/carros-mais-eficientes-devem-reduzir-em-r-2-bilhoes-gastos-com-combustivel\/"]}]},{"@type":"BreadcrumbList","@id":"https:\/\/dana.com.br\/canaldana\/2018\/02\/15\/carros-mais-eficientes-devem-reduzir-em-r-2-bilhoes-gastos-com-combustivel\/#breadcrumb","itemListElement":[{"@type":"ListItem","position":1,"name":"Home","item":"https:\/\/dana.com.br\/canaldana\/"},{"@type":"ListItem","position":2,"name":"Destaques","item":"https:\/\/dana.com.br\/canaldana\/destaques\/"},{"@type":"ListItem","position":3,"name":"Carros mais eficientes devem reduzir em R$ 2 bilh\u00f5es gastos com combust\u00edvel"}]},{"@type":"WebSite","@id":"https:\/\/dana.com.br\/canaldana\/#website","url":"https:\/\/dana.com.br\/canaldana\/","name":"Canal Dana","description":"Informativo com as principais not\u00edcias da ind\u00fastria automotiva","potentialAction":[{"@type":"SearchAction","target":{"@type":"EntryPoint","urlTemplate":"https:\/\/dana.com.br\/canaldana\/?s={search_term_string}"},"query-input":{"@type":"PropertyValueSpecification","valueRequired":true,"valueName":"search_term_string"}}],"inLanguage":"pt-BR"},{"@type":"Person","@id":"https:\/\/dana.com.br\/canaldana\/#\/schema\/person\/3c21f22f56fcf3bc46b94bc60ea4fef6","name":"Canal Dana","image":{"@type":"ImageObject","inLanguage":"pt-BR","@id":"https:\/\/secure.gravatar.com\/avatar\/420aaf9278582877d9018637c6817617705899d2858d7572ef0fe59a6b6454b4?s=96&d=mm&r=g","url":"https:\/\/secure.gravatar.com\/avatar\/420aaf9278582877d9018637c6817617705899d2858d7572ef0fe59a6b6454b4?s=96&d=mm&r=g","contentUrl":"https:\/\/secure.gravatar.com\/avatar\/420aaf9278582877d9018637c6817617705899d2858d7572ef0fe59a6b6454b4?s=96&d=mm&r=g","caption":"Canal Dana"},"url":"https:\/\/dana.com.br\/canaldana\/author\/cdeditor\/"}]}},"_links":{"self":[{"href":"https:\/\/dana.com.br\/canaldana\/wp-json\/wp\/v2\/posts\/23204","targetHints":{"allow":["GET"]}}],"collection":[{"href":"https:\/\/dana.com.br\/canaldana\/wp-json\/wp\/v2\/posts"}],"about":[{"href":"https:\/\/dana.com.br\/canaldana\/wp-json\/wp\/v2\/types\/post"}],"author":[{"embeddable":true,"href":"https:\/\/dana.com.br\/canaldana\/wp-json\/wp\/v2\/users\/3"}],"replies":[{"embeddable":true,"href":"https:\/\/dana.com.br\/canaldana\/wp-json\/wp\/v2\/comments?post=23204"}],"version-history":[{"count":0,"href":"https:\/\/dana.com.br\/canaldana\/wp-json\/wp\/v2\/posts\/23204\/revisions"}],"wp:attachment":[{"href":"https:\/\/dana.com.br\/canaldana\/wp-json\/wp\/v2\/media?parent=23204"}],"wp:term":[{"taxonomy":"category","embeddable":true,"href":"https:\/\/dana.com.br\/canaldana\/wp-json\/wp\/v2\/categories?post=23204"},{"taxonomy":"post_tag","embeddable":true,"href":"https:\/\/dana.com.br\/canaldana\/wp-json\/wp\/v2\/tags?post=23204"}],"curies":[{"name":"wp","href":"https:\/\/api.w.org\/{rel}","templated":true}]}}