{"id":23180,"date":"2018-02-15T08:18:00","date_gmt":"2018-02-15T10:18:00","guid":{"rendered":"http:\/\/dana.com.br\/canaldana\/?p=23180"},"modified":"2018-02-15T08:18:00","modified_gmt":"2018-02-15T10:18:00","slug":"volvo-cars-nomeada-como-uma-das-empresas-mais-eticas-do-mundo","status":"publish","type":"post","link":"https:\/\/dana.com.br\/canaldana\/2018\/02\/15\/volvo-cars-nomeada-como-uma-das-empresas-mais-eticas-do-mundo\/","title":{"rendered":"Volvo Cars nomeada como uma das empresas mais \u00e9ticas do mundo"},"content":{"rendered":"<p><em>O Brasil Sobre Rodas<\/em><\/p>\n<p>&nbsp;<\/p>\n<p>A Volvo Cars, fabricante de autom\u00f3veis premium, foi reconhecida pelo Ethisphere Institute, l\u00edder global na defini\u00e7\u00e3o e promo\u00e7\u00e3o dos padr\u00f5es de pr\u00e1ticas de neg\u00f3cios \u00e9ticas, como a Empresa Mais \u00c9tica do Mundo de 2018\u00ae. Este \u00e9 o segundo ano consecutivo que a Volvo Cars recebe esse reconhecimento. 135 empresas foram listadas este ano, com a Volvo Cars sendo uma das tr\u00eas \u00fanicas na categoria Automotiva.<\/p>\n<p>&nbsp;<\/p>\n<p>&#8220;O neg\u00f3cio respons\u00e1vel \u00e9 uma parte fundamental da cultura e do modo de opera\u00e7\u00e3o da Volvo Cars, e algo que continuamente promovemos internamente, bem como com os nossos parceiros de neg\u00f3cios. Uma abordagem \u00e9tica para os neg\u00f3cios n\u00e3o \u00e9 apenas o que \u00e9 certo, mas tamb\u00e9m traz valor financeiro e ajuda a atrair e reter os melhores talentos. Estamos orgulhosos de termos sido reconhecidos como uma das empresas mais \u00e9ticas do mundo pelo segundo ano consecutivo&#8221;, disse H\u00e5kan Samuelsson, presidente e CEO da Volvo Cars.<\/p>\n<p>&nbsp;<\/p>\n<p>A Volvo Cars estabeleceu um programa de Conformidade e \u00c9tica para apoiar seu compromisso com neg\u00f3cios respons\u00e1veis, bem como prevenir e mitigar uma ampla gama de riscos legais e \u00e9ticos. Como parte deste programa, o C\u00f3digo de Conduta e o C\u00f3digo de Conduta para Parceiros de Neg\u00f3cios, ambos baseados em conven\u00e7\u00f5es e padr\u00f5es internacionais, estabelecem os princ\u00edpios aos quais os colaboradores e parceiros de neg\u00f3cios devem cumprir ao trabalhar ou negociar com a Volvo Cars.<\/p>\n<p>&nbsp;<\/p>\n<p>&#8220;O processo de avalia\u00e7\u00e3o da empresa mais \u00e9tica do mundo nos ajudou a impulsionar a melhoria cont\u00ednua do nosso programa de Conformidade e \u00c9tica. Ser nomeada como uns das empresas mais \u00e9ticas do mundo pela segunda vez \u00e9 um reconhecimento bem-vindo do nosso trabalho at\u00e9 agora na promo\u00e7\u00e3o de pr\u00e1ticas \u00e9ticas e respons\u00e1veis, tanto internas quanto externamente &#8220;, comentou Maria Hemberg, vice-presidente s\u00eanior do Grupo Jur\u00eddico, conselheira geral e presidente do Conselho de Sustentabilidade da Volvo Cars.<\/p>\n<p>&nbsp;<\/p>\n<p>Em conson\u00e2ncia com o compromisso de promover uma cultura \u00e9tica, a Volvo Cars desenvolveu uma ampla gama de treinamento em pr\u00e1ticas de neg\u00f3cios \u00e9ticas para todos os funcion\u00e1rios, bem como treinamento espec\u00edfico para gerentes focados em comportamento e modelagem de pap\u00e9is.<\/p>\n<p>&nbsp;<\/p>\n<p>O Instituto Ethisphere\u00ae \u00e9 o l\u00edder global na defini\u00e7\u00e3o e no avan\u00e7o dos padr\u00f5es de pr\u00e1ticas comerciais \u00e9ticas que alimentam o car\u00e1ter corporativo, a confian\u00e7a do mercado e o sucesso comercial. O Ethisphere possui conhecimentos profundos na medi\u00e7\u00e3o e defini\u00e7\u00e3o dos principais padr\u00f5es de \u00e9tica, utilizando informa\u00e7\u00f5es orientadas por dados que ajudam as empresas a aprimorar o car\u00e1ter corporativo. Ethisphere honra a conquista superior atrav\u00e9s do seu programa de reconhecimento de empresas mais \u00e9ticas do mundo, fornece uma comunidade de especialistas da ind\u00fastria com Business Ethics Leadership Alliance (BELA) e apresenta tend\u00eancias e melhores pr\u00e1ticas em \u00e9tica com a publica\u00e7\u00e3o da Revista Ethisphere. Mais informa\u00e7\u00f5es sobre o Ethisphere podem ser encontradas em <a href=\"http:\/\/www.ethisphere.com\" target=\"_blank\" rel=\"noopener\">ethisphere.com<\/a>.<\/p>\n<p>&nbsp;<\/p>\n<p>A Volvo est\u00e1 em opera\u00e7\u00e3o desde 1927. Hoje, a Volvo Cars \u00e9 uma das marcas de autom\u00f3veis mais conhecidas e respeitadas no mundo, com vendas de 571.577 carros em 2017 em cerca de 100 pa\u00edses. A Volvo Cars passou a ser propriet\u00e1ria da Zhejiang Geely Holding (Geely Holding) da China desde 2010. Formou parte do Grupo Sueco Volvo at\u00e9 1999, quando a empresa foi comprada pela Ford Motor Company dos EUA. Em 2010, a Volvo Cars foi adquirida pela Geely Holding. (O Brasil Sobre Rodas)<\/p>\n","protected":false},"excerpt":{"rendered":"<p>O Brasil Sobre Rodas &nbsp; A Volvo Cars, fabricante de autom\u00f3veis premium, foi reconhecida pelo Ethisphere Institute, l\u00edder global na defini\u00e7\u00e3o e promo\u00e7\u00e3o dos padr\u00f5es de pr\u00e1ticas de neg\u00f3cios \u00e9ticas, como a Empresa Mais \u00c9tica do Mundo de 2018\u00ae. Este \u00e9 o segundo ano consecutivo que a Volvo Cars recebe esse reconhecimento. 135 empresas foram\u2026 <a class=\"readmore\" href=\"https:\/\/dana.com.br\/canaldana\/2018\/02\/15\/volvo-cars-nomeada-como-uma-das-empresas-mais-eticas-do-mundo\/\">Leia mais \u00bb<\/a><\/p>\n","protected":false},"author":3,"featured_media":0,"comment_status":"closed","ping_status":"closed","sticky":false,"template":"","format":"standard","meta":{"_acf_changed":false,"footnotes":""},"categories":[74],"tags":[],"class_list":["post-23180","post","type-post","status-publish","format-standard","hentry","category-premios"],"acf":[],"yoast_head":"<!-- This site is optimized with the Yoast SEO plugin v27.3 - https:\/\/yoast.com\/product\/yoast-seo-wordpress\/ -->\n<title>Volvo Cars nomeada como uma das empresas mais \u00e9ticas do mundo - Canal Dana<\/title>\n<meta name=\"robots\" content=\"index, follow, max-snippet:-1, max-image-preview:large, max-video-preview:-1\" \/>\n<link rel=\"canonical\" href=\"https:\/\/dana.com.br\/canaldana\/2018\/02\/15\/volvo-cars-nomeada-como-uma-das-empresas-mais-eticas-do-mundo\/\" \/>\n<meta property=\"og:locale\" content=\"pt_BR\" \/>\n<meta property=\"og:type\" content=\"article\" \/>\n<meta property=\"og:title\" content=\"Volvo Cars nomeada como uma das empresas mais \u00e9ticas do mundo - Canal Dana\" \/>\n<meta property=\"og:description\" content=\"O Brasil Sobre Rodas &nbsp; A Volvo Cars, fabricante de autom\u00f3veis premium, foi reconhecida pelo Ethisphere Institute, l\u00edder global na defini\u00e7\u00e3o e promo\u00e7\u00e3o dos padr\u00f5es de pr\u00e1ticas de neg\u00f3cios \u00e9ticas, como a Empresa Mais \u00c9tica do Mundo de 2018\u00ae. Este \u00e9 o segundo ano consecutivo que a Volvo Cars recebe esse reconhecimento. 135 empresas foram\u2026 Leia mais \u00bb\" \/>\n<meta property=\"og:url\" content=\"https:\/\/dana.com.br\/canaldana\/2018\/02\/15\/volvo-cars-nomeada-como-uma-das-empresas-mais-eticas-do-mundo\/\" \/>\n<meta property=\"og:site_name\" content=\"Canal Dana\" \/>\n<meta property=\"article:published_time\" content=\"2018-02-15T10:18:00+00:00\" \/>\n<meta name=\"author\" content=\"Canal Dana\" \/>\n<meta name=\"twitter:card\" content=\"summary_large_image\" \/>\n<meta name=\"twitter:label1\" content=\"Escrito por\" \/>\n\t<meta name=\"twitter:data1\" content=\"Canal Dana\" \/>\n\t<meta name=\"twitter:label2\" content=\"Est. tempo de leitura\" \/>\n\t<meta name=\"twitter:data2\" content=\"3 minutos\" \/>\n<script type=\"application\/ld+json\" class=\"yoast-schema-graph\">{\"@context\":\"https:\\\/\\\/schema.org\",\"@graph\":[{\"@type\":\"Article\",\"@id\":\"https:\\\/\\\/dana.com.br\\\/canaldana\\\/2018\\\/02\\\/15\\\/volvo-cars-nomeada-como-uma-das-empresas-mais-eticas-do-mundo\\\/#article\",\"isPartOf\":{\"@id\":\"https:\\\/\\\/dana.com.br\\\/canaldana\\\/2018\\\/02\\\/15\\\/volvo-cars-nomeada-como-uma-das-empresas-mais-eticas-do-mundo\\\/\"},\"author\":{\"name\":\"Canal Dana\",\"@id\":\"https:\\\/\\\/dana.com.br\\\/canaldana\\\/#\\\/schema\\\/person\\\/3c21f22f56fcf3bc46b94bc60ea4fef6\"},\"headline\":\"Volvo Cars nomeada como uma das empresas mais \u00e9ticas do mundo\",\"datePublished\":\"2018-02-15T10:18:00+00:00\",\"mainEntityOfPage\":{\"@id\":\"https:\\\/\\\/dana.com.br\\\/canaldana\\\/2018\\\/02\\\/15\\\/volvo-cars-nomeada-como-uma-das-empresas-mais-eticas-do-mundo\\\/\"},\"wordCount\":607,\"articleSection\":[\"Pr\u00eamios\"],\"inLanguage\":\"pt-BR\"},{\"@type\":\"WebPage\",\"@id\":\"https:\\\/\\\/dana.com.br\\\/canaldana\\\/2018\\\/02\\\/15\\\/volvo-cars-nomeada-como-uma-das-empresas-mais-eticas-do-mundo\\\/\",\"url\":\"https:\\\/\\\/dana.com.br\\\/canaldana\\\/2018\\\/02\\\/15\\\/volvo-cars-nomeada-como-uma-das-empresas-mais-eticas-do-mundo\\\/\",\"name\":\"Volvo Cars nomeada como uma das empresas mais \u00e9ticas do mundo - Canal Dana\",\"isPartOf\":{\"@id\":\"https:\\\/\\\/dana.com.br\\\/canaldana\\\/#website\"},\"datePublished\":\"2018-02-15T10:18:00+00:00\",\"author\":{\"@id\":\"https:\\\/\\\/dana.com.br\\\/canaldana\\\/#\\\/schema\\\/person\\\/3c21f22f56fcf3bc46b94bc60ea4fef6\"},\"breadcrumb\":{\"@id\":\"https:\\\/\\\/dana.com.br\\\/canaldana\\\/2018\\\/02\\\/15\\\/volvo-cars-nomeada-como-uma-das-empresas-mais-eticas-do-mundo\\\/#breadcrumb\"},\"inLanguage\":\"pt-BR\",\"potentialAction\":[{\"@type\":\"ReadAction\",\"target\":[\"https:\\\/\\\/dana.com.br\\\/canaldana\\\/2018\\\/02\\\/15\\\/volvo-cars-nomeada-como-uma-das-empresas-mais-eticas-do-mundo\\\/\"]}]},{\"@type\":\"BreadcrumbList\",\"@id\":\"https:\\\/\\\/dana.com.br\\\/canaldana\\\/2018\\\/02\\\/15\\\/volvo-cars-nomeada-como-uma-das-empresas-mais-eticas-do-mundo\\\/#breadcrumb\",\"itemListElement\":[{\"@type\":\"ListItem\",\"position\":1,\"name\":\"Home\",\"item\":\"https:\\\/\\\/dana.com.br\\\/canaldana\\\/\"},{\"@type\":\"ListItem\",\"position\":2,\"name\":\"Pr\u00eamios\",\"item\":\"https:\\\/\\\/dana.com.br\\\/canaldana\\\/premios\\\/\"},{\"@type\":\"ListItem\",\"position\":3,\"name\":\"Volvo Cars nomeada como uma das empresas mais \u00e9ticas do mundo\"}]},{\"@type\":\"WebSite\",\"@id\":\"https:\\\/\\\/dana.com.br\\\/canaldana\\\/#website\",\"url\":\"https:\\\/\\\/dana.com.br\\\/canaldana\\\/\",\"name\":\"Canal Dana\",\"description\":\"Informativo com as principais not\u00edcias da ind\u00fastria automotiva\",\"potentialAction\":[{\"@type\":\"SearchAction\",\"target\":{\"@type\":\"EntryPoint\",\"urlTemplate\":\"https:\\\/\\\/dana.com.br\\\/canaldana\\\/?s={search_term_string}\"},\"query-input\":{\"@type\":\"PropertyValueSpecification\",\"valueRequired\":true,\"valueName\":\"search_term_string\"}}],\"inLanguage\":\"pt-BR\"},{\"@type\":\"Person\",\"@id\":\"https:\\\/\\\/dana.com.br\\\/canaldana\\\/#\\\/schema\\\/person\\\/3c21f22f56fcf3bc46b94bc60ea4fef6\",\"name\":\"Canal Dana\",\"image\":{\"@type\":\"ImageObject\",\"inLanguage\":\"pt-BR\",\"@id\":\"https:\\\/\\\/secure.gravatar.com\\\/avatar\\\/420aaf9278582877d9018637c6817617705899d2858d7572ef0fe59a6b6454b4?s=96&d=mm&r=g\",\"url\":\"https:\\\/\\\/secure.gravatar.com\\\/avatar\\\/420aaf9278582877d9018637c6817617705899d2858d7572ef0fe59a6b6454b4?s=96&d=mm&r=g\",\"contentUrl\":\"https:\\\/\\\/secure.gravatar.com\\\/avatar\\\/420aaf9278582877d9018637c6817617705899d2858d7572ef0fe59a6b6454b4?s=96&d=mm&r=g\",\"caption\":\"Canal Dana\"},\"url\":\"https:\\\/\\\/dana.com.br\\\/canaldana\\\/author\\\/cdeditor\\\/\"}]}<\/script>\n<!-- \/ Yoast SEO plugin. -->","yoast_head_json":{"title":"Volvo Cars nomeada como uma das empresas mais \u00e9ticas do mundo - Canal Dana","robots":{"index":"index","follow":"follow","max-snippet":"max-snippet:-1","max-image-preview":"max-image-preview:large","max-video-preview":"max-video-preview:-1"},"canonical":"https:\/\/dana.com.br\/canaldana\/2018\/02\/15\/volvo-cars-nomeada-como-uma-das-empresas-mais-eticas-do-mundo\/","og_locale":"pt_BR","og_type":"article","og_title":"Volvo Cars nomeada como uma das empresas mais \u00e9ticas do mundo - Canal Dana","og_description":"O Brasil Sobre Rodas &nbsp; A Volvo Cars, fabricante de autom\u00f3veis premium, foi reconhecida pelo Ethisphere Institute, l\u00edder global na defini\u00e7\u00e3o e promo\u00e7\u00e3o dos padr\u00f5es de pr\u00e1ticas de neg\u00f3cios \u00e9ticas, como a Empresa Mais \u00c9tica do Mundo de 2018\u00ae. Este \u00e9 o segundo ano consecutivo que a Volvo Cars recebe esse reconhecimento. 135 empresas foram\u2026 Leia mais \u00bb","og_url":"https:\/\/dana.com.br\/canaldana\/2018\/02\/15\/volvo-cars-nomeada-como-uma-das-empresas-mais-eticas-do-mundo\/","og_site_name":"Canal Dana","article_published_time":"2018-02-15T10:18:00+00:00","author":"Canal Dana","twitter_card":"summary_large_image","twitter_misc":{"Escrito por":"Canal Dana","Est. tempo de leitura":"3 minutos"},"schema":{"@context":"https:\/\/schema.org","@graph":[{"@type":"Article","@id":"https:\/\/dana.com.br\/canaldana\/2018\/02\/15\/volvo-cars-nomeada-como-uma-das-empresas-mais-eticas-do-mundo\/#article","isPartOf":{"@id":"https:\/\/dana.com.br\/canaldana\/2018\/02\/15\/volvo-cars-nomeada-como-uma-das-empresas-mais-eticas-do-mundo\/"},"author":{"name":"Canal Dana","@id":"https:\/\/dana.com.br\/canaldana\/#\/schema\/person\/3c21f22f56fcf3bc46b94bc60ea4fef6"},"headline":"Volvo Cars nomeada como uma das empresas mais \u00e9ticas do mundo","datePublished":"2018-02-15T10:18:00+00:00","mainEntityOfPage":{"@id":"https:\/\/dana.com.br\/canaldana\/2018\/02\/15\/volvo-cars-nomeada-como-uma-das-empresas-mais-eticas-do-mundo\/"},"wordCount":607,"articleSection":["Pr\u00eamios"],"inLanguage":"pt-BR"},{"@type":"WebPage","@id":"https:\/\/dana.com.br\/canaldana\/2018\/02\/15\/volvo-cars-nomeada-como-uma-das-empresas-mais-eticas-do-mundo\/","url":"https:\/\/dana.com.br\/canaldana\/2018\/02\/15\/volvo-cars-nomeada-como-uma-das-empresas-mais-eticas-do-mundo\/","name":"Volvo Cars nomeada como uma das empresas mais \u00e9ticas do mundo - Canal Dana","isPartOf":{"@id":"https:\/\/dana.com.br\/canaldana\/#website"},"datePublished":"2018-02-15T10:18:00+00:00","author":{"@id":"https:\/\/dana.com.br\/canaldana\/#\/schema\/person\/3c21f22f56fcf3bc46b94bc60ea4fef6"},"breadcrumb":{"@id":"https:\/\/dana.com.br\/canaldana\/2018\/02\/15\/volvo-cars-nomeada-como-uma-das-empresas-mais-eticas-do-mundo\/#breadcrumb"},"inLanguage":"pt-BR","potentialAction":[{"@type":"ReadAction","target":["https:\/\/dana.com.br\/canaldana\/2018\/02\/15\/volvo-cars-nomeada-como-uma-das-empresas-mais-eticas-do-mundo\/"]}]},{"@type":"BreadcrumbList","@id":"https:\/\/dana.com.br\/canaldana\/2018\/02\/15\/volvo-cars-nomeada-como-uma-das-empresas-mais-eticas-do-mundo\/#breadcrumb","itemListElement":[{"@type":"ListItem","position":1,"name":"Home","item":"https:\/\/dana.com.br\/canaldana\/"},{"@type":"ListItem","position":2,"name":"Pr\u00eamios","item":"https:\/\/dana.com.br\/canaldana\/premios\/"},{"@type":"ListItem","position":3,"name":"Volvo Cars nomeada como uma das empresas mais \u00e9ticas do mundo"}]},{"@type":"WebSite","@id":"https:\/\/dana.com.br\/canaldana\/#website","url":"https:\/\/dana.com.br\/canaldana\/","name":"Canal Dana","description":"Informativo com as principais not\u00edcias da ind\u00fastria automotiva","potentialAction":[{"@type":"SearchAction","target":{"@type":"EntryPoint","urlTemplate":"https:\/\/dana.com.br\/canaldana\/?s={search_term_string}"},"query-input":{"@type":"PropertyValueSpecification","valueRequired":true,"valueName":"search_term_string"}}],"inLanguage":"pt-BR"},{"@type":"Person","@id":"https:\/\/dana.com.br\/canaldana\/#\/schema\/person\/3c21f22f56fcf3bc46b94bc60ea4fef6","name":"Canal Dana","image":{"@type":"ImageObject","inLanguage":"pt-BR","@id":"https:\/\/secure.gravatar.com\/avatar\/420aaf9278582877d9018637c6817617705899d2858d7572ef0fe59a6b6454b4?s=96&d=mm&r=g","url":"https:\/\/secure.gravatar.com\/avatar\/420aaf9278582877d9018637c6817617705899d2858d7572ef0fe59a6b6454b4?s=96&d=mm&r=g","contentUrl":"https:\/\/secure.gravatar.com\/avatar\/420aaf9278582877d9018637c6817617705899d2858d7572ef0fe59a6b6454b4?s=96&d=mm&r=g","caption":"Canal Dana"},"url":"https:\/\/dana.com.br\/canaldana\/author\/cdeditor\/"}]}},"_links":{"self":[{"href":"https:\/\/dana.com.br\/canaldana\/wp-json\/wp\/v2\/posts\/23180","targetHints":{"allow":["GET"]}}],"collection":[{"href":"https:\/\/dana.com.br\/canaldana\/wp-json\/wp\/v2\/posts"}],"about":[{"href":"https:\/\/dana.com.br\/canaldana\/wp-json\/wp\/v2\/types\/post"}],"author":[{"embeddable":true,"href":"https:\/\/dana.com.br\/canaldana\/wp-json\/wp\/v2\/users\/3"}],"replies":[{"embeddable":true,"href":"https:\/\/dana.com.br\/canaldana\/wp-json\/wp\/v2\/comments?post=23180"}],"version-history":[{"count":0,"href":"https:\/\/dana.com.br\/canaldana\/wp-json\/wp\/v2\/posts\/23180\/revisions"}],"wp:attachment":[{"href":"https:\/\/dana.com.br\/canaldana\/wp-json\/wp\/v2\/media?parent=23180"}],"wp:term":[{"taxonomy":"category","embeddable":true,"href":"https:\/\/dana.com.br\/canaldana\/wp-json\/wp\/v2\/categories?post=23180"},{"taxonomy":"post_tag","embeddable":true,"href":"https:\/\/dana.com.br\/canaldana\/wp-json\/wp\/v2\/tags?post=23180"}],"curies":[{"name":"wp","href":"https:\/\/api.w.org\/{rel}","templated":true}]}}