{"id":23171,"date":"2018-02-14T08:39:32","date_gmt":"2018-02-14T10:39:32","guid":{"rendered":"http:\/\/dana.com.br\/canaldana\/?p=23171"},"modified":"2018-02-14T08:39:32","modified_gmt":"2018-02-14T10:39:32","slug":"apos-quatro-anos-venda-de-carros-mais-baratos-volta-crescer","status":"publish","type":"post","link":"https:\/\/dana.com.br\/canaldana\/2018\/02\/14\/apos-quatro-anos-venda-de-carros-mais-baratos-volta-crescer\/","title":{"rendered":"Ap\u00f3s quatro anos, venda de carros mais baratos volta a crescer"},"content":{"rendered":"<p><em>O Estado de S. Paulo<\/em><\/p>\n<p>&nbsp;<\/p>\n<p>A recupera\u00e7\u00e3o do mercado de autom\u00f3veis no Brasil deixou de ser sustentada somente pelos consumidores mais ricos, que foram os menos afetados pela crise, e tem contado tamb\u00e9m, nos \u00faltimos meses, com a contribui\u00e7\u00e3o dos brasileiros de menor renda. Condi\u00e7\u00f5es melhores de emprego e cr\u00e9dito permitiram que a venda de carros mais baratos voltasse lentamente a crescer no segundo semestre de 2017, de acordo com dados levantados pelo Estad\u00e3o\/Broadcast. Essa virada, segundo analistas, deve se consolidar em 2018, levando o mercado como um todo a taxas mais expressivas de expans\u00e3o.<\/p>\n<p>&nbsp;<\/p>\n<p>Os dois segmentos mais baratos do mercado s\u00e3o os chamados carros de entrada (como o Gol, da Volkswagen, e o Ka, da Ford) e os hatches pequenos (como o Onix, da Chevrolet, e o Argo, da Fiat). A soma de todos os ve\u00edculos que se enquadram nesses dois grupos voltou a crescer em meados do ano passado, ainda que de forma oscilante. O desempenho melhor na segunda metade de 2017 foi capaz de compensar a queda que ainda se via no primeiro semestre, e levou os dois segmentos a um crescimento de 3,1% em todo o ano, com o emplacamento de 564 mil unidades, em c\u00e1lculo que s\u00f3 considera as vendas para consumidores pessoa f\u00edsica, segundo dados da Fenabrave, federa\u00e7\u00e3o que representas as concession\u00e1rias de ve\u00edculos.<\/p>\n<p>&nbsp;<\/p>\n<p>A venda de carros mais baratos estava em queda desde 2013. Essa recupera\u00e7\u00e3o \u00e9 importante para o setor automotivo porque esse \u00e9 um segmento que movimenta maiores volumes, e acabou sendo mais afetado pela crise econ\u00f4mica, que provocou desemprego e uma retra\u00e7\u00e3o do cr\u00e9dito.<\/p>\n<p>&nbsp;<\/p>\n<p>A expans\u00e3o dos carros mais baratos no ano passado, no entanto, ainda foi menor do que a do mercado como um todo, que teve aumento de 9,2%. Isso ocorreu porque foram os consumidores mais ricos, que compram os carros mais caros, que deram a maior contribui\u00e7\u00e3o ao setor. N\u00e3o \u00e9 a toa que a venda de ve\u00edculos utilit\u00e1rios esportivos, conhecidos como SUVs, na sigla em ingl\u00eas, foi a que mais cresceu em 2017 ante 2016, a uma taxa de 36%, o que levou o segmento a aumentar sua participa\u00e7\u00e3o no mercado de 18% para 22%.<\/p>\n<p>&nbsp;<\/p>\n<p>Para 2018, analistas do setor esperam que o segmento de carros mais baratos cres\u00e7a mais do que em 2017 e passe a ter um desempenho mais pr\u00f3ximo do mercado total. Eles apostam nisso porque acreditam que os dois indicadores que mais influenciam o consumo dos mais pobres, o emprego e o cr\u00e9dito, v\u00e3o continuar melhorando este ano. \u201cA demanda existe, estamos vendo que o mercado est\u00e1 voltando, principalmente por causa de taxas de juros menores. Al\u00e9m disso, h\u00e1 um aumento da confian\u00e7a do consumidor, decorrente do aumento da melhora do mercado de trabalho\u201d, disse Orlando Merluzzi, presidente da consultoria MA8, especializada no setor automotivo.<\/p>\n<p>&nbsp;<\/p>\n<p><strong>Para lembrar<\/strong><\/p>\n<p>&nbsp;<\/p>\n<p>Entre os anos de 2010 e 2011 ocorreu a chamada \u2018festa do cr\u00e9dito f\u00e1cil\u2019. Seguindo a orienta\u00e7\u00e3o da pol\u00edtica econ\u00f4mica da \u00e9poca, de aumento do consumo em geral, as institui\u00e7\u00f5es financeiras ofereciam financiamentos sem entrada e parcelas em at\u00e9 100 meses para a compra de ve\u00edculos. Muitos consumidores tiveram acesso ao carro zero pela primeira vez, e as vendas totais de ve\u00edculos passaram de 3 milh\u00f5es de unidades ao ano.<\/p>\n<p>&nbsp;<\/p>\n<p>O resultado, segundo dados recentemente divulgados pelo Banco Central, foi de inadimpl\u00eancia recorde por parte dos consumidores e, para os bancos, problemas para receber R$ 38,1 bilh\u00f5es liberados, muitas vezes, com poucos crit\u00e9rios relativos \u00e0 capacidade de pagamento dos tomadores de cr\u00e9dito.<\/p>\n<p>&nbsp;<\/p>\n<p>Os bancos j\u00e1 desistiram de cobrar R$ 22,8 bilh\u00f5es e reconheceram o valor como preju\u00edzo, mas ainda trabalham para receber outros R$ 15,3 bilh\u00f5es emprestados na \u00e9poca. Desde ent\u00e3o, os bancos passaram a ser mais criteriosos nos financiamentos ao setor. (O Estado de S. Paulo\/Andr\u00e9 \u00cdtalo Rocha)<\/p>\n","protected":false},"excerpt":{"rendered":"<p>O Estado de S. Paulo &nbsp; A recupera\u00e7\u00e3o do mercado de autom\u00f3veis no Brasil deixou de ser sustentada somente pelos consumidores mais ricos, que foram os menos afetados pela crise, e tem contado tamb\u00e9m, nos \u00faltimos meses, com a contribui\u00e7\u00e3o dos brasileiros de menor renda. Condi\u00e7\u00f5es melhores de emprego e cr\u00e9dito permitiram que a venda\u2026 <a class=\"readmore\" href=\"https:\/\/dana.com.br\/canaldana\/2018\/02\/14\/apos-quatro-anos-venda-de-carros-mais-baratos-volta-crescer\/\">Leia mais \u00bb<\/a><\/p>\n","protected":false},"author":3,"featured_media":0,"comment_status":"closed","ping_status":"closed","sticky":false,"template":"","format":"standard","meta":{"_acf_changed":false,"footnotes":""},"categories":[61],"tags":[],"class_list":["post-23171","post","type-post","status-publish","format-standard","hentry","category-destaques"],"acf":[],"yoast_head":"<!-- This site is optimized with the Yoast SEO plugin v27.3 - https:\/\/yoast.com\/product\/yoast-seo-wordpress\/ -->\n<title>Ap\u00f3s quatro anos, venda de carros mais baratos volta a crescer - Canal Dana<\/title>\n<meta name=\"robots\" content=\"index, follow, max-snippet:-1, max-image-preview:large, max-video-preview:-1\" \/>\n<link rel=\"canonical\" href=\"https:\/\/dana.com.br\/canaldana\/2018\/02\/14\/apos-quatro-anos-venda-de-carros-mais-baratos-volta-crescer\/\" \/>\n<meta property=\"og:locale\" content=\"pt_BR\" \/>\n<meta property=\"og:type\" content=\"article\" \/>\n<meta property=\"og:title\" content=\"Ap\u00f3s quatro anos, venda de carros mais baratos volta a crescer - Canal Dana\" \/>\n<meta property=\"og:description\" content=\"O Estado de S. Paulo &nbsp; A recupera\u00e7\u00e3o do mercado de autom\u00f3veis no Brasil deixou de ser sustentada somente pelos consumidores mais ricos, que foram os menos afetados pela crise, e tem contado tamb\u00e9m, nos \u00faltimos meses, com a contribui\u00e7\u00e3o dos brasileiros de menor renda. Condi\u00e7\u00f5es melhores de emprego e cr\u00e9dito permitiram que a venda\u2026 Leia mais \u00bb\" \/>\n<meta property=\"og:url\" content=\"https:\/\/dana.com.br\/canaldana\/2018\/02\/14\/apos-quatro-anos-venda-de-carros-mais-baratos-volta-crescer\/\" \/>\n<meta property=\"og:site_name\" content=\"Canal Dana\" \/>\n<meta property=\"article:published_time\" content=\"2018-02-14T10:39:32+00:00\" \/>\n<meta name=\"author\" content=\"Canal Dana\" \/>\n<meta name=\"twitter:card\" content=\"summary_large_image\" \/>\n<meta name=\"twitter:label1\" content=\"Escrito por\" \/>\n\t<meta name=\"twitter:data1\" content=\"Canal Dana\" \/>\n\t<meta name=\"twitter:label2\" content=\"Est. tempo de leitura\" \/>\n\t<meta name=\"twitter:data2\" content=\"3 minutos\" \/>\n<script type=\"application\/ld+json\" class=\"yoast-schema-graph\">{\"@context\":\"https:\\\/\\\/schema.org\",\"@graph\":[{\"@type\":\"Article\",\"@id\":\"https:\\\/\\\/dana.com.br\\\/canaldana\\\/2018\\\/02\\\/14\\\/apos-quatro-anos-venda-de-carros-mais-baratos-volta-crescer\\\/#article\",\"isPartOf\":{\"@id\":\"https:\\\/\\\/dana.com.br\\\/canaldana\\\/2018\\\/02\\\/14\\\/apos-quatro-anos-venda-de-carros-mais-baratos-volta-crescer\\\/\"},\"author\":{\"name\":\"Canal Dana\",\"@id\":\"https:\\\/\\\/dana.com.br\\\/canaldana\\\/#\\\/schema\\\/person\\\/3c21f22f56fcf3bc46b94bc60ea4fef6\"},\"headline\":\"Ap\u00f3s quatro anos, venda de carros mais baratos volta a crescer\",\"datePublished\":\"2018-02-14T10:39:32+00:00\",\"mainEntityOfPage\":{\"@id\":\"https:\\\/\\\/dana.com.br\\\/canaldana\\\/2018\\\/02\\\/14\\\/apos-quatro-anos-venda-de-carros-mais-baratos-volta-crescer\\\/\"},\"wordCount\":672,\"articleSection\":[\"Destaques\"],\"inLanguage\":\"pt-BR\"},{\"@type\":\"WebPage\",\"@id\":\"https:\\\/\\\/dana.com.br\\\/canaldana\\\/2018\\\/02\\\/14\\\/apos-quatro-anos-venda-de-carros-mais-baratos-volta-crescer\\\/\",\"url\":\"https:\\\/\\\/dana.com.br\\\/canaldana\\\/2018\\\/02\\\/14\\\/apos-quatro-anos-venda-de-carros-mais-baratos-volta-crescer\\\/\",\"name\":\"Ap\u00f3s quatro anos, venda de carros mais baratos volta a crescer - Canal Dana\",\"isPartOf\":{\"@id\":\"https:\\\/\\\/dana.com.br\\\/canaldana\\\/#website\"},\"datePublished\":\"2018-02-14T10:39:32+00:00\",\"author\":{\"@id\":\"https:\\\/\\\/dana.com.br\\\/canaldana\\\/#\\\/schema\\\/person\\\/3c21f22f56fcf3bc46b94bc60ea4fef6\"},\"breadcrumb\":{\"@id\":\"https:\\\/\\\/dana.com.br\\\/canaldana\\\/2018\\\/02\\\/14\\\/apos-quatro-anos-venda-de-carros-mais-baratos-volta-crescer\\\/#breadcrumb\"},\"inLanguage\":\"pt-BR\",\"potentialAction\":[{\"@type\":\"ReadAction\",\"target\":[\"https:\\\/\\\/dana.com.br\\\/canaldana\\\/2018\\\/02\\\/14\\\/apos-quatro-anos-venda-de-carros-mais-baratos-volta-crescer\\\/\"]}]},{\"@type\":\"BreadcrumbList\",\"@id\":\"https:\\\/\\\/dana.com.br\\\/canaldana\\\/2018\\\/02\\\/14\\\/apos-quatro-anos-venda-de-carros-mais-baratos-volta-crescer\\\/#breadcrumb\",\"itemListElement\":[{\"@type\":\"ListItem\",\"position\":1,\"name\":\"Home\",\"item\":\"https:\\\/\\\/dana.com.br\\\/canaldana\\\/\"},{\"@type\":\"ListItem\",\"position\":2,\"name\":\"Destaques\",\"item\":\"https:\\\/\\\/dana.com.br\\\/canaldana\\\/destaques\\\/\"},{\"@type\":\"ListItem\",\"position\":3,\"name\":\"Ap\u00f3s quatro anos, venda de carros mais baratos volta a crescer\"}]},{\"@type\":\"WebSite\",\"@id\":\"https:\\\/\\\/dana.com.br\\\/canaldana\\\/#website\",\"url\":\"https:\\\/\\\/dana.com.br\\\/canaldana\\\/\",\"name\":\"Canal Dana\",\"description\":\"Informativo com as principais not\u00edcias da ind\u00fastria automotiva\",\"potentialAction\":[{\"@type\":\"SearchAction\",\"target\":{\"@type\":\"EntryPoint\",\"urlTemplate\":\"https:\\\/\\\/dana.com.br\\\/canaldana\\\/?s={search_term_string}\"},\"query-input\":{\"@type\":\"PropertyValueSpecification\",\"valueRequired\":true,\"valueName\":\"search_term_string\"}}],\"inLanguage\":\"pt-BR\"},{\"@type\":\"Person\",\"@id\":\"https:\\\/\\\/dana.com.br\\\/canaldana\\\/#\\\/schema\\\/person\\\/3c21f22f56fcf3bc46b94bc60ea4fef6\",\"name\":\"Canal Dana\",\"image\":{\"@type\":\"ImageObject\",\"inLanguage\":\"pt-BR\",\"@id\":\"https:\\\/\\\/secure.gravatar.com\\\/avatar\\\/420aaf9278582877d9018637c6817617705899d2858d7572ef0fe59a6b6454b4?s=96&d=mm&r=g\",\"url\":\"https:\\\/\\\/secure.gravatar.com\\\/avatar\\\/420aaf9278582877d9018637c6817617705899d2858d7572ef0fe59a6b6454b4?s=96&d=mm&r=g\",\"contentUrl\":\"https:\\\/\\\/secure.gravatar.com\\\/avatar\\\/420aaf9278582877d9018637c6817617705899d2858d7572ef0fe59a6b6454b4?s=96&d=mm&r=g\",\"caption\":\"Canal Dana\"},\"url\":\"https:\\\/\\\/dana.com.br\\\/canaldana\\\/author\\\/cdeditor\\\/\"}]}<\/script>\n<!-- \/ Yoast SEO plugin. -->","yoast_head_json":{"title":"Ap\u00f3s quatro anos, venda de carros mais baratos volta a crescer - Canal Dana","robots":{"index":"index","follow":"follow","max-snippet":"max-snippet:-1","max-image-preview":"max-image-preview:large","max-video-preview":"max-video-preview:-1"},"canonical":"https:\/\/dana.com.br\/canaldana\/2018\/02\/14\/apos-quatro-anos-venda-de-carros-mais-baratos-volta-crescer\/","og_locale":"pt_BR","og_type":"article","og_title":"Ap\u00f3s quatro anos, venda de carros mais baratos volta a crescer - Canal Dana","og_description":"O Estado de S. Paulo &nbsp; A recupera\u00e7\u00e3o do mercado de autom\u00f3veis no Brasil deixou de ser sustentada somente pelos consumidores mais ricos, que foram os menos afetados pela crise, e tem contado tamb\u00e9m, nos \u00faltimos meses, com a contribui\u00e7\u00e3o dos brasileiros de menor renda. Condi\u00e7\u00f5es melhores de emprego e cr\u00e9dito permitiram que a venda\u2026 Leia mais \u00bb","og_url":"https:\/\/dana.com.br\/canaldana\/2018\/02\/14\/apos-quatro-anos-venda-de-carros-mais-baratos-volta-crescer\/","og_site_name":"Canal Dana","article_published_time":"2018-02-14T10:39:32+00:00","author":"Canal Dana","twitter_card":"summary_large_image","twitter_misc":{"Escrito por":"Canal Dana","Est. tempo de leitura":"3 minutos"},"schema":{"@context":"https:\/\/schema.org","@graph":[{"@type":"Article","@id":"https:\/\/dana.com.br\/canaldana\/2018\/02\/14\/apos-quatro-anos-venda-de-carros-mais-baratos-volta-crescer\/#article","isPartOf":{"@id":"https:\/\/dana.com.br\/canaldana\/2018\/02\/14\/apos-quatro-anos-venda-de-carros-mais-baratos-volta-crescer\/"},"author":{"name":"Canal Dana","@id":"https:\/\/dana.com.br\/canaldana\/#\/schema\/person\/3c21f22f56fcf3bc46b94bc60ea4fef6"},"headline":"Ap\u00f3s quatro anos, venda de carros mais baratos volta a crescer","datePublished":"2018-02-14T10:39:32+00:00","mainEntityOfPage":{"@id":"https:\/\/dana.com.br\/canaldana\/2018\/02\/14\/apos-quatro-anos-venda-de-carros-mais-baratos-volta-crescer\/"},"wordCount":672,"articleSection":["Destaques"],"inLanguage":"pt-BR"},{"@type":"WebPage","@id":"https:\/\/dana.com.br\/canaldana\/2018\/02\/14\/apos-quatro-anos-venda-de-carros-mais-baratos-volta-crescer\/","url":"https:\/\/dana.com.br\/canaldana\/2018\/02\/14\/apos-quatro-anos-venda-de-carros-mais-baratos-volta-crescer\/","name":"Ap\u00f3s quatro anos, venda de carros mais baratos volta a crescer - Canal Dana","isPartOf":{"@id":"https:\/\/dana.com.br\/canaldana\/#website"},"datePublished":"2018-02-14T10:39:32+00:00","author":{"@id":"https:\/\/dana.com.br\/canaldana\/#\/schema\/person\/3c21f22f56fcf3bc46b94bc60ea4fef6"},"breadcrumb":{"@id":"https:\/\/dana.com.br\/canaldana\/2018\/02\/14\/apos-quatro-anos-venda-de-carros-mais-baratos-volta-crescer\/#breadcrumb"},"inLanguage":"pt-BR","potentialAction":[{"@type":"ReadAction","target":["https:\/\/dana.com.br\/canaldana\/2018\/02\/14\/apos-quatro-anos-venda-de-carros-mais-baratos-volta-crescer\/"]}]},{"@type":"BreadcrumbList","@id":"https:\/\/dana.com.br\/canaldana\/2018\/02\/14\/apos-quatro-anos-venda-de-carros-mais-baratos-volta-crescer\/#breadcrumb","itemListElement":[{"@type":"ListItem","position":1,"name":"Home","item":"https:\/\/dana.com.br\/canaldana\/"},{"@type":"ListItem","position":2,"name":"Destaques","item":"https:\/\/dana.com.br\/canaldana\/destaques\/"},{"@type":"ListItem","position":3,"name":"Ap\u00f3s quatro anos, venda de carros mais baratos volta a crescer"}]},{"@type":"WebSite","@id":"https:\/\/dana.com.br\/canaldana\/#website","url":"https:\/\/dana.com.br\/canaldana\/","name":"Canal Dana","description":"Informativo com as principais not\u00edcias da ind\u00fastria automotiva","potentialAction":[{"@type":"SearchAction","target":{"@type":"EntryPoint","urlTemplate":"https:\/\/dana.com.br\/canaldana\/?s={search_term_string}"},"query-input":{"@type":"PropertyValueSpecification","valueRequired":true,"valueName":"search_term_string"}}],"inLanguage":"pt-BR"},{"@type":"Person","@id":"https:\/\/dana.com.br\/canaldana\/#\/schema\/person\/3c21f22f56fcf3bc46b94bc60ea4fef6","name":"Canal Dana","image":{"@type":"ImageObject","inLanguage":"pt-BR","@id":"https:\/\/secure.gravatar.com\/avatar\/420aaf9278582877d9018637c6817617705899d2858d7572ef0fe59a6b6454b4?s=96&d=mm&r=g","url":"https:\/\/secure.gravatar.com\/avatar\/420aaf9278582877d9018637c6817617705899d2858d7572ef0fe59a6b6454b4?s=96&d=mm&r=g","contentUrl":"https:\/\/secure.gravatar.com\/avatar\/420aaf9278582877d9018637c6817617705899d2858d7572ef0fe59a6b6454b4?s=96&d=mm&r=g","caption":"Canal Dana"},"url":"https:\/\/dana.com.br\/canaldana\/author\/cdeditor\/"}]}},"_links":{"self":[{"href":"https:\/\/dana.com.br\/canaldana\/wp-json\/wp\/v2\/posts\/23171","targetHints":{"allow":["GET"]}}],"collection":[{"href":"https:\/\/dana.com.br\/canaldana\/wp-json\/wp\/v2\/posts"}],"about":[{"href":"https:\/\/dana.com.br\/canaldana\/wp-json\/wp\/v2\/types\/post"}],"author":[{"embeddable":true,"href":"https:\/\/dana.com.br\/canaldana\/wp-json\/wp\/v2\/users\/3"}],"replies":[{"embeddable":true,"href":"https:\/\/dana.com.br\/canaldana\/wp-json\/wp\/v2\/comments?post=23171"}],"version-history":[{"count":0,"href":"https:\/\/dana.com.br\/canaldana\/wp-json\/wp\/v2\/posts\/23171\/revisions"}],"wp:attachment":[{"href":"https:\/\/dana.com.br\/canaldana\/wp-json\/wp\/v2\/media?parent=23171"}],"wp:term":[{"taxonomy":"category","embeddable":true,"href":"https:\/\/dana.com.br\/canaldana\/wp-json\/wp\/v2\/categories?post=23171"},{"taxonomy":"post_tag","embeddable":true,"href":"https:\/\/dana.com.br\/canaldana\/wp-json\/wp\/v2\/tags?post=23171"}],"curies":[{"name":"wp","href":"https:\/\/api.w.org\/{rel}","templated":true}]}}