{"id":23169,"date":"2018-02-14T08:38:41","date_gmt":"2018-02-14T10:38:41","guid":{"rendered":"http:\/\/dana.com.br\/canaldana\/?p=23169"},"modified":"2018-02-14T08:38:41","modified_gmt":"2018-02-14T10:38:41","slug":"governo-temer-trava-programa-automotivo-e-montadoras-ameacam-deixar-o-pais","status":"publish","type":"post","link":"https:\/\/dana.com.br\/canaldana\/2018\/02\/14\/governo-temer-trava-programa-automotivo-e-montadoras-ameacam-deixar-o-pais\/","title":{"rendered":"Governo Temer trava programa automotivo e montadoras amea\u00e7am deixar o Pa\u00eds"},"content":{"rendered":"<p><em>Rede Brasil Atual<\/em><\/p>\n<p>&nbsp;<\/p>\n<p>A indefini\u00e7\u00e3o do governo Temer para aprovar novas regras para a ind\u00fastria automobil\u00edstica coloca o setor em risco, e montadoras dizem que podem rever planos de investimentos e, em \u00faltimo caso, abandonar o pa\u00eds, levando para fora os postos de trabalho. O programa Inovar Auto vigorou at\u00e9 o ano passado, e o seu substituto, batizado de Rota 2030, ainda n\u00e3o saiu do papel.<\/p>\n<p>&nbsp;<\/p>\n<p>Como o anterior, o Rota 2030 prev\u00ea a redu\u00e7\u00e3o de impostos para o setor em troca de um plano de inova\u00e7\u00e3o, que inclui a nacionaliza\u00e7\u00e3o de etapas da produ\u00e7\u00e3o, com a cria\u00e7\u00e3o de novas vagas, al\u00e9m de ganhos de efici\u00eancia em consumo, emiss\u00e3o de poluentes e seguran\u00e7a para os ve\u00edculos.<\/p>\n<p>&nbsp;<\/p>\n<p>Para o presidente do rec\u00e9m-criado Instituto Trabalho, Ind\u00fastria e Desenvolvimento (TID-Brasil), Rafael Marques, o Inovar Auto foi fundamental porque &#8220;estancou a sangria de importados&#8221; e as montadoras trouxeram novas f\u00e1bricas para o Brasil.<\/p>\n<p>&nbsp;<\/p>\n<p>Ele cita como exemplo que, sem que sejam definidas as novas regras, a BMW j\u00e1 anunciou que deve deixar o Brasil. A Ford, que negocia com a matriz norte-americana a amplia\u00e7\u00e3o da produ\u00e7\u00e3o por aqui, pode rever o rumo dos investimentos. &#8220;Estamos pressionando para que isso saia, n\u00e3o no primeiro semestre, mas que saia neste m\u00eas de fevereiro ainda\u201d, disse Rafael ao rep\u00f3rter Andr\u00e9 Gianocari, para o Seu Jornal, da TVT.<\/p>\n<p>&nbsp;<\/p>\n<p>Desde que chegou ao Brasil, nos anos 1960, a ind\u00fastria automobil\u00edstica cresceu com iniciativas conjuntas dos setores p\u00fablico e privado. Marques espera que o Rota 2030 adote a linha do programa anterior, mas aprofunde ainda mais a internaliza\u00e7\u00e3o das etapas de produ\u00e7\u00e3o, principalmente a ferramentaria.<\/p>\n<p>&nbsp;<\/p>\n<p>&#8220;Voc\u00ea n\u00e3o tem s\u00f3 o emprego quando se monta (o ve\u00edculo). Tem emprego e tecnologia na concep\u00e7\u00e3o do modelo. Ent\u00e3o, o setor de ferramentaria \u00e9 a primeira etapa, uma etapa important\u00edssima\u201d, diz Rafael que defende que o pa\u00eds crie empregos mais qualificados.<\/p>\n<p>&nbsp;<\/p>\n<p>O coordenador da subse\u00e7\u00e3o do Dieese no Sindicato dos Metal\u00fargicos do ABC, Lu\u00eds Paulo Bresciani, tamb\u00e9m acredita que a implementa\u00e7\u00e3o de um novo programa automotivo &#8220;\u00e9 importante do ponto de vista de sinalizar a manuten\u00e7\u00e3o de investimentos, especialmente em novos produtos e fortalecimento da cadeia de autope\u00e7as&#8221;, e prev\u00ea que o Rota 2030 pode contribuir com crescimento de 3% a 4% nos postos de trabalho nos pr\u00f3ximos anos. (Rede Brasil Atual)<\/p>\n","protected":false},"excerpt":{"rendered":"<p>Rede Brasil Atual &nbsp; A indefini\u00e7\u00e3o do governo Temer para aprovar novas regras para a ind\u00fastria automobil\u00edstica coloca o setor em risco, e montadoras dizem que podem rever planos de investimentos e, em \u00faltimo caso, abandonar o pa\u00eds, levando para fora os postos de trabalho. O programa Inovar Auto vigorou at\u00e9 o ano passado, e\u2026 <a class=\"readmore\" href=\"https:\/\/dana.com.br\/canaldana\/2018\/02\/14\/governo-temer-trava-programa-automotivo-e-montadoras-ameacam-deixar-o-pais\/\">Leia mais \u00bb<\/a><\/p>\n","protected":false},"author":3,"featured_media":0,"comment_status":"closed","ping_status":"closed","sticky":false,"template":"","format":"standard","meta":{"_acf_changed":false,"footnotes":""},"categories":[61],"tags":[],"class_list":["post-23169","post","type-post","status-publish","format-standard","hentry","category-destaques"],"acf":[],"yoast_head":"<!-- This site is optimized with the Yoast SEO plugin v27.3 - https:\/\/yoast.com\/product\/yoast-seo-wordpress\/ -->\n<title>Governo Temer trava programa automotivo e montadoras amea\u00e7am deixar o Pa\u00eds - Canal Dana<\/title>\n<meta name=\"robots\" content=\"index, follow, max-snippet:-1, max-image-preview:large, max-video-preview:-1\" \/>\n<link rel=\"canonical\" href=\"https:\/\/dana.com.br\/canaldana\/2018\/02\/14\/governo-temer-trava-programa-automotivo-e-montadoras-ameacam-deixar-o-pais\/\" \/>\n<meta property=\"og:locale\" content=\"pt_BR\" \/>\n<meta property=\"og:type\" content=\"article\" \/>\n<meta property=\"og:title\" content=\"Governo Temer trava programa automotivo e montadoras amea\u00e7am deixar o Pa\u00eds - Canal Dana\" \/>\n<meta property=\"og:description\" content=\"Rede Brasil Atual &nbsp; A indefini\u00e7\u00e3o do governo Temer para aprovar novas regras para a ind\u00fastria automobil\u00edstica coloca o setor em risco, e montadoras dizem que podem rever planos de investimentos e, em \u00faltimo caso, abandonar o pa\u00eds, levando para fora os postos de trabalho. O programa Inovar Auto vigorou at\u00e9 o ano passado, e\u2026 Leia mais \u00bb\" \/>\n<meta property=\"og:url\" content=\"https:\/\/dana.com.br\/canaldana\/2018\/02\/14\/governo-temer-trava-programa-automotivo-e-montadoras-ameacam-deixar-o-pais\/\" \/>\n<meta property=\"og:site_name\" content=\"Canal Dana\" \/>\n<meta property=\"article:published_time\" content=\"2018-02-14T10:38:41+00:00\" \/>\n<meta name=\"author\" content=\"Canal Dana\" \/>\n<meta name=\"twitter:card\" content=\"summary_large_image\" \/>\n<meta name=\"twitter:label1\" content=\"Escrito por\" \/>\n\t<meta name=\"twitter:data1\" content=\"Canal Dana\" \/>\n\t<meta name=\"twitter:label2\" content=\"Est. tempo de leitura\" \/>\n\t<meta name=\"twitter:data2\" content=\"2 minutos\" \/>\n<script type=\"application\/ld+json\" class=\"yoast-schema-graph\">{\"@context\":\"https:\\\/\\\/schema.org\",\"@graph\":[{\"@type\":\"Article\",\"@id\":\"https:\\\/\\\/dana.com.br\\\/canaldana\\\/2018\\\/02\\\/14\\\/governo-temer-trava-programa-automotivo-e-montadoras-ameacam-deixar-o-pais\\\/#article\",\"isPartOf\":{\"@id\":\"https:\\\/\\\/dana.com.br\\\/canaldana\\\/2018\\\/02\\\/14\\\/governo-temer-trava-programa-automotivo-e-montadoras-ameacam-deixar-o-pais\\\/\"},\"author\":{\"name\":\"Canal Dana\",\"@id\":\"https:\\\/\\\/dana.com.br\\\/canaldana\\\/#\\\/schema\\\/person\\\/3c21f22f56fcf3bc46b94bc60ea4fef6\"},\"headline\":\"Governo Temer trava programa automotivo e montadoras amea\u00e7am deixar o Pa\u00eds\",\"datePublished\":\"2018-02-14T10:38:41+00:00\",\"mainEntityOfPage\":{\"@id\":\"https:\\\/\\\/dana.com.br\\\/canaldana\\\/2018\\\/02\\\/14\\\/governo-temer-trava-programa-automotivo-e-montadoras-ameacam-deixar-o-pais\\\/\"},\"wordCount\":431,\"articleSection\":[\"Destaques\"],\"inLanguage\":\"pt-BR\"},{\"@type\":\"WebPage\",\"@id\":\"https:\\\/\\\/dana.com.br\\\/canaldana\\\/2018\\\/02\\\/14\\\/governo-temer-trava-programa-automotivo-e-montadoras-ameacam-deixar-o-pais\\\/\",\"url\":\"https:\\\/\\\/dana.com.br\\\/canaldana\\\/2018\\\/02\\\/14\\\/governo-temer-trava-programa-automotivo-e-montadoras-ameacam-deixar-o-pais\\\/\",\"name\":\"Governo Temer trava programa automotivo e montadoras amea\u00e7am deixar o Pa\u00eds - Canal Dana\",\"isPartOf\":{\"@id\":\"https:\\\/\\\/dana.com.br\\\/canaldana\\\/#website\"},\"datePublished\":\"2018-02-14T10:38:41+00:00\",\"author\":{\"@id\":\"https:\\\/\\\/dana.com.br\\\/canaldana\\\/#\\\/schema\\\/person\\\/3c21f22f56fcf3bc46b94bc60ea4fef6\"},\"breadcrumb\":{\"@id\":\"https:\\\/\\\/dana.com.br\\\/canaldana\\\/2018\\\/02\\\/14\\\/governo-temer-trava-programa-automotivo-e-montadoras-ameacam-deixar-o-pais\\\/#breadcrumb\"},\"inLanguage\":\"pt-BR\",\"potentialAction\":[{\"@type\":\"ReadAction\",\"target\":[\"https:\\\/\\\/dana.com.br\\\/canaldana\\\/2018\\\/02\\\/14\\\/governo-temer-trava-programa-automotivo-e-montadoras-ameacam-deixar-o-pais\\\/\"]}]},{\"@type\":\"BreadcrumbList\",\"@id\":\"https:\\\/\\\/dana.com.br\\\/canaldana\\\/2018\\\/02\\\/14\\\/governo-temer-trava-programa-automotivo-e-montadoras-ameacam-deixar-o-pais\\\/#breadcrumb\",\"itemListElement\":[{\"@type\":\"ListItem\",\"position\":1,\"name\":\"Home\",\"item\":\"https:\\\/\\\/dana.com.br\\\/canaldana\\\/\"},{\"@type\":\"ListItem\",\"position\":2,\"name\":\"Destaques\",\"item\":\"https:\\\/\\\/dana.com.br\\\/canaldana\\\/destaques\\\/\"},{\"@type\":\"ListItem\",\"position\":3,\"name\":\"Governo Temer trava programa automotivo e montadoras amea\u00e7am deixar o Pa\u00eds\"}]},{\"@type\":\"WebSite\",\"@id\":\"https:\\\/\\\/dana.com.br\\\/canaldana\\\/#website\",\"url\":\"https:\\\/\\\/dana.com.br\\\/canaldana\\\/\",\"name\":\"Canal Dana\",\"description\":\"Informativo com as principais not\u00edcias da ind\u00fastria automotiva\",\"potentialAction\":[{\"@type\":\"SearchAction\",\"target\":{\"@type\":\"EntryPoint\",\"urlTemplate\":\"https:\\\/\\\/dana.com.br\\\/canaldana\\\/?s={search_term_string}\"},\"query-input\":{\"@type\":\"PropertyValueSpecification\",\"valueRequired\":true,\"valueName\":\"search_term_string\"}}],\"inLanguage\":\"pt-BR\"},{\"@type\":\"Person\",\"@id\":\"https:\\\/\\\/dana.com.br\\\/canaldana\\\/#\\\/schema\\\/person\\\/3c21f22f56fcf3bc46b94bc60ea4fef6\",\"name\":\"Canal Dana\",\"image\":{\"@type\":\"ImageObject\",\"inLanguage\":\"pt-BR\",\"@id\":\"https:\\\/\\\/secure.gravatar.com\\\/avatar\\\/420aaf9278582877d9018637c6817617705899d2858d7572ef0fe59a6b6454b4?s=96&d=mm&r=g\",\"url\":\"https:\\\/\\\/secure.gravatar.com\\\/avatar\\\/420aaf9278582877d9018637c6817617705899d2858d7572ef0fe59a6b6454b4?s=96&d=mm&r=g\",\"contentUrl\":\"https:\\\/\\\/secure.gravatar.com\\\/avatar\\\/420aaf9278582877d9018637c6817617705899d2858d7572ef0fe59a6b6454b4?s=96&d=mm&r=g\",\"caption\":\"Canal Dana\"},\"url\":\"https:\\\/\\\/dana.com.br\\\/canaldana\\\/author\\\/cdeditor\\\/\"}]}<\/script>\n<!-- \/ Yoast SEO plugin. -->","yoast_head_json":{"title":"Governo Temer trava programa automotivo e montadoras amea\u00e7am deixar o Pa\u00eds - Canal Dana","robots":{"index":"index","follow":"follow","max-snippet":"max-snippet:-1","max-image-preview":"max-image-preview:large","max-video-preview":"max-video-preview:-1"},"canonical":"https:\/\/dana.com.br\/canaldana\/2018\/02\/14\/governo-temer-trava-programa-automotivo-e-montadoras-ameacam-deixar-o-pais\/","og_locale":"pt_BR","og_type":"article","og_title":"Governo Temer trava programa automotivo e montadoras amea\u00e7am deixar o Pa\u00eds - Canal Dana","og_description":"Rede Brasil Atual &nbsp; A indefini\u00e7\u00e3o do governo Temer para aprovar novas regras para a ind\u00fastria automobil\u00edstica coloca o setor em risco, e montadoras dizem que podem rever planos de investimentos e, em \u00faltimo caso, abandonar o pa\u00eds, levando para fora os postos de trabalho. O programa Inovar Auto vigorou at\u00e9 o ano passado, e\u2026 Leia mais \u00bb","og_url":"https:\/\/dana.com.br\/canaldana\/2018\/02\/14\/governo-temer-trava-programa-automotivo-e-montadoras-ameacam-deixar-o-pais\/","og_site_name":"Canal Dana","article_published_time":"2018-02-14T10:38:41+00:00","author":"Canal Dana","twitter_card":"summary_large_image","twitter_misc":{"Escrito por":"Canal Dana","Est. tempo de leitura":"2 minutos"},"schema":{"@context":"https:\/\/schema.org","@graph":[{"@type":"Article","@id":"https:\/\/dana.com.br\/canaldana\/2018\/02\/14\/governo-temer-trava-programa-automotivo-e-montadoras-ameacam-deixar-o-pais\/#article","isPartOf":{"@id":"https:\/\/dana.com.br\/canaldana\/2018\/02\/14\/governo-temer-trava-programa-automotivo-e-montadoras-ameacam-deixar-o-pais\/"},"author":{"name":"Canal Dana","@id":"https:\/\/dana.com.br\/canaldana\/#\/schema\/person\/3c21f22f56fcf3bc46b94bc60ea4fef6"},"headline":"Governo Temer trava programa automotivo e montadoras amea\u00e7am deixar o Pa\u00eds","datePublished":"2018-02-14T10:38:41+00:00","mainEntityOfPage":{"@id":"https:\/\/dana.com.br\/canaldana\/2018\/02\/14\/governo-temer-trava-programa-automotivo-e-montadoras-ameacam-deixar-o-pais\/"},"wordCount":431,"articleSection":["Destaques"],"inLanguage":"pt-BR"},{"@type":"WebPage","@id":"https:\/\/dana.com.br\/canaldana\/2018\/02\/14\/governo-temer-trava-programa-automotivo-e-montadoras-ameacam-deixar-o-pais\/","url":"https:\/\/dana.com.br\/canaldana\/2018\/02\/14\/governo-temer-trava-programa-automotivo-e-montadoras-ameacam-deixar-o-pais\/","name":"Governo Temer trava programa automotivo e montadoras amea\u00e7am deixar o Pa\u00eds - Canal Dana","isPartOf":{"@id":"https:\/\/dana.com.br\/canaldana\/#website"},"datePublished":"2018-02-14T10:38:41+00:00","author":{"@id":"https:\/\/dana.com.br\/canaldana\/#\/schema\/person\/3c21f22f56fcf3bc46b94bc60ea4fef6"},"breadcrumb":{"@id":"https:\/\/dana.com.br\/canaldana\/2018\/02\/14\/governo-temer-trava-programa-automotivo-e-montadoras-ameacam-deixar-o-pais\/#breadcrumb"},"inLanguage":"pt-BR","potentialAction":[{"@type":"ReadAction","target":["https:\/\/dana.com.br\/canaldana\/2018\/02\/14\/governo-temer-trava-programa-automotivo-e-montadoras-ameacam-deixar-o-pais\/"]}]},{"@type":"BreadcrumbList","@id":"https:\/\/dana.com.br\/canaldana\/2018\/02\/14\/governo-temer-trava-programa-automotivo-e-montadoras-ameacam-deixar-o-pais\/#breadcrumb","itemListElement":[{"@type":"ListItem","position":1,"name":"Home","item":"https:\/\/dana.com.br\/canaldana\/"},{"@type":"ListItem","position":2,"name":"Destaques","item":"https:\/\/dana.com.br\/canaldana\/destaques\/"},{"@type":"ListItem","position":3,"name":"Governo Temer trava programa automotivo e montadoras amea\u00e7am deixar o Pa\u00eds"}]},{"@type":"WebSite","@id":"https:\/\/dana.com.br\/canaldana\/#website","url":"https:\/\/dana.com.br\/canaldana\/","name":"Canal Dana","description":"Informativo com as principais not\u00edcias da ind\u00fastria automotiva","potentialAction":[{"@type":"SearchAction","target":{"@type":"EntryPoint","urlTemplate":"https:\/\/dana.com.br\/canaldana\/?s={search_term_string}"},"query-input":{"@type":"PropertyValueSpecification","valueRequired":true,"valueName":"search_term_string"}}],"inLanguage":"pt-BR"},{"@type":"Person","@id":"https:\/\/dana.com.br\/canaldana\/#\/schema\/person\/3c21f22f56fcf3bc46b94bc60ea4fef6","name":"Canal Dana","image":{"@type":"ImageObject","inLanguage":"pt-BR","@id":"https:\/\/secure.gravatar.com\/avatar\/420aaf9278582877d9018637c6817617705899d2858d7572ef0fe59a6b6454b4?s=96&d=mm&r=g","url":"https:\/\/secure.gravatar.com\/avatar\/420aaf9278582877d9018637c6817617705899d2858d7572ef0fe59a6b6454b4?s=96&d=mm&r=g","contentUrl":"https:\/\/secure.gravatar.com\/avatar\/420aaf9278582877d9018637c6817617705899d2858d7572ef0fe59a6b6454b4?s=96&d=mm&r=g","caption":"Canal Dana"},"url":"https:\/\/dana.com.br\/canaldana\/author\/cdeditor\/"}]}},"_links":{"self":[{"href":"https:\/\/dana.com.br\/canaldana\/wp-json\/wp\/v2\/posts\/23169","targetHints":{"allow":["GET"]}}],"collection":[{"href":"https:\/\/dana.com.br\/canaldana\/wp-json\/wp\/v2\/posts"}],"about":[{"href":"https:\/\/dana.com.br\/canaldana\/wp-json\/wp\/v2\/types\/post"}],"author":[{"embeddable":true,"href":"https:\/\/dana.com.br\/canaldana\/wp-json\/wp\/v2\/users\/3"}],"replies":[{"embeddable":true,"href":"https:\/\/dana.com.br\/canaldana\/wp-json\/wp\/v2\/comments?post=23169"}],"version-history":[{"count":0,"href":"https:\/\/dana.com.br\/canaldana\/wp-json\/wp\/v2\/posts\/23169\/revisions"}],"wp:attachment":[{"href":"https:\/\/dana.com.br\/canaldana\/wp-json\/wp\/v2\/media?parent=23169"}],"wp:term":[{"taxonomy":"category","embeddable":true,"href":"https:\/\/dana.com.br\/canaldana\/wp-json\/wp\/v2\/categories?post=23169"},{"taxonomy":"post_tag","embeddable":true,"href":"https:\/\/dana.com.br\/canaldana\/wp-json\/wp\/v2\/tags?post=23169"}],"curies":[{"name":"wp","href":"https:\/\/api.w.org\/{rel}","templated":true}]}}