{"id":23123,"date":"2018-02-09T08:23:43","date_gmt":"2018-02-09T10:23:43","guid":{"rendered":"http:\/\/dana.com.br\/canaldana\/?p=23123"},"modified":"2018-02-09T08:23:43","modified_gmt":"2018-02-09T10:23:43","slug":"mercedes-benz-emplaca-500-onibus-no-mercado-brasileiro-em-janeiro","status":"publish","type":"post","link":"https:\/\/dana.com.br\/canaldana\/2018\/02\/09\/mercedes-benz-emplaca-500-onibus-no-mercado-brasileiro-em-janeiro\/","title":{"rendered":"Mercedes-Benz emplaca 500 \u00f4nibus no mercado brasileiro em janeiro"},"content":{"rendered":"<p><em>Revista Torque<\/em><\/p>\n<p>&nbsp;<\/p>\n<p>A Mercedes-Benz liderou as vendas de \u00f4nibus no mercado brasileiro em janeiro. A marca emplacou 500 unidades e alcan\u00e7ou 61% de participa\u00e7\u00e3o, percentual tr\u00eas vezes maior que o segundo colocado no ranking de vendas. Os estados de S\u00e3o Paulo, Rio de Janeiro e Minas Gerais foram os que mais compraram \u00f4nibus no Pa\u00eds no \u00faltimo m\u00eas.<\/p>\n<p>&nbsp;<\/p>\n<p>\u201cEm compara\u00e7\u00e3o ao volume de vendas de janeiro deste ano, o crescimento \u00e9 de 200% ante o mesmo per\u00edodo de 2017, quando registramos o emplacamento de 166 unidades\u201d, ressalta Walter Barbosa, diretor de Vendas e Marketing \u00d4nibus da Mercedes-Benz do Brasil. \u201cNos segmentos urbano e rodovi\u00e1rio, as vendas foram estimuladas pela renova\u00e7\u00e3o e amplia\u00e7\u00e3o de frota das empresas de \u00f4nibus \u201d.<\/p>\n<p>&nbsp;<\/p>\n<p>O executivo destaca tamb\u00e9m o excelente desempenho de vendas da marca no segmento de urbanos. \u201cEmplacamos 304 unidades e atingimos 81% de participa\u00e7\u00e3o em janeiro. O chassi de \u00f4nibus mais vendido foi o modelo OF 1721\u201d.<\/p>\n<p>&nbsp;<\/p>\n<p>A Mercedes-Benz se destacou, ainda, nos rodovi\u00e1rios com 70% de participa\u00e7\u00e3o neste m\u00eas ao emplacar 139 unidades. O chassi de \u00f4nibus mais vendido foi o modelo O 500 RSD, chassi de 3 eixos para opera\u00e7\u00f5es de m\u00e9dias e longas dist\u00e2ncias.<\/p>\n<p>&nbsp;<\/p>\n<p><strong>Solu\u00e7\u00f5es completas aos clientes<\/strong><\/p>\n<p>&nbsp;<\/p>\n<p>A Mercedes-Benz oferece aos clientes o mais abrangente portf\u00f3lio de produtos e servi\u00e7os de pr\u00e9 e de p\u00f3s-venda, o que inclui os financiamentos do Banco Mercedes-Benz e do Cons\u00f3rcio Mercedes-Benz, tr\u00eas linhas de pe\u00e7as de reposi\u00e7\u00e3o (genu\u00ednas Mercedes-Benz, remanufaturadas Renov e Alliance Truck Parts), contratos de manuten\u00e7\u00e3o e assist\u00eancia 24 horas, entre outros. Este portf\u00f3lio \u00e9 disponibilizado pela rede de concession\u00e1rios, presente em todos os estados do Pa\u00eds.<\/p>\n<p>&nbsp;<\/p>\n<p><strong>Mercedes-Benz oferece o maior portf\u00f3lio de \u00f4nibus do Pa\u00eds<\/strong><\/p>\n<p>&nbsp;<\/p>\n<p>\u00c9 da Mercedes-Benz a mais completa linha de \u00f4nibus do mercado brasileiro. Com micros, \u00f4nibus convencionais, articulados e superarticulados, a Empresa oferece solu\u00e7\u00f5es para todas as demandas do transporte coletivo urbano, sejam em linhas troncais de sistemas como BRT, corredores e faixas exclusivas, como em vias alimentadoras e distribuidoras que interligam os bairros \u00e0s regi\u00f5es centrais. Al\u00e9m dos modelos para atender licita\u00e7\u00f5es p\u00fablicas, como, por exemplo, o programa Caminho da Escola do FNDE.<\/p>\n<p>&nbsp;<\/p>\n<p>Para o segmento rodovi\u00e1rio, o portf\u00f3lio da marca inclui v\u00e1rios modelos para curtas, m\u00e9dias e longas dist\u00e2ncias, bem como, para fretamento e turismo. (Revista Torque)<\/p>\n","protected":false},"excerpt":{"rendered":"<p>Revista Torque &nbsp; A Mercedes-Benz liderou as vendas de \u00f4nibus no mercado brasileiro em janeiro. A marca emplacou 500 unidades e alcan\u00e7ou 61% de participa\u00e7\u00e3o, percentual tr\u00eas vezes maior que o segundo colocado no ranking de vendas. Os estados de S\u00e3o Paulo, Rio de Janeiro e Minas Gerais foram os que mais compraram \u00f4nibus no\u2026 <a class=\"readmore\" href=\"https:\/\/dana.com.br\/canaldana\/2018\/02\/09\/mercedes-benz-emplaca-500-onibus-no-mercado-brasileiro-em-janeiro\/\">Leia mais \u00bb<\/a><\/p>\n","protected":false},"author":3,"featured_media":0,"comment_status":"closed","ping_status":"closed","sticky":false,"template":"","format":"standard","meta":{"_acf_changed":false,"footnotes":""},"categories":[61],"tags":[],"class_list":["post-23123","post","type-post","status-publish","format-standard","hentry","category-destaques"],"acf":[],"yoast_head":"<!-- This site is optimized with the Yoast SEO plugin v27.3 - https:\/\/yoast.com\/product\/yoast-seo-wordpress\/ -->\n<title>Mercedes-Benz emplaca 500 \u00f4nibus no mercado brasileiro em janeiro - Canal Dana<\/title>\n<meta name=\"robots\" content=\"index, follow, max-snippet:-1, max-image-preview:large, max-video-preview:-1\" \/>\n<link rel=\"canonical\" href=\"https:\/\/dana.com.br\/canaldana\/2018\/02\/09\/mercedes-benz-emplaca-500-onibus-no-mercado-brasileiro-em-janeiro\/\" \/>\n<meta property=\"og:locale\" content=\"pt_BR\" \/>\n<meta property=\"og:type\" content=\"article\" \/>\n<meta property=\"og:title\" content=\"Mercedes-Benz emplaca 500 \u00f4nibus no mercado brasileiro em janeiro - Canal Dana\" \/>\n<meta property=\"og:description\" content=\"Revista Torque &nbsp; A Mercedes-Benz liderou as vendas de \u00f4nibus no mercado brasileiro em janeiro. A marca emplacou 500 unidades e alcan\u00e7ou 61% de participa\u00e7\u00e3o, percentual tr\u00eas vezes maior que o segundo colocado no ranking de vendas. Os estados de S\u00e3o Paulo, Rio de Janeiro e Minas Gerais foram os que mais compraram \u00f4nibus no\u2026 Leia mais \u00bb\" \/>\n<meta property=\"og:url\" content=\"https:\/\/dana.com.br\/canaldana\/2018\/02\/09\/mercedes-benz-emplaca-500-onibus-no-mercado-brasileiro-em-janeiro\/\" \/>\n<meta property=\"og:site_name\" content=\"Canal Dana\" \/>\n<meta property=\"article:published_time\" content=\"2018-02-09T10:23:43+00:00\" \/>\n<meta name=\"author\" content=\"Canal Dana\" \/>\n<meta name=\"twitter:card\" content=\"summary_large_image\" \/>\n<meta name=\"twitter:label1\" content=\"Escrito por\" \/>\n\t<meta name=\"twitter:data1\" content=\"Canal Dana\" \/>\n\t<meta name=\"twitter:label2\" content=\"Est. tempo de leitura\" \/>\n\t<meta name=\"twitter:data2\" content=\"2 minutos\" \/>\n<script type=\"application\/ld+json\" class=\"yoast-schema-graph\">{\"@context\":\"https:\\\/\\\/schema.org\",\"@graph\":[{\"@type\":\"Article\",\"@id\":\"https:\\\/\\\/dana.com.br\\\/canaldana\\\/2018\\\/02\\\/09\\\/mercedes-benz-emplaca-500-onibus-no-mercado-brasileiro-em-janeiro\\\/#article\",\"isPartOf\":{\"@id\":\"https:\\\/\\\/dana.com.br\\\/canaldana\\\/2018\\\/02\\\/09\\\/mercedes-benz-emplaca-500-onibus-no-mercado-brasileiro-em-janeiro\\\/\"},\"author\":{\"name\":\"Canal Dana\",\"@id\":\"https:\\\/\\\/dana.com.br\\\/canaldana\\\/#\\\/schema\\\/person\\\/3c21f22f56fcf3bc46b94bc60ea4fef6\"},\"headline\":\"Mercedes-Benz emplaca 500 \u00f4nibus no mercado brasileiro em janeiro\",\"datePublished\":\"2018-02-09T10:23:43+00:00\",\"mainEntityOfPage\":{\"@id\":\"https:\\\/\\\/dana.com.br\\\/canaldana\\\/2018\\\/02\\\/09\\\/mercedes-benz-emplaca-500-onibus-no-mercado-brasileiro-em-janeiro\\\/\"},\"wordCount\":419,\"articleSection\":[\"Destaques\"],\"inLanguage\":\"pt-BR\"},{\"@type\":\"WebPage\",\"@id\":\"https:\\\/\\\/dana.com.br\\\/canaldana\\\/2018\\\/02\\\/09\\\/mercedes-benz-emplaca-500-onibus-no-mercado-brasileiro-em-janeiro\\\/\",\"url\":\"https:\\\/\\\/dana.com.br\\\/canaldana\\\/2018\\\/02\\\/09\\\/mercedes-benz-emplaca-500-onibus-no-mercado-brasileiro-em-janeiro\\\/\",\"name\":\"Mercedes-Benz emplaca 500 \u00f4nibus no mercado brasileiro em janeiro - Canal Dana\",\"isPartOf\":{\"@id\":\"https:\\\/\\\/dana.com.br\\\/canaldana\\\/#website\"},\"datePublished\":\"2018-02-09T10:23:43+00:00\",\"author\":{\"@id\":\"https:\\\/\\\/dana.com.br\\\/canaldana\\\/#\\\/schema\\\/person\\\/3c21f22f56fcf3bc46b94bc60ea4fef6\"},\"breadcrumb\":{\"@id\":\"https:\\\/\\\/dana.com.br\\\/canaldana\\\/2018\\\/02\\\/09\\\/mercedes-benz-emplaca-500-onibus-no-mercado-brasileiro-em-janeiro\\\/#breadcrumb\"},\"inLanguage\":\"pt-BR\",\"potentialAction\":[{\"@type\":\"ReadAction\",\"target\":[\"https:\\\/\\\/dana.com.br\\\/canaldana\\\/2018\\\/02\\\/09\\\/mercedes-benz-emplaca-500-onibus-no-mercado-brasileiro-em-janeiro\\\/\"]}]},{\"@type\":\"BreadcrumbList\",\"@id\":\"https:\\\/\\\/dana.com.br\\\/canaldana\\\/2018\\\/02\\\/09\\\/mercedes-benz-emplaca-500-onibus-no-mercado-brasileiro-em-janeiro\\\/#breadcrumb\",\"itemListElement\":[{\"@type\":\"ListItem\",\"position\":1,\"name\":\"Home\",\"item\":\"https:\\\/\\\/dana.com.br\\\/canaldana\\\/\"},{\"@type\":\"ListItem\",\"position\":2,\"name\":\"Destaques\",\"item\":\"https:\\\/\\\/dana.com.br\\\/canaldana\\\/destaques\\\/\"},{\"@type\":\"ListItem\",\"position\":3,\"name\":\"Mercedes-Benz emplaca 500 \u00f4nibus no mercado brasileiro em janeiro\"}]},{\"@type\":\"WebSite\",\"@id\":\"https:\\\/\\\/dana.com.br\\\/canaldana\\\/#website\",\"url\":\"https:\\\/\\\/dana.com.br\\\/canaldana\\\/\",\"name\":\"Canal Dana\",\"description\":\"Informativo com as principais not\u00edcias da ind\u00fastria automotiva\",\"potentialAction\":[{\"@type\":\"SearchAction\",\"target\":{\"@type\":\"EntryPoint\",\"urlTemplate\":\"https:\\\/\\\/dana.com.br\\\/canaldana\\\/?s={search_term_string}\"},\"query-input\":{\"@type\":\"PropertyValueSpecification\",\"valueRequired\":true,\"valueName\":\"search_term_string\"}}],\"inLanguage\":\"pt-BR\"},{\"@type\":\"Person\",\"@id\":\"https:\\\/\\\/dana.com.br\\\/canaldana\\\/#\\\/schema\\\/person\\\/3c21f22f56fcf3bc46b94bc60ea4fef6\",\"name\":\"Canal Dana\",\"image\":{\"@type\":\"ImageObject\",\"inLanguage\":\"pt-BR\",\"@id\":\"https:\\\/\\\/secure.gravatar.com\\\/avatar\\\/420aaf9278582877d9018637c6817617705899d2858d7572ef0fe59a6b6454b4?s=96&d=mm&r=g\",\"url\":\"https:\\\/\\\/secure.gravatar.com\\\/avatar\\\/420aaf9278582877d9018637c6817617705899d2858d7572ef0fe59a6b6454b4?s=96&d=mm&r=g\",\"contentUrl\":\"https:\\\/\\\/secure.gravatar.com\\\/avatar\\\/420aaf9278582877d9018637c6817617705899d2858d7572ef0fe59a6b6454b4?s=96&d=mm&r=g\",\"caption\":\"Canal Dana\"},\"url\":\"https:\\\/\\\/dana.com.br\\\/canaldana\\\/author\\\/cdeditor\\\/\"}]}<\/script>\n<!-- \/ Yoast SEO plugin. -->","yoast_head_json":{"title":"Mercedes-Benz emplaca 500 \u00f4nibus no mercado brasileiro em janeiro - Canal Dana","robots":{"index":"index","follow":"follow","max-snippet":"max-snippet:-1","max-image-preview":"max-image-preview:large","max-video-preview":"max-video-preview:-1"},"canonical":"https:\/\/dana.com.br\/canaldana\/2018\/02\/09\/mercedes-benz-emplaca-500-onibus-no-mercado-brasileiro-em-janeiro\/","og_locale":"pt_BR","og_type":"article","og_title":"Mercedes-Benz emplaca 500 \u00f4nibus no mercado brasileiro em janeiro - Canal Dana","og_description":"Revista Torque &nbsp; A Mercedes-Benz liderou as vendas de \u00f4nibus no mercado brasileiro em janeiro. A marca emplacou 500 unidades e alcan\u00e7ou 61% de participa\u00e7\u00e3o, percentual tr\u00eas vezes maior que o segundo colocado no ranking de vendas. Os estados de S\u00e3o Paulo, Rio de Janeiro e Minas Gerais foram os que mais compraram \u00f4nibus no\u2026 Leia mais \u00bb","og_url":"https:\/\/dana.com.br\/canaldana\/2018\/02\/09\/mercedes-benz-emplaca-500-onibus-no-mercado-brasileiro-em-janeiro\/","og_site_name":"Canal Dana","article_published_time":"2018-02-09T10:23:43+00:00","author":"Canal Dana","twitter_card":"summary_large_image","twitter_misc":{"Escrito por":"Canal Dana","Est. tempo de leitura":"2 minutos"},"schema":{"@context":"https:\/\/schema.org","@graph":[{"@type":"Article","@id":"https:\/\/dana.com.br\/canaldana\/2018\/02\/09\/mercedes-benz-emplaca-500-onibus-no-mercado-brasileiro-em-janeiro\/#article","isPartOf":{"@id":"https:\/\/dana.com.br\/canaldana\/2018\/02\/09\/mercedes-benz-emplaca-500-onibus-no-mercado-brasileiro-em-janeiro\/"},"author":{"name":"Canal Dana","@id":"https:\/\/dana.com.br\/canaldana\/#\/schema\/person\/3c21f22f56fcf3bc46b94bc60ea4fef6"},"headline":"Mercedes-Benz emplaca 500 \u00f4nibus no mercado brasileiro em janeiro","datePublished":"2018-02-09T10:23:43+00:00","mainEntityOfPage":{"@id":"https:\/\/dana.com.br\/canaldana\/2018\/02\/09\/mercedes-benz-emplaca-500-onibus-no-mercado-brasileiro-em-janeiro\/"},"wordCount":419,"articleSection":["Destaques"],"inLanguage":"pt-BR"},{"@type":"WebPage","@id":"https:\/\/dana.com.br\/canaldana\/2018\/02\/09\/mercedes-benz-emplaca-500-onibus-no-mercado-brasileiro-em-janeiro\/","url":"https:\/\/dana.com.br\/canaldana\/2018\/02\/09\/mercedes-benz-emplaca-500-onibus-no-mercado-brasileiro-em-janeiro\/","name":"Mercedes-Benz emplaca 500 \u00f4nibus no mercado brasileiro em janeiro - Canal Dana","isPartOf":{"@id":"https:\/\/dana.com.br\/canaldana\/#website"},"datePublished":"2018-02-09T10:23:43+00:00","author":{"@id":"https:\/\/dana.com.br\/canaldana\/#\/schema\/person\/3c21f22f56fcf3bc46b94bc60ea4fef6"},"breadcrumb":{"@id":"https:\/\/dana.com.br\/canaldana\/2018\/02\/09\/mercedes-benz-emplaca-500-onibus-no-mercado-brasileiro-em-janeiro\/#breadcrumb"},"inLanguage":"pt-BR","potentialAction":[{"@type":"ReadAction","target":["https:\/\/dana.com.br\/canaldana\/2018\/02\/09\/mercedes-benz-emplaca-500-onibus-no-mercado-brasileiro-em-janeiro\/"]}]},{"@type":"BreadcrumbList","@id":"https:\/\/dana.com.br\/canaldana\/2018\/02\/09\/mercedes-benz-emplaca-500-onibus-no-mercado-brasileiro-em-janeiro\/#breadcrumb","itemListElement":[{"@type":"ListItem","position":1,"name":"Home","item":"https:\/\/dana.com.br\/canaldana\/"},{"@type":"ListItem","position":2,"name":"Destaques","item":"https:\/\/dana.com.br\/canaldana\/destaques\/"},{"@type":"ListItem","position":3,"name":"Mercedes-Benz emplaca 500 \u00f4nibus no mercado brasileiro em janeiro"}]},{"@type":"WebSite","@id":"https:\/\/dana.com.br\/canaldana\/#website","url":"https:\/\/dana.com.br\/canaldana\/","name":"Canal Dana","description":"Informativo com as principais not\u00edcias da ind\u00fastria automotiva","potentialAction":[{"@type":"SearchAction","target":{"@type":"EntryPoint","urlTemplate":"https:\/\/dana.com.br\/canaldana\/?s={search_term_string}"},"query-input":{"@type":"PropertyValueSpecification","valueRequired":true,"valueName":"search_term_string"}}],"inLanguage":"pt-BR"},{"@type":"Person","@id":"https:\/\/dana.com.br\/canaldana\/#\/schema\/person\/3c21f22f56fcf3bc46b94bc60ea4fef6","name":"Canal Dana","image":{"@type":"ImageObject","inLanguage":"pt-BR","@id":"https:\/\/secure.gravatar.com\/avatar\/420aaf9278582877d9018637c6817617705899d2858d7572ef0fe59a6b6454b4?s=96&d=mm&r=g","url":"https:\/\/secure.gravatar.com\/avatar\/420aaf9278582877d9018637c6817617705899d2858d7572ef0fe59a6b6454b4?s=96&d=mm&r=g","contentUrl":"https:\/\/secure.gravatar.com\/avatar\/420aaf9278582877d9018637c6817617705899d2858d7572ef0fe59a6b6454b4?s=96&d=mm&r=g","caption":"Canal Dana"},"url":"https:\/\/dana.com.br\/canaldana\/author\/cdeditor\/"}]}},"_links":{"self":[{"href":"https:\/\/dana.com.br\/canaldana\/wp-json\/wp\/v2\/posts\/23123","targetHints":{"allow":["GET"]}}],"collection":[{"href":"https:\/\/dana.com.br\/canaldana\/wp-json\/wp\/v2\/posts"}],"about":[{"href":"https:\/\/dana.com.br\/canaldana\/wp-json\/wp\/v2\/types\/post"}],"author":[{"embeddable":true,"href":"https:\/\/dana.com.br\/canaldana\/wp-json\/wp\/v2\/users\/3"}],"replies":[{"embeddable":true,"href":"https:\/\/dana.com.br\/canaldana\/wp-json\/wp\/v2\/comments?post=23123"}],"version-history":[{"count":0,"href":"https:\/\/dana.com.br\/canaldana\/wp-json\/wp\/v2\/posts\/23123\/revisions"}],"wp:attachment":[{"href":"https:\/\/dana.com.br\/canaldana\/wp-json\/wp\/v2\/media?parent=23123"}],"wp:term":[{"taxonomy":"category","embeddable":true,"href":"https:\/\/dana.com.br\/canaldana\/wp-json\/wp\/v2\/categories?post=23123"},{"taxonomy":"post_tag","embeddable":true,"href":"https:\/\/dana.com.br\/canaldana\/wp-json\/wp\/v2\/tags?post=23123"}],"curies":[{"name":"wp","href":"https:\/\/api.w.org\/{rel}","templated":true}]}}