{"id":23097,"date":"2018-02-09T08:03:50","date_gmt":"2018-02-09T10:03:50","guid":{"rendered":"http:\/\/dana.com.br\/canaldana\/?p=23097"},"modified":"2018-02-09T08:03:50","modified_gmt":"2018-02-09T10:03:50","slug":"mclaren-quer-levar-o-hipercarro-senna-para-as-pistas","status":"publish","type":"post","link":"https:\/\/dana.com.br\/canaldana\/2018\/02\/09\/mclaren-quer-levar-o-hipercarro-senna-para-as-pistas\/","title":{"rendered":"McLaren quer levar o hipercarro Senna para as pistas"},"content":{"rendered":"<p><em>Motor Show<\/em><\/p>\n<p>&nbsp;<\/p>\n<p>Hipercarro de 800 cv que presta uma homenagem ao tricampe\u00e3o de F\u00f3rmula 1 Ayrton Senna, o McLaren Senna dever\u00e1 participar de competi\u00e7\u00f5es. O plano de levar o carro para as pistas foi revelado pelo CEO da McLaren Automotive, Mike Flewitt, em entrevista \u00e0 publica\u00e7\u00e3o brit\u00e2nica Autocar.<\/p>\n<p>&nbsp;<\/p>\n<p>A aposta do fabricante brit\u00e2nico \u00e9 de que os organizadores das 24 Horas de Le Mans mudem as regras para a inscri\u00e7\u00e3o na tradicional prova automobil\u00edstica francesa, permitindo a participa\u00e7\u00e3o de hipercarros de produ\u00e7\u00e3o no lugar dos prot\u00f3tipos da categoria LMP1, que na edi\u00e7\u00e3o deste ano dever\u00e1 contar com a presen\u00e7a apenas da Toyota dentre as montadoras de autom\u00f3veis.<\/p>\n<p>&nbsp;<\/p>\n<p>Com produ\u00e7\u00e3o limitada a 500 unidades, o McLaren Senna far\u00e1 a sua estreia oficial no Sal\u00e3o de Genebra (Su\u00ed\u00e7a), que acontece em mar\u00e7o, e tem produ\u00e7\u00e3o programada para o segundo semestre deste ano. O modelo ser\u00e1 equipado com um motor 4.0 V8 biturbo, que permite ao Senna acelerar de 0-100 km\/h em apenas 2,8 segundos e atingir os 340 km\/h de velocidade m\u00e1xima. (Motor Show\/Evandro Enoshita)<\/p>\n","protected":false},"excerpt":{"rendered":"<p>Motor Show &nbsp; Hipercarro de 800 cv que presta uma homenagem ao tricampe\u00e3o de F\u00f3rmula 1 Ayrton Senna, o McLaren Senna dever\u00e1 participar de competi\u00e7\u00f5es. O plano de levar o carro para as pistas foi revelado pelo CEO da McLaren Automotive, Mike Flewitt, em entrevista \u00e0 publica\u00e7\u00e3o brit\u00e2nica Autocar. &nbsp; A aposta do fabricante brit\u00e2nico\u2026 <a class=\"readmore\" href=\"https:\/\/dana.com.br\/canaldana\/2018\/02\/09\/mclaren-quer-levar-o-hipercarro-senna-para-as-pistas\/\">Leia mais \u00bb<\/a><\/p>\n","protected":false},"author":3,"featured_media":0,"comment_status":"closed","ping_status":"closed","sticky":false,"template":"","format":"standard","meta":{"_acf_changed":false,"footnotes":""},"categories":[84],"tags":[],"class_list":["post-23097","post","type-post","status-publish","format-standard","hentry","category-competicao"],"acf":[],"yoast_head":"<!-- This site is optimized with the Yoast SEO plugin v27.3 - https:\/\/yoast.com\/product\/yoast-seo-wordpress\/ -->\n<title>McLaren quer levar o hipercarro Senna para as pistas - Canal Dana<\/title>\n<meta name=\"robots\" content=\"index, follow, max-snippet:-1, max-image-preview:large, max-video-preview:-1\" \/>\n<link rel=\"canonical\" href=\"https:\/\/dana.com.br\/canaldana\/2018\/02\/09\/mclaren-quer-levar-o-hipercarro-senna-para-as-pistas\/\" \/>\n<meta property=\"og:locale\" content=\"pt_BR\" \/>\n<meta property=\"og:type\" content=\"article\" \/>\n<meta property=\"og:title\" content=\"McLaren quer levar o hipercarro Senna para as pistas - Canal Dana\" \/>\n<meta property=\"og:description\" content=\"Motor Show &nbsp; Hipercarro de 800 cv que presta uma homenagem ao tricampe\u00e3o de F\u00f3rmula 1 Ayrton Senna, o McLaren Senna dever\u00e1 participar de competi\u00e7\u00f5es. O plano de levar o carro para as pistas foi revelado pelo CEO da McLaren Automotive, Mike Flewitt, em entrevista \u00e0 publica\u00e7\u00e3o brit\u00e2nica Autocar. &nbsp; A aposta do fabricante brit\u00e2nico\u2026 Leia mais \u00bb\" \/>\n<meta property=\"og:url\" content=\"https:\/\/dana.com.br\/canaldana\/2018\/02\/09\/mclaren-quer-levar-o-hipercarro-senna-para-as-pistas\/\" \/>\n<meta property=\"og:site_name\" content=\"Canal Dana\" \/>\n<meta property=\"article:published_time\" content=\"2018-02-09T10:03:50+00:00\" \/>\n<meta name=\"author\" content=\"Canal Dana\" \/>\n<meta name=\"twitter:card\" content=\"summary_large_image\" \/>\n<meta name=\"twitter:label1\" content=\"Escrito por\" \/>\n\t<meta name=\"twitter:data1\" content=\"Canal Dana\" \/>\n\t<meta name=\"twitter:label2\" content=\"Est. tempo de leitura\" \/>\n\t<meta name=\"twitter:data2\" content=\"1 minuto\" \/>\n<script type=\"application\/ld+json\" class=\"yoast-schema-graph\">{\"@context\":\"https:\\\/\\\/schema.org\",\"@graph\":[{\"@type\":\"Article\",\"@id\":\"https:\\\/\\\/dana.com.br\\\/canaldana\\\/2018\\\/02\\\/09\\\/mclaren-quer-levar-o-hipercarro-senna-para-as-pistas\\\/#article\",\"isPartOf\":{\"@id\":\"https:\\\/\\\/dana.com.br\\\/canaldana\\\/2018\\\/02\\\/09\\\/mclaren-quer-levar-o-hipercarro-senna-para-as-pistas\\\/\"},\"author\":{\"name\":\"Canal Dana\",\"@id\":\"https:\\\/\\\/dana.com.br\\\/canaldana\\\/#\\\/schema\\\/person\\\/3c21f22f56fcf3bc46b94bc60ea4fef6\"},\"headline\":\"McLaren quer levar o hipercarro Senna para as pistas\",\"datePublished\":\"2018-02-09T10:03:50+00:00\",\"mainEntityOfPage\":{\"@id\":\"https:\\\/\\\/dana.com.br\\\/canaldana\\\/2018\\\/02\\\/09\\\/mclaren-quer-levar-o-hipercarro-senna-para-as-pistas\\\/\"},\"wordCount\":199,\"articleSection\":[\"Competi\u00e7\u00e3o\"],\"inLanguage\":\"pt-BR\"},{\"@type\":\"WebPage\",\"@id\":\"https:\\\/\\\/dana.com.br\\\/canaldana\\\/2018\\\/02\\\/09\\\/mclaren-quer-levar-o-hipercarro-senna-para-as-pistas\\\/\",\"url\":\"https:\\\/\\\/dana.com.br\\\/canaldana\\\/2018\\\/02\\\/09\\\/mclaren-quer-levar-o-hipercarro-senna-para-as-pistas\\\/\",\"name\":\"McLaren quer levar o hipercarro Senna para as pistas - Canal Dana\",\"isPartOf\":{\"@id\":\"https:\\\/\\\/dana.com.br\\\/canaldana\\\/#website\"},\"datePublished\":\"2018-02-09T10:03:50+00:00\",\"author\":{\"@id\":\"https:\\\/\\\/dana.com.br\\\/canaldana\\\/#\\\/schema\\\/person\\\/3c21f22f56fcf3bc46b94bc60ea4fef6\"},\"breadcrumb\":{\"@id\":\"https:\\\/\\\/dana.com.br\\\/canaldana\\\/2018\\\/02\\\/09\\\/mclaren-quer-levar-o-hipercarro-senna-para-as-pistas\\\/#breadcrumb\"},\"inLanguage\":\"pt-BR\",\"potentialAction\":[{\"@type\":\"ReadAction\",\"target\":[\"https:\\\/\\\/dana.com.br\\\/canaldana\\\/2018\\\/02\\\/09\\\/mclaren-quer-levar-o-hipercarro-senna-para-as-pistas\\\/\"]}]},{\"@type\":\"BreadcrumbList\",\"@id\":\"https:\\\/\\\/dana.com.br\\\/canaldana\\\/2018\\\/02\\\/09\\\/mclaren-quer-levar-o-hipercarro-senna-para-as-pistas\\\/#breadcrumb\",\"itemListElement\":[{\"@type\":\"ListItem\",\"position\":1,\"name\":\"Home\",\"item\":\"https:\\\/\\\/dana.com.br\\\/canaldana\\\/\"},{\"@type\":\"ListItem\",\"position\":2,\"name\":\"Competi\u00e7\u00e3o\",\"item\":\"https:\\\/\\\/dana.com.br\\\/canaldana\\\/competicao\\\/\"},{\"@type\":\"ListItem\",\"position\":3,\"name\":\"McLaren quer levar o hipercarro Senna para as pistas\"}]},{\"@type\":\"WebSite\",\"@id\":\"https:\\\/\\\/dana.com.br\\\/canaldana\\\/#website\",\"url\":\"https:\\\/\\\/dana.com.br\\\/canaldana\\\/\",\"name\":\"Canal Dana\",\"description\":\"Informativo com as principais not\u00edcias da ind\u00fastria automotiva\",\"potentialAction\":[{\"@type\":\"SearchAction\",\"target\":{\"@type\":\"EntryPoint\",\"urlTemplate\":\"https:\\\/\\\/dana.com.br\\\/canaldana\\\/?s={search_term_string}\"},\"query-input\":{\"@type\":\"PropertyValueSpecification\",\"valueRequired\":true,\"valueName\":\"search_term_string\"}}],\"inLanguage\":\"pt-BR\"},{\"@type\":\"Person\",\"@id\":\"https:\\\/\\\/dana.com.br\\\/canaldana\\\/#\\\/schema\\\/person\\\/3c21f22f56fcf3bc46b94bc60ea4fef6\",\"name\":\"Canal Dana\",\"image\":{\"@type\":\"ImageObject\",\"inLanguage\":\"pt-BR\",\"@id\":\"https:\\\/\\\/secure.gravatar.com\\\/avatar\\\/420aaf9278582877d9018637c6817617705899d2858d7572ef0fe59a6b6454b4?s=96&d=mm&r=g\",\"url\":\"https:\\\/\\\/secure.gravatar.com\\\/avatar\\\/420aaf9278582877d9018637c6817617705899d2858d7572ef0fe59a6b6454b4?s=96&d=mm&r=g\",\"contentUrl\":\"https:\\\/\\\/secure.gravatar.com\\\/avatar\\\/420aaf9278582877d9018637c6817617705899d2858d7572ef0fe59a6b6454b4?s=96&d=mm&r=g\",\"caption\":\"Canal Dana\"},\"url\":\"https:\\\/\\\/dana.com.br\\\/canaldana\\\/author\\\/cdeditor\\\/\"}]}<\/script>\n<!-- \/ Yoast SEO plugin. -->","yoast_head_json":{"title":"McLaren quer levar o hipercarro Senna para as pistas - Canal Dana","robots":{"index":"index","follow":"follow","max-snippet":"max-snippet:-1","max-image-preview":"max-image-preview:large","max-video-preview":"max-video-preview:-1"},"canonical":"https:\/\/dana.com.br\/canaldana\/2018\/02\/09\/mclaren-quer-levar-o-hipercarro-senna-para-as-pistas\/","og_locale":"pt_BR","og_type":"article","og_title":"McLaren quer levar o hipercarro Senna para as pistas - Canal Dana","og_description":"Motor Show &nbsp; Hipercarro de 800 cv que presta uma homenagem ao tricampe\u00e3o de F\u00f3rmula 1 Ayrton Senna, o McLaren Senna dever\u00e1 participar de competi\u00e7\u00f5es. O plano de levar o carro para as pistas foi revelado pelo CEO da McLaren Automotive, Mike Flewitt, em entrevista \u00e0 publica\u00e7\u00e3o brit\u00e2nica Autocar. &nbsp; A aposta do fabricante brit\u00e2nico\u2026 Leia mais \u00bb","og_url":"https:\/\/dana.com.br\/canaldana\/2018\/02\/09\/mclaren-quer-levar-o-hipercarro-senna-para-as-pistas\/","og_site_name":"Canal Dana","article_published_time":"2018-02-09T10:03:50+00:00","author":"Canal Dana","twitter_card":"summary_large_image","twitter_misc":{"Escrito por":"Canal Dana","Est. tempo de leitura":"1 minuto"},"schema":{"@context":"https:\/\/schema.org","@graph":[{"@type":"Article","@id":"https:\/\/dana.com.br\/canaldana\/2018\/02\/09\/mclaren-quer-levar-o-hipercarro-senna-para-as-pistas\/#article","isPartOf":{"@id":"https:\/\/dana.com.br\/canaldana\/2018\/02\/09\/mclaren-quer-levar-o-hipercarro-senna-para-as-pistas\/"},"author":{"name":"Canal Dana","@id":"https:\/\/dana.com.br\/canaldana\/#\/schema\/person\/3c21f22f56fcf3bc46b94bc60ea4fef6"},"headline":"McLaren quer levar o hipercarro Senna para as pistas","datePublished":"2018-02-09T10:03:50+00:00","mainEntityOfPage":{"@id":"https:\/\/dana.com.br\/canaldana\/2018\/02\/09\/mclaren-quer-levar-o-hipercarro-senna-para-as-pistas\/"},"wordCount":199,"articleSection":["Competi\u00e7\u00e3o"],"inLanguage":"pt-BR"},{"@type":"WebPage","@id":"https:\/\/dana.com.br\/canaldana\/2018\/02\/09\/mclaren-quer-levar-o-hipercarro-senna-para-as-pistas\/","url":"https:\/\/dana.com.br\/canaldana\/2018\/02\/09\/mclaren-quer-levar-o-hipercarro-senna-para-as-pistas\/","name":"McLaren quer levar o hipercarro Senna para as pistas - Canal Dana","isPartOf":{"@id":"https:\/\/dana.com.br\/canaldana\/#website"},"datePublished":"2018-02-09T10:03:50+00:00","author":{"@id":"https:\/\/dana.com.br\/canaldana\/#\/schema\/person\/3c21f22f56fcf3bc46b94bc60ea4fef6"},"breadcrumb":{"@id":"https:\/\/dana.com.br\/canaldana\/2018\/02\/09\/mclaren-quer-levar-o-hipercarro-senna-para-as-pistas\/#breadcrumb"},"inLanguage":"pt-BR","potentialAction":[{"@type":"ReadAction","target":["https:\/\/dana.com.br\/canaldana\/2018\/02\/09\/mclaren-quer-levar-o-hipercarro-senna-para-as-pistas\/"]}]},{"@type":"BreadcrumbList","@id":"https:\/\/dana.com.br\/canaldana\/2018\/02\/09\/mclaren-quer-levar-o-hipercarro-senna-para-as-pistas\/#breadcrumb","itemListElement":[{"@type":"ListItem","position":1,"name":"Home","item":"https:\/\/dana.com.br\/canaldana\/"},{"@type":"ListItem","position":2,"name":"Competi\u00e7\u00e3o","item":"https:\/\/dana.com.br\/canaldana\/competicao\/"},{"@type":"ListItem","position":3,"name":"McLaren quer levar o hipercarro Senna para as pistas"}]},{"@type":"WebSite","@id":"https:\/\/dana.com.br\/canaldana\/#website","url":"https:\/\/dana.com.br\/canaldana\/","name":"Canal Dana","description":"Informativo com as principais not\u00edcias da ind\u00fastria automotiva","potentialAction":[{"@type":"SearchAction","target":{"@type":"EntryPoint","urlTemplate":"https:\/\/dana.com.br\/canaldana\/?s={search_term_string}"},"query-input":{"@type":"PropertyValueSpecification","valueRequired":true,"valueName":"search_term_string"}}],"inLanguage":"pt-BR"},{"@type":"Person","@id":"https:\/\/dana.com.br\/canaldana\/#\/schema\/person\/3c21f22f56fcf3bc46b94bc60ea4fef6","name":"Canal Dana","image":{"@type":"ImageObject","inLanguage":"pt-BR","@id":"https:\/\/secure.gravatar.com\/avatar\/420aaf9278582877d9018637c6817617705899d2858d7572ef0fe59a6b6454b4?s=96&d=mm&r=g","url":"https:\/\/secure.gravatar.com\/avatar\/420aaf9278582877d9018637c6817617705899d2858d7572ef0fe59a6b6454b4?s=96&d=mm&r=g","contentUrl":"https:\/\/secure.gravatar.com\/avatar\/420aaf9278582877d9018637c6817617705899d2858d7572ef0fe59a6b6454b4?s=96&d=mm&r=g","caption":"Canal Dana"},"url":"https:\/\/dana.com.br\/canaldana\/author\/cdeditor\/"}]}},"_links":{"self":[{"href":"https:\/\/dana.com.br\/canaldana\/wp-json\/wp\/v2\/posts\/23097","targetHints":{"allow":["GET"]}}],"collection":[{"href":"https:\/\/dana.com.br\/canaldana\/wp-json\/wp\/v2\/posts"}],"about":[{"href":"https:\/\/dana.com.br\/canaldana\/wp-json\/wp\/v2\/types\/post"}],"author":[{"embeddable":true,"href":"https:\/\/dana.com.br\/canaldana\/wp-json\/wp\/v2\/users\/3"}],"replies":[{"embeddable":true,"href":"https:\/\/dana.com.br\/canaldana\/wp-json\/wp\/v2\/comments?post=23097"}],"version-history":[{"count":0,"href":"https:\/\/dana.com.br\/canaldana\/wp-json\/wp\/v2\/posts\/23097\/revisions"}],"wp:attachment":[{"href":"https:\/\/dana.com.br\/canaldana\/wp-json\/wp\/v2\/media?parent=23097"}],"wp:term":[{"taxonomy":"category","embeddable":true,"href":"https:\/\/dana.com.br\/canaldana\/wp-json\/wp\/v2\/categories?post=23097"},{"taxonomy":"post_tag","embeddable":true,"href":"https:\/\/dana.com.br\/canaldana\/wp-json\/wp\/v2\/tags?post=23097"}],"curies":[{"name":"wp","href":"https:\/\/api.w.org\/{rel}","templated":true}]}}