{"id":23059,"date":"2018-02-07T08:57:26","date_gmt":"2018-02-07T10:57:26","guid":{"rendered":"http:\/\/dana.com.br\/canaldana\/?p=23059"},"modified":"2018-02-07T08:57:26","modified_gmt":"2018-02-07T10:57:26","slug":"mercedes-benz-destaca-bons-resultados-do-inicio-do-ano","status":"publish","type":"post","link":"https:\/\/dana.com.br\/canaldana\/2018\/02\/07\/mercedes-benz-destaca-bons-resultados-do-inicio-do-ano\/","title":{"rendered":"Mercedes-Benz destaca bons resultados do in\u00edcio do ano"},"content":{"rendered":"<p><em>Frota &amp; Cia<\/em><\/p>\n<p>&nbsp;<\/p>\n<p>A Mercedes-Benz optou por uma mudan\u00e7a de foco em seu tradicional encontro de Balan\u00e7o &amp; Perspectivas de in\u00edcio de ano, realizado na segunda-feira (5\/fev), na sede da empresa em S\u00e3o Bernardo do Campo (SP), com toda a imprensa especializada. Em lugar dos n\u00fameros de licenciamentos relativos ao ano passado, indicando o desempenho da empresa no mercado brasileiro de ve\u00edculos comerciais, a montadora preferiu destacar alguns bons resultados pontuais, relativo ao bi\u00eanio 2017\/2018.<\/p>\n<p>&nbsp;<\/p>\n<p>Nas contas do fabricante, apenas nos meses de dezembro e janeiro \u00faltimos foram negociados mais de 6.200 ve\u00edculos; um resultado bastante surpreendente para o per\u00edodo. \u201cCome\u00e7amos muito bem 2018, ano que j\u00e1 est\u00e1 sinalizando a retomada do crescimento da economia, o que traz reflexos positivos ao mercado de caminh\u00f5es, \u00f4nibus e comerciais leves\u201d, ressalta Roberto Leoncini, vice-presidente de Vendas, Marketing e Pe\u00e7as &amp; Servi\u00e7os Caminh\u00f5es e \u00d4nibus da Mercedes-Benz do Brasil.<\/p>\n<p>&nbsp;<\/p>\n<p>No segmento de caminh\u00f5es, a empresa realizou neg\u00f3cios envolvendo 1.073 ve\u00edculos no per\u00edodo de dezembro a janeiro, com destaque para a Raizen, fabricante de etanol de cana-de-a\u00e7\u00facar, que adquiriu 300 unidades do Actros para transporte de combust\u00edvel na Divis\u00e3o Shell e outros 233 Axor para opera\u00e7\u00f5es fora de estrada. Outra compra de peso foi feita pela D\u2019Granel Transportes, totalizando 100 caminh\u00f5es extrapesados, sendo 86 Axor e 14 Actros para uso no transporte de gran\u00e9is s\u00f3lidos. O mesmo se deu com Transoeste, que negociou mais 150 Actros para o transporte de gr\u00e3os. Sem contar outras 100 unidades do mesmo modelo Actros, que v\u00e3o renovar a frota da Transportadora Risa, para citar alguns exemplos.<\/p>\n<p>&nbsp;<\/p>\n<p>\u201cAs empresas de transporte est\u00e3o renovando suas frotas para atender ao crescimento da demanda com efici\u00eancia e rentabilidade. Isso \u00e9 muito evidente em segmentos, como agroneg\u00f3cio, log\u00edstica, transporte de combust\u00edveis e qu\u00edmico, minera\u00e7\u00e3o e madeira\u201d, diz Leoncini. \u201cPara 2018, projetamos um crescimento de vendas de caminh\u00f5es em torno de 30%\u201d.<\/p>\n<p>&nbsp;<\/p>\n<p><strong>Chassis de \u00f4nibus<\/strong><\/p>\n<p>&nbsp;<\/p>\n<p>Tamb\u00e9m no mercado de chassis para \u00f4nibus, a Mercedes-Benz tem bons motivos para comemorar. Em janeiro, a montadora fechou a negocia\u00e7\u00e3o de 1.600 micro-\u00f4nibus para o Governo Federal, atrav\u00e9s do programa Caminho da Escola do FNDE. E mais 480 chassis de configura\u00e7\u00e3o urbana, sendo 300 unidades para opera\u00e7\u00f5es em diversas cidades de S\u00e3o Paulo e 180 para Recife (PE).<\/p>\n<p>&nbsp;<\/p>\n<p>A empresa ainda destacou a venda de cerca de 1.000 \u00f4nibus, de modelos urbanos e rodovi\u00e1rios, para a renova\u00e7\u00e3o de frota do Grupo Constantino. E a conquista da licita\u00e7\u00e3o para fornecimento de 905 micro-\u00f4nibus para a Secretaria da Sa\u00fade do Estado Minas Gerais. \u201cAs licita\u00e7\u00f5es do transporte escolar e as renova\u00e7\u00f5es nos segmentos urbano e rodovi\u00e1rio est\u00e3o puxando as vendas de \u00f4nibus no Pa\u00eds\u201d, ressalta Leoncini, que projeta 15% de aumento nas vendas de \u00f4nibus este ano, apenas nos dois segmentos.<\/p>\n<p>&nbsp;<\/p>\n<p>Do lado dos utilit\u00e1rios, a linha Sprinter tamb\u00e9m mostrou bom desempenho, gra\u00e7as \u00e0 negocia\u00e7\u00e3o de 1.154 unidades para entrega em 2018. Desse total, 579 vans se referem \u00e0 licita\u00e7\u00e3o para a Secretaria de Planejamento e Gest\u00e3o de Minas Gerais, junto com 575 furg\u00f5es ambul\u00e2ncias destinados ao SAMU. \u201cEsse resultado amplia nossa participa\u00e7\u00e3o de mercado, com os furg\u00f5es e chassis respondendo especialmente ao aumento de demanda do e-commerce, varejo e licita\u00e7\u00f5es na \u00e1rea de atendimento da sa\u00fade, al\u00e9m de identificarmos tamb\u00e9m um crescimento de demanda para transporte de passageiros, especialmente em lota\u00e7\u00e3o, fretamento, turismo e escolar\u201d, afirma Jefferson Ferrarez, diretor de Vendas e Marketing Vans da Mercedes-Benz do Brasil.<\/p>\n<p>&nbsp;<\/p>\n<p><strong>Planos de Manuten\u00e7\u00e3o<\/strong><\/p>\n<p>&nbsp;<\/p>\n<p>Por \u00faltimo, na parte de servi\u00e7os, a empresa destaca os neg\u00f3cios conclu\u00eddos neste in\u00edcio de ano, que incluem a venda de 819 Planos de Manuten\u00e7\u00e3o e Fleetboard para a Ra\u00edzen, 109 para caminh\u00f5es Axor e Actros da Transgr\u00e3os e 100 para a Transportadora Risa, totalizando mais de 1.000 Planos de Manuten\u00e7\u00e3o e Fleetboard comercializados. \u201cA cada dia, o nosso desafio \u00e9 apresentar solu\u00e7\u00f5es diferentes e cada vez melhores para os clientes\u201d, afirma Silvio Renan, diretor de Pe\u00e7as e Servi\u00e7os ao Cliente da Mercedes-Benz do Brasil.<\/p>\n<p>&nbsp;<\/p>\n<p>\u201cPara tanto, queremos sempre estar junto deles, conhecer a realidade de suas opera\u00e7\u00f5es e necessidades e ouvir o que t\u00eam a nos dizer. Isso nos permite desenvolver produtos e servi\u00e7os cada vez mais eficientes, que tragam economia, redu\u00e7\u00e3o de custos operacionais e produtividade, com a rentabilidade desejada e a qualidade e a seguran\u00e7a da nossa marca. Entre os destaques est\u00e3o a Oficina de Alta Performance, os Servi\u00e7os Dedicados e os kits de pe\u00e7as genu\u00ednas por segmento\u201d, completa Renan. (Frota &amp; Cia)<\/p>\n","protected":false},"excerpt":{"rendered":"<p>Frota &amp; Cia &nbsp; A Mercedes-Benz optou por uma mudan\u00e7a de foco em seu tradicional encontro de Balan\u00e7o &amp; Perspectivas de in\u00edcio de ano, realizado na segunda-feira (5\/fev), na sede da empresa em S\u00e3o Bernardo do Campo (SP), com toda a imprensa especializada. Em lugar dos n\u00fameros de licenciamentos relativos ao ano passado, indicando o\u2026 <a class=\"readmore\" href=\"https:\/\/dana.com.br\/canaldana\/2018\/02\/07\/mercedes-benz-destaca-bons-resultados-do-inicio-do-ano\/\">Leia mais \u00bb<\/a><\/p>\n","protected":false},"author":3,"featured_media":0,"comment_status":"closed","ping_status":"closed","sticky":false,"template":"","format":"standard","meta":{"_acf_changed":false,"footnotes":""},"categories":[61],"tags":[],"class_list":["post-23059","post","type-post","status-publish","format-standard","hentry","category-destaques"],"acf":[],"yoast_head":"<!-- This site is optimized with the Yoast SEO plugin v27.3 - https:\/\/yoast.com\/product\/yoast-seo-wordpress\/ -->\n<title>Mercedes-Benz destaca bons resultados do in\u00edcio do ano - Canal Dana<\/title>\n<meta name=\"robots\" content=\"index, follow, max-snippet:-1, max-image-preview:large, max-video-preview:-1\" \/>\n<link rel=\"canonical\" href=\"https:\/\/dana.com.br\/canaldana\/2018\/02\/07\/mercedes-benz-destaca-bons-resultados-do-inicio-do-ano\/\" \/>\n<meta property=\"og:locale\" content=\"pt_BR\" \/>\n<meta property=\"og:type\" content=\"article\" \/>\n<meta property=\"og:title\" content=\"Mercedes-Benz destaca bons resultados do in\u00edcio do ano - Canal Dana\" \/>\n<meta property=\"og:description\" content=\"Frota &amp; Cia &nbsp; A Mercedes-Benz optou por uma mudan\u00e7a de foco em seu tradicional encontro de Balan\u00e7o &amp; Perspectivas de in\u00edcio de ano, realizado na segunda-feira (5\/fev), na sede da empresa em S\u00e3o Bernardo do Campo (SP), com toda a imprensa especializada. Em lugar dos n\u00fameros de licenciamentos relativos ao ano passado, indicando o\u2026 Leia mais \u00bb\" \/>\n<meta property=\"og:url\" content=\"https:\/\/dana.com.br\/canaldana\/2018\/02\/07\/mercedes-benz-destaca-bons-resultados-do-inicio-do-ano\/\" \/>\n<meta property=\"og:site_name\" content=\"Canal Dana\" \/>\n<meta property=\"article:published_time\" content=\"2018-02-07T10:57:26+00:00\" \/>\n<meta name=\"author\" content=\"Canal Dana\" \/>\n<meta name=\"twitter:card\" content=\"summary_large_image\" \/>\n<meta name=\"twitter:label1\" content=\"Escrito por\" \/>\n\t<meta name=\"twitter:data1\" content=\"Canal Dana\" \/>\n\t<meta name=\"twitter:label2\" content=\"Est. tempo de leitura\" \/>\n\t<meta name=\"twitter:data2\" content=\"4 minutos\" \/>\n<script type=\"application\/ld+json\" class=\"yoast-schema-graph\">{\"@context\":\"https:\\\/\\\/schema.org\",\"@graph\":[{\"@type\":\"Article\",\"@id\":\"https:\\\/\\\/dana.com.br\\\/canaldana\\\/2018\\\/02\\\/07\\\/mercedes-benz-destaca-bons-resultados-do-inicio-do-ano\\\/#article\",\"isPartOf\":{\"@id\":\"https:\\\/\\\/dana.com.br\\\/canaldana\\\/2018\\\/02\\\/07\\\/mercedes-benz-destaca-bons-resultados-do-inicio-do-ano\\\/\"},\"author\":{\"name\":\"Canal Dana\",\"@id\":\"https:\\\/\\\/dana.com.br\\\/canaldana\\\/#\\\/schema\\\/person\\\/3c21f22f56fcf3bc46b94bc60ea4fef6\"},\"headline\":\"Mercedes-Benz destaca bons resultados do in\u00edcio do ano\",\"datePublished\":\"2018-02-07T10:57:26+00:00\",\"mainEntityOfPage\":{\"@id\":\"https:\\\/\\\/dana.com.br\\\/canaldana\\\/2018\\\/02\\\/07\\\/mercedes-benz-destaca-bons-resultados-do-inicio-do-ano\\\/\"},\"wordCount\":806,\"articleSection\":[\"Destaques\"],\"inLanguage\":\"pt-BR\"},{\"@type\":\"WebPage\",\"@id\":\"https:\\\/\\\/dana.com.br\\\/canaldana\\\/2018\\\/02\\\/07\\\/mercedes-benz-destaca-bons-resultados-do-inicio-do-ano\\\/\",\"url\":\"https:\\\/\\\/dana.com.br\\\/canaldana\\\/2018\\\/02\\\/07\\\/mercedes-benz-destaca-bons-resultados-do-inicio-do-ano\\\/\",\"name\":\"Mercedes-Benz destaca bons resultados do in\u00edcio do ano - Canal Dana\",\"isPartOf\":{\"@id\":\"https:\\\/\\\/dana.com.br\\\/canaldana\\\/#website\"},\"datePublished\":\"2018-02-07T10:57:26+00:00\",\"author\":{\"@id\":\"https:\\\/\\\/dana.com.br\\\/canaldana\\\/#\\\/schema\\\/person\\\/3c21f22f56fcf3bc46b94bc60ea4fef6\"},\"breadcrumb\":{\"@id\":\"https:\\\/\\\/dana.com.br\\\/canaldana\\\/2018\\\/02\\\/07\\\/mercedes-benz-destaca-bons-resultados-do-inicio-do-ano\\\/#breadcrumb\"},\"inLanguage\":\"pt-BR\",\"potentialAction\":[{\"@type\":\"ReadAction\",\"target\":[\"https:\\\/\\\/dana.com.br\\\/canaldana\\\/2018\\\/02\\\/07\\\/mercedes-benz-destaca-bons-resultados-do-inicio-do-ano\\\/\"]}]},{\"@type\":\"BreadcrumbList\",\"@id\":\"https:\\\/\\\/dana.com.br\\\/canaldana\\\/2018\\\/02\\\/07\\\/mercedes-benz-destaca-bons-resultados-do-inicio-do-ano\\\/#breadcrumb\",\"itemListElement\":[{\"@type\":\"ListItem\",\"position\":1,\"name\":\"Home\",\"item\":\"https:\\\/\\\/dana.com.br\\\/canaldana\\\/\"},{\"@type\":\"ListItem\",\"position\":2,\"name\":\"Destaques\",\"item\":\"https:\\\/\\\/dana.com.br\\\/canaldana\\\/destaques\\\/\"},{\"@type\":\"ListItem\",\"position\":3,\"name\":\"Mercedes-Benz destaca bons resultados do in\u00edcio do ano\"}]},{\"@type\":\"WebSite\",\"@id\":\"https:\\\/\\\/dana.com.br\\\/canaldana\\\/#website\",\"url\":\"https:\\\/\\\/dana.com.br\\\/canaldana\\\/\",\"name\":\"Canal Dana\",\"description\":\"Informativo com as principais not\u00edcias da ind\u00fastria automotiva\",\"potentialAction\":[{\"@type\":\"SearchAction\",\"target\":{\"@type\":\"EntryPoint\",\"urlTemplate\":\"https:\\\/\\\/dana.com.br\\\/canaldana\\\/?s={search_term_string}\"},\"query-input\":{\"@type\":\"PropertyValueSpecification\",\"valueRequired\":true,\"valueName\":\"search_term_string\"}}],\"inLanguage\":\"pt-BR\"},{\"@type\":\"Person\",\"@id\":\"https:\\\/\\\/dana.com.br\\\/canaldana\\\/#\\\/schema\\\/person\\\/3c21f22f56fcf3bc46b94bc60ea4fef6\",\"name\":\"Canal Dana\",\"image\":{\"@type\":\"ImageObject\",\"inLanguage\":\"pt-BR\",\"@id\":\"https:\\\/\\\/secure.gravatar.com\\\/avatar\\\/420aaf9278582877d9018637c6817617705899d2858d7572ef0fe59a6b6454b4?s=96&d=mm&r=g\",\"url\":\"https:\\\/\\\/secure.gravatar.com\\\/avatar\\\/420aaf9278582877d9018637c6817617705899d2858d7572ef0fe59a6b6454b4?s=96&d=mm&r=g\",\"contentUrl\":\"https:\\\/\\\/secure.gravatar.com\\\/avatar\\\/420aaf9278582877d9018637c6817617705899d2858d7572ef0fe59a6b6454b4?s=96&d=mm&r=g\",\"caption\":\"Canal Dana\"},\"url\":\"https:\\\/\\\/dana.com.br\\\/canaldana\\\/author\\\/cdeditor\\\/\"}]}<\/script>\n<!-- \/ Yoast SEO plugin. -->","yoast_head_json":{"title":"Mercedes-Benz destaca bons resultados do in\u00edcio do ano - Canal Dana","robots":{"index":"index","follow":"follow","max-snippet":"max-snippet:-1","max-image-preview":"max-image-preview:large","max-video-preview":"max-video-preview:-1"},"canonical":"https:\/\/dana.com.br\/canaldana\/2018\/02\/07\/mercedes-benz-destaca-bons-resultados-do-inicio-do-ano\/","og_locale":"pt_BR","og_type":"article","og_title":"Mercedes-Benz destaca bons resultados do in\u00edcio do ano - Canal Dana","og_description":"Frota &amp; Cia &nbsp; A Mercedes-Benz optou por uma mudan\u00e7a de foco em seu tradicional encontro de Balan\u00e7o &amp; Perspectivas de in\u00edcio de ano, realizado na segunda-feira (5\/fev), na sede da empresa em S\u00e3o Bernardo do Campo (SP), com toda a imprensa especializada. Em lugar dos n\u00fameros de licenciamentos relativos ao ano passado, indicando o\u2026 Leia mais \u00bb","og_url":"https:\/\/dana.com.br\/canaldana\/2018\/02\/07\/mercedes-benz-destaca-bons-resultados-do-inicio-do-ano\/","og_site_name":"Canal Dana","article_published_time":"2018-02-07T10:57:26+00:00","author":"Canal Dana","twitter_card":"summary_large_image","twitter_misc":{"Escrito por":"Canal Dana","Est. tempo de leitura":"4 minutos"},"schema":{"@context":"https:\/\/schema.org","@graph":[{"@type":"Article","@id":"https:\/\/dana.com.br\/canaldana\/2018\/02\/07\/mercedes-benz-destaca-bons-resultados-do-inicio-do-ano\/#article","isPartOf":{"@id":"https:\/\/dana.com.br\/canaldana\/2018\/02\/07\/mercedes-benz-destaca-bons-resultados-do-inicio-do-ano\/"},"author":{"name":"Canal Dana","@id":"https:\/\/dana.com.br\/canaldana\/#\/schema\/person\/3c21f22f56fcf3bc46b94bc60ea4fef6"},"headline":"Mercedes-Benz destaca bons resultados do in\u00edcio do ano","datePublished":"2018-02-07T10:57:26+00:00","mainEntityOfPage":{"@id":"https:\/\/dana.com.br\/canaldana\/2018\/02\/07\/mercedes-benz-destaca-bons-resultados-do-inicio-do-ano\/"},"wordCount":806,"articleSection":["Destaques"],"inLanguage":"pt-BR"},{"@type":"WebPage","@id":"https:\/\/dana.com.br\/canaldana\/2018\/02\/07\/mercedes-benz-destaca-bons-resultados-do-inicio-do-ano\/","url":"https:\/\/dana.com.br\/canaldana\/2018\/02\/07\/mercedes-benz-destaca-bons-resultados-do-inicio-do-ano\/","name":"Mercedes-Benz destaca bons resultados do in\u00edcio do ano - Canal Dana","isPartOf":{"@id":"https:\/\/dana.com.br\/canaldana\/#website"},"datePublished":"2018-02-07T10:57:26+00:00","author":{"@id":"https:\/\/dana.com.br\/canaldana\/#\/schema\/person\/3c21f22f56fcf3bc46b94bc60ea4fef6"},"breadcrumb":{"@id":"https:\/\/dana.com.br\/canaldana\/2018\/02\/07\/mercedes-benz-destaca-bons-resultados-do-inicio-do-ano\/#breadcrumb"},"inLanguage":"pt-BR","potentialAction":[{"@type":"ReadAction","target":["https:\/\/dana.com.br\/canaldana\/2018\/02\/07\/mercedes-benz-destaca-bons-resultados-do-inicio-do-ano\/"]}]},{"@type":"BreadcrumbList","@id":"https:\/\/dana.com.br\/canaldana\/2018\/02\/07\/mercedes-benz-destaca-bons-resultados-do-inicio-do-ano\/#breadcrumb","itemListElement":[{"@type":"ListItem","position":1,"name":"Home","item":"https:\/\/dana.com.br\/canaldana\/"},{"@type":"ListItem","position":2,"name":"Destaques","item":"https:\/\/dana.com.br\/canaldana\/destaques\/"},{"@type":"ListItem","position":3,"name":"Mercedes-Benz destaca bons resultados do in\u00edcio do ano"}]},{"@type":"WebSite","@id":"https:\/\/dana.com.br\/canaldana\/#website","url":"https:\/\/dana.com.br\/canaldana\/","name":"Canal Dana","description":"Informativo com as principais not\u00edcias da ind\u00fastria automotiva","potentialAction":[{"@type":"SearchAction","target":{"@type":"EntryPoint","urlTemplate":"https:\/\/dana.com.br\/canaldana\/?s={search_term_string}"},"query-input":{"@type":"PropertyValueSpecification","valueRequired":true,"valueName":"search_term_string"}}],"inLanguage":"pt-BR"},{"@type":"Person","@id":"https:\/\/dana.com.br\/canaldana\/#\/schema\/person\/3c21f22f56fcf3bc46b94bc60ea4fef6","name":"Canal Dana","image":{"@type":"ImageObject","inLanguage":"pt-BR","@id":"https:\/\/secure.gravatar.com\/avatar\/420aaf9278582877d9018637c6817617705899d2858d7572ef0fe59a6b6454b4?s=96&d=mm&r=g","url":"https:\/\/secure.gravatar.com\/avatar\/420aaf9278582877d9018637c6817617705899d2858d7572ef0fe59a6b6454b4?s=96&d=mm&r=g","contentUrl":"https:\/\/secure.gravatar.com\/avatar\/420aaf9278582877d9018637c6817617705899d2858d7572ef0fe59a6b6454b4?s=96&d=mm&r=g","caption":"Canal Dana"},"url":"https:\/\/dana.com.br\/canaldana\/author\/cdeditor\/"}]}},"_links":{"self":[{"href":"https:\/\/dana.com.br\/canaldana\/wp-json\/wp\/v2\/posts\/23059","targetHints":{"allow":["GET"]}}],"collection":[{"href":"https:\/\/dana.com.br\/canaldana\/wp-json\/wp\/v2\/posts"}],"about":[{"href":"https:\/\/dana.com.br\/canaldana\/wp-json\/wp\/v2\/types\/post"}],"author":[{"embeddable":true,"href":"https:\/\/dana.com.br\/canaldana\/wp-json\/wp\/v2\/users\/3"}],"replies":[{"embeddable":true,"href":"https:\/\/dana.com.br\/canaldana\/wp-json\/wp\/v2\/comments?post=23059"}],"version-history":[{"count":0,"href":"https:\/\/dana.com.br\/canaldana\/wp-json\/wp\/v2\/posts\/23059\/revisions"}],"wp:attachment":[{"href":"https:\/\/dana.com.br\/canaldana\/wp-json\/wp\/v2\/media?parent=23059"}],"wp:term":[{"taxonomy":"category","embeddable":true,"href":"https:\/\/dana.com.br\/canaldana\/wp-json\/wp\/v2\/categories?post=23059"},{"taxonomy":"post_tag","embeddable":true,"href":"https:\/\/dana.com.br\/canaldana\/wp-json\/wp\/v2\/tags?post=23059"}],"curies":[{"name":"wp","href":"https:\/\/api.w.org\/{rel}","templated":true}]}}