{"id":23057,"date":"2018-02-07T08:56:13","date_gmt":"2018-02-07T10:56:13","guid":{"rendered":"http:\/\/dana.com.br\/canaldana\/?p=23057"},"modified":"2018-02-07T08:56:13","modified_gmt":"2018-02-07T10:56:13","slug":"montadoras-batem-recorde-de-exportacao","status":"publish","type":"post","link":"https:\/\/dana.com.br\/canaldana\/2018\/02\/07\/montadoras-batem-recorde-de-exportacao\/","title":{"rendered":"Montadoras batem recorde de exporta\u00e7\u00e3o"},"content":{"rendered":"<p><em>O Estado de S. Paulo<\/em><\/p>\n<p>&nbsp;<\/p>\n<p>A ind\u00fastria automobil\u00edstica brasileira iniciou o ano com volume recorde de exporta\u00e7\u00e3o para o m\u00eas de janeiro, com 47 mil unidades vendidas fora do Pa\u00eds, alta de 23,6% em rela\u00e7\u00e3o ao mesmo m\u00eas de 2017. O resultado ajudou a impulsionar a produ\u00e7\u00e3o e os empregos do setor.<\/p>\n<p>&nbsp;<\/p>\n<p>Mais da metade dos carros exportados foi para a Argentina, que segue sendo a principal cliente do Brasil. Em valores, foram exportados, ao todo, US$ 1,03 bilh\u00e3o, 26% a mais que em janeiro do ano passado.<\/p>\n<p>&nbsp;<\/p>\n<p>Por terem importado, nos \u00faltimos dois anos, volume de carros acima da regra estabelecida no acordo automotivo, montadoras argentinas ter\u00e3o de dar cartas de cr\u00e9dito ao governo local para evitar que eventuais calotes em multas a serem aplicadas ao final do acordo, em 2020. O chamado regime flex prev\u00ea que, para cada US$ 1 exportado para o Brasil, a Argentina pode importar R$ 1,5 sem impostos.<\/p>\n<p>&nbsp;<\/p>\n<p>A produ\u00e7\u00e3o de ve\u00edculos em janeiro somou 216,8 mil autom\u00f3veis, comerciais leves, caminh\u00f5es e \u00f4nibus, volume 24,6% maior que o de um ano atr\u00e1s.<\/p>\n<p>&nbsp;<\/p>\n<p>Essa alta tamb\u00e9m teve reflexo nos empregos, com a abertura de 676 vagas e do retorno de 164 funcion\u00e1rios que estavam em lay-off (contratos suspensos).<\/p>\n<p>&nbsp;<\/p>\n<p>As montadoras ainda t\u00eam 1.721 trabalhadores com jornada reduzida ou em lay-off. \u201cEst\u00e1 havendo um crescimento gradual de empregos, gota a gota\u201d, diz o presidente da Associa\u00e7\u00e3o Nacional dos Fabricantes de Ve\u00edculos Automotores (Anfavea), Antonio Megale. Em mar\u00e7o passado o setor tinha 36 mil funcion\u00e1rios afastados ou com jornada reduzida. Desde 2014, quase 28 mil postos foram fechados.<\/p>\n<p>&nbsp;<\/p>\n<p>Megale acredita que, ap\u00f3s o retorno de todo o pessoal afastado, deve ocorrer mais contrata\u00e7\u00f5es. Nos \u00faltimos meses, cinco empresas anunciaram aumento de turnos de trabalho e algumas operam com horas extras.<\/p>\n<p>&nbsp;<\/p>\n<p>H\u00e1 um receio entre as montadoras de que as fabricantes de autope\u00e7as n\u00e3o consigam acompanhar o ritmo da produ\u00e7\u00e3o e falte componentes, pois os fornecedores tamb\u00e9m enxugaram seus quadros. \u201cH\u00e1 um descompasso e j\u00e1 vemos algumas montadoras com dificuldades em refor\u00e7ar a produ\u00e7\u00e3o\u201d, diz Megale.<\/p>\n<p>&nbsp;<\/p>\n<p>As vendas somaram 181,3 mil ve\u00edculos, crescimento de 23% ante um ano atr\u00e1s. F\u00e1bricas e revendas t\u00eam 228,7 mil unidades em estoque, equivalentes e 38 dias de vendas. Embora a m\u00e9dia ideal seja de 30 dias, Megale afirma n\u00e3o ser preocupante, pois tradicionalmente o ritmo de vendas em janeiro \u00e9 mais lento.<\/p>\n<p>&nbsp;<\/p>\n<p><strong>Rota<\/strong><\/p>\n<p>&nbsp;<\/p>\n<p>A Anfavea espera que o novo regime automotivo, chamado de Rota 2030, seja aprovado neste m\u00eas ou em mar\u00e7o. A pol\u00edtica industrial que deve vigorar pelos pr\u00f3ximos 15 anos deveria ter entrado em vigor em janeiro, mas est\u00e1 parada no governo.<\/p>\n<p>&nbsp;<\/p>\n<p>Um dos itens que trava a publica\u00e7\u00e3o \u00e9 o incentivo anual de R$ 1,5 bilh\u00e3o para as empresas investirem em pesquisa e desenvolvimento, a exemplo do que ocorreu no programa anterior, o Inovar-Auto. O Minist\u00e9rio da Fazenda resiste em aprovar a medida em raz\u00e3o do aperto do or\u00e7amento fiscal e s\u00f3 deve decidir sobre o tema ap\u00f3s a reforma da Previd\u00eancia ser votada.<\/p>\n<p>&nbsp;<\/p>\n<p>Megale diz que o valor est\u00e1 praticamente aprovado, mas falta consenso na forma de compensa\u00e7\u00e3o. \u201cO setor automotivo arrecadou mais de R$ 40 bilh\u00f5es em impostos no ano passado e o R$ 1,5 bilh\u00e3o \u00e9 pouco para o que isso representa.\u201d Segundo ele, a n\u00e3o aprova\u00e7\u00e3o do plano pode levar empresas a reverem investimentos previstos no Pa\u00eds. (O Estado de S. Paulo\/Cleide Silva)<\/p>\n","protected":false},"excerpt":{"rendered":"<p>O Estado de S. Paulo &nbsp; A ind\u00fastria automobil\u00edstica brasileira iniciou o ano com volume recorde de exporta\u00e7\u00e3o para o m\u00eas de janeiro, com 47 mil unidades vendidas fora do Pa\u00eds, alta de 23,6% em rela\u00e7\u00e3o ao mesmo m\u00eas de 2017. O resultado ajudou a impulsionar a produ\u00e7\u00e3o e os empregos do setor. &nbsp; Mais\u2026 <a class=\"readmore\" href=\"https:\/\/dana.com.br\/canaldana\/2018\/02\/07\/montadoras-batem-recorde-de-exportacao\/\">Leia mais \u00bb<\/a><\/p>\n","protected":false},"author":3,"featured_media":0,"comment_status":"closed","ping_status":"closed","sticky":false,"template":"","format":"standard","meta":{"_acf_changed":false,"footnotes":""},"categories":[61],"tags":[],"class_list":["post-23057","post","type-post","status-publish","format-standard","hentry","category-destaques"],"acf":[],"yoast_head":"<!-- This site is optimized with the Yoast SEO plugin v27.3 - https:\/\/yoast.com\/product\/yoast-seo-wordpress\/ -->\n<title>Montadoras batem recorde de exporta\u00e7\u00e3o - Canal Dana<\/title>\n<meta name=\"robots\" content=\"index, follow, max-snippet:-1, max-image-preview:large, max-video-preview:-1\" \/>\n<link rel=\"canonical\" href=\"https:\/\/dana.com.br\/canaldana\/2018\/02\/07\/montadoras-batem-recorde-de-exportacao\/\" \/>\n<meta property=\"og:locale\" content=\"pt_BR\" \/>\n<meta property=\"og:type\" content=\"article\" \/>\n<meta property=\"og:title\" content=\"Montadoras batem recorde de exporta\u00e7\u00e3o - Canal Dana\" \/>\n<meta property=\"og:description\" content=\"O Estado de S. Paulo &nbsp; A ind\u00fastria automobil\u00edstica brasileira iniciou o ano com volume recorde de exporta\u00e7\u00e3o para o m\u00eas de janeiro, com 47 mil unidades vendidas fora do Pa\u00eds, alta de 23,6% em rela\u00e7\u00e3o ao mesmo m\u00eas de 2017. O resultado ajudou a impulsionar a produ\u00e7\u00e3o e os empregos do setor. &nbsp; Mais\u2026 Leia mais \u00bb\" \/>\n<meta property=\"og:url\" content=\"https:\/\/dana.com.br\/canaldana\/2018\/02\/07\/montadoras-batem-recorde-de-exportacao\/\" \/>\n<meta property=\"og:site_name\" content=\"Canal Dana\" \/>\n<meta property=\"article:published_time\" content=\"2018-02-07T10:56:13+00:00\" \/>\n<meta name=\"author\" content=\"Canal Dana\" \/>\n<meta name=\"twitter:card\" content=\"summary_large_image\" \/>\n<meta name=\"twitter:label1\" content=\"Escrito por\" \/>\n\t<meta name=\"twitter:data1\" content=\"Canal Dana\" \/>\n\t<meta name=\"twitter:label2\" content=\"Est. tempo de leitura\" \/>\n\t<meta name=\"twitter:data2\" content=\"3 minutos\" \/>\n<script type=\"application\/ld+json\" class=\"yoast-schema-graph\">{\"@context\":\"https:\\\/\\\/schema.org\",\"@graph\":[{\"@type\":\"Article\",\"@id\":\"https:\\\/\\\/dana.com.br\\\/canaldana\\\/2018\\\/02\\\/07\\\/montadoras-batem-recorde-de-exportacao\\\/#article\",\"isPartOf\":{\"@id\":\"https:\\\/\\\/dana.com.br\\\/canaldana\\\/2018\\\/02\\\/07\\\/montadoras-batem-recorde-de-exportacao\\\/\"},\"author\":{\"name\":\"Canal Dana\",\"@id\":\"https:\\\/\\\/dana.com.br\\\/canaldana\\\/#\\\/schema\\\/person\\\/3c21f22f56fcf3bc46b94bc60ea4fef6\"},\"headline\":\"Montadoras batem recorde de exporta\u00e7\u00e3o\",\"datePublished\":\"2018-02-07T10:56:13+00:00\",\"mainEntityOfPage\":{\"@id\":\"https:\\\/\\\/dana.com.br\\\/canaldana\\\/2018\\\/02\\\/07\\\/montadoras-batem-recorde-de-exportacao\\\/\"},\"wordCount\":603,\"articleSection\":[\"Destaques\"],\"inLanguage\":\"pt-BR\"},{\"@type\":\"WebPage\",\"@id\":\"https:\\\/\\\/dana.com.br\\\/canaldana\\\/2018\\\/02\\\/07\\\/montadoras-batem-recorde-de-exportacao\\\/\",\"url\":\"https:\\\/\\\/dana.com.br\\\/canaldana\\\/2018\\\/02\\\/07\\\/montadoras-batem-recorde-de-exportacao\\\/\",\"name\":\"Montadoras batem recorde de exporta\u00e7\u00e3o - Canal Dana\",\"isPartOf\":{\"@id\":\"https:\\\/\\\/dana.com.br\\\/canaldana\\\/#website\"},\"datePublished\":\"2018-02-07T10:56:13+00:00\",\"author\":{\"@id\":\"https:\\\/\\\/dana.com.br\\\/canaldana\\\/#\\\/schema\\\/person\\\/3c21f22f56fcf3bc46b94bc60ea4fef6\"},\"breadcrumb\":{\"@id\":\"https:\\\/\\\/dana.com.br\\\/canaldana\\\/2018\\\/02\\\/07\\\/montadoras-batem-recorde-de-exportacao\\\/#breadcrumb\"},\"inLanguage\":\"pt-BR\",\"potentialAction\":[{\"@type\":\"ReadAction\",\"target\":[\"https:\\\/\\\/dana.com.br\\\/canaldana\\\/2018\\\/02\\\/07\\\/montadoras-batem-recorde-de-exportacao\\\/\"]}]},{\"@type\":\"BreadcrumbList\",\"@id\":\"https:\\\/\\\/dana.com.br\\\/canaldana\\\/2018\\\/02\\\/07\\\/montadoras-batem-recorde-de-exportacao\\\/#breadcrumb\",\"itemListElement\":[{\"@type\":\"ListItem\",\"position\":1,\"name\":\"Home\",\"item\":\"https:\\\/\\\/dana.com.br\\\/canaldana\\\/\"},{\"@type\":\"ListItem\",\"position\":2,\"name\":\"Destaques\",\"item\":\"https:\\\/\\\/dana.com.br\\\/canaldana\\\/destaques\\\/\"},{\"@type\":\"ListItem\",\"position\":3,\"name\":\"Montadoras batem recorde de exporta\u00e7\u00e3o\"}]},{\"@type\":\"WebSite\",\"@id\":\"https:\\\/\\\/dana.com.br\\\/canaldana\\\/#website\",\"url\":\"https:\\\/\\\/dana.com.br\\\/canaldana\\\/\",\"name\":\"Canal Dana\",\"description\":\"Informativo com as principais not\u00edcias da ind\u00fastria automotiva\",\"potentialAction\":[{\"@type\":\"SearchAction\",\"target\":{\"@type\":\"EntryPoint\",\"urlTemplate\":\"https:\\\/\\\/dana.com.br\\\/canaldana\\\/?s={search_term_string}\"},\"query-input\":{\"@type\":\"PropertyValueSpecification\",\"valueRequired\":true,\"valueName\":\"search_term_string\"}}],\"inLanguage\":\"pt-BR\"},{\"@type\":\"Person\",\"@id\":\"https:\\\/\\\/dana.com.br\\\/canaldana\\\/#\\\/schema\\\/person\\\/3c21f22f56fcf3bc46b94bc60ea4fef6\",\"name\":\"Canal Dana\",\"image\":{\"@type\":\"ImageObject\",\"inLanguage\":\"pt-BR\",\"@id\":\"https:\\\/\\\/secure.gravatar.com\\\/avatar\\\/420aaf9278582877d9018637c6817617705899d2858d7572ef0fe59a6b6454b4?s=96&d=mm&r=g\",\"url\":\"https:\\\/\\\/secure.gravatar.com\\\/avatar\\\/420aaf9278582877d9018637c6817617705899d2858d7572ef0fe59a6b6454b4?s=96&d=mm&r=g\",\"contentUrl\":\"https:\\\/\\\/secure.gravatar.com\\\/avatar\\\/420aaf9278582877d9018637c6817617705899d2858d7572ef0fe59a6b6454b4?s=96&d=mm&r=g\",\"caption\":\"Canal Dana\"},\"url\":\"https:\\\/\\\/dana.com.br\\\/canaldana\\\/author\\\/cdeditor\\\/\"}]}<\/script>\n<!-- \/ Yoast SEO plugin. -->","yoast_head_json":{"title":"Montadoras batem recorde de exporta\u00e7\u00e3o - Canal Dana","robots":{"index":"index","follow":"follow","max-snippet":"max-snippet:-1","max-image-preview":"max-image-preview:large","max-video-preview":"max-video-preview:-1"},"canonical":"https:\/\/dana.com.br\/canaldana\/2018\/02\/07\/montadoras-batem-recorde-de-exportacao\/","og_locale":"pt_BR","og_type":"article","og_title":"Montadoras batem recorde de exporta\u00e7\u00e3o - Canal Dana","og_description":"O Estado de S. Paulo &nbsp; A ind\u00fastria automobil\u00edstica brasileira iniciou o ano com volume recorde de exporta\u00e7\u00e3o para o m\u00eas de janeiro, com 47 mil unidades vendidas fora do Pa\u00eds, alta de 23,6% em rela\u00e7\u00e3o ao mesmo m\u00eas de 2017. O resultado ajudou a impulsionar a produ\u00e7\u00e3o e os empregos do setor. &nbsp; Mais\u2026 Leia mais \u00bb","og_url":"https:\/\/dana.com.br\/canaldana\/2018\/02\/07\/montadoras-batem-recorde-de-exportacao\/","og_site_name":"Canal Dana","article_published_time":"2018-02-07T10:56:13+00:00","author":"Canal Dana","twitter_card":"summary_large_image","twitter_misc":{"Escrito por":"Canal Dana","Est. tempo de leitura":"3 minutos"},"schema":{"@context":"https:\/\/schema.org","@graph":[{"@type":"Article","@id":"https:\/\/dana.com.br\/canaldana\/2018\/02\/07\/montadoras-batem-recorde-de-exportacao\/#article","isPartOf":{"@id":"https:\/\/dana.com.br\/canaldana\/2018\/02\/07\/montadoras-batem-recorde-de-exportacao\/"},"author":{"name":"Canal Dana","@id":"https:\/\/dana.com.br\/canaldana\/#\/schema\/person\/3c21f22f56fcf3bc46b94bc60ea4fef6"},"headline":"Montadoras batem recorde de exporta\u00e7\u00e3o","datePublished":"2018-02-07T10:56:13+00:00","mainEntityOfPage":{"@id":"https:\/\/dana.com.br\/canaldana\/2018\/02\/07\/montadoras-batem-recorde-de-exportacao\/"},"wordCount":603,"articleSection":["Destaques"],"inLanguage":"pt-BR"},{"@type":"WebPage","@id":"https:\/\/dana.com.br\/canaldana\/2018\/02\/07\/montadoras-batem-recorde-de-exportacao\/","url":"https:\/\/dana.com.br\/canaldana\/2018\/02\/07\/montadoras-batem-recorde-de-exportacao\/","name":"Montadoras batem recorde de exporta\u00e7\u00e3o - Canal Dana","isPartOf":{"@id":"https:\/\/dana.com.br\/canaldana\/#website"},"datePublished":"2018-02-07T10:56:13+00:00","author":{"@id":"https:\/\/dana.com.br\/canaldana\/#\/schema\/person\/3c21f22f56fcf3bc46b94bc60ea4fef6"},"breadcrumb":{"@id":"https:\/\/dana.com.br\/canaldana\/2018\/02\/07\/montadoras-batem-recorde-de-exportacao\/#breadcrumb"},"inLanguage":"pt-BR","potentialAction":[{"@type":"ReadAction","target":["https:\/\/dana.com.br\/canaldana\/2018\/02\/07\/montadoras-batem-recorde-de-exportacao\/"]}]},{"@type":"BreadcrumbList","@id":"https:\/\/dana.com.br\/canaldana\/2018\/02\/07\/montadoras-batem-recorde-de-exportacao\/#breadcrumb","itemListElement":[{"@type":"ListItem","position":1,"name":"Home","item":"https:\/\/dana.com.br\/canaldana\/"},{"@type":"ListItem","position":2,"name":"Destaques","item":"https:\/\/dana.com.br\/canaldana\/destaques\/"},{"@type":"ListItem","position":3,"name":"Montadoras batem recorde de exporta\u00e7\u00e3o"}]},{"@type":"WebSite","@id":"https:\/\/dana.com.br\/canaldana\/#website","url":"https:\/\/dana.com.br\/canaldana\/","name":"Canal Dana","description":"Informativo com as principais not\u00edcias da ind\u00fastria automotiva","potentialAction":[{"@type":"SearchAction","target":{"@type":"EntryPoint","urlTemplate":"https:\/\/dana.com.br\/canaldana\/?s={search_term_string}"},"query-input":{"@type":"PropertyValueSpecification","valueRequired":true,"valueName":"search_term_string"}}],"inLanguage":"pt-BR"},{"@type":"Person","@id":"https:\/\/dana.com.br\/canaldana\/#\/schema\/person\/3c21f22f56fcf3bc46b94bc60ea4fef6","name":"Canal Dana","image":{"@type":"ImageObject","inLanguage":"pt-BR","@id":"https:\/\/secure.gravatar.com\/avatar\/420aaf9278582877d9018637c6817617705899d2858d7572ef0fe59a6b6454b4?s=96&d=mm&r=g","url":"https:\/\/secure.gravatar.com\/avatar\/420aaf9278582877d9018637c6817617705899d2858d7572ef0fe59a6b6454b4?s=96&d=mm&r=g","contentUrl":"https:\/\/secure.gravatar.com\/avatar\/420aaf9278582877d9018637c6817617705899d2858d7572ef0fe59a6b6454b4?s=96&d=mm&r=g","caption":"Canal Dana"},"url":"https:\/\/dana.com.br\/canaldana\/author\/cdeditor\/"}]}},"_links":{"self":[{"href":"https:\/\/dana.com.br\/canaldana\/wp-json\/wp\/v2\/posts\/23057","targetHints":{"allow":["GET"]}}],"collection":[{"href":"https:\/\/dana.com.br\/canaldana\/wp-json\/wp\/v2\/posts"}],"about":[{"href":"https:\/\/dana.com.br\/canaldana\/wp-json\/wp\/v2\/types\/post"}],"author":[{"embeddable":true,"href":"https:\/\/dana.com.br\/canaldana\/wp-json\/wp\/v2\/users\/3"}],"replies":[{"embeddable":true,"href":"https:\/\/dana.com.br\/canaldana\/wp-json\/wp\/v2\/comments?post=23057"}],"version-history":[{"count":0,"href":"https:\/\/dana.com.br\/canaldana\/wp-json\/wp\/v2\/posts\/23057\/revisions"}],"wp:attachment":[{"href":"https:\/\/dana.com.br\/canaldana\/wp-json\/wp\/v2\/media?parent=23057"}],"wp:term":[{"taxonomy":"category","embeddable":true,"href":"https:\/\/dana.com.br\/canaldana\/wp-json\/wp\/v2\/categories?post=23057"},{"taxonomy":"post_tag","embeddable":true,"href":"https:\/\/dana.com.br\/canaldana\/wp-json\/wp\/v2\/tags?post=23057"}],"curies":[{"name":"wp","href":"https:\/\/api.w.org\/{rel}","templated":true}]}}