{"id":23029,"date":"2018-02-07T08:36:39","date_gmt":"2018-02-07T10:36:39","guid":{"rendered":"http:\/\/dana.com.br\/canaldana\/?p=23029"},"modified":"2018-02-07T08:37:00","modified_gmt":"2018-02-07T10:37:00","slug":"eletrico-da-nissan-entre-os-melhores","status":"publish","type":"post","link":"https:\/\/dana.com.br\/canaldana\/2018\/02\/07\/eletrico-da-nissan-entre-os-melhores\/","title":{"rendered":"El\u00e9trico da Nissan entre os melhores"},"content":{"rendered":"<p>Meia Hora<\/p>\n<p>&nbsp;<\/p>\n<p>O Nissan Leaf, ve\u00edculo el\u00e9trico mais vendido do mundo, est\u00e1 entre os dez finalistas do pr\u00eamio \u201cWorld Car of the Year\u201d (melhor carro do ano, em tradu\u00e7\u00e3o livre). A cerim\u00f4nia de premia\u00e7\u00e3o ocorrer\u00e1 no dia 28 de mar\u00e7o, no Sal\u00e3o de Nova York. A indica\u00e7\u00e3o \u00e9 um duplo reconhecimento \u00e0 nova gera\u00e7\u00e3o do el\u00e9trico, tamb\u00e9m finalista nos quatro \u00faltimos pr\u00eamios na categoria de carros verdes mundiais.<\/p>\n<p>&nbsp;<\/p>\n<p>Revelado no Jap\u00e3o, no final do ano passado, o Leaf foi completamente repensado. Agora, o modelo combina maior autonomia a um novo design din\u00e2mico e tecnologias embarcadas. Para a defini\u00e7\u00e3o da lista, o corpo de jurados era composto por 82 jornalistas especializados em autom\u00f3veis de todo o mundo e os votos secretos, com base em sua avalia\u00e7\u00e3o de cada ve\u00edculo em eventos exclusivos conduzidos pelo organizador do pr\u00eamio.<\/p>\n<p>&nbsp;<\/p>\n<p>\u201cO mundo est\u00e1 se movendo em dire\u00e7\u00e3o aos carros el\u00e9tricos em um ritmo acelerado. E o Nissan Leaf \u00e9 um dos melhores\u201d, disse Paul Gover, um dos jornalistas automotivos mais respeitados da Austr\u00e1lia e jurado do &#8220;World Car of the Year&#8221;.<\/p>\n<p>&nbsp;<\/p>\n<p>Com o Nissan Micra, conhecido por aqui como March, tamb\u00e9m finalista na categoria \u2018Carros Urbanos Mundiais 2018\u2019, \u00e9 a quinta vez na hist\u00f3ria de 14 anos do pr\u00eamio que um ve\u00edculo da marca \u00e9 finalista. O Nissan Leaf, da primeira gera\u00e7\u00e3o, foi indicado como \u201cCarro Mundial do Ano\u201d em 2011, com o Nissan QASHQAI fazendo a final em 2008 e 2015 e o Nissan GT-R em 2009.<\/p>\n<p>&nbsp;<\/p>\n<p>O ve\u00edculo, que j\u00e1 foi protagonista de um programa de t\u00e1xis el\u00e9tricos no Rio, deve come\u00e7ar a ser vendido aqui no Brasil em 2019. A informa\u00e7\u00e3o da chegada no pa\u00eds foi antecipada pela diretoria da Nissan, no Sal\u00e3o do Autom\u00f3vel de S\u00e3o Paulo do ano passado. (Meia Hora)<\/p>\n","protected":false},"excerpt":{"rendered":"<p>Meia Hora &nbsp; O Nissan Leaf, ve\u00edculo el\u00e9trico mais vendido do mundo, est\u00e1 entre os dez finalistas do pr\u00eamio \u201cWorld Car of the Year\u201d (melhor carro do ano, em tradu\u00e7\u00e3o livre). A cerim\u00f4nia de premia\u00e7\u00e3o ocorrer\u00e1 no dia 28 de mar\u00e7o, no Sal\u00e3o de Nova York. A indica\u00e7\u00e3o \u00e9 um duplo reconhecimento \u00e0 nova gera\u00e7\u00e3o\u2026 <a class=\"readmore\" href=\"https:\/\/dana.com.br\/canaldana\/2018\/02\/07\/eletrico-da-nissan-entre-os-melhores\/\">Leia mais \u00bb<\/a><\/p>\n","protected":false},"author":3,"featured_media":0,"comment_status":"closed","ping_status":"closed","sticky":false,"template":"","format":"standard","meta":{"_acf_changed":false,"footnotes":""},"categories":[74],"tags":[],"class_list":["post-23029","post","type-post","status-publish","format-standard","hentry","category-premios"],"acf":[],"yoast_head":"<!-- This site is optimized with the Yoast SEO plugin v27.3 - https:\/\/yoast.com\/product\/yoast-seo-wordpress\/ -->\n<title>El\u00e9trico da Nissan entre os melhores - Canal Dana<\/title>\n<meta name=\"robots\" content=\"index, follow, max-snippet:-1, max-image-preview:large, max-video-preview:-1\" \/>\n<link rel=\"canonical\" href=\"https:\/\/dana.com.br\/canaldana\/2018\/02\/07\/eletrico-da-nissan-entre-os-melhores\/\" \/>\n<meta property=\"og:locale\" content=\"pt_BR\" \/>\n<meta property=\"og:type\" content=\"article\" \/>\n<meta property=\"og:title\" content=\"El\u00e9trico da Nissan entre os melhores - Canal Dana\" \/>\n<meta property=\"og:description\" content=\"Meia Hora &nbsp; O Nissan Leaf, ve\u00edculo el\u00e9trico mais vendido do mundo, est\u00e1 entre os dez finalistas do pr\u00eamio \u201cWorld Car of the Year\u201d (melhor carro do ano, em tradu\u00e7\u00e3o livre). A cerim\u00f4nia de premia\u00e7\u00e3o ocorrer\u00e1 no dia 28 de mar\u00e7o, no Sal\u00e3o de Nova York. A indica\u00e7\u00e3o \u00e9 um duplo reconhecimento \u00e0 nova gera\u00e7\u00e3o\u2026 Leia mais \u00bb\" \/>\n<meta property=\"og:url\" content=\"https:\/\/dana.com.br\/canaldana\/2018\/02\/07\/eletrico-da-nissan-entre-os-melhores\/\" \/>\n<meta property=\"og:site_name\" content=\"Canal Dana\" \/>\n<meta property=\"article:published_time\" content=\"2018-02-07T10:36:39+00:00\" \/>\n<meta property=\"article:modified_time\" content=\"2018-02-07T10:37:00+00:00\" \/>\n<meta name=\"author\" content=\"Canal Dana\" \/>\n<meta name=\"twitter:card\" content=\"summary_large_image\" \/>\n<meta name=\"twitter:label1\" content=\"Escrito por\" \/>\n\t<meta name=\"twitter:data1\" content=\"Canal Dana\" \/>\n\t<meta name=\"twitter:label2\" content=\"Est. tempo de leitura\" \/>\n\t<meta name=\"twitter:data2\" content=\"2 minutos\" \/>\n<script type=\"application\/ld+json\" class=\"yoast-schema-graph\">{\"@context\":\"https:\\\/\\\/schema.org\",\"@graph\":[{\"@type\":\"Article\",\"@id\":\"https:\\\/\\\/dana.com.br\\\/canaldana\\\/2018\\\/02\\\/07\\\/eletrico-da-nissan-entre-os-melhores\\\/#article\",\"isPartOf\":{\"@id\":\"https:\\\/\\\/dana.com.br\\\/canaldana\\\/2018\\\/02\\\/07\\\/eletrico-da-nissan-entre-os-melhores\\\/\"},\"author\":{\"name\":\"Canal Dana\",\"@id\":\"https:\\\/\\\/dana.com.br\\\/canaldana\\\/#\\\/schema\\\/person\\\/3c21f22f56fcf3bc46b94bc60ea4fef6\"},\"headline\":\"El\u00e9trico da Nissan entre os melhores\",\"datePublished\":\"2018-02-07T10:36:39+00:00\",\"dateModified\":\"2018-02-07T10:37:00+00:00\",\"mainEntityOfPage\":{\"@id\":\"https:\\\/\\\/dana.com.br\\\/canaldana\\\/2018\\\/02\\\/07\\\/eletrico-da-nissan-entre-os-melhores\\\/\"},\"wordCount\":327,\"articleSection\":[\"Pr\u00eamios\"],\"inLanguage\":\"pt-BR\"},{\"@type\":\"WebPage\",\"@id\":\"https:\\\/\\\/dana.com.br\\\/canaldana\\\/2018\\\/02\\\/07\\\/eletrico-da-nissan-entre-os-melhores\\\/\",\"url\":\"https:\\\/\\\/dana.com.br\\\/canaldana\\\/2018\\\/02\\\/07\\\/eletrico-da-nissan-entre-os-melhores\\\/\",\"name\":\"El\u00e9trico da Nissan entre os melhores - Canal Dana\",\"isPartOf\":{\"@id\":\"https:\\\/\\\/dana.com.br\\\/canaldana\\\/#website\"},\"datePublished\":\"2018-02-07T10:36:39+00:00\",\"dateModified\":\"2018-02-07T10:37:00+00:00\",\"author\":{\"@id\":\"https:\\\/\\\/dana.com.br\\\/canaldana\\\/#\\\/schema\\\/person\\\/3c21f22f56fcf3bc46b94bc60ea4fef6\"},\"breadcrumb\":{\"@id\":\"https:\\\/\\\/dana.com.br\\\/canaldana\\\/2018\\\/02\\\/07\\\/eletrico-da-nissan-entre-os-melhores\\\/#breadcrumb\"},\"inLanguage\":\"pt-BR\",\"potentialAction\":[{\"@type\":\"ReadAction\",\"target\":[\"https:\\\/\\\/dana.com.br\\\/canaldana\\\/2018\\\/02\\\/07\\\/eletrico-da-nissan-entre-os-melhores\\\/\"]}]},{\"@type\":\"BreadcrumbList\",\"@id\":\"https:\\\/\\\/dana.com.br\\\/canaldana\\\/2018\\\/02\\\/07\\\/eletrico-da-nissan-entre-os-melhores\\\/#breadcrumb\",\"itemListElement\":[{\"@type\":\"ListItem\",\"position\":1,\"name\":\"Home\",\"item\":\"https:\\\/\\\/dana.com.br\\\/canaldana\\\/\"},{\"@type\":\"ListItem\",\"position\":2,\"name\":\"Pr\u00eamios\",\"item\":\"https:\\\/\\\/dana.com.br\\\/canaldana\\\/premios\\\/\"},{\"@type\":\"ListItem\",\"position\":3,\"name\":\"El\u00e9trico da Nissan entre os melhores\"}]},{\"@type\":\"WebSite\",\"@id\":\"https:\\\/\\\/dana.com.br\\\/canaldana\\\/#website\",\"url\":\"https:\\\/\\\/dana.com.br\\\/canaldana\\\/\",\"name\":\"Canal Dana\",\"description\":\"Informativo com as principais not\u00edcias da ind\u00fastria automotiva\",\"potentialAction\":[{\"@type\":\"SearchAction\",\"target\":{\"@type\":\"EntryPoint\",\"urlTemplate\":\"https:\\\/\\\/dana.com.br\\\/canaldana\\\/?s={search_term_string}\"},\"query-input\":{\"@type\":\"PropertyValueSpecification\",\"valueRequired\":true,\"valueName\":\"search_term_string\"}}],\"inLanguage\":\"pt-BR\"},{\"@type\":\"Person\",\"@id\":\"https:\\\/\\\/dana.com.br\\\/canaldana\\\/#\\\/schema\\\/person\\\/3c21f22f56fcf3bc46b94bc60ea4fef6\",\"name\":\"Canal Dana\",\"image\":{\"@type\":\"ImageObject\",\"inLanguage\":\"pt-BR\",\"@id\":\"https:\\\/\\\/secure.gravatar.com\\\/avatar\\\/420aaf9278582877d9018637c6817617705899d2858d7572ef0fe59a6b6454b4?s=96&d=mm&r=g\",\"url\":\"https:\\\/\\\/secure.gravatar.com\\\/avatar\\\/420aaf9278582877d9018637c6817617705899d2858d7572ef0fe59a6b6454b4?s=96&d=mm&r=g\",\"contentUrl\":\"https:\\\/\\\/secure.gravatar.com\\\/avatar\\\/420aaf9278582877d9018637c6817617705899d2858d7572ef0fe59a6b6454b4?s=96&d=mm&r=g\",\"caption\":\"Canal Dana\"},\"url\":\"https:\\\/\\\/dana.com.br\\\/canaldana\\\/author\\\/cdeditor\\\/\"}]}<\/script>\n<!-- \/ Yoast SEO plugin. -->","yoast_head_json":{"title":"El\u00e9trico da Nissan entre os melhores - Canal Dana","robots":{"index":"index","follow":"follow","max-snippet":"max-snippet:-1","max-image-preview":"max-image-preview:large","max-video-preview":"max-video-preview:-1"},"canonical":"https:\/\/dana.com.br\/canaldana\/2018\/02\/07\/eletrico-da-nissan-entre-os-melhores\/","og_locale":"pt_BR","og_type":"article","og_title":"El\u00e9trico da Nissan entre os melhores - Canal Dana","og_description":"Meia Hora &nbsp; O Nissan Leaf, ve\u00edculo el\u00e9trico mais vendido do mundo, est\u00e1 entre os dez finalistas do pr\u00eamio \u201cWorld Car of the Year\u201d (melhor carro do ano, em tradu\u00e7\u00e3o livre). A cerim\u00f4nia de premia\u00e7\u00e3o ocorrer\u00e1 no dia 28 de mar\u00e7o, no Sal\u00e3o de Nova York. A indica\u00e7\u00e3o \u00e9 um duplo reconhecimento \u00e0 nova gera\u00e7\u00e3o\u2026 Leia mais \u00bb","og_url":"https:\/\/dana.com.br\/canaldana\/2018\/02\/07\/eletrico-da-nissan-entre-os-melhores\/","og_site_name":"Canal Dana","article_published_time":"2018-02-07T10:36:39+00:00","article_modified_time":"2018-02-07T10:37:00+00:00","author":"Canal Dana","twitter_card":"summary_large_image","twitter_misc":{"Escrito por":"Canal Dana","Est. tempo de leitura":"2 minutos"},"schema":{"@context":"https:\/\/schema.org","@graph":[{"@type":"Article","@id":"https:\/\/dana.com.br\/canaldana\/2018\/02\/07\/eletrico-da-nissan-entre-os-melhores\/#article","isPartOf":{"@id":"https:\/\/dana.com.br\/canaldana\/2018\/02\/07\/eletrico-da-nissan-entre-os-melhores\/"},"author":{"name":"Canal Dana","@id":"https:\/\/dana.com.br\/canaldana\/#\/schema\/person\/3c21f22f56fcf3bc46b94bc60ea4fef6"},"headline":"El\u00e9trico da Nissan entre os melhores","datePublished":"2018-02-07T10:36:39+00:00","dateModified":"2018-02-07T10:37:00+00:00","mainEntityOfPage":{"@id":"https:\/\/dana.com.br\/canaldana\/2018\/02\/07\/eletrico-da-nissan-entre-os-melhores\/"},"wordCount":327,"articleSection":["Pr\u00eamios"],"inLanguage":"pt-BR"},{"@type":"WebPage","@id":"https:\/\/dana.com.br\/canaldana\/2018\/02\/07\/eletrico-da-nissan-entre-os-melhores\/","url":"https:\/\/dana.com.br\/canaldana\/2018\/02\/07\/eletrico-da-nissan-entre-os-melhores\/","name":"El\u00e9trico da Nissan entre os melhores - Canal Dana","isPartOf":{"@id":"https:\/\/dana.com.br\/canaldana\/#website"},"datePublished":"2018-02-07T10:36:39+00:00","dateModified":"2018-02-07T10:37:00+00:00","author":{"@id":"https:\/\/dana.com.br\/canaldana\/#\/schema\/person\/3c21f22f56fcf3bc46b94bc60ea4fef6"},"breadcrumb":{"@id":"https:\/\/dana.com.br\/canaldana\/2018\/02\/07\/eletrico-da-nissan-entre-os-melhores\/#breadcrumb"},"inLanguage":"pt-BR","potentialAction":[{"@type":"ReadAction","target":["https:\/\/dana.com.br\/canaldana\/2018\/02\/07\/eletrico-da-nissan-entre-os-melhores\/"]}]},{"@type":"BreadcrumbList","@id":"https:\/\/dana.com.br\/canaldana\/2018\/02\/07\/eletrico-da-nissan-entre-os-melhores\/#breadcrumb","itemListElement":[{"@type":"ListItem","position":1,"name":"Home","item":"https:\/\/dana.com.br\/canaldana\/"},{"@type":"ListItem","position":2,"name":"Pr\u00eamios","item":"https:\/\/dana.com.br\/canaldana\/premios\/"},{"@type":"ListItem","position":3,"name":"El\u00e9trico da Nissan entre os melhores"}]},{"@type":"WebSite","@id":"https:\/\/dana.com.br\/canaldana\/#website","url":"https:\/\/dana.com.br\/canaldana\/","name":"Canal Dana","description":"Informativo com as principais not\u00edcias da ind\u00fastria automotiva","potentialAction":[{"@type":"SearchAction","target":{"@type":"EntryPoint","urlTemplate":"https:\/\/dana.com.br\/canaldana\/?s={search_term_string}"},"query-input":{"@type":"PropertyValueSpecification","valueRequired":true,"valueName":"search_term_string"}}],"inLanguage":"pt-BR"},{"@type":"Person","@id":"https:\/\/dana.com.br\/canaldana\/#\/schema\/person\/3c21f22f56fcf3bc46b94bc60ea4fef6","name":"Canal Dana","image":{"@type":"ImageObject","inLanguage":"pt-BR","@id":"https:\/\/secure.gravatar.com\/avatar\/420aaf9278582877d9018637c6817617705899d2858d7572ef0fe59a6b6454b4?s=96&d=mm&r=g","url":"https:\/\/secure.gravatar.com\/avatar\/420aaf9278582877d9018637c6817617705899d2858d7572ef0fe59a6b6454b4?s=96&d=mm&r=g","contentUrl":"https:\/\/secure.gravatar.com\/avatar\/420aaf9278582877d9018637c6817617705899d2858d7572ef0fe59a6b6454b4?s=96&d=mm&r=g","caption":"Canal Dana"},"url":"https:\/\/dana.com.br\/canaldana\/author\/cdeditor\/"}]}},"_links":{"self":[{"href":"https:\/\/dana.com.br\/canaldana\/wp-json\/wp\/v2\/posts\/23029","targetHints":{"allow":["GET"]}}],"collection":[{"href":"https:\/\/dana.com.br\/canaldana\/wp-json\/wp\/v2\/posts"}],"about":[{"href":"https:\/\/dana.com.br\/canaldana\/wp-json\/wp\/v2\/types\/post"}],"author":[{"embeddable":true,"href":"https:\/\/dana.com.br\/canaldana\/wp-json\/wp\/v2\/users\/3"}],"replies":[{"embeddable":true,"href":"https:\/\/dana.com.br\/canaldana\/wp-json\/wp\/v2\/comments?post=23029"}],"version-history":[{"count":0,"href":"https:\/\/dana.com.br\/canaldana\/wp-json\/wp\/v2\/posts\/23029\/revisions"}],"wp:attachment":[{"href":"https:\/\/dana.com.br\/canaldana\/wp-json\/wp\/v2\/media?parent=23029"}],"wp:term":[{"taxonomy":"category","embeddable":true,"href":"https:\/\/dana.com.br\/canaldana\/wp-json\/wp\/v2\/categories?post=23029"},{"taxonomy":"post_tag","embeddable":true,"href":"https:\/\/dana.com.br\/canaldana\/wp-json\/wp\/v2\/tags?post=23029"}],"curies":[{"name":"wp","href":"https:\/\/api.w.org\/{rel}","templated":true}]}}