{"id":23022,"date":"2018-02-06T08:47:27","date_gmt":"2018-02-06T10:47:27","guid":{"rendered":"http:\/\/dana.com.br\/canaldana\/?p=23022"},"modified":"2018-02-06T08:47:27","modified_gmt":"2018-02-06T10:47:27","slug":"ministro-defende-industria-automobilistica-na-gm-em-joinville","status":"publish","type":"post","link":"https:\/\/dana.com.br\/canaldana\/2018\/02\/06\/ministro-defende-industria-automobilistica-na-gm-em-joinville\/","title":{"rendered":"Ministro defende ind\u00fastria automobil\u00edstica na GM em Joinville"},"content":{"rendered":"<p><em>Portal Economia SC<\/em><\/p>\n<p>&nbsp;<\/p>\n<p>O Brasil exportou 791 mil carros para 83 mercados diferentes em 2017, com um crescimento de cerca de 40% em rela\u00e7\u00e3o a 2016, segundo as estat\u00edsticas do MDIC. O ministro interino da Ind\u00fastria, Com\u00e9rcio Exterior e Servi\u00e7os (MDIC), Marcos Jorge, deu destaque para os acordos comerciais coordenados pelo minist\u00e9rio.<\/p>\n<p>&nbsp;<\/p>\n<p>\u201cBasta verificar os principais pa\u00edses com os quais tivemos crescimento de vendas no ano passado: Argentina, com aumento de 43% frente a 2016; M\u00e9xico, mais 70%; Chile, mais 98%; Uruguai, com acr\u00e9scimo de 59%; e Col\u00f4mbia, com incremento de 50%\u201d, citou.<\/p>\n<p>&nbsp;<\/p>\n<p>\u201cA realidade nacional e mundial nos imp\u00f5e grandes desafios. Sabemos da import\u00e2ncia do setor automotivo. Respons\u00e1vel por cerca de um milh\u00e3o e seiscentos mil postos de trabalho e por 22% do PIB industrial do Brasil, a ind\u00fastria automotiva \u00e9 um de nossos principais empregadores e possui grande capacidade de dinamizar a economia nacional\u201d, exp\u00f5e o ministro.<\/p>\n<p>&nbsp;<\/p>\n<p>Assim, o ministro interino da Ind\u00fastria, Com\u00e9rcio Exterior e Servi\u00e7os (MDIC), Marcos Jorge, iniciou sua fala durante a cerim\u00f4nia de amplia\u00e7\u00e3o da f\u00e1brica de motores da GM em Joinville.<\/p>\n<p>&nbsp;<\/p>\n<p><strong>Rumo as melhorias<\/strong><\/p>\n<p>&nbsp;<\/p>\n<p>A f\u00e1brica \u00e9 considerada a unidade ambientalmente mais sustent\u00e1vel do mundo pela GM, que \u00e9 l\u00edder de vendas de ve\u00edculos no mercado brasileiro.<\/p>\n<p>&nbsp;<\/p>\n<p>A cerim\u00f4nia contou com um p\u00fablico de cerca de 200 empres\u00e1rios, autoridades e funcion\u00e1rios, al\u00e9m do governador de Santa Catarina, Raimundo Colombo, do vice-presidente da GM para o Mercosul, Marcos Munhoz, e do prefeito de Joinville, Udo D\u00f6ehler.<\/p>\n<p>&nbsp;<\/p>\n<p>Em sua fala, Marcos Jorge destacou ainda o dado do IBGE divulgado na \u00faltima quinta-feira (1\u00ba\/2), mostrando que a ind\u00fastria automotiva foi a que mais colaborou para o crescimento de 2,5% na produ\u00e7\u00e3o industrial brasileira em 2017.<\/p>\n<p>&nbsp;<\/p>\n<p>\u201cCom os acordos automotivos assinados e as negocia\u00e7\u00f5es t\u00e9cnicas permanentes para simplificar e facilitar nossas exporta\u00e7\u00f5es, o Brasil conseguiu alcan\u00e7ar exporta\u00e7\u00f5es recordes de carros\u201d, conta.<\/p>\n<p>&nbsp;<\/p>\n<p><strong>Rota 2030<\/strong><\/p>\n<p>&nbsp;<\/p>\n<p>Marcos destacou a atua\u00e7\u00e3o do MDIC na formula\u00e7\u00e3o de pol\u00edticas p\u00fablicas para o setor produtivo e, em especial, para o automotivo.<\/p>\n<p>&nbsp;<\/p>\n<p>\u201cAtualmente, o governo federal debate sobre o futuro da ind\u00fastria para a mobilidade e log\u00edstica. O programa Rota 2030 foi elaborado a partir de uma vis\u00e3o de longo prazo, com regras claras, previsibilidade e seguran\u00e7a jur\u00eddica, de forma a assegurar investimentos privados em novos projetos, pesquisa, desenvolvimento e engenharia\u201d, fala.<\/p>\n<p>&nbsp;<\/p>\n<p>Marcos Jorge afirmou que a meta \u00e9 induzir a ind\u00fastria nacional a alcan\u00e7ar padr\u00f5es internacionais de produ\u00e7\u00e3o, inserindo o Brasil nas cadeias globais de valor. O vice-presidente da GM para o Mercosul, Marcos Munhoz, falou sobre a import\u00e2ncia da aprova\u00e7\u00e3o do Rota 2030 e destacou os avan\u00e7os obtidos com o Inovar-Auto.<\/p>\n<p>&nbsp;<\/p>\n<p>\u201cEstamos num momento de transi\u00e7\u00e3o da pol\u00edtica para o nosso setor\u201d, lembrou Munhoz.<\/p>\n<p>&nbsp;<\/p>\n<p>\u201c\u00c9 importante lembrar que a ind\u00fastria brasileira, junto com o governo federal, num programa que terminou agora em 2017 (Inovar-Auto) proporcionou incentivos e investimentos para que fiz\u00e9ssemos mais pesquisa e mais engenharia no Brasil\u201d, comenta.<\/p>\n<p>&nbsp;<\/p>\n<p>Segundo Munhoz, foi o programa Inovar-Auto que motivou a montadora a cumprir metas de melhora de consumo de combust\u00edvel \u201cextremamente audaciosas\u201d.<\/p>\n<p>&nbsp;<\/p>\n<p>O vice-presidente da GM informou ainda que houve uma melhora de 18% na efici\u00eancia energ\u00e9tica, com consequente redu\u00e7\u00e3o m\u00e9dia do consumo de combust\u00edvel dos carros l\u00edderes de venda da empresa. Ao encerrar sua fala, Munhoz reiterou que \u201cisso n\u00e3o se faz sem um foco governamental\u201d.<\/p>\n<p>&nbsp;<\/p>\n<p><strong>Ind\u00fastria 4.0<\/strong><\/p>\n<p>&nbsp;<\/p>\n<p>Marcos Jorge tamb\u00e9m falou sobre a pol\u00edtica desenvolvida pelo MDIC para a chamada ind\u00fastria 4.0, ou ind\u00fastria do futuro. \u201cEstamos aqui hoje para a amplia\u00e7\u00e3o de uma f\u00e1brica que vai receber as novas tecnologias da chamada manufatura inteligente. Os impactos sobre a produtividade, redu\u00e7\u00e3o de custos, controle sobre o processo produtivo, customiza\u00e7\u00e3o da produ\u00e7\u00e3o, utiliza\u00e7\u00e3o de rob\u00f3tica, entre outros, apontam para uma transforma\u00e7\u00e3o profunda nas plantas fabris\u201d.<\/p>\n<p>&nbsp;<\/p>\n<p>Segundo o ministro, o MDIC, como formulador de pol\u00edtica p\u00fablica, pode contribuir para que o Brasil integre a chamada 4\u00aa Revolu\u00e7\u00e3o Industrial como agente ativo das mudan\u00e7as tecnol\u00f3gicas em curso. \u201cN\u00e3o queremos ser coadjuvantes, mas atores importantes desse processo\u201d, disse ele. (Portal Economia SC)<\/p>\n","protected":false},"excerpt":{"rendered":"<p>Portal Economia SC &nbsp; O Brasil exportou 791 mil carros para 83 mercados diferentes em 2017, com um crescimento de cerca de 40% em rela\u00e7\u00e3o a 2016, segundo as estat\u00edsticas do MDIC. O ministro interino da Ind\u00fastria, Com\u00e9rcio Exterior e Servi\u00e7os (MDIC), Marcos Jorge, deu destaque para os acordos comerciais coordenados pelo minist\u00e9rio. &nbsp; \u201cBasta\u2026 <a class=\"readmore\" href=\"https:\/\/dana.com.br\/canaldana\/2018\/02\/06\/ministro-defende-industria-automobilistica-na-gm-em-joinville\/\">Leia mais \u00bb<\/a><\/p>\n","protected":false},"author":3,"featured_media":0,"comment_status":"closed","ping_status":"closed","sticky":false,"template":"","format":"standard","meta":{"_acf_changed":false,"footnotes":""},"categories":[61],"tags":[],"class_list":["post-23022","post","type-post","status-publish","format-standard","hentry","category-destaques"],"acf":[],"yoast_head":"<!-- This site is optimized with the Yoast SEO plugin v27.3 - https:\/\/yoast.com\/product\/yoast-seo-wordpress\/ -->\n<title>Ministro defende ind\u00fastria automobil\u00edstica na GM em Joinville - Canal Dana<\/title>\n<meta name=\"robots\" content=\"index, follow, max-snippet:-1, max-image-preview:large, max-video-preview:-1\" \/>\n<link rel=\"canonical\" href=\"https:\/\/dana.com.br\/canaldana\/2018\/02\/06\/ministro-defende-industria-automobilistica-na-gm-em-joinville\/\" \/>\n<meta property=\"og:locale\" content=\"pt_BR\" \/>\n<meta property=\"og:type\" content=\"article\" \/>\n<meta property=\"og:title\" content=\"Ministro defende ind\u00fastria automobil\u00edstica na GM em Joinville - Canal Dana\" \/>\n<meta property=\"og:description\" content=\"Portal Economia SC &nbsp; O Brasil exportou 791 mil carros para 83 mercados diferentes em 2017, com um crescimento de cerca de 40% em rela\u00e7\u00e3o a 2016, segundo as estat\u00edsticas do MDIC. O ministro interino da Ind\u00fastria, Com\u00e9rcio Exterior e Servi\u00e7os (MDIC), Marcos Jorge, deu destaque para os acordos comerciais coordenados pelo minist\u00e9rio. &nbsp; \u201cBasta\u2026 Leia mais \u00bb\" \/>\n<meta property=\"og:url\" content=\"https:\/\/dana.com.br\/canaldana\/2018\/02\/06\/ministro-defende-industria-automobilistica-na-gm-em-joinville\/\" \/>\n<meta property=\"og:site_name\" content=\"Canal Dana\" \/>\n<meta property=\"article:published_time\" content=\"2018-02-06T10:47:27+00:00\" \/>\n<meta name=\"author\" content=\"Canal Dana\" \/>\n<meta name=\"twitter:card\" content=\"summary_large_image\" \/>\n<meta name=\"twitter:label1\" content=\"Escrito por\" \/>\n\t<meta name=\"twitter:data1\" content=\"Canal Dana\" \/>\n\t<meta name=\"twitter:label2\" content=\"Est. tempo de leitura\" \/>\n\t<meta name=\"twitter:data2\" content=\"4 minutos\" \/>\n<script type=\"application\/ld+json\" class=\"yoast-schema-graph\">{\"@context\":\"https:\\\/\\\/schema.org\",\"@graph\":[{\"@type\":\"Article\",\"@id\":\"https:\\\/\\\/dana.com.br\\\/canaldana\\\/2018\\\/02\\\/06\\\/ministro-defende-industria-automobilistica-na-gm-em-joinville\\\/#article\",\"isPartOf\":{\"@id\":\"https:\\\/\\\/dana.com.br\\\/canaldana\\\/2018\\\/02\\\/06\\\/ministro-defende-industria-automobilistica-na-gm-em-joinville\\\/\"},\"author\":{\"name\":\"Canal Dana\",\"@id\":\"https:\\\/\\\/dana.com.br\\\/canaldana\\\/#\\\/schema\\\/person\\\/3c21f22f56fcf3bc46b94bc60ea4fef6\"},\"headline\":\"Ministro defende ind\u00fastria automobil\u00edstica na GM em Joinville\",\"datePublished\":\"2018-02-06T10:47:27+00:00\",\"mainEntityOfPage\":{\"@id\":\"https:\\\/\\\/dana.com.br\\\/canaldana\\\/2018\\\/02\\\/06\\\/ministro-defende-industria-automobilistica-na-gm-em-joinville\\\/\"},\"wordCount\":742,\"articleSection\":[\"Destaques\"],\"inLanguage\":\"pt-BR\"},{\"@type\":\"WebPage\",\"@id\":\"https:\\\/\\\/dana.com.br\\\/canaldana\\\/2018\\\/02\\\/06\\\/ministro-defende-industria-automobilistica-na-gm-em-joinville\\\/\",\"url\":\"https:\\\/\\\/dana.com.br\\\/canaldana\\\/2018\\\/02\\\/06\\\/ministro-defende-industria-automobilistica-na-gm-em-joinville\\\/\",\"name\":\"Ministro defende ind\u00fastria automobil\u00edstica na GM em Joinville - Canal Dana\",\"isPartOf\":{\"@id\":\"https:\\\/\\\/dana.com.br\\\/canaldana\\\/#website\"},\"datePublished\":\"2018-02-06T10:47:27+00:00\",\"author\":{\"@id\":\"https:\\\/\\\/dana.com.br\\\/canaldana\\\/#\\\/schema\\\/person\\\/3c21f22f56fcf3bc46b94bc60ea4fef6\"},\"breadcrumb\":{\"@id\":\"https:\\\/\\\/dana.com.br\\\/canaldana\\\/2018\\\/02\\\/06\\\/ministro-defende-industria-automobilistica-na-gm-em-joinville\\\/#breadcrumb\"},\"inLanguage\":\"pt-BR\",\"potentialAction\":[{\"@type\":\"ReadAction\",\"target\":[\"https:\\\/\\\/dana.com.br\\\/canaldana\\\/2018\\\/02\\\/06\\\/ministro-defende-industria-automobilistica-na-gm-em-joinville\\\/\"]}]},{\"@type\":\"BreadcrumbList\",\"@id\":\"https:\\\/\\\/dana.com.br\\\/canaldana\\\/2018\\\/02\\\/06\\\/ministro-defende-industria-automobilistica-na-gm-em-joinville\\\/#breadcrumb\",\"itemListElement\":[{\"@type\":\"ListItem\",\"position\":1,\"name\":\"Home\",\"item\":\"https:\\\/\\\/dana.com.br\\\/canaldana\\\/\"},{\"@type\":\"ListItem\",\"position\":2,\"name\":\"Destaques\",\"item\":\"https:\\\/\\\/dana.com.br\\\/canaldana\\\/destaques\\\/\"},{\"@type\":\"ListItem\",\"position\":3,\"name\":\"Ministro defende ind\u00fastria automobil\u00edstica na GM em Joinville\"}]},{\"@type\":\"WebSite\",\"@id\":\"https:\\\/\\\/dana.com.br\\\/canaldana\\\/#website\",\"url\":\"https:\\\/\\\/dana.com.br\\\/canaldana\\\/\",\"name\":\"Canal Dana\",\"description\":\"Informativo com as principais not\u00edcias da ind\u00fastria automotiva\",\"potentialAction\":[{\"@type\":\"SearchAction\",\"target\":{\"@type\":\"EntryPoint\",\"urlTemplate\":\"https:\\\/\\\/dana.com.br\\\/canaldana\\\/?s={search_term_string}\"},\"query-input\":{\"@type\":\"PropertyValueSpecification\",\"valueRequired\":true,\"valueName\":\"search_term_string\"}}],\"inLanguage\":\"pt-BR\"},{\"@type\":\"Person\",\"@id\":\"https:\\\/\\\/dana.com.br\\\/canaldana\\\/#\\\/schema\\\/person\\\/3c21f22f56fcf3bc46b94bc60ea4fef6\",\"name\":\"Canal Dana\",\"image\":{\"@type\":\"ImageObject\",\"inLanguage\":\"pt-BR\",\"@id\":\"https:\\\/\\\/secure.gravatar.com\\\/avatar\\\/420aaf9278582877d9018637c6817617705899d2858d7572ef0fe59a6b6454b4?s=96&d=mm&r=g\",\"url\":\"https:\\\/\\\/secure.gravatar.com\\\/avatar\\\/420aaf9278582877d9018637c6817617705899d2858d7572ef0fe59a6b6454b4?s=96&d=mm&r=g\",\"contentUrl\":\"https:\\\/\\\/secure.gravatar.com\\\/avatar\\\/420aaf9278582877d9018637c6817617705899d2858d7572ef0fe59a6b6454b4?s=96&d=mm&r=g\",\"caption\":\"Canal Dana\"},\"url\":\"https:\\\/\\\/dana.com.br\\\/canaldana\\\/author\\\/cdeditor\\\/\"}]}<\/script>\n<!-- \/ Yoast SEO plugin. -->","yoast_head_json":{"title":"Ministro defende ind\u00fastria automobil\u00edstica na GM em Joinville - Canal Dana","robots":{"index":"index","follow":"follow","max-snippet":"max-snippet:-1","max-image-preview":"max-image-preview:large","max-video-preview":"max-video-preview:-1"},"canonical":"https:\/\/dana.com.br\/canaldana\/2018\/02\/06\/ministro-defende-industria-automobilistica-na-gm-em-joinville\/","og_locale":"pt_BR","og_type":"article","og_title":"Ministro defende ind\u00fastria automobil\u00edstica na GM em Joinville - Canal Dana","og_description":"Portal Economia SC &nbsp; O Brasil exportou 791 mil carros para 83 mercados diferentes em 2017, com um crescimento de cerca de 40% em rela\u00e7\u00e3o a 2016, segundo as estat\u00edsticas do MDIC. O ministro interino da Ind\u00fastria, Com\u00e9rcio Exterior e Servi\u00e7os (MDIC), Marcos Jorge, deu destaque para os acordos comerciais coordenados pelo minist\u00e9rio. &nbsp; \u201cBasta\u2026 Leia mais \u00bb","og_url":"https:\/\/dana.com.br\/canaldana\/2018\/02\/06\/ministro-defende-industria-automobilistica-na-gm-em-joinville\/","og_site_name":"Canal Dana","article_published_time":"2018-02-06T10:47:27+00:00","author":"Canal Dana","twitter_card":"summary_large_image","twitter_misc":{"Escrito por":"Canal Dana","Est. tempo de leitura":"4 minutos"},"schema":{"@context":"https:\/\/schema.org","@graph":[{"@type":"Article","@id":"https:\/\/dana.com.br\/canaldana\/2018\/02\/06\/ministro-defende-industria-automobilistica-na-gm-em-joinville\/#article","isPartOf":{"@id":"https:\/\/dana.com.br\/canaldana\/2018\/02\/06\/ministro-defende-industria-automobilistica-na-gm-em-joinville\/"},"author":{"name":"Canal Dana","@id":"https:\/\/dana.com.br\/canaldana\/#\/schema\/person\/3c21f22f56fcf3bc46b94bc60ea4fef6"},"headline":"Ministro defende ind\u00fastria automobil\u00edstica na GM em Joinville","datePublished":"2018-02-06T10:47:27+00:00","mainEntityOfPage":{"@id":"https:\/\/dana.com.br\/canaldana\/2018\/02\/06\/ministro-defende-industria-automobilistica-na-gm-em-joinville\/"},"wordCount":742,"articleSection":["Destaques"],"inLanguage":"pt-BR"},{"@type":"WebPage","@id":"https:\/\/dana.com.br\/canaldana\/2018\/02\/06\/ministro-defende-industria-automobilistica-na-gm-em-joinville\/","url":"https:\/\/dana.com.br\/canaldana\/2018\/02\/06\/ministro-defende-industria-automobilistica-na-gm-em-joinville\/","name":"Ministro defende ind\u00fastria automobil\u00edstica na GM em Joinville - Canal Dana","isPartOf":{"@id":"https:\/\/dana.com.br\/canaldana\/#website"},"datePublished":"2018-02-06T10:47:27+00:00","author":{"@id":"https:\/\/dana.com.br\/canaldana\/#\/schema\/person\/3c21f22f56fcf3bc46b94bc60ea4fef6"},"breadcrumb":{"@id":"https:\/\/dana.com.br\/canaldana\/2018\/02\/06\/ministro-defende-industria-automobilistica-na-gm-em-joinville\/#breadcrumb"},"inLanguage":"pt-BR","potentialAction":[{"@type":"ReadAction","target":["https:\/\/dana.com.br\/canaldana\/2018\/02\/06\/ministro-defende-industria-automobilistica-na-gm-em-joinville\/"]}]},{"@type":"BreadcrumbList","@id":"https:\/\/dana.com.br\/canaldana\/2018\/02\/06\/ministro-defende-industria-automobilistica-na-gm-em-joinville\/#breadcrumb","itemListElement":[{"@type":"ListItem","position":1,"name":"Home","item":"https:\/\/dana.com.br\/canaldana\/"},{"@type":"ListItem","position":2,"name":"Destaques","item":"https:\/\/dana.com.br\/canaldana\/destaques\/"},{"@type":"ListItem","position":3,"name":"Ministro defende ind\u00fastria automobil\u00edstica na GM em Joinville"}]},{"@type":"WebSite","@id":"https:\/\/dana.com.br\/canaldana\/#website","url":"https:\/\/dana.com.br\/canaldana\/","name":"Canal Dana","description":"Informativo com as principais not\u00edcias da ind\u00fastria automotiva","potentialAction":[{"@type":"SearchAction","target":{"@type":"EntryPoint","urlTemplate":"https:\/\/dana.com.br\/canaldana\/?s={search_term_string}"},"query-input":{"@type":"PropertyValueSpecification","valueRequired":true,"valueName":"search_term_string"}}],"inLanguage":"pt-BR"},{"@type":"Person","@id":"https:\/\/dana.com.br\/canaldana\/#\/schema\/person\/3c21f22f56fcf3bc46b94bc60ea4fef6","name":"Canal Dana","image":{"@type":"ImageObject","inLanguage":"pt-BR","@id":"https:\/\/secure.gravatar.com\/avatar\/420aaf9278582877d9018637c6817617705899d2858d7572ef0fe59a6b6454b4?s=96&d=mm&r=g","url":"https:\/\/secure.gravatar.com\/avatar\/420aaf9278582877d9018637c6817617705899d2858d7572ef0fe59a6b6454b4?s=96&d=mm&r=g","contentUrl":"https:\/\/secure.gravatar.com\/avatar\/420aaf9278582877d9018637c6817617705899d2858d7572ef0fe59a6b6454b4?s=96&d=mm&r=g","caption":"Canal Dana"},"url":"https:\/\/dana.com.br\/canaldana\/author\/cdeditor\/"}]}},"_links":{"self":[{"href":"https:\/\/dana.com.br\/canaldana\/wp-json\/wp\/v2\/posts\/23022","targetHints":{"allow":["GET"]}}],"collection":[{"href":"https:\/\/dana.com.br\/canaldana\/wp-json\/wp\/v2\/posts"}],"about":[{"href":"https:\/\/dana.com.br\/canaldana\/wp-json\/wp\/v2\/types\/post"}],"author":[{"embeddable":true,"href":"https:\/\/dana.com.br\/canaldana\/wp-json\/wp\/v2\/users\/3"}],"replies":[{"embeddable":true,"href":"https:\/\/dana.com.br\/canaldana\/wp-json\/wp\/v2\/comments?post=23022"}],"version-history":[{"count":0,"href":"https:\/\/dana.com.br\/canaldana\/wp-json\/wp\/v2\/posts\/23022\/revisions"}],"wp:attachment":[{"href":"https:\/\/dana.com.br\/canaldana\/wp-json\/wp\/v2\/media?parent=23022"}],"wp:term":[{"taxonomy":"category","embeddable":true,"href":"https:\/\/dana.com.br\/canaldana\/wp-json\/wp\/v2\/categories?post=23022"},{"taxonomy":"post_tag","embeddable":true,"href":"https:\/\/dana.com.br\/canaldana\/wp-json\/wp\/v2\/tags?post=23022"}],"curies":[{"name":"wp","href":"https:\/\/api.w.org\/{rel}","templated":true}]}}