{"id":23020,"date":"2018-02-06T08:46:33","date_gmt":"2018-02-06T10:46:33","guid":{"rendered":"http:\/\/dana.com.br\/canaldana\/?p=23020"},"modified":"2018-02-06T08:46:33","modified_gmt":"2018-02-06T10:46:33","slug":"construcao-civil-veiculos-e-energia-devem-ajudar-o-pib-em-2018","status":"publish","type":"post","link":"https:\/\/dana.com.br\/canaldana\/2018\/02\/06\/construcao-civil-veiculos-e-energia-devem-ajudar-o-pib-em-2018\/","title":{"rendered":"Constru\u00e7\u00e3o civil, ve\u00edculos e energia devem ajudar o PIB em 2018"},"content":{"rendered":"<p><em>O Estado de S. Paulo<\/em><\/p>\n<p>&nbsp;<\/p>\n<p>Setores da economia que garantiram a rea\u00e7\u00e3o da arrecada\u00e7\u00e3o em 2017, como a ind\u00fastria automotiva, qu\u00edmica, constru\u00e7\u00e3o civil, energia e de alimentos devem puxar o crescimento da economia ao longo deste ano, segundo o Minist\u00e9rio do Planejamento.<\/p>\n<p>&nbsp;<\/p>\n<p>A recupera\u00e7\u00e3o j\u00e1 come\u00e7ou a atingir a ind\u00fastria automobil\u00edstica. No ano passado, a produ\u00e7\u00e3o do setor subiu 25,2%, depois de tr\u00eas anos de retra\u00e7\u00e3o, enquanto as vendas no mercado interno subiram 9,2%, a primeira alta desde 2012. O ano de 2018 tamb\u00e9m ser\u00e1 bom para a ind\u00fastria.<\/p>\n<p>&nbsp;<\/p>\n<p>A Associa\u00e7\u00e3o Nacional dos Fabricantes de Ve\u00edculos Automotores (Anfavea) prev\u00ea que as vendas devem aumentar 11,7% neste ano no Pa\u00eds, e a produ\u00e7\u00e3o, 13,2%.<\/p>\n<p>&nbsp;<\/p>\n<p>O setor de energia el\u00e9trica deve ter uma recupera\u00e7\u00e3o semelhante, mas um pouco inferior \u00e0 projetada pelo governo. De acordo com o presidente da Associa\u00e7\u00e3o Brasileira de Distribuidores de Energia El\u00e9trica (Abradee), Nelson Fonseca Leite, o consumo de energia deve registrar crescimento de 3,2% neste ano. Esse cen\u00e1rio considera que o PIB deve ter registrar uma eleva\u00e7\u00e3o entre 2% e 2,5%. Mas o resultado pode ser melhor se a economia crescer mais, como esperam os analistas.<\/p>\n<p>&nbsp;<\/p>\n<p>\u201cRealmente tivemos um crescimento maior no consumo de energia no quarto trimestre do ano passado, impulsionado pelo consumo da ind\u00fastria\u201d, afirmou Leite. Depois de dois anos consecutivos de redu\u00e7\u00e3o, o consumo subiu 0,8% em 2017, retomando os n\u00edveis verificados em 2015. O resultado s\u00f3 n\u00e3o foi maior, disse o executivo, porque os primeiros meses de 2017 foram mais fracos.<\/p>\n<p>&nbsp;<\/p>\n<p>O presidente-executivo da Associa\u00e7\u00e3o Brasileira da Ind\u00fastria Qu\u00edmica (Abiquim), Fernando Figueiredo, disse que as vendas de produtos qu\u00edmicos no mercado interno tiveram alta de 6% no ano passado, mas o maior destaque veio dos produtos importados. Enquanto a produ\u00e7\u00e3o nacional aumentou 1,85% em 2017, as importa\u00e7\u00f5es tiveram alta de 21% nas vendas e atingiram participa\u00e7\u00e3o recorde de 38% no mercado interno. Para se ter uma ideia, na d\u00e9cada de 1990, essa fatia era de apenas 7%.<\/p>\n<p>&nbsp;<\/p>\n<p>Figueiredo, no entanto, est\u00e1 otimista. Segundo ele, nos \u00faltimos 25 anos, o consumo aparente de produtos qu\u00edmicos cresceu, em m\u00e9dia, 25% acima do PIB. \u201cEnt\u00e3o, se o Pa\u00eds crescer, n\u00f3s tamb\u00e9m crescemos\u201d, afirmou.<\/p>\n<p>&nbsp;<\/p>\n<p>J\u00e1 o presidente da C\u00e2mara Brasileira da Ind\u00fastria da Constru\u00e7\u00e3o (CBIC), Jos\u00e9 Carlos Martins, essa recupera\u00e7\u00e3o econ\u00f4mica ainda n\u00e3o atingiu o setor. \u201cOs financiamentos ca\u00edram 7% no ano passado. No \u00faltimo trimestre, continuamos perdendo empregos\u201d, disse.<\/p>\n<p>&nbsp;<\/p>\n<p>Segundo ele, o segmento de constru\u00e7\u00e3o de edif\u00edcios, um dos destaques da arrecada\u00e7\u00e3o, pode ter sido registado comportamento positivo devido a caracter\u00edsticas espec\u00edficas da tributa\u00e7\u00e3o, que incide de forma defasada. A maior parte dos impostos \u00e9 cobrada quando o cliente quita o financiamento, e n\u00e3o no per\u00edodo de obras. \u201cO grosso dos impostos fica para o final, e isso pode ter sido reflexo de coisas que est\u00e3o terminando agora\u201d, disse.<\/p>\n<p>&nbsp;<\/p>\n<p>O ano de 2018 ainda \u00e9 uma inc\u00f3gnita para o setor de constru\u00e7\u00e3o, disse Martins. Ainda h\u00e1 muitas d\u00favidas sobre o comportamento do mercado imobili\u00e1rio e do setor de infraestrutura. No segmento de obras p\u00fablicas, n\u00e3o h\u00e1 nenhuma expectativa. \u201cEu diria que \u00e9 um ano de oportunidades e incertezas\u201d, afirmou. (O Estado de S. Paulo\/Anne Warth e Adriana Fernandes)<\/p>\n","protected":false},"excerpt":{"rendered":"<p>O Estado de S. Paulo &nbsp; Setores da economia que garantiram a rea\u00e7\u00e3o da arrecada\u00e7\u00e3o em 2017, como a ind\u00fastria automotiva, qu\u00edmica, constru\u00e7\u00e3o civil, energia e de alimentos devem puxar o crescimento da economia ao longo deste ano, segundo o Minist\u00e9rio do Planejamento. &nbsp; A recupera\u00e7\u00e3o j\u00e1 come\u00e7ou a atingir a ind\u00fastria automobil\u00edstica. No ano\u2026 <a class=\"readmore\" href=\"https:\/\/dana.com.br\/canaldana\/2018\/02\/06\/construcao-civil-veiculos-e-energia-devem-ajudar-o-pib-em-2018\/\">Leia mais \u00bb<\/a><\/p>\n","protected":false},"author":3,"featured_media":0,"comment_status":"closed","ping_status":"closed","sticky":false,"template":"","format":"standard","meta":{"_acf_changed":false,"footnotes":""},"categories":[61],"tags":[],"class_list":["post-23020","post","type-post","status-publish","format-standard","hentry","category-destaques"],"acf":[],"yoast_head":"<!-- This site is optimized with the Yoast SEO plugin v27.3 - https:\/\/yoast.com\/product\/yoast-seo-wordpress\/ -->\n<title>Constru\u00e7\u00e3o civil, ve\u00edculos e energia devem ajudar o PIB em 2018 - Canal Dana<\/title>\n<meta name=\"robots\" content=\"index, follow, max-snippet:-1, max-image-preview:large, max-video-preview:-1\" \/>\n<link rel=\"canonical\" href=\"https:\/\/dana.com.br\/canaldana\/2018\/02\/06\/construcao-civil-veiculos-e-energia-devem-ajudar-o-pib-em-2018\/\" \/>\n<meta property=\"og:locale\" content=\"pt_BR\" \/>\n<meta property=\"og:type\" content=\"article\" \/>\n<meta property=\"og:title\" content=\"Constru\u00e7\u00e3o civil, ve\u00edculos e energia devem ajudar o PIB em 2018 - Canal Dana\" \/>\n<meta property=\"og:description\" content=\"O Estado de S. Paulo &nbsp; Setores da economia que garantiram a rea\u00e7\u00e3o da arrecada\u00e7\u00e3o em 2017, como a ind\u00fastria automotiva, qu\u00edmica, constru\u00e7\u00e3o civil, energia e de alimentos devem puxar o crescimento da economia ao longo deste ano, segundo o Minist\u00e9rio do Planejamento. &nbsp; A recupera\u00e7\u00e3o j\u00e1 come\u00e7ou a atingir a ind\u00fastria automobil\u00edstica. No ano\u2026 Leia mais \u00bb\" \/>\n<meta property=\"og:url\" content=\"https:\/\/dana.com.br\/canaldana\/2018\/02\/06\/construcao-civil-veiculos-e-energia-devem-ajudar-o-pib-em-2018\/\" \/>\n<meta property=\"og:site_name\" content=\"Canal Dana\" \/>\n<meta property=\"article:published_time\" content=\"2018-02-06T10:46:33+00:00\" \/>\n<meta name=\"author\" content=\"Canal Dana\" \/>\n<meta name=\"twitter:card\" content=\"summary_large_image\" \/>\n<meta name=\"twitter:label1\" content=\"Escrito por\" \/>\n\t<meta name=\"twitter:data1\" content=\"Canal Dana\" \/>\n\t<meta name=\"twitter:label2\" content=\"Est. tempo de leitura\" \/>\n\t<meta name=\"twitter:data2\" content=\"3 minutos\" \/>\n<script type=\"application\/ld+json\" class=\"yoast-schema-graph\">{\"@context\":\"https:\\\/\\\/schema.org\",\"@graph\":[{\"@type\":\"Article\",\"@id\":\"https:\\\/\\\/dana.com.br\\\/canaldana\\\/2018\\\/02\\\/06\\\/construcao-civil-veiculos-e-energia-devem-ajudar-o-pib-em-2018\\\/#article\",\"isPartOf\":{\"@id\":\"https:\\\/\\\/dana.com.br\\\/canaldana\\\/2018\\\/02\\\/06\\\/construcao-civil-veiculos-e-energia-devem-ajudar-o-pib-em-2018\\\/\"},\"author\":{\"name\":\"Canal Dana\",\"@id\":\"https:\\\/\\\/dana.com.br\\\/canaldana\\\/#\\\/schema\\\/person\\\/3c21f22f56fcf3bc46b94bc60ea4fef6\"},\"headline\":\"Constru\u00e7\u00e3o civil, ve\u00edculos e energia devem ajudar o PIB em 2018\",\"datePublished\":\"2018-02-06T10:46:33+00:00\",\"mainEntityOfPage\":{\"@id\":\"https:\\\/\\\/dana.com.br\\\/canaldana\\\/2018\\\/02\\\/06\\\/construcao-civil-veiculos-e-energia-devem-ajudar-o-pib-em-2018\\\/\"},\"wordCount\":581,\"articleSection\":[\"Destaques\"],\"inLanguage\":\"pt-BR\"},{\"@type\":\"WebPage\",\"@id\":\"https:\\\/\\\/dana.com.br\\\/canaldana\\\/2018\\\/02\\\/06\\\/construcao-civil-veiculos-e-energia-devem-ajudar-o-pib-em-2018\\\/\",\"url\":\"https:\\\/\\\/dana.com.br\\\/canaldana\\\/2018\\\/02\\\/06\\\/construcao-civil-veiculos-e-energia-devem-ajudar-o-pib-em-2018\\\/\",\"name\":\"Constru\u00e7\u00e3o civil, ve\u00edculos e energia devem ajudar o PIB em 2018 - Canal Dana\",\"isPartOf\":{\"@id\":\"https:\\\/\\\/dana.com.br\\\/canaldana\\\/#website\"},\"datePublished\":\"2018-02-06T10:46:33+00:00\",\"author\":{\"@id\":\"https:\\\/\\\/dana.com.br\\\/canaldana\\\/#\\\/schema\\\/person\\\/3c21f22f56fcf3bc46b94bc60ea4fef6\"},\"breadcrumb\":{\"@id\":\"https:\\\/\\\/dana.com.br\\\/canaldana\\\/2018\\\/02\\\/06\\\/construcao-civil-veiculos-e-energia-devem-ajudar-o-pib-em-2018\\\/#breadcrumb\"},\"inLanguage\":\"pt-BR\",\"potentialAction\":[{\"@type\":\"ReadAction\",\"target\":[\"https:\\\/\\\/dana.com.br\\\/canaldana\\\/2018\\\/02\\\/06\\\/construcao-civil-veiculos-e-energia-devem-ajudar-o-pib-em-2018\\\/\"]}]},{\"@type\":\"BreadcrumbList\",\"@id\":\"https:\\\/\\\/dana.com.br\\\/canaldana\\\/2018\\\/02\\\/06\\\/construcao-civil-veiculos-e-energia-devem-ajudar-o-pib-em-2018\\\/#breadcrumb\",\"itemListElement\":[{\"@type\":\"ListItem\",\"position\":1,\"name\":\"Home\",\"item\":\"https:\\\/\\\/dana.com.br\\\/canaldana\\\/\"},{\"@type\":\"ListItem\",\"position\":2,\"name\":\"Destaques\",\"item\":\"https:\\\/\\\/dana.com.br\\\/canaldana\\\/destaques\\\/\"},{\"@type\":\"ListItem\",\"position\":3,\"name\":\"Constru\u00e7\u00e3o civil, ve\u00edculos e energia devem ajudar o PIB em 2018\"}]},{\"@type\":\"WebSite\",\"@id\":\"https:\\\/\\\/dana.com.br\\\/canaldana\\\/#website\",\"url\":\"https:\\\/\\\/dana.com.br\\\/canaldana\\\/\",\"name\":\"Canal Dana\",\"description\":\"Informativo com as principais not\u00edcias da ind\u00fastria automotiva\",\"potentialAction\":[{\"@type\":\"SearchAction\",\"target\":{\"@type\":\"EntryPoint\",\"urlTemplate\":\"https:\\\/\\\/dana.com.br\\\/canaldana\\\/?s={search_term_string}\"},\"query-input\":{\"@type\":\"PropertyValueSpecification\",\"valueRequired\":true,\"valueName\":\"search_term_string\"}}],\"inLanguage\":\"pt-BR\"},{\"@type\":\"Person\",\"@id\":\"https:\\\/\\\/dana.com.br\\\/canaldana\\\/#\\\/schema\\\/person\\\/3c21f22f56fcf3bc46b94bc60ea4fef6\",\"name\":\"Canal Dana\",\"image\":{\"@type\":\"ImageObject\",\"inLanguage\":\"pt-BR\",\"@id\":\"https:\\\/\\\/secure.gravatar.com\\\/avatar\\\/420aaf9278582877d9018637c6817617705899d2858d7572ef0fe59a6b6454b4?s=96&d=mm&r=g\",\"url\":\"https:\\\/\\\/secure.gravatar.com\\\/avatar\\\/420aaf9278582877d9018637c6817617705899d2858d7572ef0fe59a6b6454b4?s=96&d=mm&r=g\",\"contentUrl\":\"https:\\\/\\\/secure.gravatar.com\\\/avatar\\\/420aaf9278582877d9018637c6817617705899d2858d7572ef0fe59a6b6454b4?s=96&d=mm&r=g\",\"caption\":\"Canal Dana\"},\"url\":\"https:\\\/\\\/dana.com.br\\\/canaldana\\\/author\\\/cdeditor\\\/\"}]}<\/script>\n<!-- \/ Yoast SEO plugin. -->","yoast_head_json":{"title":"Constru\u00e7\u00e3o civil, ve\u00edculos e energia devem ajudar o PIB em 2018 - Canal Dana","robots":{"index":"index","follow":"follow","max-snippet":"max-snippet:-1","max-image-preview":"max-image-preview:large","max-video-preview":"max-video-preview:-1"},"canonical":"https:\/\/dana.com.br\/canaldana\/2018\/02\/06\/construcao-civil-veiculos-e-energia-devem-ajudar-o-pib-em-2018\/","og_locale":"pt_BR","og_type":"article","og_title":"Constru\u00e7\u00e3o civil, ve\u00edculos e energia devem ajudar o PIB em 2018 - Canal Dana","og_description":"O Estado de S. Paulo &nbsp; Setores da economia que garantiram a rea\u00e7\u00e3o da arrecada\u00e7\u00e3o em 2017, como a ind\u00fastria automotiva, qu\u00edmica, constru\u00e7\u00e3o civil, energia e de alimentos devem puxar o crescimento da economia ao longo deste ano, segundo o Minist\u00e9rio do Planejamento. &nbsp; A recupera\u00e7\u00e3o j\u00e1 come\u00e7ou a atingir a ind\u00fastria automobil\u00edstica. No ano\u2026 Leia mais \u00bb","og_url":"https:\/\/dana.com.br\/canaldana\/2018\/02\/06\/construcao-civil-veiculos-e-energia-devem-ajudar-o-pib-em-2018\/","og_site_name":"Canal Dana","article_published_time":"2018-02-06T10:46:33+00:00","author":"Canal Dana","twitter_card":"summary_large_image","twitter_misc":{"Escrito por":"Canal Dana","Est. tempo de leitura":"3 minutos"},"schema":{"@context":"https:\/\/schema.org","@graph":[{"@type":"Article","@id":"https:\/\/dana.com.br\/canaldana\/2018\/02\/06\/construcao-civil-veiculos-e-energia-devem-ajudar-o-pib-em-2018\/#article","isPartOf":{"@id":"https:\/\/dana.com.br\/canaldana\/2018\/02\/06\/construcao-civil-veiculos-e-energia-devem-ajudar-o-pib-em-2018\/"},"author":{"name":"Canal Dana","@id":"https:\/\/dana.com.br\/canaldana\/#\/schema\/person\/3c21f22f56fcf3bc46b94bc60ea4fef6"},"headline":"Constru\u00e7\u00e3o civil, ve\u00edculos e energia devem ajudar o PIB em 2018","datePublished":"2018-02-06T10:46:33+00:00","mainEntityOfPage":{"@id":"https:\/\/dana.com.br\/canaldana\/2018\/02\/06\/construcao-civil-veiculos-e-energia-devem-ajudar-o-pib-em-2018\/"},"wordCount":581,"articleSection":["Destaques"],"inLanguage":"pt-BR"},{"@type":"WebPage","@id":"https:\/\/dana.com.br\/canaldana\/2018\/02\/06\/construcao-civil-veiculos-e-energia-devem-ajudar-o-pib-em-2018\/","url":"https:\/\/dana.com.br\/canaldana\/2018\/02\/06\/construcao-civil-veiculos-e-energia-devem-ajudar-o-pib-em-2018\/","name":"Constru\u00e7\u00e3o civil, ve\u00edculos e energia devem ajudar o PIB em 2018 - Canal Dana","isPartOf":{"@id":"https:\/\/dana.com.br\/canaldana\/#website"},"datePublished":"2018-02-06T10:46:33+00:00","author":{"@id":"https:\/\/dana.com.br\/canaldana\/#\/schema\/person\/3c21f22f56fcf3bc46b94bc60ea4fef6"},"breadcrumb":{"@id":"https:\/\/dana.com.br\/canaldana\/2018\/02\/06\/construcao-civil-veiculos-e-energia-devem-ajudar-o-pib-em-2018\/#breadcrumb"},"inLanguage":"pt-BR","potentialAction":[{"@type":"ReadAction","target":["https:\/\/dana.com.br\/canaldana\/2018\/02\/06\/construcao-civil-veiculos-e-energia-devem-ajudar-o-pib-em-2018\/"]}]},{"@type":"BreadcrumbList","@id":"https:\/\/dana.com.br\/canaldana\/2018\/02\/06\/construcao-civil-veiculos-e-energia-devem-ajudar-o-pib-em-2018\/#breadcrumb","itemListElement":[{"@type":"ListItem","position":1,"name":"Home","item":"https:\/\/dana.com.br\/canaldana\/"},{"@type":"ListItem","position":2,"name":"Destaques","item":"https:\/\/dana.com.br\/canaldana\/destaques\/"},{"@type":"ListItem","position":3,"name":"Constru\u00e7\u00e3o civil, ve\u00edculos e energia devem ajudar o PIB em 2018"}]},{"@type":"WebSite","@id":"https:\/\/dana.com.br\/canaldana\/#website","url":"https:\/\/dana.com.br\/canaldana\/","name":"Canal Dana","description":"Informativo com as principais not\u00edcias da ind\u00fastria automotiva","potentialAction":[{"@type":"SearchAction","target":{"@type":"EntryPoint","urlTemplate":"https:\/\/dana.com.br\/canaldana\/?s={search_term_string}"},"query-input":{"@type":"PropertyValueSpecification","valueRequired":true,"valueName":"search_term_string"}}],"inLanguage":"pt-BR"},{"@type":"Person","@id":"https:\/\/dana.com.br\/canaldana\/#\/schema\/person\/3c21f22f56fcf3bc46b94bc60ea4fef6","name":"Canal Dana","image":{"@type":"ImageObject","inLanguage":"pt-BR","@id":"https:\/\/secure.gravatar.com\/avatar\/420aaf9278582877d9018637c6817617705899d2858d7572ef0fe59a6b6454b4?s=96&d=mm&r=g","url":"https:\/\/secure.gravatar.com\/avatar\/420aaf9278582877d9018637c6817617705899d2858d7572ef0fe59a6b6454b4?s=96&d=mm&r=g","contentUrl":"https:\/\/secure.gravatar.com\/avatar\/420aaf9278582877d9018637c6817617705899d2858d7572ef0fe59a6b6454b4?s=96&d=mm&r=g","caption":"Canal Dana"},"url":"https:\/\/dana.com.br\/canaldana\/author\/cdeditor\/"}]}},"_links":{"self":[{"href":"https:\/\/dana.com.br\/canaldana\/wp-json\/wp\/v2\/posts\/23020","targetHints":{"allow":["GET"]}}],"collection":[{"href":"https:\/\/dana.com.br\/canaldana\/wp-json\/wp\/v2\/posts"}],"about":[{"href":"https:\/\/dana.com.br\/canaldana\/wp-json\/wp\/v2\/types\/post"}],"author":[{"embeddable":true,"href":"https:\/\/dana.com.br\/canaldana\/wp-json\/wp\/v2\/users\/3"}],"replies":[{"embeddable":true,"href":"https:\/\/dana.com.br\/canaldana\/wp-json\/wp\/v2\/comments?post=23020"}],"version-history":[{"count":0,"href":"https:\/\/dana.com.br\/canaldana\/wp-json\/wp\/v2\/posts\/23020\/revisions"}],"wp:attachment":[{"href":"https:\/\/dana.com.br\/canaldana\/wp-json\/wp\/v2\/media?parent=23020"}],"wp:term":[{"taxonomy":"category","embeddable":true,"href":"https:\/\/dana.com.br\/canaldana\/wp-json\/wp\/v2\/categories?post=23020"},{"taxonomy":"post_tag","embeddable":true,"href":"https:\/\/dana.com.br\/canaldana\/wp-json\/wp\/v2\/tags?post=23020"}],"curies":[{"name":"wp","href":"https:\/\/api.w.org\/{rel}","templated":true}]}}