{"id":22843,"date":"2018-01-31T08:26:43","date_gmt":"2018-01-31T10:26:43","guid":{"rendered":"http:\/\/dana.com.br\/canaldana\/?p=22843"},"modified":"2018-01-31T08:26:43","modified_gmt":"2018-01-31T10:26:43","slug":"zona-do-euro-tem-maior-crescimento-do-pib-em-10-anos","status":"publish","type":"post","link":"https:\/\/dana.com.br\/canaldana\/2018\/01\/31\/zona-do-euro-tem-maior-crescimento-do-pib-em-10-anos\/","title":{"rendered":"Zona do euro tem maior crescimento do PIB em 10 anos"},"content":{"rendered":"<p><em>O Estado de S. Paulo\u00a0<\/em><\/p>\n<p>&nbsp;<\/p>\n<p>A zona do euro, o conjunto de 19 pa\u00edses da Uni\u00e3o Europeia que adotam a moeda \u00fanica, registrou em 2017 seu melhor desempenho econ\u00f4mico em 10 anos. Os n\u00fameros foram divulgados ontem pelo Escrit\u00f3rio Estat\u00edstico das Comunidades Europeias (Eurostat), em Bruxelas, e indicam que o Produto Interno Bruto (PIB) da uni\u00e3o monet\u00e1ria avan\u00e7ou 0,6% no \u00faltimo trimestre, fechando o ano com crescimento de 2,5%. O resultado \u00e9 o melhor desde 2007, quando a alta foi de 3%.<\/p>\n<p>&nbsp;<\/p>\n<p>Os n\u00fameros s\u00e3o ainda mais animadores na compara\u00e7\u00e3o com outras economias desenvolvidas. A zona do euro foi igualada apenas pelo Jap\u00e3o, e superou os Estados Unidos, que cresceu 2,3% no ano passado, e o Reino Unido, que registrou alta de 1,8%. Esse \u00e9 o segundo ano consecutivo que a economia americana, grande refer\u00eancia da europeia, fica para tr\u00e1s. Em 2016, a zona do euro havia evolu\u00eddo 1,7%, contra 1,5% do outro lado do Atl\u00e2ntico. Esses resultados levam analistas a acreditar que os \u00faltimos resultados n\u00e3o s\u00e3o conjunturais, e que as economias retomaram uma trajet\u00f3ria positiva ap\u00f3s a longa crise das d\u00edvidas, iniciada na Gr\u00e9cia.<\/p>\n<p>&nbsp;<\/p>\n<p>Os dados nacionais ser\u00e3o divulgados hoje, mas os n\u00fameros j\u00e1 conhecidos na Europa do sul mostram que a retomada foi generalizada. Em toda a Europa mediterr\u00e2nea, o desempenho foi positivo, com destaques para a Espanha, cujo PIB subiu 3,1%, e para a Fran\u00e7a, que teve alta de 1,9% \u2013 o maior \u00edndice desde 2011. It\u00e1lia e Portugal, que enfrentaram recess\u00e3o cr\u00f4nica, tamb\u00e9m voltaram a crescer.<\/p>\n<p>&nbsp;<\/p>\n<p>Outra boa not\u00edcia foi a dissemina\u00e7\u00e3o da performance positiva em diferentes \u00e1reas da economia europeia. Embora os dados setoriais ainda n\u00e3o sejam conhecidos, os primeiros elementos indicam que o com\u00e9rcio e a ind\u00fastria foram motores do crescimento. O investimento das empresas tamb\u00e9m foi decisivo. \u201cDesde 2014, o investimento representou quase a metade do crescimento\u201d, explica Michel Martinez, economista-chefe para Europa do banco Soci\u00e9t\u00e9 G\u00e9n\u00e9rale.<\/p>\n<p>&nbsp;<\/p>\n<p>Gra\u00e7as \u00e0 maior demanda dos Estados Unidos e da China, as trocas comerciais aumentaram 1,3% em rela\u00e7\u00e3o a 2016. Com isso, as exporta\u00e7\u00f5es ganharam oxig\u00eanio, avan\u00e7ando 4,1% no ano passado, de acordo com levantamento do banco Rothschild. A demanda interna tamb\u00e9m foi forte, em especial na Espanha e em Portugal, que saem da din\u00e2mica da austeridade fiscal.<\/p>\n<p>&nbsp;<\/p>\n<p><strong>Trabalho<\/strong><\/p>\n<p>&nbsp;<\/p>\n<p>Mas o consumo s\u00f3 p\u00f4de avan\u00e7ar gra\u00e7as \u00e0 melhora do n\u00edvel de emprego e do poder de compra das fam\u00edlias. Em toda a zona do euro, o desemprego teve forte baixa, recuando de 9,6% para 8,7%, o menor n\u00edvel desde 2009. Desde 2013, mais de 7 milh\u00f5es de empregos foram criados nos 19 pa\u00edses.<\/p>\n<p>&nbsp;<\/p>\n<p>Os resultados nacionais, por\u00e9m, mostram alto contraste entre pa\u00edses. Enquanto Alemanha e Holanda vivem o pleno emprego, com 3,6% e 4,4% de desempregados, respectivamente, Gr\u00e9cia, com 20,5% da popula\u00e7\u00e3o ativa sem vaga, e Espanha, com 16,7%, continuam a sofrer com a cr\u00f4nica falta de postos.<\/p>\n<p>&nbsp;<\/p>\n<p>O segundo ano consecutivo de bom desempenho animou os economistas, que acreditam que a espiral positiva tende a se manter em 2018. Segundo a Comiss\u00e3o Europeia, que sempre opta por previs\u00f5es conservadoras, a zona do euro dever\u00e1 voltar a crescer, embora em n\u00edvel mais discreto: 2,1%. O Banco Central Europeu (BCE) indica perspectiva de alta de 2,3%. (O Estado de S. Paulo\/Andrei Neto)<\/p>\n","protected":false},"excerpt":{"rendered":"<p>O Estado de S. Paulo\u00a0 &nbsp; A zona do euro, o conjunto de 19 pa\u00edses da Uni\u00e3o Europeia que adotam a moeda \u00fanica, registrou em 2017 seu melhor desempenho econ\u00f4mico em 10 anos. Os n\u00fameros foram divulgados ontem pelo Escrit\u00f3rio Estat\u00edstico das Comunidades Europeias (Eurostat), em Bruxelas, e indicam que o Produto Interno Bruto (PIB)\u2026 <a class=\"readmore\" href=\"https:\/\/dana.com.br\/canaldana\/2018\/01\/31\/zona-do-euro-tem-maior-crescimento-do-pib-em-10-anos\/\">Leia mais \u00bb<\/a><\/p>\n","protected":false},"author":3,"featured_media":0,"comment_status":"closed","ping_status":"closed","sticky":false,"template":"","format":"standard","meta":{"_acf_changed":false,"footnotes":""},"categories":[79],"tags":[],"class_list":["post-22843","post","type-post","status-publish","format-standard","hentry","category-mercado"],"acf":[],"yoast_head":"<!-- This site is optimized with the Yoast SEO plugin v27.3 - https:\/\/yoast.com\/product\/yoast-seo-wordpress\/ -->\n<title>Zona do euro tem maior crescimento do PIB em 10 anos - Canal Dana<\/title>\n<meta name=\"robots\" content=\"index, follow, max-snippet:-1, max-image-preview:large, max-video-preview:-1\" \/>\n<link rel=\"canonical\" href=\"https:\/\/dana.com.br\/canaldana\/2018\/01\/31\/zona-do-euro-tem-maior-crescimento-do-pib-em-10-anos\/\" \/>\n<meta property=\"og:locale\" content=\"pt_BR\" \/>\n<meta property=\"og:type\" content=\"article\" \/>\n<meta property=\"og:title\" content=\"Zona do euro tem maior crescimento do PIB em 10 anos - Canal Dana\" \/>\n<meta property=\"og:description\" content=\"O Estado de S. Paulo\u00a0 &nbsp; A zona do euro, o conjunto de 19 pa\u00edses da Uni\u00e3o Europeia que adotam a moeda \u00fanica, registrou em 2017 seu melhor desempenho econ\u00f4mico em 10 anos. Os n\u00fameros foram divulgados ontem pelo Escrit\u00f3rio Estat\u00edstico das Comunidades Europeias (Eurostat), em Bruxelas, e indicam que o Produto Interno Bruto (PIB)\u2026 Leia mais \u00bb\" \/>\n<meta property=\"og:url\" content=\"https:\/\/dana.com.br\/canaldana\/2018\/01\/31\/zona-do-euro-tem-maior-crescimento-do-pib-em-10-anos\/\" \/>\n<meta property=\"og:site_name\" content=\"Canal Dana\" \/>\n<meta property=\"article:published_time\" content=\"2018-01-31T10:26:43+00:00\" \/>\n<meta name=\"author\" content=\"Canal Dana\" \/>\n<meta name=\"twitter:card\" content=\"summary_large_image\" \/>\n<meta name=\"twitter:label1\" content=\"Escrito por\" \/>\n\t<meta name=\"twitter:data1\" content=\"Canal Dana\" \/>\n\t<meta name=\"twitter:label2\" content=\"Est. tempo de leitura\" \/>\n\t<meta name=\"twitter:data2\" content=\"3 minutos\" \/>\n<script type=\"application\/ld+json\" class=\"yoast-schema-graph\">{\"@context\":\"https:\\\/\\\/schema.org\",\"@graph\":[{\"@type\":\"Article\",\"@id\":\"https:\\\/\\\/dana.com.br\\\/canaldana\\\/2018\\\/01\\\/31\\\/zona-do-euro-tem-maior-crescimento-do-pib-em-10-anos\\\/#article\",\"isPartOf\":{\"@id\":\"https:\\\/\\\/dana.com.br\\\/canaldana\\\/2018\\\/01\\\/31\\\/zona-do-euro-tem-maior-crescimento-do-pib-em-10-anos\\\/\"},\"author\":{\"name\":\"Canal Dana\",\"@id\":\"https:\\\/\\\/dana.com.br\\\/canaldana\\\/#\\\/schema\\\/person\\\/3c21f22f56fcf3bc46b94bc60ea4fef6\"},\"headline\":\"Zona do euro tem maior crescimento do PIB em 10 anos\",\"datePublished\":\"2018-01-31T10:26:43+00:00\",\"mainEntityOfPage\":{\"@id\":\"https:\\\/\\\/dana.com.br\\\/canaldana\\\/2018\\\/01\\\/31\\\/zona-do-euro-tem-maior-crescimento-do-pib-em-10-anos\\\/\"},\"wordCount\":581,\"articleSection\":[\"Mercado\"],\"inLanguage\":\"pt-BR\"},{\"@type\":\"WebPage\",\"@id\":\"https:\\\/\\\/dana.com.br\\\/canaldana\\\/2018\\\/01\\\/31\\\/zona-do-euro-tem-maior-crescimento-do-pib-em-10-anos\\\/\",\"url\":\"https:\\\/\\\/dana.com.br\\\/canaldana\\\/2018\\\/01\\\/31\\\/zona-do-euro-tem-maior-crescimento-do-pib-em-10-anos\\\/\",\"name\":\"Zona do euro tem maior crescimento do PIB em 10 anos - Canal Dana\",\"isPartOf\":{\"@id\":\"https:\\\/\\\/dana.com.br\\\/canaldana\\\/#website\"},\"datePublished\":\"2018-01-31T10:26:43+00:00\",\"author\":{\"@id\":\"https:\\\/\\\/dana.com.br\\\/canaldana\\\/#\\\/schema\\\/person\\\/3c21f22f56fcf3bc46b94bc60ea4fef6\"},\"breadcrumb\":{\"@id\":\"https:\\\/\\\/dana.com.br\\\/canaldana\\\/2018\\\/01\\\/31\\\/zona-do-euro-tem-maior-crescimento-do-pib-em-10-anos\\\/#breadcrumb\"},\"inLanguage\":\"pt-BR\",\"potentialAction\":[{\"@type\":\"ReadAction\",\"target\":[\"https:\\\/\\\/dana.com.br\\\/canaldana\\\/2018\\\/01\\\/31\\\/zona-do-euro-tem-maior-crescimento-do-pib-em-10-anos\\\/\"]}]},{\"@type\":\"BreadcrumbList\",\"@id\":\"https:\\\/\\\/dana.com.br\\\/canaldana\\\/2018\\\/01\\\/31\\\/zona-do-euro-tem-maior-crescimento-do-pib-em-10-anos\\\/#breadcrumb\",\"itemListElement\":[{\"@type\":\"ListItem\",\"position\":1,\"name\":\"Home\",\"item\":\"https:\\\/\\\/dana.com.br\\\/canaldana\\\/\"},{\"@type\":\"ListItem\",\"position\":2,\"name\":\"Mercado\",\"item\":\"https:\\\/\\\/dana.com.br\\\/canaldana\\\/mercado\\\/\"},{\"@type\":\"ListItem\",\"position\":3,\"name\":\"Zona do euro tem maior crescimento do PIB em 10 anos\"}]},{\"@type\":\"WebSite\",\"@id\":\"https:\\\/\\\/dana.com.br\\\/canaldana\\\/#website\",\"url\":\"https:\\\/\\\/dana.com.br\\\/canaldana\\\/\",\"name\":\"Canal Dana\",\"description\":\"Informativo com as principais not\u00edcias da ind\u00fastria automotiva\",\"potentialAction\":[{\"@type\":\"SearchAction\",\"target\":{\"@type\":\"EntryPoint\",\"urlTemplate\":\"https:\\\/\\\/dana.com.br\\\/canaldana\\\/?s={search_term_string}\"},\"query-input\":{\"@type\":\"PropertyValueSpecification\",\"valueRequired\":true,\"valueName\":\"search_term_string\"}}],\"inLanguage\":\"pt-BR\"},{\"@type\":\"Person\",\"@id\":\"https:\\\/\\\/dana.com.br\\\/canaldana\\\/#\\\/schema\\\/person\\\/3c21f22f56fcf3bc46b94bc60ea4fef6\",\"name\":\"Canal Dana\",\"image\":{\"@type\":\"ImageObject\",\"inLanguage\":\"pt-BR\",\"@id\":\"https:\\\/\\\/secure.gravatar.com\\\/avatar\\\/420aaf9278582877d9018637c6817617705899d2858d7572ef0fe59a6b6454b4?s=96&d=mm&r=g\",\"url\":\"https:\\\/\\\/secure.gravatar.com\\\/avatar\\\/420aaf9278582877d9018637c6817617705899d2858d7572ef0fe59a6b6454b4?s=96&d=mm&r=g\",\"contentUrl\":\"https:\\\/\\\/secure.gravatar.com\\\/avatar\\\/420aaf9278582877d9018637c6817617705899d2858d7572ef0fe59a6b6454b4?s=96&d=mm&r=g\",\"caption\":\"Canal Dana\"},\"url\":\"https:\\\/\\\/dana.com.br\\\/canaldana\\\/author\\\/cdeditor\\\/\"}]}<\/script>\n<!-- \/ Yoast SEO plugin. -->","yoast_head_json":{"title":"Zona do euro tem maior crescimento do PIB em 10 anos - Canal Dana","robots":{"index":"index","follow":"follow","max-snippet":"max-snippet:-1","max-image-preview":"max-image-preview:large","max-video-preview":"max-video-preview:-1"},"canonical":"https:\/\/dana.com.br\/canaldana\/2018\/01\/31\/zona-do-euro-tem-maior-crescimento-do-pib-em-10-anos\/","og_locale":"pt_BR","og_type":"article","og_title":"Zona do euro tem maior crescimento do PIB em 10 anos - Canal Dana","og_description":"O Estado de S. Paulo\u00a0 &nbsp; A zona do euro, o conjunto de 19 pa\u00edses da Uni\u00e3o Europeia que adotam a moeda \u00fanica, registrou em 2017 seu melhor desempenho econ\u00f4mico em 10 anos. Os n\u00fameros foram divulgados ontem pelo Escrit\u00f3rio Estat\u00edstico das Comunidades Europeias (Eurostat), em Bruxelas, e indicam que o Produto Interno Bruto (PIB)\u2026 Leia mais \u00bb","og_url":"https:\/\/dana.com.br\/canaldana\/2018\/01\/31\/zona-do-euro-tem-maior-crescimento-do-pib-em-10-anos\/","og_site_name":"Canal Dana","article_published_time":"2018-01-31T10:26:43+00:00","author":"Canal Dana","twitter_card":"summary_large_image","twitter_misc":{"Escrito por":"Canal Dana","Est. tempo de leitura":"3 minutos"},"schema":{"@context":"https:\/\/schema.org","@graph":[{"@type":"Article","@id":"https:\/\/dana.com.br\/canaldana\/2018\/01\/31\/zona-do-euro-tem-maior-crescimento-do-pib-em-10-anos\/#article","isPartOf":{"@id":"https:\/\/dana.com.br\/canaldana\/2018\/01\/31\/zona-do-euro-tem-maior-crescimento-do-pib-em-10-anos\/"},"author":{"name":"Canal Dana","@id":"https:\/\/dana.com.br\/canaldana\/#\/schema\/person\/3c21f22f56fcf3bc46b94bc60ea4fef6"},"headline":"Zona do euro tem maior crescimento do PIB em 10 anos","datePublished":"2018-01-31T10:26:43+00:00","mainEntityOfPage":{"@id":"https:\/\/dana.com.br\/canaldana\/2018\/01\/31\/zona-do-euro-tem-maior-crescimento-do-pib-em-10-anos\/"},"wordCount":581,"articleSection":["Mercado"],"inLanguage":"pt-BR"},{"@type":"WebPage","@id":"https:\/\/dana.com.br\/canaldana\/2018\/01\/31\/zona-do-euro-tem-maior-crescimento-do-pib-em-10-anos\/","url":"https:\/\/dana.com.br\/canaldana\/2018\/01\/31\/zona-do-euro-tem-maior-crescimento-do-pib-em-10-anos\/","name":"Zona do euro tem maior crescimento do PIB em 10 anos - Canal Dana","isPartOf":{"@id":"https:\/\/dana.com.br\/canaldana\/#website"},"datePublished":"2018-01-31T10:26:43+00:00","author":{"@id":"https:\/\/dana.com.br\/canaldana\/#\/schema\/person\/3c21f22f56fcf3bc46b94bc60ea4fef6"},"breadcrumb":{"@id":"https:\/\/dana.com.br\/canaldana\/2018\/01\/31\/zona-do-euro-tem-maior-crescimento-do-pib-em-10-anos\/#breadcrumb"},"inLanguage":"pt-BR","potentialAction":[{"@type":"ReadAction","target":["https:\/\/dana.com.br\/canaldana\/2018\/01\/31\/zona-do-euro-tem-maior-crescimento-do-pib-em-10-anos\/"]}]},{"@type":"BreadcrumbList","@id":"https:\/\/dana.com.br\/canaldana\/2018\/01\/31\/zona-do-euro-tem-maior-crescimento-do-pib-em-10-anos\/#breadcrumb","itemListElement":[{"@type":"ListItem","position":1,"name":"Home","item":"https:\/\/dana.com.br\/canaldana\/"},{"@type":"ListItem","position":2,"name":"Mercado","item":"https:\/\/dana.com.br\/canaldana\/mercado\/"},{"@type":"ListItem","position":3,"name":"Zona do euro tem maior crescimento do PIB em 10 anos"}]},{"@type":"WebSite","@id":"https:\/\/dana.com.br\/canaldana\/#website","url":"https:\/\/dana.com.br\/canaldana\/","name":"Canal Dana","description":"Informativo com as principais not\u00edcias da ind\u00fastria automotiva","potentialAction":[{"@type":"SearchAction","target":{"@type":"EntryPoint","urlTemplate":"https:\/\/dana.com.br\/canaldana\/?s={search_term_string}"},"query-input":{"@type":"PropertyValueSpecification","valueRequired":true,"valueName":"search_term_string"}}],"inLanguage":"pt-BR"},{"@type":"Person","@id":"https:\/\/dana.com.br\/canaldana\/#\/schema\/person\/3c21f22f56fcf3bc46b94bc60ea4fef6","name":"Canal Dana","image":{"@type":"ImageObject","inLanguage":"pt-BR","@id":"https:\/\/secure.gravatar.com\/avatar\/420aaf9278582877d9018637c6817617705899d2858d7572ef0fe59a6b6454b4?s=96&d=mm&r=g","url":"https:\/\/secure.gravatar.com\/avatar\/420aaf9278582877d9018637c6817617705899d2858d7572ef0fe59a6b6454b4?s=96&d=mm&r=g","contentUrl":"https:\/\/secure.gravatar.com\/avatar\/420aaf9278582877d9018637c6817617705899d2858d7572ef0fe59a6b6454b4?s=96&d=mm&r=g","caption":"Canal Dana"},"url":"https:\/\/dana.com.br\/canaldana\/author\/cdeditor\/"}]}},"_links":{"self":[{"href":"https:\/\/dana.com.br\/canaldana\/wp-json\/wp\/v2\/posts\/22843","targetHints":{"allow":["GET"]}}],"collection":[{"href":"https:\/\/dana.com.br\/canaldana\/wp-json\/wp\/v2\/posts"}],"about":[{"href":"https:\/\/dana.com.br\/canaldana\/wp-json\/wp\/v2\/types\/post"}],"author":[{"embeddable":true,"href":"https:\/\/dana.com.br\/canaldana\/wp-json\/wp\/v2\/users\/3"}],"replies":[{"embeddable":true,"href":"https:\/\/dana.com.br\/canaldana\/wp-json\/wp\/v2\/comments?post=22843"}],"version-history":[{"count":0,"href":"https:\/\/dana.com.br\/canaldana\/wp-json\/wp\/v2\/posts\/22843\/revisions"}],"wp:attachment":[{"href":"https:\/\/dana.com.br\/canaldana\/wp-json\/wp\/v2\/media?parent=22843"}],"wp:term":[{"taxonomy":"category","embeddable":true,"href":"https:\/\/dana.com.br\/canaldana\/wp-json\/wp\/v2\/categories?post=22843"},{"taxonomy":"post_tag","embeddable":true,"href":"https:\/\/dana.com.br\/canaldana\/wp-json\/wp\/v2\/tags?post=22843"}],"curies":[{"name":"wp","href":"https:\/\/api.w.org\/{rel}","templated":true}]}}