{"id":22722,"date":"2018-01-25T08:32:35","date_gmt":"2018-01-25T10:32:35","guid":{"rendered":"http:\/\/dana.com.br\/canaldana\/?p=22722"},"modified":"2018-01-25T08:32:35","modified_gmt":"2018-01-25T10:32:35","slug":"toyota-tera-carros-preparados-pela-divisao-esportiva-gazoo-no-brasil","status":"publish","type":"post","link":"https:\/\/dana.com.br\/canaldana\/2018\/01\/25\/toyota-tera-carros-preparados-pela-divisao-esportiva-gazoo-no-brasil\/","title":{"rendered":"Toyota ter\u00e1 carros preparados pela divis\u00e3o esportiva Gazoo no Brasil"},"content":{"rendered":"<p>Motor1<\/p>\n<p>Como parte das celebra\u00e7\u00f5es dos seus 60 anos de opera\u00e7\u00e3o no Brasil, a Toyota planeja tornar sua imagem por aqui mais descolada. E n\u00e3o apenas em termos visuais, com apliques e adesivos. Estamos falando da Toyota Gazoo Racing, prevista para entrar em opera\u00e7\u00e3o no Brasil ainda em 2018.<\/p>\n<p>Criada em abril de 2015, a Toyota Gazoo Racing (GR) compreende todas as atividades de esporte a motor da Toyota. A experi\u00eancia da Toyota no automobilismo vem de longa data e inclui competi\u00e7\u00f5es como F\u00f3rmula 1, World Endurance Championship (WEC), 24 Horas de N\u00fcrburgring, Rally Dakar, NASCAR, Super F\u00f3rmula Japonesa, etc. Inclusive, por muito pouco, deixou de vencer as m\u00edticas 24 horas de LeMans no ano passado.<\/p>\n<p>Motor1.com conversou com executivos da montadora durante evento comemorativo de 60 anos, que confirmaram a inten\u00e7\u00e3o de ter carros preparados, em termos de desempenho, tamb\u00e9m no Brasil. Assim, al\u00e9m de ser respons\u00e1vel por competi\u00e7\u00f5es que levar\u00e3o a marca Toyota pelo pa\u00eds, a Gazoo Racing tamb\u00e9m apoiar\u00e1 a montadora no desenvolvimento de carros preparados para performance, da mesma forma que a AMG desenvolve para a Mercedes-Benz. Neste momento, segundo os executivos, a Toyota estuda a forma de viabilizar o projeto e tamb\u00e9m quais modelos ser\u00e3o contemplados.<\/p>\n<p>A Toyota Gazoo Racing j\u00e1 est\u00e1 presente em v\u00e1rios pa\u00edses. No Jap\u00e3o, uma s\u00e9rie de modelos &#8220;de rua&#8221;, e inclusive h\u00edbridos, recebem acertos diferenciados de suspens\u00e3o, upgrade de pot\u00eancia, modifica\u00e7\u00f5es nos motores e visual esportivo no interior e exterior. Vale para todos os carros, desde do h\u00edbrido Prius ao esportivo GT86, al\u00e9m dos compactos, SUVs e at\u00e9 uma minivan. Na Argentina, a Gazoo possui uma equipe completa na TC2000 (principal competi\u00e7\u00e3o do pa\u00eds) e na Top Race V6. (Motor1\/F\u00e1bio Trindade)<\/p>\n","protected":false},"excerpt":{"rendered":"<p>Motor1 Como parte das celebra\u00e7\u00f5es dos seus 60 anos de opera\u00e7\u00e3o no Brasil, a Toyota planeja tornar sua imagem por aqui mais descolada. E n\u00e3o apenas em termos visuais, com apliques e adesivos. Estamos falando da Toyota Gazoo Racing, prevista para entrar em opera\u00e7\u00e3o no Brasil ainda em 2018. Criada em abril de 2015, a\u2026 <a class=\"readmore\" href=\"https:\/\/dana.com.br\/canaldana\/2018\/01\/25\/toyota-tera-carros-preparados-pela-divisao-esportiva-gazoo-no-brasil\/\">Leia mais \u00bb<\/a><\/p>\n","protected":false},"author":3,"featured_media":0,"comment_status":"closed","ping_status":"closed","sticky":false,"template":"","format":"standard","meta":{"_acf_changed":false,"footnotes":""},"categories":[84],"tags":[],"class_list":["post-22722","post","type-post","status-publish","format-standard","hentry","category-competicao"],"acf":[],"yoast_head":"<!-- This site is optimized with the Yoast SEO plugin v27.3 - https:\/\/yoast.com\/product\/yoast-seo-wordpress\/ -->\n<title>Toyota ter\u00e1 carros preparados pela divis\u00e3o esportiva Gazoo no Brasil - Canal Dana<\/title>\n<meta name=\"robots\" content=\"index, follow, max-snippet:-1, max-image-preview:large, max-video-preview:-1\" \/>\n<link rel=\"canonical\" href=\"https:\/\/dana.com.br\/canaldana\/2018\/01\/25\/toyota-tera-carros-preparados-pela-divisao-esportiva-gazoo-no-brasil\/\" \/>\n<meta property=\"og:locale\" content=\"pt_BR\" \/>\n<meta property=\"og:type\" content=\"article\" \/>\n<meta property=\"og:title\" content=\"Toyota ter\u00e1 carros preparados pela divis\u00e3o esportiva Gazoo no Brasil - Canal Dana\" \/>\n<meta property=\"og:description\" content=\"Motor1 Como parte das celebra\u00e7\u00f5es dos seus 60 anos de opera\u00e7\u00e3o no Brasil, a Toyota planeja tornar sua imagem por aqui mais descolada. E n\u00e3o apenas em termos visuais, com apliques e adesivos. Estamos falando da Toyota Gazoo Racing, prevista para entrar em opera\u00e7\u00e3o no Brasil ainda em 2018. Criada em abril de 2015, a\u2026 Leia mais \u00bb\" \/>\n<meta property=\"og:url\" content=\"https:\/\/dana.com.br\/canaldana\/2018\/01\/25\/toyota-tera-carros-preparados-pela-divisao-esportiva-gazoo-no-brasil\/\" \/>\n<meta property=\"og:site_name\" content=\"Canal Dana\" \/>\n<meta property=\"article:published_time\" content=\"2018-01-25T10:32:35+00:00\" \/>\n<meta name=\"author\" content=\"Canal Dana\" \/>\n<meta name=\"twitter:card\" content=\"summary_large_image\" \/>\n<meta name=\"twitter:label1\" content=\"Escrito por\" \/>\n\t<meta name=\"twitter:data1\" content=\"Canal Dana\" \/>\n\t<meta name=\"twitter:label2\" content=\"Est. tempo de leitura\" \/>\n\t<meta name=\"twitter:data2\" content=\"2 minutos\" \/>\n<script type=\"application\/ld+json\" class=\"yoast-schema-graph\">{\"@context\":\"https:\\\/\\\/schema.org\",\"@graph\":[{\"@type\":\"Article\",\"@id\":\"https:\\\/\\\/dana.com.br\\\/canaldana\\\/2018\\\/01\\\/25\\\/toyota-tera-carros-preparados-pela-divisao-esportiva-gazoo-no-brasil\\\/#article\",\"isPartOf\":{\"@id\":\"https:\\\/\\\/dana.com.br\\\/canaldana\\\/2018\\\/01\\\/25\\\/toyota-tera-carros-preparados-pela-divisao-esportiva-gazoo-no-brasil\\\/\"},\"author\":{\"name\":\"Canal Dana\",\"@id\":\"https:\\\/\\\/dana.com.br\\\/canaldana\\\/#\\\/schema\\\/person\\\/3c21f22f56fcf3bc46b94bc60ea4fef6\"},\"headline\":\"Toyota ter\u00e1 carros preparados pela divis\u00e3o esportiva Gazoo no Brasil\",\"datePublished\":\"2018-01-25T10:32:35+00:00\",\"mainEntityOfPage\":{\"@id\":\"https:\\\/\\\/dana.com.br\\\/canaldana\\\/2018\\\/01\\\/25\\\/toyota-tera-carros-preparados-pela-divisao-esportiva-gazoo-no-brasil\\\/\"},\"wordCount\":320,\"articleSection\":[\"Competi\u00e7\u00e3o\"],\"inLanguage\":\"pt-BR\"},{\"@type\":\"WebPage\",\"@id\":\"https:\\\/\\\/dana.com.br\\\/canaldana\\\/2018\\\/01\\\/25\\\/toyota-tera-carros-preparados-pela-divisao-esportiva-gazoo-no-brasil\\\/\",\"url\":\"https:\\\/\\\/dana.com.br\\\/canaldana\\\/2018\\\/01\\\/25\\\/toyota-tera-carros-preparados-pela-divisao-esportiva-gazoo-no-brasil\\\/\",\"name\":\"Toyota ter\u00e1 carros preparados pela divis\u00e3o esportiva Gazoo no Brasil - Canal Dana\",\"isPartOf\":{\"@id\":\"https:\\\/\\\/dana.com.br\\\/canaldana\\\/#website\"},\"datePublished\":\"2018-01-25T10:32:35+00:00\",\"author\":{\"@id\":\"https:\\\/\\\/dana.com.br\\\/canaldana\\\/#\\\/schema\\\/person\\\/3c21f22f56fcf3bc46b94bc60ea4fef6\"},\"breadcrumb\":{\"@id\":\"https:\\\/\\\/dana.com.br\\\/canaldana\\\/2018\\\/01\\\/25\\\/toyota-tera-carros-preparados-pela-divisao-esportiva-gazoo-no-brasil\\\/#breadcrumb\"},\"inLanguage\":\"pt-BR\",\"potentialAction\":[{\"@type\":\"ReadAction\",\"target\":[\"https:\\\/\\\/dana.com.br\\\/canaldana\\\/2018\\\/01\\\/25\\\/toyota-tera-carros-preparados-pela-divisao-esportiva-gazoo-no-brasil\\\/\"]}]},{\"@type\":\"BreadcrumbList\",\"@id\":\"https:\\\/\\\/dana.com.br\\\/canaldana\\\/2018\\\/01\\\/25\\\/toyota-tera-carros-preparados-pela-divisao-esportiva-gazoo-no-brasil\\\/#breadcrumb\",\"itemListElement\":[{\"@type\":\"ListItem\",\"position\":1,\"name\":\"Home\",\"item\":\"https:\\\/\\\/dana.com.br\\\/canaldana\\\/\"},{\"@type\":\"ListItem\",\"position\":2,\"name\":\"Competi\u00e7\u00e3o\",\"item\":\"https:\\\/\\\/dana.com.br\\\/canaldana\\\/competicao\\\/\"},{\"@type\":\"ListItem\",\"position\":3,\"name\":\"Toyota ter\u00e1 carros preparados pela divis\u00e3o esportiva Gazoo no Brasil\"}]},{\"@type\":\"WebSite\",\"@id\":\"https:\\\/\\\/dana.com.br\\\/canaldana\\\/#website\",\"url\":\"https:\\\/\\\/dana.com.br\\\/canaldana\\\/\",\"name\":\"Canal Dana\",\"description\":\"Informativo com as principais not\u00edcias da ind\u00fastria automotiva\",\"potentialAction\":[{\"@type\":\"SearchAction\",\"target\":{\"@type\":\"EntryPoint\",\"urlTemplate\":\"https:\\\/\\\/dana.com.br\\\/canaldana\\\/?s={search_term_string}\"},\"query-input\":{\"@type\":\"PropertyValueSpecification\",\"valueRequired\":true,\"valueName\":\"search_term_string\"}}],\"inLanguage\":\"pt-BR\"},{\"@type\":\"Person\",\"@id\":\"https:\\\/\\\/dana.com.br\\\/canaldana\\\/#\\\/schema\\\/person\\\/3c21f22f56fcf3bc46b94bc60ea4fef6\",\"name\":\"Canal Dana\",\"image\":{\"@type\":\"ImageObject\",\"inLanguage\":\"pt-BR\",\"@id\":\"https:\\\/\\\/secure.gravatar.com\\\/avatar\\\/420aaf9278582877d9018637c6817617705899d2858d7572ef0fe59a6b6454b4?s=96&d=mm&r=g\",\"url\":\"https:\\\/\\\/secure.gravatar.com\\\/avatar\\\/420aaf9278582877d9018637c6817617705899d2858d7572ef0fe59a6b6454b4?s=96&d=mm&r=g\",\"contentUrl\":\"https:\\\/\\\/secure.gravatar.com\\\/avatar\\\/420aaf9278582877d9018637c6817617705899d2858d7572ef0fe59a6b6454b4?s=96&d=mm&r=g\",\"caption\":\"Canal Dana\"},\"url\":\"https:\\\/\\\/dana.com.br\\\/canaldana\\\/author\\\/cdeditor\\\/\"}]}<\/script>\n<!-- \/ Yoast SEO plugin. -->","yoast_head_json":{"title":"Toyota ter\u00e1 carros preparados pela divis\u00e3o esportiva Gazoo no Brasil - Canal Dana","robots":{"index":"index","follow":"follow","max-snippet":"max-snippet:-1","max-image-preview":"max-image-preview:large","max-video-preview":"max-video-preview:-1"},"canonical":"https:\/\/dana.com.br\/canaldana\/2018\/01\/25\/toyota-tera-carros-preparados-pela-divisao-esportiva-gazoo-no-brasil\/","og_locale":"pt_BR","og_type":"article","og_title":"Toyota ter\u00e1 carros preparados pela divis\u00e3o esportiva Gazoo no Brasil - Canal Dana","og_description":"Motor1 Como parte das celebra\u00e7\u00f5es dos seus 60 anos de opera\u00e7\u00e3o no Brasil, a Toyota planeja tornar sua imagem por aqui mais descolada. E n\u00e3o apenas em termos visuais, com apliques e adesivos. Estamos falando da Toyota Gazoo Racing, prevista para entrar em opera\u00e7\u00e3o no Brasil ainda em 2018. Criada em abril de 2015, a\u2026 Leia mais \u00bb","og_url":"https:\/\/dana.com.br\/canaldana\/2018\/01\/25\/toyota-tera-carros-preparados-pela-divisao-esportiva-gazoo-no-brasil\/","og_site_name":"Canal Dana","article_published_time":"2018-01-25T10:32:35+00:00","author":"Canal Dana","twitter_card":"summary_large_image","twitter_misc":{"Escrito por":"Canal Dana","Est. tempo de leitura":"2 minutos"},"schema":{"@context":"https:\/\/schema.org","@graph":[{"@type":"Article","@id":"https:\/\/dana.com.br\/canaldana\/2018\/01\/25\/toyota-tera-carros-preparados-pela-divisao-esportiva-gazoo-no-brasil\/#article","isPartOf":{"@id":"https:\/\/dana.com.br\/canaldana\/2018\/01\/25\/toyota-tera-carros-preparados-pela-divisao-esportiva-gazoo-no-brasil\/"},"author":{"name":"Canal Dana","@id":"https:\/\/dana.com.br\/canaldana\/#\/schema\/person\/3c21f22f56fcf3bc46b94bc60ea4fef6"},"headline":"Toyota ter\u00e1 carros preparados pela divis\u00e3o esportiva Gazoo no Brasil","datePublished":"2018-01-25T10:32:35+00:00","mainEntityOfPage":{"@id":"https:\/\/dana.com.br\/canaldana\/2018\/01\/25\/toyota-tera-carros-preparados-pela-divisao-esportiva-gazoo-no-brasil\/"},"wordCount":320,"articleSection":["Competi\u00e7\u00e3o"],"inLanguage":"pt-BR"},{"@type":"WebPage","@id":"https:\/\/dana.com.br\/canaldana\/2018\/01\/25\/toyota-tera-carros-preparados-pela-divisao-esportiva-gazoo-no-brasil\/","url":"https:\/\/dana.com.br\/canaldana\/2018\/01\/25\/toyota-tera-carros-preparados-pela-divisao-esportiva-gazoo-no-brasil\/","name":"Toyota ter\u00e1 carros preparados pela divis\u00e3o esportiva Gazoo no Brasil - Canal Dana","isPartOf":{"@id":"https:\/\/dana.com.br\/canaldana\/#website"},"datePublished":"2018-01-25T10:32:35+00:00","author":{"@id":"https:\/\/dana.com.br\/canaldana\/#\/schema\/person\/3c21f22f56fcf3bc46b94bc60ea4fef6"},"breadcrumb":{"@id":"https:\/\/dana.com.br\/canaldana\/2018\/01\/25\/toyota-tera-carros-preparados-pela-divisao-esportiva-gazoo-no-brasil\/#breadcrumb"},"inLanguage":"pt-BR","potentialAction":[{"@type":"ReadAction","target":["https:\/\/dana.com.br\/canaldana\/2018\/01\/25\/toyota-tera-carros-preparados-pela-divisao-esportiva-gazoo-no-brasil\/"]}]},{"@type":"BreadcrumbList","@id":"https:\/\/dana.com.br\/canaldana\/2018\/01\/25\/toyota-tera-carros-preparados-pela-divisao-esportiva-gazoo-no-brasil\/#breadcrumb","itemListElement":[{"@type":"ListItem","position":1,"name":"Home","item":"https:\/\/dana.com.br\/canaldana\/"},{"@type":"ListItem","position":2,"name":"Competi\u00e7\u00e3o","item":"https:\/\/dana.com.br\/canaldana\/competicao\/"},{"@type":"ListItem","position":3,"name":"Toyota ter\u00e1 carros preparados pela divis\u00e3o esportiva Gazoo no Brasil"}]},{"@type":"WebSite","@id":"https:\/\/dana.com.br\/canaldana\/#website","url":"https:\/\/dana.com.br\/canaldana\/","name":"Canal Dana","description":"Informativo com as principais not\u00edcias da ind\u00fastria automotiva","potentialAction":[{"@type":"SearchAction","target":{"@type":"EntryPoint","urlTemplate":"https:\/\/dana.com.br\/canaldana\/?s={search_term_string}"},"query-input":{"@type":"PropertyValueSpecification","valueRequired":true,"valueName":"search_term_string"}}],"inLanguage":"pt-BR"},{"@type":"Person","@id":"https:\/\/dana.com.br\/canaldana\/#\/schema\/person\/3c21f22f56fcf3bc46b94bc60ea4fef6","name":"Canal Dana","image":{"@type":"ImageObject","inLanguage":"pt-BR","@id":"https:\/\/secure.gravatar.com\/avatar\/420aaf9278582877d9018637c6817617705899d2858d7572ef0fe59a6b6454b4?s=96&d=mm&r=g","url":"https:\/\/secure.gravatar.com\/avatar\/420aaf9278582877d9018637c6817617705899d2858d7572ef0fe59a6b6454b4?s=96&d=mm&r=g","contentUrl":"https:\/\/secure.gravatar.com\/avatar\/420aaf9278582877d9018637c6817617705899d2858d7572ef0fe59a6b6454b4?s=96&d=mm&r=g","caption":"Canal Dana"},"url":"https:\/\/dana.com.br\/canaldana\/author\/cdeditor\/"}]}},"_links":{"self":[{"href":"https:\/\/dana.com.br\/canaldana\/wp-json\/wp\/v2\/posts\/22722","targetHints":{"allow":["GET"]}}],"collection":[{"href":"https:\/\/dana.com.br\/canaldana\/wp-json\/wp\/v2\/posts"}],"about":[{"href":"https:\/\/dana.com.br\/canaldana\/wp-json\/wp\/v2\/types\/post"}],"author":[{"embeddable":true,"href":"https:\/\/dana.com.br\/canaldana\/wp-json\/wp\/v2\/users\/3"}],"replies":[{"embeddable":true,"href":"https:\/\/dana.com.br\/canaldana\/wp-json\/wp\/v2\/comments?post=22722"}],"version-history":[{"count":0,"href":"https:\/\/dana.com.br\/canaldana\/wp-json\/wp\/v2\/posts\/22722\/revisions"}],"wp:attachment":[{"href":"https:\/\/dana.com.br\/canaldana\/wp-json\/wp\/v2\/media?parent=22722"}],"wp:term":[{"taxonomy":"category","embeddable":true,"href":"https:\/\/dana.com.br\/canaldana\/wp-json\/wp\/v2\/categories?post=22722"},{"taxonomy":"post_tag","embeddable":true,"href":"https:\/\/dana.com.br\/canaldana\/wp-json\/wp\/v2\/tags?post=22722"}],"curies":[{"name":"wp","href":"https:\/\/api.w.org\/{rel}","templated":true}]}}