{"id":22720,"date":"2018-01-25T08:31:39","date_gmt":"2018-01-25T10:31:39","guid":{"rendered":"http:\/\/dana.com.br\/canaldana\/?p=22720"},"modified":"2018-01-25T08:31:39","modified_gmt":"2018-01-25T10:31:39","slug":"investidor-quer-saber-em-qual-brasil-investir-diz-presidente-da-anfavea","status":"publish","type":"post","link":"https:\/\/dana.com.br\/canaldana\/2018\/01\/25\/investidor-quer-saber-em-qual-brasil-investir-diz-presidente-da-anfavea\/","title":{"rendered":"&#8220;Investidor quer saber em qual Brasil investir&#8221;, diz presidente da Anfavea"},"content":{"rendered":"<p>Correio Braziliense<\/p>\n<p>O mineiro Antonio Carlos Botelho Megale, que completa 61 anos neste s\u00e1bado, preside a Anfavea, a associa\u00e7\u00e3o que re\u00fane as montadoras com sede no pa\u00eds, desde agosto de 2016. Nesse per\u00edodo, ele viveu duas situa\u00e7\u00f5es opostas: crise sem precedente e recupera\u00e7\u00e3o que foi mais r\u00e1pida do que se imaginava. No meio do turbilh\u00e3o, um pa\u00eds mergulhado em intermin\u00e1veis embates pol\u00edticos. Para Megale, por\u00e9m, mais importante que os bons resultados obtidos em 2017 s\u00e3o os sinais de que 2018 e 2019 poder\u00e3o ser ainda melhores. Isso, claro, se a elei\u00e7\u00e3o n\u00e3o trouxer surpresas desagrad\u00e1veis. \u201cA gente sabe que o governo Temer est\u00e1 fragilizado, mas h\u00e1 uma grande expectativa de que as elei\u00e7\u00f5es consigam apaziguar o pa\u00eds\u201d, diz ele. Para o executivo, o mais importante \u00e9 que o vencedor do pleito mantenha o rumo da economia, com previsibilidade para que o Brasil continue atraindo investidores.<\/p>\n<p>Contudo, Antonio Megale alerta: a polariza\u00e7\u00e3o entre dois candidatos de extremos n\u00e3o ajuda em nada o pa\u00eds. A continuidade do crescimento, diz ele, vai depender do resultado das elei\u00e7\u00f5es. Propostas heterodoxas, como o retrocesso na atual pol\u00edtica de privatiza\u00e7\u00f5es, podem atrasar a retomada da economia em dois ou tr\u00eas anos. Nascido em Po\u00e7os de Caldas, torcedor da Caldense, time da cidade, e do S\u00e3o Paulo, Megale desembarcou na capital paulista movido pela paix\u00e3o pelo automobilismo (\u201cGosto de todos os esportes que t\u00eam autom\u00f3vel\u201d) e pelas oportunidades que a regi\u00e3o do ABC paulista, ber\u00e7o das montadoras, poderia oferecer a um rec\u00e9m-formado em mec\u00e2nica automotiva. Ele iniciou a carreira na Ford, em 1981, e passou por quase todas as grandes montadoras. Casado e pai de dois filhos, Megale recebeu os Di\u00e1rios Associados na sede da Anfavea, em S\u00e3o Paulo.<\/p>\n<p>A ind\u00fastria automobil\u00edstica voltou a crescer em 2017. O que esperar para este ano?<br \/>\nCrescemos 9,2% em 2017, o que \u00e9 bom, mas sobre uma base muito baixa. Os n\u00fameros absolutos ainda s\u00e3o pequenos. Em 2018, vamos avan\u00e7ar 11,7%, o que manter\u00e1 a base ainda um pouco baixa. O lado positivo disso \u00e9 que, no fim do ano passado, observamos crescimento nas vendas de caminh\u00f5es.<\/p>\n<p>&#8220;Quando essa \u00e1rea come\u00e7a a acelerar, significa que o PIB (Produto Interno Bruto, a soma da produ\u00e7\u00e3o de bens e servi\u00e7os do pa\u00eds) est\u00e1 se movimentando.&#8221;<\/p>\n<p>Quando a ind\u00fastria dever\u00e1 retomar o patamar de produ\u00e7\u00e3o e vendas anterior \u00e0 crise?<br \/>\n\u00c9 dif\u00edcil dizer. Vai depender do encaminhamento das quest\u00f5es pol\u00edticas, principalmente das reformas. Acho que existe uma grande preocupa\u00e7\u00e3o com o futuro. Do nosso ponto de vista, as reformas s\u00e3o importantes para, pelo menos, dar uma vis\u00e3o de m\u00e9dio e longo prazos. Acho que aqueles n\u00fameros de mercado da ordem de 3,8 milh\u00f5es de ve\u00edculos s\u00f3 vir\u00e3o depois de 2020.<\/p>\n<p>As elei\u00e7\u00f5es podem atrapalhar a retomada do crescimento?<br \/>\nAcho que h\u00e1 um descolamento da economia da pol\u00edtica, mas a gente sabe que o governo est\u00e1 fragilizado. O processo democr\u00e1tico est\u00e1 razo\u00e1vel. Do ponto de vista das elei\u00e7\u00f5es, tudo indica que v\u00e3o transcorrer em um ambiente de normalidade e o que dever\u00e1 acontecer \u00e9 um grande embate entre os candidatos. Estamos vendo uma grande polariza\u00e7\u00e3o, talvez uma das elei\u00e7\u00f5es mais polarizadas da hist\u00f3ria. A continuidade do crescimento vai depender do resultado das elei\u00e7\u00f5es.<\/p>\n<p>Que resultado o senhor considera ideal?<br \/>\nSe for um governo que entre com uma proposta mais previs\u00edvel, com certa organiza\u00e7\u00e3o, talvez o pa\u00eds cres\u00e7a em uma velocidade maior. Se vierem propostas mais heterodoxas, dif\u00edceis de entender, pode ter um problema de continuidade, um solu\u00e7o. Ent\u00e3o, acho que tudo vai depender de quem ganhar as elei\u00e7\u00f5es.<\/p>\n<p>O que est\u00e1 em jogo nestas elei\u00e7\u00f5es?<br \/>\nAcho que o modelo da economia est\u00e1 em quest\u00e3o. A pol\u00edtica de privatiza\u00e7\u00f5es hoje est\u00e1 um pouco mais liberal, mas uma das propostas aponta para um retrocesso nesse aspecto. N\u00e3o estou julgando o que \u00e9 bom ou ruim, s\u00f3 estou analisando. Podemos ter uma reforma mais liberal, mas podemos ter tamb\u00e9m uma mudan\u00e7a muito forte de dire\u00e7\u00e3o que talvez tenha que reverter esse programa de privatiza\u00e7\u00f5es. Isso levaria a um rearranjo no modelo, fazendo o pa\u00eds paralisar por alguns anos.<\/p>\n<p>Qual seria o impacto para o pa\u00eds de um governo com ideias radicais?<br \/>\nO problema hoje \u00e9 que o pa\u00eds est\u00e1 numa situa\u00e7\u00e3o muito dif\u00edcil do ponto de vista de investimentos. A realidade \u00e9 que o pa\u00eds n\u00e3o tem dinheiro para investir. A Uni\u00e3o, os estados e os munic\u00edpios n\u00e3o t\u00eam recursos e o pa\u00eds precisa de investimento para poder crescer. N\u00e3o acredito que somente com consumo o Brasil volte a crescer ao ritmo de n\u00fameros mais robustos, porque a popula\u00e7\u00e3o empobreceu novamente. O crescimento saud\u00e1vel \u00e9 por meio de investimento. Para ter investimento, \u00e9 preciso ter previsibilidade. Se houver um governo que vai desfazer o que o atual governo fez, vamos ter um solu\u00e7o de dois ou tr\u00eas anos at\u00e9 entender o novo encaminhamento. A\u00ed, certamente, teremos uma queda na velocidade do crescimento.<\/p>\n<p>O governo fez cortes profundos nos investimentos p\u00fablicos este ano.<br \/>\nSim, e, para ter investimento privado, \u00e9 preciso previsibilidade. Se o novo governo trouxer um modelo que traga incertezas, o investidor internacional vai esperar para colocar dinheiro aqui. Acho que h\u00e1 uma vis\u00e3o mundial de que o Brasil \u00e9 um bom lugar para investir. Existe liquidez no mundo, mas o investidor quer saber em qual Brasil vai investir.<\/p>\n<p>As pesquisas mostram que os dois candidatos dos extremos, Lula e Bolsonaro, lideram as inten\u00e7\u00f5es de voto. O que explica isso?<br \/>\nQuando come\u00e7a uma elei\u00e7\u00e3o, os grupos mais engajados se manifestam muito e parecem ser a maioria. Mas, na verdade, a maioria \u00e9 silenciosa e ainda n\u00e3o decidiu o voto. Essa maioria saber\u00e1 diferenciar se as propostas est\u00e3o muito diferentes do que se espera. O que a gente espera, e acho que \u00e9 um desejo de todos, n\u00e3o s\u00f3 da popula\u00e7\u00e3o, mas tamb\u00e9m do setor privado, \u00e9 que o pa\u00eds continue crescendo. Se a gente tiver um crescimento do PIB da ordem de 2%, 3%, j\u00e1 ser\u00e1 bom sinal. O problema \u00e9 que corremos o risco de ter uma elei\u00e7\u00e3o muito polarizada, o que acaba dividindo o pa\u00eds. Isso dificulta muito a constru\u00e7\u00e3o de uma proposta de pa\u00eds.<\/p>\n<p>Qual deve ser o papel dos empres\u00e1rios nas elei\u00e7\u00f5es?<br \/>\nOs empres\u00e1rios est\u00e3o muito preocupados com suas atividades. Depois de tr\u00eas anos de queda violenta, todos est\u00e3o vendo a oportunidade de voltar a operar de uma forma melhor e torcendo para que o processo transcorra dentro da normalidade.<\/p>\n<p>A Lava-Jato acabou afastando os empres\u00e1rios das campanhas?<br \/>\nN\u00e3o tenha d\u00favida. Acho que o modelo brasileiro ainda precisa passar por uma reflex\u00e3o mais profunda para que o processo eleitoral seja o mais transparente poss\u00edvel. Precisamos de uma reforma pol\u00edtica.<\/p>\n<p>&#8220;N\u00e3o d\u00e1 mais para o pa\u00eds ter uma infinidade de partidos sem um n\u00edvel de representatividade, sem uma clara defini\u00e7\u00e3o ideol\u00f3gica. Precisamos rever esse modelo para acabar com a barganha, com o troca-troca de favores.&#8221;<\/p>\n<p>Na quest\u00e3o da tributa\u00e7\u00e3o, quais s\u00e3o as reivindica\u00e7\u00f5es da ind\u00fastria automobil\u00edstica?<br \/>\nO pa\u00eds est\u00e1 em um momento delicado do ponto de vista fiscal. Embora a gente acredite que a carga tribut\u00e1ria do pa\u00eds seja muito elevada, entendemos que n\u00e3o tem espa\u00e7o para uma redu\u00e7\u00e3o neste momento. Mas tem muito espa\u00e7o para trabalhar na simplifica\u00e7\u00e3o tribut\u00e1ria. O sistema tribut\u00e1rio brasileiro \u00e9 extremamente complexo e oneroso para as empresas.<\/p>\n<p>O senhor poderia dar detalhes?<br \/>\nMesmo tentando fazer o certo, \u00e0s vezes, as interpreta\u00e7\u00f5es s\u00e3o diversas e as empresas acabam caindo em autua\u00e7\u00f5es grandes. Acho que valeria muito a pena trabalhar na simplifica\u00e7\u00e3o, que traria um ganho de competitividade muito grande para o pa\u00eds. Pagar imposto mais simples resultaria em arrecada\u00e7\u00e3o maior e redu\u00e7\u00e3o de custos para as empresas, que teriam mais seguran\u00e7a jur\u00eddica.<\/p>\n<p>O senhor considera que o governo Temer est\u00e1 cumprindo o seu papel?<br \/>\n\u00c9 muito dif\u00edcil viver com baixa popularidade, como \u00e9 o caso do presidente Temer, e conseguir mobilizar deputados e senadores. Mesmo assim, ele conseguiu avan\u00e7ar em algumas coisas. O teto dos gastos \u00e9 importante. Outra coisa que pouco se fala \u00e9 a reforma dos ensinos m\u00e9dio e fundamental no pa\u00eds. A pol\u00edtica econ\u00f4mica est\u00e1 trazendo muitos benef\u00edcios. Com a infla\u00e7\u00e3o em queda, o maior beneficiado \u00e9 a popula\u00e7\u00e3o de menor renda, que n\u00e3o tem seu sal\u00e1rio corro\u00eddo.<\/p>\n<p>A reforma trabalhista foi boa para a ind\u00fastria?<br \/>\nAinda n\u00e3o vimos todos os resultados, mas ela come\u00e7a a trazer benef\u00edcios. O Brasil tem uma discrep\u00e2ncia muito grande em termos de a\u00e7\u00f5es trabalhistas em rela\u00e7\u00e3o a outros pa\u00edses. Aqui, o cara trabalha 40 anos na empresa, cria a fam\u00edlia inteira e s\u00f3 tem coisas positivas para falar dela enquanto est\u00e1 trabalhando. No dia em que sai, entra na Justi\u00e7a. Para atender a essa quantidade de a\u00e7\u00f5es, \u00e9 preciso de um ex\u00e9rcito de pessoas. Para cada a\u00e7\u00e3o trabalhista que uma montadora tem na matriz, aqui s\u00e3o 100, \u00e0s vezes mais. Isso representa atraso para o pa\u00eds. A reforma do Temer, embora t\u00edmida, vem para trazer um pouco mais de seguran\u00e7a ao mercado.<\/p>\n<p>Por que o Rota 2030, que vem para substituir o Inovar-Auto, est\u00e1 demorando para sair?<br \/>\nO Rota tem alguns pilares que est\u00e3o provocando um debate dentro do governo. A gente entende que o Rota deve ser como foi o Inovar-Auto: o governo daria uma contrapartida aos investimentos que as empresas fizessem em pesquisa e desenvolvimento. S\u00e3o investimentos car\u00edssimos e entendemos que precisamos reter esse desenvolvimento no Brasil. Essa foi a nossa solicita\u00e7\u00e3o, que est\u00e1 sendo debatida.<\/p>\n<p>Existe alguma possibilidade de o consumidor brasileiro ter, algum dia, carros com pre\u00e7os mais baixos?<br \/>\nNas condi\u00e7\u00f5es atuais, acho dif\u00edcil o pre\u00e7o cair. Tributa\u00e7\u00e3o elevada, press\u00e3o de custos muito grande. Nos \u00faltimos anos, com a melhoria tecnol\u00f3gica, tivemos muita eletr\u00f4nica embarcada. Os custos produtivos ainda s\u00e3o elevados no Brasil. A m\u00e3o de obra fica mais cara com as verbas sociais, que praticamente duplicam os sal\u00e1rios. O trabalhador brasileiro ganha pouco, mas custa muito para a empresa. E ainda h\u00e1 os custos log\u00edsticos, que s\u00e3o enormes no Brasil. Lembro que as empresas ainda est\u00e3o trabalhando no vermelho por causa da queda violenta nos \u00faltimos anos.<\/p>\n<p>O senhor disse que as montadoras est\u00e3o trabalhando no vermelho. \u00c9 isso mesmo?<br \/>\nN\u00e3o tenho o n\u00famero exato, mas, pelas conversas que a gente tem, grande parte das montadoras est\u00e1 trabalhando no vermelho. D\u00e1 para ver isso pela entrada de dinheiro que as matrizes est\u00e3o enviando para as suas filiais brasileiras. Essa \u00e9 tend\u00eancia que estamos vivendo hoje. \u00c9 por isso tamb\u00e9m que n\u00e3o conseguimos fechar a contrapartida do governo para os projetos de pesquisa e desenvolvimento. Se as empresas est\u00e3o no preju\u00edzo, n\u00e3o v\u00e3o pagar o Imposto de Renda e o governo n\u00e3o pode conceder a compensa\u00e7\u00e3o. \u00c9 uma situa\u00e7\u00e3o dif\u00edcil a que estamos vivendo. (Correio Braziliense\/Lino Rodrigues)<\/p>\n","protected":false},"excerpt":{"rendered":"<p>Correio Braziliense O mineiro Antonio Carlos Botelho Megale, que completa 61 anos neste s\u00e1bado, preside a Anfavea, a associa\u00e7\u00e3o que re\u00fane as montadoras com sede no pa\u00eds, desde agosto de 2016. Nesse per\u00edodo, ele viveu duas situa\u00e7\u00f5es opostas: crise sem precedente e recupera\u00e7\u00e3o que foi mais r\u00e1pida do que se imaginava. No meio do turbilh\u00e3o,\u2026 <a class=\"readmore\" href=\"https:\/\/dana.com.br\/canaldana\/2018\/01\/25\/investidor-quer-saber-em-qual-brasil-investir-diz-presidente-da-anfavea\/\">Leia mais \u00bb<\/a><\/p>\n","protected":false},"author":3,"featured_media":0,"comment_status":"closed","ping_status":"closed","sticky":false,"template":"","format":"standard","meta":{"_acf_changed":false,"footnotes":""},"categories":[52],"tags":[],"class_list":["post-22720","post","type-post","status-publish","format-standard","hentry","category-entrevista"],"acf":[],"yoast_head":"<!-- This site is optimized with the Yoast SEO plugin v27.3 - https:\/\/yoast.com\/product\/yoast-seo-wordpress\/ -->\n<title>&quot;Investidor quer saber em qual Brasil investir&quot;, diz presidente da Anfavea - Canal Dana<\/title>\n<meta name=\"robots\" content=\"index, follow, max-snippet:-1, max-image-preview:large, max-video-preview:-1\" \/>\n<link rel=\"canonical\" href=\"https:\/\/dana.com.br\/canaldana\/2018\/01\/25\/investidor-quer-saber-em-qual-brasil-investir-diz-presidente-da-anfavea\/\" \/>\n<meta property=\"og:locale\" content=\"pt_BR\" \/>\n<meta property=\"og:type\" content=\"article\" \/>\n<meta property=\"og:title\" content=\"&quot;Investidor quer saber em qual Brasil investir&quot;, diz presidente da Anfavea - Canal Dana\" \/>\n<meta property=\"og:description\" content=\"Correio Braziliense O mineiro Antonio Carlos Botelho Megale, que completa 61 anos neste s\u00e1bado, preside a Anfavea, a associa\u00e7\u00e3o que re\u00fane as montadoras com sede no pa\u00eds, desde agosto de 2016. Nesse per\u00edodo, ele viveu duas situa\u00e7\u00f5es opostas: crise sem precedente e recupera\u00e7\u00e3o que foi mais r\u00e1pida do que se imaginava. No meio do turbilh\u00e3o,\u2026 Leia mais \u00bb\" \/>\n<meta property=\"og:url\" content=\"https:\/\/dana.com.br\/canaldana\/2018\/01\/25\/investidor-quer-saber-em-qual-brasil-investir-diz-presidente-da-anfavea\/\" \/>\n<meta property=\"og:site_name\" content=\"Canal Dana\" \/>\n<meta property=\"article:published_time\" content=\"2018-01-25T10:31:39+00:00\" \/>\n<meta name=\"author\" content=\"Canal Dana\" \/>\n<meta name=\"twitter:card\" content=\"summary_large_image\" \/>\n<meta name=\"twitter:label1\" content=\"Escrito por\" \/>\n\t<meta name=\"twitter:data1\" content=\"Canal Dana\" \/>\n\t<meta name=\"twitter:label2\" content=\"Est. tempo de leitura\" \/>\n\t<meta name=\"twitter:data2\" content=\"10 minutos\" \/>\n<script type=\"application\/ld+json\" class=\"yoast-schema-graph\">{\"@context\":\"https:\\\/\\\/schema.org\",\"@graph\":[{\"@type\":\"Article\",\"@id\":\"https:\\\/\\\/dana.com.br\\\/canaldana\\\/2018\\\/01\\\/25\\\/investidor-quer-saber-em-qual-brasil-investir-diz-presidente-da-anfavea\\\/#article\",\"isPartOf\":{\"@id\":\"https:\\\/\\\/dana.com.br\\\/canaldana\\\/2018\\\/01\\\/25\\\/investidor-quer-saber-em-qual-brasil-investir-diz-presidente-da-anfavea\\\/\"},\"author\":{\"name\":\"Canal Dana\",\"@id\":\"https:\\\/\\\/dana.com.br\\\/canaldana\\\/#\\\/schema\\\/person\\\/3c21f22f56fcf3bc46b94bc60ea4fef6\"},\"headline\":\"&#8220;Investidor quer saber em qual Brasil investir&#8221;, diz presidente da Anfavea\",\"datePublished\":\"2018-01-25T10:31:39+00:00\",\"mainEntityOfPage\":{\"@id\":\"https:\\\/\\\/dana.com.br\\\/canaldana\\\/2018\\\/01\\\/25\\\/investidor-quer-saber-em-qual-brasil-investir-diz-presidente-da-anfavea\\\/\"},\"wordCount\":1952,\"articleSection\":[\"Entrevista\"],\"inLanguage\":\"pt-BR\"},{\"@type\":\"WebPage\",\"@id\":\"https:\\\/\\\/dana.com.br\\\/canaldana\\\/2018\\\/01\\\/25\\\/investidor-quer-saber-em-qual-brasil-investir-diz-presidente-da-anfavea\\\/\",\"url\":\"https:\\\/\\\/dana.com.br\\\/canaldana\\\/2018\\\/01\\\/25\\\/investidor-quer-saber-em-qual-brasil-investir-diz-presidente-da-anfavea\\\/\",\"name\":\"\\\"Investidor quer saber em qual Brasil investir\\\", diz presidente da Anfavea - Canal Dana\",\"isPartOf\":{\"@id\":\"https:\\\/\\\/dana.com.br\\\/canaldana\\\/#website\"},\"datePublished\":\"2018-01-25T10:31:39+00:00\",\"author\":{\"@id\":\"https:\\\/\\\/dana.com.br\\\/canaldana\\\/#\\\/schema\\\/person\\\/3c21f22f56fcf3bc46b94bc60ea4fef6\"},\"breadcrumb\":{\"@id\":\"https:\\\/\\\/dana.com.br\\\/canaldana\\\/2018\\\/01\\\/25\\\/investidor-quer-saber-em-qual-brasil-investir-diz-presidente-da-anfavea\\\/#breadcrumb\"},\"inLanguage\":\"pt-BR\",\"potentialAction\":[{\"@type\":\"ReadAction\",\"target\":[\"https:\\\/\\\/dana.com.br\\\/canaldana\\\/2018\\\/01\\\/25\\\/investidor-quer-saber-em-qual-brasil-investir-diz-presidente-da-anfavea\\\/\"]}]},{\"@type\":\"BreadcrumbList\",\"@id\":\"https:\\\/\\\/dana.com.br\\\/canaldana\\\/2018\\\/01\\\/25\\\/investidor-quer-saber-em-qual-brasil-investir-diz-presidente-da-anfavea\\\/#breadcrumb\",\"itemListElement\":[{\"@type\":\"ListItem\",\"position\":1,\"name\":\"Home\",\"item\":\"https:\\\/\\\/dana.com.br\\\/canaldana\\\/\"},{\"@type\":\"ListItem\",\"position\":2,\"name\":\"Entrevista\",\"item\":\"https:\\\/\\\/dana.com.br\\\/canaldana\\\/entrevista\\\/\"},{\"@type\":\"ListItem\",\"position\":3,\"name\":\"&#8220;Investidor quer saber em qual Brasil investir&#8221;, diz presidente da Anfavea\"}]},{\"@type\":\"WebSite\",\"@id\":\"https:\\\/\\\/dana.com.br\\\/canaldana\\\/#website\",\"url\":\"https:\\\/\\\/dana.com.br\\\/canaldana\\\/\",\"name\":\"Canal Dana\",\"description\":\"Informativo com as principais not\u00edcias da ind\u00fastria automotiva\",\"potentialAction\":[{\"@type\":\"SearchAction\",\"target\":{\"@type\":\"EntryPoint\",\"urlTemplate\":\"https:\\\/\\\/dana.com.br\\\/canaldana\\\/?s={search_term_string}\"},\"query-input\":{\"@type\":\"PropertyValueSpecification\",\"valueRequired\":true,\"valueName\":\"search_term_string\"}}],\"inLanguage\":\"pt-BR\"},{\"@type\":\"Person\",\"@id\":\"https:\\\/\\\/dana.com.br\\\/canaldana\\\/#\\\/schema\\\/person\\\/3c21f22f56fcf3bc46b94bc60ea4fef6\",\"name\":\"Canal Dana\",\"image\":{\"@type\":\"ImageObject\",\"inLanguage\":\"pt-BR\",\"@id\":\"https:\\\/\\\/secure.gravatar.com\\\/avatar\\\/420aaf9278582877d9018637c6817617705899d2858d7572ef0fe59a6b6454b4?s=96&d=mm&r=g\",\"url\":\"https:\\\/\\\/secure.gravatar.com\\\/avatar\\\/420aaf9278582877d9018637c6817617705899d2858d7572ef0fe59a6b6454b4?s=96&d=mm&r=g\",\"contentUrl\":\"https:\\\/\\\/secure.gravatar.com\\\/avatar\\\/420aaf9278582877d9018637c6817617705899d2858d7572ef0fe59a6b6454b4?s=96&d=mm&r=g\",\"caption\":\"Canal Dana\"},\"url\":\"https:\\\/\\\/dana.com.br\\\/canaldana\\\/author\\\/cdeditor\\\/\"}]}<\/script>\n<!-- \/ Yoast SEO plugin. -->","yoast_head_json":{"title":"\"Investidor quer saber em qual Brasil investir\", diz presidente da Anfavea - Canal Dana","robots":{"index":"index","follow":"follow","max-snippet":"max-snippet:-1","max-image-preview":"max-image-preview:large","max-video-preview":"max-video-preview:-1"},"canonical":"https:\/\/dana.com.br\/canaldana\/2018\/01\/25\/investidor-quer-saber-em-qual-brasil-investir-diz-presidente-da-anfavea\/","og_locale":"pt_BR","og_type":"article","og_title":"\"Investidor quer saber em qual Brasil investir\", diz presidente da Anfavea - Canal Dana","og_description":"Correio Braziliense O mineiro Antonio Carlos Botelho Megale, que completa 61 anos neste s\u00e1bado, preside a Anfavea, a associa\u00e7\u00e3o que re\u00fane as montadoras com sede no pa\u00eds, desde agosto de 2016. Nesse per\u00edodo, ele viveu duas situa\u00e7\u00f5es opostas: crise sem precedente e recupera\u00e7\u00e3o que foi mais r\u00e1pida do que se imaginava. No meio do turbilh\u00e3o,\u2026 Leia mais \u00bb","og_url":"https:\/\/dana.com.br\/canaldana\/2018\/01\/25\/investidor-quer-saber-em-qual-brasil-investir-diz-presidente-da-anfavea\/","og_site_name":"Canal Dana","article_published_time":"2018-01-25T10:31:39+00:00","author":"Canal Dana","twitter_card":"summary_large_image","twitter_misc":{"Escrito por":"Canal Dana","Est. tempo de leitura":"10 minutos"},"schema":{"@context":"https:\/\/schema.org","@graph":[{"@type":"Article","@id":"https:\/\/dana.com.br\/canaldana\/2018\/01\/25\/investidor-quer-saber-em-qual-brasil-investir-diz-presidente-da-anfavea\/#article","isPartOf":{"@id":"https:\/\/dana.com.br\/canaldana\/2018\/01\/25\/investidor-quer-saber-em-qual-brasil-investir-diz-presidente-da-anfavea\/"},"author":{"name":"Canal Dana","@id":"https:\/\/dana.com.br\/canaldana\/#\/schema\/person\/3c21f22f56fcf3bc46b94bc60ea4fef6"},"headline":"&#8220;Investidor quer saber em qual Brasil investir&#8221;, diz presidente da Anfavea","datePublished":"2018-01-25T10:31:39+00:00","mainEntityOfPage":{"@id":"https:\/\/dana.com.br\/canaldana\/2018\/01\/25\/investidor-quer-saber-em-qual-brasil-investir-diz-presidente-da-anfavea\/"},"wordCount":1952,"articleSection":["Entrevista"],"inLanguage":"pt-BR"},{"@type":"WebPage","@id":"https:\/\/dana.com.br\/canaldana\/2018\/01\/25\/investidor-quer-saber-em-qual-brasil-investir-diz-presidente-da-anfavea\/","url":"https:\/\/dana.com.br\/canaldana\/2018\/01\/25\/investidor-quer-saber-em-qual-brasil-investir-diz-presidente-da-anfavea\/","name":"\"Investidor quer saber em qual Brasil investir\", diz presidente da Anfavea - Canal Dana","isPartOf":{"@id":"https:\/\/dana.com.br\/canaldana\/#website"},"datePublished":"2018-01-25T10:31:39+00:00","author":{"@id":"https:\/\/dana.com.br\/canaldana\/#\/schema\/person\/3c21f22f56fcf3bc46b94bc60ea4fef6"},"breadcrumb":{"@id":"https:\/\/dana.com.br\/canaldana\/2018\/01\/25\/investidor-quer-saber-em-qual-brasil-investir-diz-presidente-da-anfavea\/#breadcrumb"},"inLanguage":"pt-BR","potentialAction":[{"@type":"ReadAction","target":["https:\/\/dana.com.br\/canaldana\/2018\/01\/25\/investidor-quer-saber-em-qual-brasil-investir-diz-presidente-da-anfavea\/"]}]},{"@type":"BreadcrumbList","@id":"https:\/\/dana.com.br\/canaldana\/2018\/01\/25\/investidor-quer-saber-em-qual-brasil-investir-diz-presidente-da-anfavea\/#breadcrumb","itemListElement":[{"@type":"ListItem","position":1,"name":"Home","item":"https:\/\/dana.com.br\/canaldana\/"},{"@type":"ListItem","position":2,"name":"Entrevista","item":"https:\/\/dana.com.br\/canaldana\/entrevista\/"},{"@type":"ListItem","position":3,"name":"&#8220;Investidor quer saber em qual Brasil investir&#8221;, diz presidente da Anfavea"}]},{"@type":"WebSite","@id":"https:\/\/dana.com.br\/canaldana\/#website","url":"https:\/\/dana.com.br\/canaldana\/","name":"Canal Dana","description":"Informativo com as principais not\u00edcias da ind\u00fastria automotiva","potentialAction":[{"@type":"SearchAction","target":{"@type":"EntryPoint","urlTemplate":"https:\/\/dana.com.br\/canaldana\/?s={search_term_string}"},"query-input":{"@type":"PropertyValueSpecification","valueRequired":true,"valueName":"search_term_string"}}],"inLanguage":"pt-BR"},{"@type":"Person","@id":"https:\/\/dana.com.br\/canaldana\/#\/schema\/person\/3c21f22f56fcf3bc46b94bc60ea4fef6","name":"Canal Dana","image":{"@type":"ImageObject","inLanguage":"pt-BR","@id":"https:\/\/secure.gravatar.com\/avatar\/420aaf9278582877d9018637c6817617705899d2858d7572ef0fe59a6b6454b4?s=96&d=mm&r=g","url":"https:\/\/secure.gravatar.com\/avatar\/420aaf9278582877d9018637c6817617705899d2858d7572ef0fe59a6b6454b4?s=96&d=mm&r=g","contentUrl":"https:\/\/secure.gravatar.com\/avatar\/420aaf9278582877d9018637c6817617705899d2858d7572ef0fe59a6b6454b4?s=96&d=mm&r=g","caption":"Canal Dana"},"url":"https:\/\/dana.com.br\/canaldana\/author\/cdeditor\/"}]}},"_links":{"self":[{"href":"https:\/\/dana.com.br\/canaldana\/wp-json\/wp\/v2\/posts\/22720","targetHints":{"allow":["GET"]}}],"collection":[{"href":"https:\/\/dana.com.br\/canaldana\/wp-json\/wp\/v2\/posts"}],"about":[{"href":"https:\/\/dana.com.br\/canaldana\/wp-json\/wp\/v2\/types\/post"}],"author":[{"embeddable":true,"href":"https:\/\/dana.com.br\/canaldana\/wp-json\/wp\/v2\/users\/3"}],"replies":[{"embeddable":true,"href":"https:\/\/dana.com.br\/canaldana\/wp-json\/wp\/v2\/comments?post=22720"}],"version-history":[{"count":0,"href":"https:\/\/dana.com.br\/canaldana\/wp-json\/wp\/v2\/posts\/22720\/revisions"}],"wp:attachment":[{"href":"https:\/\/dana.com.br\/canaldana\/wp-json\/wp\/v2\/media?parent=22720"}],"wp:term":[{"taxonomy":"category","embeddable":true,"href":"https:\/\/dana.com.br\/canaldana\/wp-json\/wp\/v2\/categories?post=22720"},{"taxonomy":"post_tag","embeddable":true,"href":"https:\/\/dana.com.br\/canaldana\/wp-json\/wp\/v2\/tags?post=22720"}],"curies":[{"name":"wp","href":"https:\/\/api.w.org\/{rel}","templated":true}]}}