{"id":22698,"date":"2018-01-25T08:17:02","date_gmt":"2018-01-25T10:17:02","guid":{"rendered":"http:\/\/dana.com.br\/canaldana\/?p=22698"},"modified":"2018-01-25T08:17:02","modified_gmt":"2018-01-25T10:17:02","slug":"pela-primeira-vez-em-60-anos-toyota-vai-operar-em-regime-de-24h-no-brasil","status":"publish","type":"post","link":"https:\/\/dana.com.br\/canaldana\/2018\/01\/25\/pela-primeira-vez-em-60-anos-toyota-vai-operar-em-regime-de-24h-no-brasil\/","title":{"rendered":"Pela primeira vez em 60 anos, Toyota vai operar em regime de 24h no Brasil"},"content":{"rendered":"<p>O Estado de S. Paulo<\/p>\n<p>Ap\u00f3s aumento de 5% nas vendas do ano passado, abaixo da alta de 9,4% verificada em todo o mercado de autom\u00f3veis e comerciais leves em rela\u00e7\u00e3o a 2016, a Toyota do Brasil vai ampliar sua produ\u00e7\u00e3o. A empresa alega que seu desempenho foi prejudicado em parte pela falta de condi\u00e7\u00f5es de atender \u00e0 demanda, pois as f\u00e1bricas operaram no limite da capacidade.<\/p>\n<p>A solu\u00e7\u00e3o ser\u00e1 introduzir o terceiro turno de trabalho inicialmente em duas f\u00e1bricas, a de autom\u00f3veis em Sorocaba, que produz o compacto Etios, e a de motores em Porto Feliz, ambas em S\u00e3o Paulo. Ser\u00e1 a primeira vez em 60 anos de Brasil que a fabricante japonesa recorrer\u00e1 a esse tipo de expediente.<\/p>\n<p>A medida ser\u00e1 adotada no segundo semestre, ap\u00f3s o in\u00edcio da produ\u00e7\u00e3o, em junho, do Yaris, sed\u00e3 que disputar\u00e1 mercado com Volkswagen Virtus, lan\u00e7ado esta semana, Fiat Cronos, que chegar\u00e1 ao mercado em fevereiro, al\u00e9m do Chevrolet Cobalt e do Honda City, entre outros.<\/p>\n<p>\u201cO aumento da produ\u00e7\u00e3o e o n\u00famero de trabalhadores a serem contratos ser\u00e3o definidos de acordo com o comportamento do mercado nos pr\u00f3ximos meses\u201d, diz o presidente da Toyota do Brasil, Rafael Chang.<\/p>\n<p>Para o executivo peruano, a recupera\u00e7\u00e3o da economia \u201cest\u00e1 indo mais r\u00e1pido do que esper\u00e1vamos\u201d. Como o refor\u00e7o da produ\u00e7\u00e3o ocorrer\u00e1 na segunda metade do ano, ele prev\u00ea novo aumento de apenas 5% ante os 190,6 mil carros da marca vendidos em 2017, enquanto para o mercado total projeta alta de 11%, para 2,5 milh\u00f5es de ve\u00edculos.<\/p>\n<p>A f\u00e1brica de Sorocaba emprega 2 mil pessoas e tem capacidade para produzir 108 mil carros ao ano, em dois turnos, e opera atualmente com horas extras. No ano passado foram vendidos no mercado interno 73,3 mil Etios, 8% a mais que em 2016 e tamb\u00e9m houve incremento de exporta\u00e7\u00f5es, diz Chang.<\/p>\n<p>A marca j\u00e1 exportava para o Mercosul e iniciou vendas do Etios para Peru, Costa Rica e Honduras. Em breve vender\u00e1 o Corolla para Col\u00f4mbia e Chile. O sed\u00e3 \u00e9 produzido em Indaiatuba (SP), que tamb\u00e9m tem 2 mil funcion\u00e1rios. Motores s\u00e3o feitos em Porto Feliz.<\/p>\n<p>Ao todo, o grupo emprega 6 mil pessoas, incluindo a unidade do ABC paulista, que abriga sede administrativa, centro de desenvolvimento e produz pe\u00e7as. \u201cEm nenhum momento na crise demitimos ou usamos expedientes como lay-off (suspens\u00e3o de contratos)\u201d, diz Chang.<\/p>\n<p>H\u00edbridos. Em evento realizado pela Toyota na noite de ter\u00e7a-feira, o ministro da Ind\u00fastria, Com\u00e9rcio Exterior e Servi\u00e7os, Marcos Jorge, confirmou que o governo publicar\u00e1, em breve, medida que reduz para 7% o Imposto sobre Produtos Industrializados (IPI) para carros el\u00e9tricos e h\u00edbridos, mesma al\u00edquota cobrada de modelos \u201cpopulares\u201d.<\/p>\n<p>Hoje, o Toyota Prius, o h\u00edbrido mais vendido no Pa\u00eds, com 2,4 mil unidades em 2017, recolhe 13% de IPI. Carros el\u00e9tricos pagam 25%, porcentual m\u00e1ximo do imposto. Com a redu\u00e7\u00e3o, calcula-se que o Prius, vendido a R$ 126 mil, ter\u00e1 o pre\u00e7o reduzido para menos de R$ 100 mil.<\/p>\n<p>O presidente da Toyota para Am\u00e9rica Latina e Caribe, Steve St. Angelo, afirma que a tecnologia h\u00edbrida \u2013 que permite rodar com eletricidade gerada por outro combust\u00edvel \u2013 ser\u00e1 a base para novas tecnologias no Pa\u00eds, como os modelos 100% el\u00e9tricos.<\/p>\n<p>Para o Brasil, ele defende o etanol para gerar a energia do h\u00edbrido. \u201cEstamos prontos para testar esse novo ve\u00edculo com tecnologia desenvolvida no Brasil\u201d, diz. Em mar\u00e7o, a Toyota promover\u00e1 uma viagem de S\u00e3o Paulo a Bras\u00edlia com o Prius usando etanol em vez de gasolina.<\/p>\n<p><strong>Marca tenta &#8216;salvar&#8217; f\u00e1brica na Venezuela<\/strong><\/p>\n<p>Na tentativa de \u201csalvar\u201d a f\u00e1brica da Venezuela, que j\u00e1 produziu mais de 4 mil ve\u00edculos por m\u00eas e hoje consegue tirar no m\u00e1ximo 100 unidades de Corolla e Hilux da linha de montagem inaugurada h\u00e1 36 anos, a Toyota decidiu que Rafael Chang, presidente da empresa no Brasil, tamb\u00e9m vai chefiar a opera\u00e7\u00e3o venezuelana.<\/p>\n<p>A f\u00e1brica mant\u00e9m cerca de 1 mil funcion\u00e1rios, apesar do baixo uso da capacidade. A inten\u00e7\u00e3o de Chang, que presidiu a filial por dois anos antes de assumir o cargo atual, h\u00e1 um ano, \u00e9 ampliar as exporta\u00e7\u00f5es de pe\u00e7as para o mercado de reposi\u00e7\u00e3o. Um dos clientes pode ser o mercado brasileiro.<\/p>\n<p>A f\u00e1brica da Venezuela produz a vers\u00e3o antiga da picape Hilux, por isso pe\u00e7as como para-choques poderiam ser exportadas para o Brasil, explica Chang, que aceitou o desafio de acumular as duas presid\u00eancias ap\u00f3s outros executivos terem recusado o cargo no pa\u00eds que passa por severa crise pol\u00edtica, econ\u00f4mica e social. A empresa j\u00e1 exporta para a Argentina.<\/p>\n<p>\u201cEstamos vendendo carros basicamente para empresas, que conseguem nos pagar com d\u00f3lares que usamos para comprar pe\u00e7as\u201d, explica Chang.<\/p>\n<p>A Ford e a Fiat-Chrysler tamb\u00e9m est\u00e3o com linhas quase paralisadas. A General Motors deixou o pa\u00eds ap\u00f3s ter a f\u00e1brica confiscada pelo governo no ano passado. Em 2007, a Venezuela produziu 318 mil ve\u00edculos. Em 2017, foram cerca de 2 mil unidades.(OEstado de S. Paulo\/Cleide Silva)<\/p>\n","protected":false},"excerpt":{"rendered":"<p>O Estado de S. Paulo Ap\u00f3s aumento de 5% nas vendas do ano passado, abaixo da alta de 9,4% verificada em todo o mercado de autom\u00f3veis e comerciais leves em rela\u00e7\u00e3o a 2016, a Toyota do Brasil vai ampliar sua produ\u00e7\u00e3o. A empresa alega que seu desempenho foi prejudicado em parte pela falta de condi\u00e7\u00f5es\u2026 <a class=\"readmore\" href=\"https:\/\/dana.com.br\/canaldana\/2018\/01\/25\/pela-primeira-vez-em-60-anos-toyota-vai-operar-em-regime-de-24h-no-brasil\/\">Leia mais \u00bb<\/a><\/p>\n","protected":false},"author":3,"featured_media":0,"comment_status":"closed","ping_status":"closed","sticky":false,"template":"","format":"standard","meta":{"_acf_changed":false,"footnotes":""},"categories":[61],"tags":[],"class_list":["post-22698","post","type-post","status-publish","format-standard","hentry","category-destaques"],"acf":[],"yoast_head":"<!-- This site is optimized with the Yoast SEO plugin v27.3 - https:\/\/yoast.com\/product\/yoast-seo-wordpress\/ -->\n<title>Pela primeira vez em 60 anos, Toyota vai operar em regime de 24h no Brasil - Canal Dana<\/title>\n<meta name=\"robots\" content=\"index, follow, max-snippet:-1, max-image-preview:large, max-video-preview:-1\" \/>\n<link rel=\"canonical\" href=\"https:\/\/dana.com.br\/canaldana\/2018\/01\/25\/pela-primeira-vez-em-60-anos-toyota-vai-operar-em-regime-de-24h-no-brasil\/\" \/>\n<meta property=\"og:locale\" content=\"pt_BR\" \/>\n<meta property=\"og:type\" content=\"article\" \/>\n<meta property=\"og:title\" content=\"Pela primeira vez em 60 anos, Toyota vai operar em regime de 24h no Brasil - Canal Dana\" \/>\n<meta property=\"og:description\" content=\"O Estado de S. Paulo Ap\u00f3s aumento de 5% nas vendas do ano passado, abaixo da alta de 9,4% verificada em todo o mercado de autom\u00f3veis e comerciais leves em rela\u00e7\u00e3o a 2016, a Toyota do Brasil vai ampliar sua produ\u00e7\u00e3o. A empresa alega que seu desempenho foi prejudicado em parte pela falta de condi\u00e7\u00f5es\u2026 Leia mais \u00bb\" \/>\n<meta property=\"og:url\" content=\"https:\/\/dana.com.br\/canaldana\/2018\/01\/25\/pela-primeira-vez-em-60-anos-toyota-vai-operar-em-regime-de-24h-no-brasil\/\" \/>\n<meta property=\"og:site_name\" content=\"Canal Dana\" \/>\n<meta property=\"article:published_time\" content=\"2018-01-25T10:17:02+00:00\" \/>\n<meta name=\"author\" content=\"Canal Dana\" \/>\n<meta name=\"twitter:card\" content=\"summary_large_image\" \/>\n<meta name=\"twitter:label1\" content=\"Escrito por\" \/>\n\t<meta name=\"twitter:data1\" content=\"Canal Dana\" \/>\n\t<meta name=\"twitter:label2\" content=\"Est. tempo de leitura\" \/>\n\t<meta name=\"twitter:data2\" content=\"4 minutos\" \/>\n<script type=\"application\/ld+json\" class=\"yoast-schema-graph\">{\"@context\":\"https:\\\/\\\/schema.org\",\"@graph\":[{\"@type\":\"Article\",\"@id\":\"https:\\\/\\\/dana.com.br\\\/canaldana\\\/2018\\\/01\\\/25\\\/pela-primeira-vez-em-60-anos-toyota-vai-operar-em-regime-de-24h-no-brasil\\\/#article\",\"isPartOf\":{\"@id\":\"https:\\\/\\\/dana.com.br\\\/canaldana\\\/2018\\\/01\\\/25\\\/pela-primeira-vez-em-60-anos-toyota-vai-operar-em-regime-de-24h-no-brasil\\\/\"},\"author\":{\"name\":\"Canal Dana\",\"@id\":\"https:\\\/\\\/dana.com.br\\\/canaldana\\\/#\\\/schema\\\/person\\\/3c21f22f56fcf3bc46b94bc60ea4fef6\"},\"headline\":\"Pela primeira vez em 60 anos, Toyota vai operar em regime de 24h no Brasil\",\"datePublished\":\"2018-01-25T10:17:02+00:00\",\"mainEntityOfPage\":{\"@id\":\"https:\\\/\\\/dana.com.br\\\/canaldana\\\/2018\\\/01\\\/25\\\/pela-primeira-vez-em-60-anos-toyota-vai-operar-em-regime-de-24h-no-brasil\\\/\"},\"wordCount\":885,\"articleSection\":[\"Destaques\"],\"inLanguage\":\"pt-BR\"},{\"@type\":\"WebPage\",\"@id\":\"https:\\\/\\\/dana.com.br\\\/canaldana\\\/2018\\\/01\\\/25\\\/pela-primeira-vez-em-60-anos-toyota-vai-operar-em-regime-de-24h-no-brasil\\\/\",\"url\":\"https:\\\/\\\/dana.com.br\\\/canaldana\\\/2018\\\/01\\\/25\\\/pela-primeira-vez-em-60-anos-toyota-vai-operar-em-regime-de-24h-no-brasil\\\/\",\"name\":\"Pela primeira vez em 60 anos, Toyota vai operar em regime de 24h no Brasil - Canal Dana\",\"isPartOf\":{\"@id\":\"https:\\\/\\\/dana.com.br\\\/canaldana\\\/#website\"},\"datePublished\":\"2018-01-25T10:17:02+00:00\",\"author\":{\"@id\":\"https:\\\/\\\/dana.com.br\\\/canaldana\\\/#\\\/schema\\\/person\\\/3c21f22f56fcf3bc46b94bc60ea4fef6\"},\"breadcrumb\":{\"@id\":\"https:\\\/\\\/dana.com.br\\\/canaldana\\\/2018\\\/01\\\/25\\\/pela-primeira-vez-em-60-anos-toyota-vai-operar-em-regime-de-24h-no-brasil\\\/#breadcrumb\"},\"inLanguage\":\"pt-BR\",\"potentialAction\":[{\"@type\":\"ReadAction\",\"target\":[\"https:\\\/\\\/dana.com.br\\\/canaldana\\\/2018\\\/01\\\/25\\\/pela-primeira-vez-em-60-anos-toyota-vai-operar-em-regime-de-24h-no-brasil\\\/\"]}]},{\"@type\":\"BreadcrumbList\",\"@id\":\"https:\\\/\\\/dana.com.br\\\/canaldana\\\/2018\\\/01\\\/25\\\/pela-primeira-vez-em-60-anos-toyota-vai-operar-em-regime-de-24h-no-brasil\\\/#breadcrumb\",\"itemListElement\":[{\"@type\":\"ListItem\",\"position\":1,\"name\":\"Home\",\"item\":\"https:\\\/\\\/dana.com.br\\\/canaldana\\\/\"},{\"@type\":\"ListItem\",\"position\":2,\"name\":\"Destaques\",\"item\":\"https:\\\/\\\/dana.com.br\\\/canaldana\\\/destaques\\\/\"},{\"@type\":\"ListItem\",\"position\":3,\"name\":\"Pela primeira vez em 60 anos, Toyota vai operar em regime de 24h no Brasil\"}]},{\"@type\":\"WebSite\",\"@id\":\"https:\\\/\\\/dana.com.br\\\/canaldana\\\/#website\",\"url\":\"https:\\\/\\\/dana.com.br\\\/canaldana\\\/\",\"name\":\"Canal Dana\",\"description\":\"Informativo com as principais not\u00edcias da ind\u00fastria automotiva\",\"potentialAction\":[{\"@type\":\"SearchAction\",\"target\":{\"@type\":\"EntryPoint\",\"urlTemplate\":\"https:\\\/\\\/dana.com.br\\\/canaldana\\\/?s={search_term_string}\"},\"query-input\":{\"@type\":\"PropertyValueSpecification\",\"valueRequired\":true,\"valueName\":\"search_term_string\"}}],\"inLanguage\":\"pt-BR\"},{\"@type\":\"Person\",\"@id\":\"https:\\\/\\\/dana.com.br\\\/canaldana\\\/#\\\/schema\\\/person\\\/3c21f22f56fcf3bc46b94bc60ea4fef6\",\"name\":\"Canal Dana\",\"image\":{\"@type\":\"ImageObject\",\"inLanguage\":\"pt-BR\",\"@id\":\"https:\\\/\\\/secure.gravatar.com\\\/avatar\\\/420aaf9278582877d9018637c6817617705899d2858d7572ef0fe59a6b6454b4?s=96&d=mm&r=g\",\"url\":\"https:\\\/\\\/secure.gravatar.com\\\/avatar\\\/420aaf9278582877d9018637c6817617705899d2858d7572ef0fe59a6b6454b4?s=96&d=mm&r=g\",\"contentUrl\":\"https:\\\/\\\/secure.gravatar.com\\\/avatar\\\/420aaf9278582877d9018637c6817617705899d2858d7572ef0fe59a6b6454b4?s=96&d=mm&r=g\",\"caption\":\"Canal Dana\"},\"url\":\"https:\\\/\\\/dana.com.br\\\/canaldana\\\/author\\\/cdeditor\\\/\"}]}<\/script>\n<!-- \/ Yoast SEO plugin. -->","yoast_head_json":{"title":"Pela primeira vez em 60 anos, Toyota vai operar em regime de 24h no Brasil - Canal Dana","robots":{"index":"index","follow":"follow","max-snippet":"max-snippet:-1","max-image-preview":"max-image-preview:large","max-video-preview":"max-video-preview:-1"},"canonical":"https:\/\/dana.com.br\/canaldana\/2018\/01\/25\/pela-primeira-vez-em-60-anos-toyota-vai-operar-em-regime-de-24h-no-brasil\/","og_locale":"pt_BR","og_type":"article","og_title":"Pela primeira vez em 60 anos, Toyota vai operar em regime de 24h no Brasil - Canal Dana","og_description":"O Estado de S. Paulo Ap\u00f3s aumento de 5% nas vendas do ano passado, abaixo da alta de 9,4% verificada em todo o mercado de autom\u00f3veis e comerciais leves em rela\u00e7\u00e3o a 2016, a Toyota do Brasil vai ampliar sua produ\u00e7\u00e3o. A empresa alega que seu desempenho foi prejudicado em parte pela falta de condi\u00e7\u00f5es\u2026 Leia mais \u00bb","og_url":"https:\/\/dana.com.br\/canaldana\/2018\/01\/25\/pela-primeira-vez-em-60-anos-toyota-vai-operar-em-regime-de-24h-no-brasil\/","og_site_name":"Canal Dana","article_published_time":"2018-01-25T10:17:02+00:00","author":"Canal Dana","twitter_card":"summary_large_image","twitter_misc":{"Escrito por":"Canal Dana","Est. tempo de leitura":"4 minutos"},"schema":{"@context":"https:\/\/schema.org","@graph":[{"@type":"Article","@id":"https:\/\/dana.com.br\/canaldana\/2018\/01\/25\/pela-primeira-vez-em-60-anos-toyota-vai-operar-em-regime-de-24h-no-brasil\/#article","isPartOf":{"@id":"https:\/\/dana.com.br\/canaldana\/2018\/01\/25\/pela-primeira-vez-em-60-anos-toyota-vai-operar-em-regime-de-24h-no-brasil\/"},"author":{"name":"Canal Dana","@id":"https:\/\/dana.com.br\/canaldana\/#\/schema\/person\/3c21f22f56fcf3bc46b94bc60ea4fef6"},"headline":"Pela primeira vez em 60 anos, Toyota vai operar em regime de 24h no Brasil","datePublished":"2018-01-25T10:17:02+00:00","mainEntityOfPage":{"@id":"https:\/\/dana.com.br\/canaldana\/2018\/01\/25\/pela-primeira-vez-em-60-anos-toyota-vai-operar-em-regime-de-24h-no-brasil\/"},"wordCount":885,"articleSection":["Destaques"],"inLanguage":"pt-BR"},{"@type":"WebPage","@id":"https:\/\/dana.com.br\/canaldana\/2018\/01\/25\/pela-primeira-vez-em-60-anos-toyota-vai-operar-em-regime-de-24h-no-brasil\/","url":"https:\/\/dana.com.br\/canaldana\/2018\/01\/25\/pela-primeira-vez-em-60-anos-toyota-vai-operar-em-regime-de-24h-no-brasil\/","name":"Pela primeira vez em 60 anos, Toyota vai operar em regime de 24h no Brasil - Canal Dana","isPartOf":{"@id":"https:\/\/dana.com.br\/canaldana\/#website"},"datePublished":"2018-01-25T10:17:02+00:00","author":{"@id":"https:\/\/dana.com.br\/canaldana\/#\/schema\/person\/3c21f22f56fcf3bc46b94bc60ea4fef6"},"breadcrumb":{"@id":"https:\/\/dana.com.br\/canaldana\/2018\/01\/25\/pela-primeira-vez-em-60-anos-toyota-vai-operar-em-regime-de-24h-no-brasil\/#breadcrumb"},"inLanguage":"pt-BR","potentialAction":[{"@type":"ReadAction","target":["https:\/\/dana.com.br\/canaldana\/2018\/01\/25\/pela-primeira-vez-em-60-anos-toyota-vai-operar-em-regime-de-24h-no-brasil\/"]}]},{"@type":"BreadcrumbList","@id":"https:\/\/dana.com.br\/canaldana\/2018\/01\/25\/pela-primeira-vez-em-60-anos-toyota-vai-operar-em-regime-de-24h-no-brasil\/#breadcrumb","itemListElement":[{"@type":"ListItem","position":1,"name":"Home","item":"https:\/\/dana.com.br\/canaldana\/"},{"@type":"ListItem","position":2,"name":"Destaques","item":"https:\/\/dana.com.br\/canaldana\/destaques\/"},{"@type":"ListItem","position":3,"name":"Pela primeira vez em 60 anos, Toyota vai operar em regime de 24h no Brasil"}]},{"@type":"WebSite","@id":"https:\/\/dana.com.br\/canaldana\/#website","url":"https:\/\/dana.com.br\/canaldana\/","name":"Canal Dana","description":"Informativo com as principais not\u00edcias da ind\u00fastria automotiva","potentialAction":[{"@type":"SearchAction","target":{"@type":"EntryPoint","urlTemplate":"https:\/\/dana.com.br\/canaldana\/?s={search_term_string}"},"query-input":{"@type":"PropertyValueSpecification","valueRequired":true,"valueName":"search_term_string"}}],"inLanguage":"pt-BR"},{"@type":"Person","@id":"https:\/\/dana.com.br\/canaldana\/#\/schema\/person\/3c21f22f56fcf3bc46b94bc60ea4fef6","name":"Canal Dana","image":{"@type":"ImageObject","inLanguage":"pt-BR","@id":"https:\/\/secure.gravatar.com\/avatar\/420aaf9278582877d9018637c6817617705899d2858d7572ef0fe59a6b6454b4?s=96&d=mm&r=g","url":"https:\/\/secure.gravatar.com\/avatar\/420aaf9278582877d9018637c6817617705899d2858d7572ef0fe59a6b6454b4?s=96&d=mm&r=g","contentUrl":"https:\/\/secure.gravatar.com\/avatar\/420aaf9278582877d9018637c6817617705899d2858d7572ef0fe59a6b6454b4?s=96&d=mm&r=g","caption":"Canal Dana"},"url":"https:\/\/dana.com.br\/canaldana\/author\/cdeditor\/"}]}},"_links":{"self":[{"href":"https:\/\/dana.com.br\/canaldana\/wp-json\/wp\/v2\/posts\/22698","targetHints":{"allow":["GET"]}}],"collection":[{"href":"https:\/\/dana.com.br\/canaldana\/wp-json\/wp\/v2\/posts"}],"about":[{"href":"https:\/\/dana.com.br\/canaldana\/wp-json\/wp\/v2\/types\/post"}],"author":[{"embeddable":true,"href":"https:\/\/dana.com.br\/canaldana\/wp-json\/wp\/v2\/users\/3"}],"replies":[{"embeddable":true,"href":"https:\/\/dana.com.br\/canaldana\/wp-json\/wp\/v2\/comments?post=22698"}],"version-history":[{"count":0,"href":"https:\/\/dana.com.br\/canaldana\/wp-json\/wp\/v2\/posts\/22698\/revisions"}],"wp:attachment":[{"href":"https:\/\/dana.com.br\/canaldana\/wp-json\/wp\/v2\/media?parent=22698"}],"wp:term":[{"taxonomy":"category","embeddable":true,"href":"https:\/\/dana.com.br\/canaldana\/wp-json\/wp\/v2\/categories?post=22698"},{"taxonomy":"post_tag","embeddable":true,"href":"https:\/\/dana.com.br\/canaldana\/wp-json\/wp\/v2\/tags?post=22698"}],"curies":[{"name":"wp","href":"https:\/\/api.w.org\/{rel}","templated":true}]}}