{"id":22688,"date":"2018-01-24T09:18:47","date_gmt":"2018-01-24T11:18:47","guid":{"rendered":"http:\/\/dana.com.br\/canaldana\/?p=22688"},"modified":"2018-01-24T09:18:47","modified_gmt":"2018-01-24T11:18:47","slug":"testes-de-colisao-lateral-serao-exigidos-no-brasil-partir-de-2020","status":"publish","type":"post","link":"https:\/\/dana.com.br\/canaldana\/2018\/01\/24\/testes-de-colisao-lateral-serao-exigidos-no-brasil-partir-de-2020\/","title":{"rendered":"Testes de colis\u00e3o lateral ser\u00e3o exigidos no Brasil a partir de 2020"},"content":{"rendered":"<p><em>Not\u00edcias Automotivas<\/em><\/p>\n<p>&nbsp;<\/p>\n<p>\u00c9 fato que a vida dos carros nacionais ficou \u201cmais complicada\u201d ap\u00f3s o Latin NCAP promover os testes de impacto lateral, visto que boa parte dos modelos comercializados em nosso Pa\u00eds apresentam certa defici\u00eancia estrutural e tamb\u00e9m de equipamentos a ponto de obterem maus resultados nessas avalia\u00e7\u00f5es. Agora, para a alegria dos consumidores, a situa\u00e7\u00e3o tende a ficar ainda mais delicada: o Conselho Nacional de Tr\u00e2nsito (Contran) informou na \u00faltima segunda-feira, 22, que vai exigir o teste de colis\u00e3o lateral a partir de 2020.<\/p>\n<p>&nbsp;<\/p>\n<p>O teste de impacto lateral dever\u00e1 ser realizado para que seja autorizada a comercializa\u00e7\u00e3o de um determinado autom\u00f3vel no mercado brasileiro. Esta nova obrigatoriedade come\u00e7a a valer no dia 1\u00ba de janeiro de 2020 para modelos in\u00e9ditos. J\u00e1 a partir de 2023, esta lei ir\u00e1 valer para todos os carros novos oferecidos em nosso Pa\u00eds.<\/p>\n<p>&nbsp;<\/p>\n<p>A atual legisla\u00e7\u00e3o do Contran obriga que as montadoras comprovem que os ve\u00edculos novos passaram por testes de impacto frontal e traseiro. Os testes poder\u00e3o ser feitos em laborat\u00f3rios certificados fora do Brasil, desde que sigam os regulamentos t\u00e9cnicos das Na\u00e7\u00f5es Unidas ou dos Estados Unidos.<\/p>\n<p>&nbsp;<\/p>\n<p>O teste de impacto lateral ser\u00e1 realizado em duas etapas, seguindo os par\u00e2metros definidos pelo Contran. A primeira consiste em uma batida perpendicular ao ve\u00edculo (com o autom\u00f3vel parado e a barreira de 950 kg a 50 km\/h), enquanto a segunda incide um impacto com \u00e2ngulo de 63\u00ba em rela\u00e7\u00e3o ao eixo longitudinal do ve\u00edculo (com barreira deform\u00e1vel a 53,6 km\/h).<\/p>\n<p>&nbsp;<\/p>\n<p>Durante as avalia\u00e7\u00f5es, o autom\u00f3vel n\u00e3o pode abrir qualquer uma das portas devido ao impacto. Al\u00e9m disso, \u00e9 necess\u00e1rio que as portas estejam em boas condi\u00e7\u00f5es para que os ocupantes possam sair do habit\u00e1culo. Os bonecos de teste (chamados de \u201cdummies\u201d), que simulam o corpo humano; tamb\u00e9m ser\u00e3o analisados para observar as \u201csequelas\u201d deixadas pelo impacto. E o habit\u00e1culo n\u00e3o pode conter qualquer componente solto que possa ferir quem est\u00e1 dentro do ve\u00edculo. (Not\u00edcias Automotivas\/Leonardo Andrade)<\/p>\n","protected":false},"excerpt":{"rendered":"<p>Not\u00edcias Automotivas &nbsp; \u00c9 fato que a vida dos carros nacionais ficou \u201cmais complicada\u201d ap\u00f3s o Latin NCAP promover os testes de impacto lateral, visto que boa parte dos modelos comercializados em nosso Pa\u00eds apresentam certa defici\u00eancia estrutural e tamb\u00e9m de equipamentos a ponto de obterem maus resultados nessas avalia\u00e7\u00f5es. Agora, para a alegria dos\u2026 <a class=\"readmore\" href=\"https:\/\/dana.com.br\/canaldana\/2018\/01\/24\/testes-de-colisao-lateral-serao-exigidos-no-brasil-partir-de-2020\/\">Leia mais \u00bb<\/a><\/p>\n","protected":false},"author":3,"featured_media":0,"comment_status":"closed","ping_status":"closed","sticky":false,"template":"","format":"standard","meta":{"_acf_changed":false,"footnotes":""},"categories":[61],"tags":[],"class_list":["post-22688","post","type-post","status-publish","format-standard","hentry","category-destaques"],"acf":[],"yoast_head":"<!-- This site is optimized with the Yoast SEO plugin v27.3 - https:\/\/yoast.com\/product\/yoast-seo-wordpress\/ -->\n<title>Testes de colis\u00e3o lateral ser\u00e3o exigidos no Brasil a partir de 2020 - Canal Dana<\/title>\n<meta name=\"robots\" content=\"index, follow, max-snippet:-1, max-image-preview:large, max-video-preview:-1\" \/>\n<link rel=\"canonical\" href=\"https:\/\/dana.com.br\/canaldana\/2018\/01\/24\/testes-de-colisao-lateral-serao-exigidos-no-brasil-partir-de-2020\/\" \/>\n<meta property=\"og:locale\" content=\"pt_BR\" \/>\n<meta property=\"og:type\" content=\"article\" \/>\n<meta property=\"og:title\" content=\"Testes de colis\u00e3o lateral ser\u00e3o exigidos no Brasil a partir de 2020 - Canal Dana\" \/>\n<meta property=\"og:description\" content=\"Not\u00edcias Automotivas &nbsp; \u00c9 fato que a vida dos carros nacionais ficou \u201cmais complicada\u201d ap\u00f3s o Latin NCAP promover os testes de impacto lateral, visto que boa parte dos modelos comercializados em nosso Pa\u00eds apresentam certa defici\u00eancia estrutural e tamb\u00e9m de equipamentos a ponto de obterem maus resultados nessas avalia\u00e7\u00f5es. Agora, para a alegria dos\u2026 Leia mais \u00bb\" \/>\n<meta property=\"og:url\" content=\"https:\/\/dana.com.br\/canaldana\/2018\/01\/24\/testes-de-colisao-lateral-serao-exigidos-no-brasil-partir-de-2020\/\" \/>\n<meta property=\"og:site_name\" content=\"Canal Dana\" \/>\n<meta property=\"article:published_time\" content=\"2018-01-24T11:18:47+00:00\" \/>\n<meta name=\"author\" content=\"Canal Dana\" \/>\n<meta name=\"twitter:card\" content=\"summary_large_image\" \/>\n<meta name=\"twitter:label1\" content=\"Escrito por\" \/>\n\t<meta name=\"twitter:data1\" content=\"Canal Dana\" \/>\n\t<meta name=\"twitter:label2\" content=\"Est. tempo de leitura\" \/>\n\t<meta name=\"twitter:data2\" content=\"2 minutos\" \/>\n<script type=\"application\/ld+json\" class=\"yoast-schema-graph\">{\"@context\":\"https:\\\/\\\/schema.org\",\"@graph\":[{\"@type\":\"Article\",\"@id\":\"https:\\\/\\\/dana.com.br\\\/canaldana\\\/2018\\\/01\\\/24\\\/testes-de-colisao-lateral-serao-exigidos-no-brasil-partir-de-2020\\\/#article\",\"isPartOf\":{\"@id\":\"https:\\\/\\\/dana.com.br\\\/canaldana\\\/2018\\\/01\\\/24\\\/testes-de-colisao-lateral-serao-exigidos-no-brasil-partir-de-2020\\\/\"},\"author\":{\"name\":\"Canal Dana\",\"@id\":\"https:\\\/\\\/dana.com.br\\\/canaldana\\\/#\\\/schema\\\/person\\\/3c21f22f56fcf3bc46b94bc60ea4fef6\"},\"headline\":\"Testes de colis\u00e3o lateral ser\u00e3o exigidos no Brasil a partir de 2020\",\"datePublished\":\"2018-01-24T11:18:47+00:00\",\"mainEntityOfPage\":{\"@id\":\"https:\\\/\\\/dana.com.br\\\/canaldana\\\/2018\\\/01\\\/24\\\/testes-de-colisao-lateral-serao-exigidos-no-brasil-partir-de-2020\\\/\"},\"wordCount\":373,\"articleSection\":[\"Destaques\"],\"inLanguage\":\"pt-BR\"},{\"@type\":\"WebPage\",\"@id\":\"https:\\\/\\\/dana.com.br\\\/canaldana\\\/2018\\\/01\\\/24\\\/testes-de-colisao-lateral-serao-exigidos-no-brasil-partir-de-2020\\\/\",\"url\":\"https:\\\/\\\/dana.com.br\\\/canaldana\\\/2018\\\/01\\\/24\\\/testes-de-colisao-lateral-serao-exigidos-no-brasil-partir-de-2020\\\/\",\"name\":\"Testes de colis\u00e3o lateral ser\u00e3o exigidos no Brasil a partir de 2020 - Canal Dana\",\"isPartOf\":{\"@id\":\"https:\\\/\\\/dana.com.br\\\/canaldana\\\/#website\"},\"datePublished\":\"2018-01-24T11:18:47+00:00\",\"author\":{\"@id\":\"https:\\\/\\\/dana.com.br\\\/canaldana\\\/#\\\/schema\\\/person\\\/3c21f22f56fcf3bc46b94bc60ea4fef6\"},\"breadcrumb\":{\"@id\":\"https:\\\/\\\/dana.com.br\\\/canaldana\\\/2018\\\/01\\\/24\\\/testes-de-colisao-lateral-serao-exigidos-no-brasil-partir-de-2020\\\/#breadcrumb\"},\"inLanguage\":\"pt-BR\",\"potentialAction\":[{\"@type\":\"ReadAction\",\"target\":[\"https:\\\/\\\/dana.com.br\\\/canaldana\\\/2018\\\/01\\\/24\\\/testes-de-colisao-lateral-serao-exigidos-no-brasil-partir-de-2020\\\/\"]}]},{\"@type\":\"BreadcrumbList\",\"@id\":\"https:\\\/\\\/dana.com.br\\\/canaldana\\\/2018\\\/01\\\/24\\\/testes-de-colisao-lateral-serao-exigidos-no-brasil-partir-de-2020\\\/#breadcrumb\",\"itemListElement\":[{\"@type\":\"ListItem\",\"position\":1,\"name\":\"Home\",\"item\":\"https:\\\/\\\/dana.com.br\\\/canaldana\\\/\"},{\"@type\":\"ListItem\",\"position\":2,\"name\":\"Destaques\",\"item\":\"https:\\\/\\\/dana.com.br\\\/canaldana\\\/destaques\\\/\"},{\"@type\":\"ListItem\",\"position\":3,\"name\":\"Testes de colis\u00e3o lateral ser\u00e3o exigidos no Brasil a partir de 2020\"}]},{\"@type\":\"WebSite\",\"@id\":\"https:\\\/\\\/dana.com.br\\\/canaldana\\\/#website\",\"url\":\"https:\\\/\\\/dana.com.br\\\/canaldana\\\/\",\"name\":\"Canal Dana\",\"description\":\"Informativo com as principais not\u00edcias da ind\u00fastria automotiva\",\"potentialAction\":[{\"@type\":\"SearchAction\",\"target\":{\"@type\":\"EntryPoint\",\"urlTemplate\":\"https:\\\/\\\/dana.com.br\\\/canaldana\\\/?s={search_term_string}\"},\"query-input\":{\"@type\":\"PropertyValueSpecification\",\"valueRequired\":true,\"valueName\":\"search_term_string\"}}],\"inLanguage\":\"pt-BR\"},{\"@type\":\"Person\",\"@id\":\"https:\\\/\\\/dana.com.br\\\/canaldana\\\/#\\\/schema\\\/person\\\/3c21f22f56fcf3bc46b94bc60ea4fef6\",\"name\":\"Canal Dana\",\"image\":{\"@type\":\"ImageObject\",\"inLanguage\":\"pt-BR\",\"@id\":\"https:\\\/\\\/secure.gravatar.com\\\/avatar\\\/420aaf9278582877d9018637c6817617705899d2858d7572ef0fe59a6b6454b4?s=96&d=mm&r=g\",\"url\":\"https:\\\/\\\/secure.gravatar.com\\\/avatar\\\/420aaf9278582877d9018637c6817617705899d2858d7572ef0fe59a6b6454b4?s=96&d=mm&r=g\",\"contentUrl\":\"https:\\\/\\\/secure.gravatar.com\\\/avatar\\\/420aaf9278582877d9018637c6817617705899d2858d7572ef0fe59a6b6454b4?s=96&d=mm&r=g\",\"caption\":\"Canal Dana\"},\"url\":\"https:\\\/\\\/dana.com.br\\\/canaldana\\\/author\\\/cdeditor\\\/\"}]}<\/script>\n<!-- \/ Yoast SEO plugin. -->","yoast_head_json":{"title":"Testes de colis\u00e3o lateral ser\u00e3o exigidos no Brasil a partir de 2020 - Canal Dana","robots":{"index":"index","follow":"follow","max-snippet":"max-snippet:-1","max-image-preview":"max-image-preview:large","max-video-preview":"max-video-preview:-1"},"canonical":"https:\/\/dana.com.br\/canaldana\/2018\/01\/24\/testes-de-colisao-lateral-serao-exigidos-no-brasil-partir-de-2020\/","og_locale":"pt_BR","og_type":"article","og_title":"Testes de colis\u00e3o lateral ser\u00e3o exigidos no Brasil a partir de 2020 - Canal Dana","og_description":"Not\u00edcias Automotivas &nbsp; \u00c9 fato que a vida dos carros nacionais ficou \u201cmais complicada\u201d ap\u00f3s o Latin NCAP promover os testes de impacto lateral, visto que boa parte dos modelos comercializados em nosso Pa\u00eds apresentam certa defici\u00eancia estrutural e tamb\u00e9m de equipamentos a ponto de obterem maus resultados nessas avalia\u00e7\u00f5es. Agora, para a alegria dos\u2026 Leia mais \u00bb","og_url":"https:\/\/dana.com.br\/canaldana\/2018\/01\/24\/testes-de-colisao-lateral-serao-exigidos-no-brasil-partir-de-2020\/","og_site_name":"Canal Dana","article_published_time":"2018-01-24T11:18:47+00:00","author":"Canal Dana","twitter_card":"summary_large_image","twitter_misc":{"Escrito por":"Canal Dana","Est. tempo de leitura":"2 minutos"},"schema":{"@context":"https:\/\/schema.org","@graph":[{"@type":"Article","@id":"https:\/\/dana.com.br\/canaldana\/2018\/01\/24\/testes-de-colisao-lateral-serao-exigidos-no-brasil-partir-de-2020\/#article","isPartOf":{"@id":"https:\/\/dana.com.br\/canaldana\/2018\/01\/24\/testes-de-colisao-lateral-serao-exigidos-no-brasil-partir-de-2020\/"},"author":{"name":"Canal Dana","@id":"https:\/\/dana.com.br\/canaldana\/#\/schema\/person\/3c21f22f56fcf3bc46b94bc60ea4fef6"},"headline":"Testes de colis\u00e3o lateral ser\u00e3o exigidos no Brasil a partir de 2020","datePublished":"2018-01-24T11:18:47+00:00","mainEntityOfPage":{"@id":"https:\/\/dana.com.br\/canaldana\/2018\/01\/24\/testes-de-colisao-lateral-serao-exigidos-no-brasil-partir-de-2020\/"},"wordCount":373,"articleSection":["Destaques"],"inLanguage":"pt-BR"},{"@type":"WebPage","@id":"https:\/\/dana.com.br\/canaldana\/2018\/01\/24\/testes-de-colisao-lateral-serao-exigidos-no-brasil-partir-de-2020\/","url":"https:\/\/dana.com.br\/canaldana\/2018\/01\/24\/testes-de-colisao-lateral-serao-exigidos-no-brasil-partir-de-2020\/","name":"Testes de colis\u00e3o lateral ser\u00e3o exigidos no Brasil a partir de 2020 - Canal Dana","isPartOf":{"@id":"https:\/\/dana.com.br\/canaldana\/#website"},"datePublished":"2018-01-24T11:18:47+00:00","author":{"@id":"https:\/\/dana.com.br\/canaldana\/#\/schema\/person\/3c21f22f56fcf3bc46b94bc60ea4fef6"},"breadcrumb":{"@id":"https:\/\/dana.com.br\/canaldana\/2018\/01\/24\/testes-de-colisao-lateral-serao-exigidos-no-brasil-partir-de-2020\/#breadcrumb"},"inLanguage":"pt-BR","potentialAction":[{"@type":"ReadAction","target":["https:\/\/dana.com.br\/canaldana\/2018\/01\/24\/testes-de-colisao-lateral-serao-exigidos-no-brasil-partir-de-2020\/"]}]},{"@type":"BreadcrumbList","@id":"https:\/\/dana.com.br\/canaldana\/2018\/01\/24\/testes-de-colisao-lateral-serao-exigidos-no-brasil-partir-de-2020\/#breadcrumb","itemListElement":[{"@type":"ListItem","position":1,"name":"Home","item":"https:\/\/dana.com.br\/canaldana\/"},{"@type":"ListItem","position":2,"name":"Destaques","item":"https:\/\/dana.com.br\/canaldana\/destaques\/"},{"@type":"ListItem","position":3,"name":"Testes de colis\u00e3o lateral ser\u00e3o exigidos no Brasil a partir de 2020"}]},{"@type":"WebSite","@id":"https:\/\/dana.com.br\/canaldana\/#website","url":"https:\/\/dana.com.br\/canaldana\/","name":"Canal Dana","description":"Informativo com as principais not\u00edcias da ind\u00fastria automotiva","potentialAction":[{"@type":"SearchAction","target":{"@type":"EntryPoint","urlTemplate":"https:\/\/dana.com.br\/canaldana\/?s={search_term_string}"},"query-input":{"@type":"PropertyValueSpecification","valueRequired":true,"valueName":"search_term_string"}}],"inLanguage":"pt-BR"},{"@type":"Person","@id":"https:\/\/dana.com.br\/canaldana\/#\/schema\/person\/3c21f22f56fcf3bc46b94bc60ea4fef6","name":"Canal Dana","image":{"@type":"ImageObject","inLanguage":"pt-BR","@id":"https:\/\/secure.gravatar.com\/avatar\/420aaf9278582877d9018637c6817617705899d2858d7572ef0fe59a6b6454b4?s=96&d=mm&r=g","url":"https:\/\/secure.gravatar.com\/avatar\/420aaf9278582877d9018637c6817617705899d2858d7572ef0fe59a6b6454b4?s=96&d=mm&r=g","contentUrl":"https:\/\/secure.gravatar.com\/avatar\/420aaf9278582877d9018637c6817617705899d2858d7572ef0fe59a6b6454b4?s=96&d=mm&r=g","caption":"Canal Dana"},"url":"https:\/\/dana.com.br\/canaldana\/author\/cdeditor\/"}]}},"_links":{"self":[{"href":"https:\/\/dana.com.br\/canaldana\/wp-json\/wp\/v2\/posts\/22688","targetHints":{"allow":["GET"]}}],"collection":[{"href":"https:\/\/dana.com.br\/canaldana\/wp-json\/wp\/v2\/posts"}],"about":[{"href":"https:\/\/dana.com.br\/canaldana\/wp-json\/wp\/v2\/types\/post"}],"author":[{"embeddable":true,"href":"https:\/\/dana.com.br\/canaldana\/wp-json\/wp\/v2\/users\/3"}],"replies":[{"embeddable":true,"href":"https:\/\/dana.com.br\/canaldana\/wp-json\/wp\/v2\/comments?post=22688"}],"version-history":[{"count":0,"href":"https:\/\/dana.com.br\/canaldana\/wp-json\/wp\/v2\/posts\/22688\/revisions"}],"wp:attachment":[{"href":"https:\/\/dana.com.br\/canaldana\/wp-json\/wp\/v2\/media?parent=22688"}],"wp:term":[{"taxonomy":"category","embeddable":true,"href":"https:\/\/dana.com.br\/canaldana\/wp-json\/wp\/v2\/categories?post=22688"},{"taxonomy":"post_tag","embeddable":true,"href":"https:\/\/dana.com.br\/canaldana\/wp-json\/wp\/v2\/tags?post=22688"}],"curies":[{"name":"wp","href":"https:\/\/api.w.org\/{rel}","templated":true}]}}