{"id":22600,"date":"2018-01-22T08:42:15","date_gmt":"2018-01-22T10:42:15","guid":{"rendered":"http:\/\/dana.com.br\/canaldana\/?p=22600"},"modified":"2018-01-22T08:42:15","modified_gmt":"2018-01-22T10:42:15","slug":"recall-de-automoveis-cresce-184-em-relacao-2016","status":"publish","type":"post","link":"https:\/\/dana.com.br\/canaldana\/2018\/01\/22\/recall-de-automoveis-cresce-184-em-relacao-2016\/","title":{"rendered":"Recall de autom\u00f3veis cresce 18,4% em rela\u00e7\u00e3o a 2016"},"content":{"rendered":"<p><em>Metro Jornal<\/em><\/p>\n<p>&nbsp;<\/p>\n<p>O n\u00famero de ve\u00edculos envolvidos em campanhas de recall voltou a crescer no \u00faltimo ano. Segundo dados do Procon-SP, as montadoras convocaram 1,96 milh\u00e3o de unidades, uma alta de 18,4% sobre 2016, em 128 campanhas.<\/p>\n<p>&nbsp;<\/p>\n<p>O volume de 2017 \u00e9 ainda inferior ao recorde de 2015, quando 2,87 milh\u00f5es de ve\u00edculos foram alvo de recall. Mais uma vez as falhas no sistema de airbag lideraram as campanhas, com 846.103 unidades, ou 43% do total.<\/p>\n<p>&nbsp;<\/p>\n<p>Entre 2013 e 2017, o n\u00famero de ve\u00edculos envolvidos em recall soma 8,69 milh\u00f5es. Do total, 3,5 milh\u00f5es, 41%, apresentaram defeito no airbag.<\/p>\n<p>&nbsp;<\/p>\n<p>Na maior parte dos casos, as campanhas s\u00e3o para a troca de airbags da japonesa Takata. A falha motivou o maior recall mundial da hist\u00f3ria da ind\u00fastria automotiva, com registro de mortes no exterior.<\/p>\n<p>&nbsp;<\/p>\n<p>Em novembro, o Denatran (Departamento Nacional de Tr\u00e2nsito) alertou que 84% dos 2,2 milh\u00f5es de ve\u00edculos envolvidos em campanhas de recall por causa dos airbags, entre 2013 e junho de 2016, ainda n\u00e3o haviam feito a troca do dispositivo. Isso significa que pelo menos 1,8 milh\u00e3o de ve\u00edculos est\u00e3o rodando com defeito no airbag.<\/p>\n<p>&nbsp;<\/p>\n<p>Segundo o Procon-SP, defeitos relacionados ao\u00a0 sistema el\u00e9trico\/eletr\u00f4nico s\u00e3o o segundo motivo de recall, com 253.715 ve\u00edculos envolvidos \u2013 12,9% do total em 2017. O sistema de fechamento a parece na sequ\u00eancia, com 219.521 unidades, ou 11,17% do total.<\/p>\n<p>&nbsp;<\/p>\n<p>Embora n\u00e3o haja data limite para o conserto ou a troca, o consumidor deve atender ao chamado o mais r\u00e1pido poss\u00edvel, alerta o Procon-SP. \u00c9 preciso\u00a0 guardar o comprovante de que o reparo foi feito, para ser repassado, em caso de venda, ao novo propriet\u00e1rio. O motorista pode consultar no site do Denatran se o ve\u00edculo \u00e9 objeto de recall. Campanhas n\u00e3o atendidas em um ano constar\u00e3o no documento do ve\u00edculo. (Metro Jornal)<\/p>\n","protected":false},"excerpt":{"rendered":"<p>Metro Jornal &nbsp; O n\u00famero de ve\u00edculos envolvidos em campanhas de recall voltou a crescer no \u00faltimo ano. Segundo dados do Procon-SP, as montadoras convocaram 1,96 milh\u00e3o de unidades, uma alta de 18,4% sobre 2016, em 128 campanhas. &nbsp; O volume de 2017 \u00e9 ainda inferior ao recorde de 2015, quando 2,87 milh\u00f5es de ve\u00edculos\u2026 <a class=\"readmore\" href=\"https:\/\/dana.com.br\/canaldana\/2018\/01\/22\/recall-de-automoveis-cresce-184-em-relacao-2016\/\">Leia mais \u00bb<\/a><\/p>\n","protected":false},"author":3,"featured_media":0,"comment_status":"closed","ping_status":"closed","sticky":false,"template":"","format":"standard","meta":{"_acf_changed":false,"footnotes":""},"categories":[81],"tags":[],"class_list":["post-22600","post","type-post","status-publish","format-standard","hentry","category-recall"],"acf":[],"yoast_head":"<!-- This site is optimized with the Yoast SEO plugin v27.3 - https:\/\/yoast.com\/product\/yoast-seo-wordpress\/ -->\n<title>Recall de autom\u00f3veis cresce 18,4% em rela\u00e7\u00e3o a 2016 - Canal Dana<\/title>\n<meta name=\"robots\" content=\"index, follow, max-snippet:-1, max-image-preview:large, max-video-preview:-1\" \/>\n<link rel=\"canonical\" href=\"https:\/\/dana.com.br\/canaldana\/2018\/01\/22\/recall-de-automoveis-cresce-184-em-relacao-2016\/\" \/>\n<meta property=\"og:locale\" content=\"pt_BR\" \/>\n<meta property=\"og:type\" content=\"article\" \/>\n<meta property=\"og:title\" content=\"Recall de autom\u00f3veis cresce 18,4% em rela\u00e7\u00e3o a 2016 - Canal Dana\" \/>\n<meta property=\"og:description\" content=\"Metro Jornal &nbsp; O n\u00famero de ve\u00edculos envolvidos em campanhas de recall voltou a crescer no \u00faltimo ano. Segundo dados do Procon-SP, as montadoras convocaram 1,96 milh\u00e3o de unidades, uma alta de 18,4% sobre 2016, em 128 campanhas. &nbsp; O volume de 2017 \u00e9 ainda inferior ao recorde de 2015, quando 2,87 milh\u00f5es de ve\u00edculos\u2026 Leia mais \u00bb\" \/>\n<meta property=\"og:url\" content=\"https:\/\/dana.com.br\/canaldana\/2018\/01\/22\/recall-de-automoveis-cresce-184-em-relacao-2016\/\" \/>\n<meta property=\"og:site_name\" content=\"Canal Dana\" \/>\n<meta property=\"article:published_time\" content=\"2018-01-22T10:42:15+00:00\" \/>\n<meta name=\"author\" content=\"Canal Dana\" \/>\n<meta name=\"twitter:card\" content=\"summary_large_image\" \/>\n<meta name=\"twitter:label1\" content=\"Escrito por\" \/>\n\t<meta name=\"twitter:data1\" content=\"Canal Dana\" \/>\n\t<meta name=\"twitter:label2\" content=\"Est. tempo de leitura\" \/>\n\t<meta name=\"twitter:data2\" content=\"2 minutos\" \/>\n<script type=\"application\/ld+json\" class=\"yoast-schema-graph\">{\"@context\":\"https:\\\/\\\/schema.org\",\"@graph\":[{\"@type\":\"Article\",\"@id\":\"https:\\\/\\\/dana.com.br\\\/canaldana\\\/2018\\\/01\\\/22\\\/recall-de-automoveis-cresce-184-em-relacao-2016\\\/#article\",\"isPartOf\":{\"@id\":\"https:\\\/\\\/dana.com.br\\\/canaldana\\\/2018\\\/01\\\/22\\\/recall-de-automoveis-cresce-184-em-relacao-2016\\\/\"},\"author\":{\"name\":\"Canal Dana\",\"@id\":\"https:\\\/\\\/dana.com.br\\\/canaldana\\\/#\\\/schema\\\/person\\\/3c21f22f56fcf3bc46b94bc60ea4fef6\"},\"headline\":\"Recall de autom\u00f3veis cresce 18,4% em rela\u00e7\u00e3o a 2016\",\"datePublished\":\"2018-01-22T10:42:15+00:00\",\"mainEntityOfPage\":{\"@id\":\"https:\\\/\\\/dana.com.br\\\/canaldana\\\/2018\\\/01\\\/22\\\/recall-de-automoveis-cresce-184-em-relacao-2016\\\/\"},\"wordCount\":320,\"articleSection\":[\"Recall\"],\"inLanguage\":\"pt-BR\"},{\"@type\":\"WebPage\",\"@id\":\"https:\\\/\\\/dana.com.br\\\/canaldana\\\/2018\\\/01\\\/22\\\/recall-de-automoveis-cresce-184-em-relacao-2016\\\/\",\"url\":\"https:\\\/\\\/dana.com.br\\\/canaldana\\\/2018\\\/01\\\/22\\\/recall-de-automoveis-cresce-184-em-relacao-2016\\\/\",\"name\":\"Recall de autom\u00f3veis cresce 18,4% em rela\u00e7\u00e3o a 2016 - Canal Dana\",\"isPartOf\":{\"@id\":\"https:\\\/\\\/dana.com.br\\\/canaldana\\\/#website\"},\"datePublished\":\"2018-01-22T10:42:15+00:00\",\"author\":{\"@id\":\"https:\\\/\\\/dana.com.br\\\/canaldana\\\/#\\\/schema\\\/person\\\/3c21f22f56fcf3bc46b94bc60ea4fef6\"},\"breadcrumb\":{\"@id\":\"https:\\\/\\\/dana.com.br\\\/canaldana\\\/2018\\\/01\\\/22\\\/recall-de-automoveis-cresce-184-em-relacao-2016\\\/#breadcrumb\"},\"inLanguage\":\"pt-BR\",\"potentialAction\":[{\"@type\":\"ReadAction\",\"target\":[\"https:\\\/\\\/dana.com.br\\\/canaldana\\\/2018\\\/01\\\/22\\\/recall-de-automoveis-cresce-184-em-relacao-2016\\\/\"]}]},{\"@type\":\"BreadcrumbList\",\"@id\":\"https:\\\/\\\/dana.com.br\\\/canaldana\\\/2018\\\/01\\\/22\\\/recall-de-automoveis-cresce-184-em-relacao-2016\\\/#breadcrumb\",\"itemListElement\":[{\"@type\":\"ListItem\",\"position\":1,\"name\":\"Home\",\"item\":\"https:\\\/\\\/dana.com.br\\\/canaldana\\\/\"},{\"@type\":\"ListItem\",\"position\":2,\"name\":\"Recall\",\"item\":\"https:\\\/\\\/dana.com.br\\\/canaldana\\\/recall\\\/\"},{\"@type\":\"ListItem\",\"position\":3,\"name\":\"Recall de autom\u00f3veis cresce 18,4% em rela\u00e7\u00e3o a 2016\"}]},{\"@type\":\"WebSite\",\"@id\":\"https:\\\/\\\/dana.com.br\\\/canaldana\\\/#website\",\"url\":\"https:\\\/\\\/dana.com.br\\\/canaldana\\\/\",\"name\":\"Canal Dana\",\"description\":\"Informativo com as principais not\u00edcias da ind\u00fastria automotiva\",\"potentialAction\":[{\"@type\":\"SearchAction\",\"target\":{\"@type\":\"EntryPoint\",\"urlTemplate\":\"https:\\\/\\\/dana.com.br\\\/canaldana\\\/?s={search_term_string}\"},\"query-input\":{\"@type\":\"PropertyValueSpecification\",\"valueRequired\":true,\"valueName\":\"search_term_string\"}}],\"inLanguage\":\"pt-BR\"},{\"@type\":\"Person\",\"@id\":\"https:\\\/\\\/dana.com.br\\\/canaldana\\\/#\\\/schema\\\/person\\\/3c21f22f56fcf3bc46b94bc60ea4fef6\",\"name\":\"Canal Dana\",\"image\":{\"@type\":\"ImageObject\",\"inLanguage\":\"pt-BR\",\"@id\":\"https:\\\/\\\/secure.gravatar.com\\\/avatar\\\/420aaf9278582877d9018637c6817617705899d2858d7572ef0fe59a6b6454b4?s=96&d=mm&r=g\",\"url\":\"https:\\\/\\\/secure.gravatar.com\\\/avatar\\\/420aaf9278582877d9018637c6817617705899d2858d7572ef0fe59a6b6454b4?s=96&d=mm&r=g\",\"contentUrl\":\"https:\\\/\\\/secure.gravatar.com\\\/avatar\\\/420aaf9278582877d9018637c6817617705899d2858d7572ef0fe59a6b6454b4?s=96&d=mm&r=g\",\"caption\":\"Canal Dana\"},\"url\":\"https:\\\/\\\/dana.com.br\\\/canaldana\\\/author\\\/cdeditor\\\/\"}]}<\/script>\n<!-- \/ Yoast SEO plugin. -->","yoast_head_json":{"title":"Recall de autom\u00f3veis cresce 18,4% em rela\u00e7\u00e3o a 2016 - Canal Dana","robots":{"index":"index","follow":"follow","max-snippet":"max-snippet:-1","max-image-preview":"max-image-preview:large","max-video-preview":"max-video-preview:-1"},"canonical":"https:\/\/dana.com.br\/canaldana\/2018\/01\/22\/recall-de-automoveis-cresce-184-em-relacao-2016\/","og_locale":"pt_BR","og_type":"article","og_title":"Recall de autom\u00f3veis cresce 18,4% em rela\u00e7\u00e3o a 2016 - Canal Dana","og_description":"Metro Jornal &nbsp; O n\u00famero de ve\u00edculos envolvidos em campanhas de recall voltou a crescer no \u00faltimo ano. Segundo dados do Procon-SP, as montadoras convocaram 1,96 milh\u00e3o de unidades, uma alta de 18,4% sobre 2016, em 128 campanhas. &nbsp; O volume de 2017 \u00e9 ainda inferior ao recorde de 2015, quando 2,87 milh\u00f5es de ve\u00edculos\u2026 Leia mais \u00bb","og_url":"https:\/\/dana.com.br\/canaldana\/2018\/01\/22\/recall-de-automoveis-cresce-184-em-relacao-2016\/","og_site_name":"Canal Dana","article_published_time":"2018-01-22T10:42:15+00:00","author":"Canal Dana","twitter_card":"summary_large_image","twitter_misc":{"Escrito por":"Canal Dana","Est. tempo de leitura":"2 minutos"},"schema":{"@context":"https:\/\/schema.org","@graph":[{"@type":"Article","@id":"https:\/\/dana.com.br\/canaldana\/2018\/01\/22\/recall-de-automoveis-cresce-184-em-relacao-2016\/#article","isPartOf":{"@id":"https:\/\/dana.com.br\/canaldana\/2018\/01\/22\/recall-de-automoveis-cresce-184-em-relacao-2016\/"},"author":{"name":"Canal Dana","@id":"https:\/\/dana.com.br\/canaldana\/#\/schema\/person\/3c21f22f56fcf3bc46b94bc60ea4fef6"},"headline":"Recall de autom\u00f3veis cresce 18,4% em rela\u00e7\u00e3o a 2016","datePublished":"2018-01-22T10:42:15+00:00","mainEntityOfPage":{"@id":"https:\/\/dana.com.br\/canaldana\/2018\/01\/22\/recall-de-automoveis-cresce-184-em-relacao-2016\/"},"wordCount":320,"articleSection":["Recall"],"inLanguage":"pt-BR"},{"@type":"WebPage","@id":"https:\/\/dana.com.br\/canaldana\/2018\/01\/22\/recall-de-automoveis-cresce-184-em-relacao-2016\/","url":"https:\/\/dana.com.br\/canaldana\/2018\/01\/22\/recall-de-automoveis-cresce-184-em-relacao-2016\/","name":"Recall de autom\u00f3veis cresce 18,4% em rela\u00e7\u00e3o a 2016 - Canal Dana","isPartOf":{"@id":"https:\/\/dana.com.br\/canaldana\/#website"},"datePublished":"2018-01-22T10:42:15+00:00","author":{"@id":"https:\/\/dana.com.br\/canaldana\/#\/schema\/person\/3c21f22f56fcf3bc46b94bc60ea4fef6"},"breadcrumb":{"@id":"https:\/\/dana.com.br\/canaldana\/2018\/01\/22\/recall-de-automoveis-cresce-184-em-relacao-2016\/#breadcrumb"},"inLanguage":"pt-BR","potentialAction":[{"@type":"ReadAction","target":["https:\/\/dana.com.br\/canaldana\/2018\/01\/22\/recall-de-automoveis-cresce-184-em-relacao-2016\/"]}]},{"@type":"BreadcrumbList","@id":"https:\/\/dana.com.br\/canaldana\/2018\/01\/22\/recall-de-automoveis-cresce-184-em-relacao-2016\/#breadcrumb","itemListElement":[{"@type":"ListItem","position":1,"name":"Home","item":"https:\/\/dana.com.br\/canaldana\/"},{"@type":"ListItem","position":2,"name":"Recall","item":"https:\/\/dana.com.br\/canaldana\/recall\/"},{"@type":"ListItem","position":3,"name":"Recall de autom\u00f3veis cresce 18,4% em rela\u00e7\u00e3o a 2016"}]},{"@type":"WebSite","@id":"https:\/\/dana.com.br\/canaldana\/#website","url":"https:\/\/dana.com.br\/canaldana\/","name":"Canal Dana","description":"Informativo com as principais not\u00edcias da ind\u00fastria automotiva","potentialAction":[{"@type":"SearchAction","target":{"@type":"EntryPoint","urlTemplate":"https:\/\/dana.com.br\/canaldana\/?s={search_term_string}"},"query-input":{"@type":"PropertyValueSpecification","valueRequired":true,"valueName":"search_term_string"}}],"inLanguage":"pt-BR"},{"@type":"Person","@id":"https:\/\/dana.com.br\/canaldana\/#\/schema\/person\/3c21f22f56fcf3bc46b94bc60ea4fef6","name":"Canal Dana","image":{"@type":"ImageObject","inLanguage":"pt-BR","@id":"https:\/\/secure.gravatar.com\/avatar\/420aaf9278582877d9018637c6817617705899d2858d7572ef0fe59a6b6454b4?s=96&d=mm&r=g","url":"https:\/\/secure.gravatar.com\/avatar\/420aaf9278582877d9018637c6817617705899d2858d7572ef0fe59a6b6454b4?s=96&d=mm&r=g","contentUrl":"https:\/\/secure.gravatar.com\/avatar\/420aaf9278582877d9018637c6817617705899d2858d7572ef0fe59a6b6454b4?s=96&d=mm&r=g","caption":"Canal Dana"},"url":"https:\/\/dana.com.br\/canaldana\/author\/cdeditor\/"}]}},"_links":{"self":[{"href":"https:\/\/dana.com.br\/canaldana\/wp-json\/wp\/v2\/posts\/22600","targetHints":{"allow":["GET"]}}],"collection":[{"href":"https:\/\/dana.com.br\/canaldana\/wp-json\/wp\/v2\/posts"}],"about":[{"href":"https:\/\/dana.com.br\/canaldana\/wp-json\/wp\/v2\/types\/post"}],"author":[{"embeddable":true,"href":"https:\/\/dana.com.br\/canaldana\/wp-json\/wp\/v2\/users\/3"}],"replies":[{"embeddable":true,"href":"https:\/\/dana.com.br\/canaldana\/wp-json\/wp\/v2\/comments?post=22600"}],"version-history":[{"count":0,"href":"https:\/\/dana.com.br\/canaldana\/wp-json\/wp\/v2\/posts\/22600\/revisions"}],"wp:attachment":[{"href":"https:\/\/dana.com.br\/canaldana\/wp-json\/wp\/v2\/media?parent=22600"}],"wp:term":[{"taxonomy":"category","embeddable":true,"href":"https:\/\/dana.com.br\/canaldana\/wp-json\/wp\/v2\/categories?post=22600"},{"taxonomy":"post_tag","embeddable":true,"href":"https:\/\/dana.com.br\/canaldana\/wp-json\/wp\/v2\/tags?post=22600"}],"curies":[{"name":"wp","href":"https:\/\/api.w.org\/{rel}","templated":true}]}}