{"id":22470,"date":"2018-01-16T08:26:25","date_gmt":"2018-01-16T10:26:25","guid":{"rendered":"http:\/\/dana.com.br\/canaldana\/?p=22470"},"modified":"2018-01-16T08:26:25","modified_gmt":"2018-01-16T10:26:25","slug":"oportunidade-com-o-rota2030","status":"publish","type":"post","link":"https:\/\/dana.com.br\/canaldana\/2018\/01\/16\/oportunidade-com-o-rota2030\/","title":{"rendered":"Oportunidade com o Rota2030"},"content":{"rendered":"<p><em>O Estado de S. Paulo<\/em><\/p>\n<p>&nbsp;<\/p>\n<p>Est\u00e1 em avalia\u00e7\u00e3o pelo governo proposta de redu\u00e7\u00e3o da al\u00edquota do Imposto sobre Produtos Industrializados (IPI) sobre carros el\u00e9tricos a bateria de 25% para 7%. Este incentivo se somaria \u00e0 j\u00e1 aplicada isen\u00e7\u00e3o do Imposto de Importa\u00e7\u00e3o de 35%. A \u00fanica justificativa poss\u00edvel \u00e9 o modismo ou desejo de copiar o que \u00e9 feito em outros pa\u00edses sem avaliar o impacto na economia e no meio ambiente. A proposta \u00e9 um dos elementos do Rota2030, programa que deve substituir o Inovar-Auto, condenado na Organiza\u00e7\u00e3o Mundial do Com\u00e9rcio (OMC) por criar benef\u00edcios \u00e0 ind\u00fastria local. Se o crit\u00e9rio for t\u00e9cnico deve-se reconhecer que o ve\u00edculo atual utilizando combust\u00edvel renov\u00e1vel \u00e9 mais limpo do que o carro el\u00e9trico a bateria. Segundo a Associa\u00e7\u00e3o Brasileira de Engenharia Automotiva (AEA), considerando a avalia\u00e7\u00e3o de ciclo de vida, um ve\u00edculo leve convencional movido a etanol emite apenas 45 gramas (g) de CO2 por km, e quando usa gasolina emite 166 g. Considerando o mix de combust\u00edveis no Brasil, a emiss\u00e3o m\u00e9dia \u00e9 de 129 g. O carro el\u00e9trico a bateria produzido na Europa emite 139 g. Portanto, o que o Brasil faz hoje com motores a combust\u00e3o interna j\u00e1 \u00e9 superior ao que a Europa e os EUA almejam alcan\u00e7ar com os carros el\u00e9tricos a bateria. De outro lado, h\u00e1 ganhos consider\u00e1veis ainda a serem implementados nos atuais ve\u00edculos a combust\u00e3o interna, e h\u00e1 a op\u00e7\u00e3o de incentivar os h\u00edbridos flex e os carros movidos a c\u00e9lulas combust\u00edvel, que tamb\u00e9m s\u00e3o considerados el\u00e9tricos e tem um consumo energ\u00e9tico igualmente baixo. O h\u00edbrido flex usando etanol emite apenas 23 g, e a c\u00e9lula a combust\u00edvel emite incr\u00edveis 11 g.<\/p>\n<p>&nbsp;<\/p>\n<p>Fica claro que \u00e9 preciso definir qual tipo de eletrifica\u00e7\u00e3o o Pa\u00eds almeja. Podemos eleger a eletrifica\u00e7\u00e3o atrav\u00e9s do h\u00edbrido flex a etanol, criando um padr\u00e3o mundial capaz de ser exportado para v\u00e1rios pa\u00edses.<\/p>\n<p>&nbsp;<\/p>\n<p>O carro el\u00e9trico a bateria depende de baterias fabricadas com l\u00edtio e cobalto, minerais escassos e de pre\u00e7os crescentes. O l\u00edtio \u00e9 encontrado basicamente na China e no Chile, e j\u00e1 se discute limites de disponibilidade e a depend\u00eancia sobre essas origens. O pre\u00e7o do cobalto mais do que dobrou em 2017 para 75 mil US$ por tonelada, e se projeta que deva dobrar novamente nos pr\u00f3ximos dois anos. Dois ter\u00e7os do cobalto s\u00e3o extra\u00eddos no Congo, onde a Anistia Internacional indica que milhares de crian\u00e7as, algumas com 7 anos de idade, o extraem em condi\u00e7\u00e3o de trabalho escravo e de risco.<\/p>\n<p>&nbsp;<\/p>\n<p>A bateria \u00e9 cara, o seu descarte \u00e9 poluente e sua vida \u00fatil \u00e9 limitada, o que leva a um custo elevado de reposi\u00e7\u00e3o, sendo por isso tecnologia a que poucos consumidores t\u00eam acesso. Al\u00e9m disso depende de infraestrutura que n\u00e3o existe e precisa ser criada a alto custo. \u00c9 exatamente para compensar esse custo que a redu\u00e7\u00e3o do IPI \u00e9 cogitada e a isen\u00e7\u00e3o do Imposto de Importa\u00e7\u00e3o aplicada. Mas esses s\u00e3o incentivos na dire\u00e7\u00e3o errada. O recurso ser\u00e1 muito melhor gasto se for oferecido para reduzir o consumo energ\u00e9tico dos ve\u00edculos que usam combust\u00edveis renov\u00e1veis, para a promo\u00e7\u00e3o dos h\u00edbridos flex e, no futuro, da c\u00e9lula a combust\u00edvel utilizando etanol, biodiesel e biometano. J\u00e1 est\u00e1 instalada no Brasil a distribui\u00e7\u00e3o de etanol em quase 42 mil postos de revenda, que equivalem a uma rede de energia solar disponibilizada na forma de l\u00edquido de alta densidade energ\u00e9tica.<\/p>\n<p>&nbsp;<\/p>\n<p>O Congresso aprovou e o presidente Temer sancionou o RenovaBio, que tem como objetivo induzir ganhos de efici\u00eancia, e reconhecer a capacidade dos biocombust\u00edveis reduzirem emiss\u00f5es de carbono. O Rota2030 \u00e9 irm\u00e3o siam\u00eas do RenovaBio, e pode criar um modelo de desenvolvimento que valorize a engenharia nacional. A ind\u00fastria automotiva e a de combust\u00edveis precisam de previsibilidade e estabilidade para realizar investimentos. A defini\u00e7\u00e3o de uma vis\u00e3o integrada que valorize nossa capacita\u00e7\u00e3o nestes setores representa uma oportunidade hist\u00f3rica para o Brasil se consolidar como lideran\u00e7a ambiental e energ\u00e9tica. (O Estado de S. Paulo\/Plinio Nastari, ex-presidente do Conselho da Associa\u00e7\u00e3o Brasileira de Engenharia Automotiva (AEA), representante da Sociedade Civil no Conselho Nacional de Pol\u00edtica Energ\u00e9tica)<\/p>\n","protected":false},"excerpt":{"rendered":"<p>O Estado de S. Paulo &nbsp; Est\u00e1 em avalia\u00e7\u00e3o pelo governo proposta de redu\u00e7\u00e3o da al\u00edquota do Imposto sobre Produtos Industrializados (IPI) sobre carros el\u00e9tricos a bateria de 25% para 7%. Este incentivo se somaria \u00e0 j\u00e1 aplicada isen\u00e7\u00e3o do Imposto de Importa\u00e7\u00e3o de 35%. A \u00fanica justificativa poss\u00edvel \u00e9 o modismo ou desejo de\u2026 <a class=\"readmore\" href=\"https:\/\/dana.com.br\/canaldana\/2018\/01\/16\/oportunidade-com-o-rota2030\/\">Leia mais \u00bb<\/a><\/p>\n","protected":false},"author":3,"featured_media":0,"comment_status":"closed","ping_status":"closed","sticky":false,"template":"","format":"standard","meta":{"_acf_changed":false,"footnotes":""},"categories":[100],"tags":[],"class_list":["post-22470","post","type-post","status-publish","format-standard","hentry","category-artigo"],"acf":[],"yoast_head":"<!-- This site is optimized with the Yoast SEO plugin v27.3 - https:\/\/yoast.com\/product\/yoast-seo-wordpress\/ -->\n<title>Oportunidade com o Rota2030 - Canal Dana<\/title>\n<meta name=\"robots\" content=\"index, follow, max-snippet:-1, max-image-preview:large, max-video-preview:-1\" \/>\n<link rel=\"canonical\" href=\"https:\/\/dana.com.br\/canaldana\/2018\/01\/16\/oportunidade-com-o-rota2030\/\" \/>\n<meta property=\"og:locale\" content=\"pt_BR\" \/>\n<meta property=\"og:type\" content=\"article\" \/>\n<meta property=\"og:title\" content=\"Oportunidade com o Rota2030 - Canal Dana\" \/>\n<meta property=\"og:description\" content=\"O Estado de S. Paulo &nbsp; Est\u00e1 em avalia\u00e7\u00e3o pelo governo proposta de redu\u00e7\u00e3o da al\u00edquota do Imposto sobre Produtos Industrializados (IPI) sobre carros el\u00e9tricos a bateria de 25% para 7%. Este incentivo se somaria \u00e0 j\u00e1 aplicada isen\u00e7\u00e3o do Imposto de Importa\u00e7\u00e3o de 35%. A \u00fanica justificativa poss\u00edvel \u00e9 o modismo ou desejo de\u2026 Leia mais \u00bb\" \/>\n<meta property=\"og:url\" content=\"https:\/\/dana.com.br\/canaldana\/2018\/01\/16\/oportunidade-com-o-rota2030\/\" \/>\n<meta property=\"og:site_name\" content=\"Canal Dana\" \/>\n<meta property=\"article:published_time\" content=\"2018-01-16T10:26:25+00:00\" \/>\n<meta name=\"author\" content=\"Canal Dana\" \/>\n<meta name=\"twitter:card\" content=\"summary_large_image\" \/>\n<meta name=\"twitter:label1\" content=\"Escrito por\" \/>\n\t<meta name=\"twitter:data1\" content=\"Canal Dana\" \/>\n\t<meta name=\"twitter:label2\" content=\"Est. tempo de leitura\" \/>\n\t<meta name=\"twitter:data2\" content=\"4 minutos\" \/>\n<script type=\"application\/ld+json\" class=\"yoast-schema-graph\">{\"@context\":\"https:\\\/\\\/schema.org\",\"@graph\":[{\"@type\":\"Article\",\"@id\":\"https:\\\/\\\/dana.com.br\\\/canaldana\\\/2018\\\/01\\\/16\\\/oportunidade-com-o-rota2030\\\/#article\",\"isPartOf\":{\"@id\":\"https:\\\/\\\/dana.com.br\\\/canaldana\\\/2018\\\/01\\\/16\\\/oportunidade-com-o-rota2030\\\/\"},\"author\":{\"name\":\"Canal Dana\",\"@id\":\"https:\\\/\\\/dana.com.br\\\/canaldana\\\/#\\\/schema\\\/person\\\/3c21f22f56fcf3bc46b94bc60ea4fef6\"},\"headline\":\"Oportunidade com o Rota2030\",\"datePublished\":\"2018-01-16T10:26:25+00:00\",\"mainEntityOfPage\":{\"@id\":\"https:\\\/\\\/dana.com.br\\\/canaldana\\\/2018\\\/01\\\/16\\\/oportunidade-com-o-rota2030\\\/\"},\"wordCount\":756,\"articleSection\":[\"Artigo\"],\"inLanguage\":\"pt-BR\"},{\"@type\":\"WebPage\",\"@id\":\"https:\\\/\\\/dana.com.br\\\/canaldana\\\/2018\\\/01\\\/16\\\/oportunidade-com-o-rota2030\\\/\",\"url\":\"https:\\\/\\\/dana.com.br\\\/canaldana\\\/2018\\\/01\\\/16\\\/oportunidade-com-o-rota2030\\\/\",\"name\":\"Oportunidade com o Rota2030 - Canal Dana\",\"isPartOf\":{\"@id\":\"https:\\\/\\\/dana.com.br\\\/canaldana\\\/#website\"},\"datePublished\":\"2018-01-16T10:26:25+00:00\",\"author\":{\"@id\":\"https:\\\/\\\/dana.com.br\\\/canaldana\\\/#\\\/schema\\\/person\\\/3c21f22f56fcf3bc46b94bc60ea4fef6\"},\"breadcrumb\":{\"@id\":\"https:\\\/\\\/dana.com.br\\\/canaldana\\\/2018\\\/01\\\/16\\\/oportunidade-com-o-rota2030\\\/#breadcrumb\"},\"inLanguage\":\"pt-BR\",\"potentialAction\":[{\"@type\":\"ReadAction\",\"target\":[\"https:\\\/\\\/dana.com.br\\\/canaldana\\\/2018\\\/01\\\/16\\\/oportunidade-com-o-rota2030\\\/\"]}]},{\"@type\":\"BreadcrumbList\",\"@id\":\"https:\\\/\\\/dana.com.br\\\/canaldana\\\/2018\\\/01\\\/16\\\/oportunidade-com-o-rota2030\\\/#breadcrumb\",\"itemListElement\":[{\"@type\":\"ListItem\",\"position\":1,\"name\":\"Home\",\"item\":\"https:\\\/\\\/dana.com.br\\\/canaldana\\\/\"},{\"@type\":\"ListItem\",\"position\":2,\"name\":\"Artigo\",\"item\":\"https:\\\/\\\/dana.com.br\\\/canaldana\\\/artigo\\\/\"},{\"@type\":\"ListItem\",\"position\":3,\"name\":\"Oportunidade com o Rota2030\"}]},{\"@type\":\"WebSite\",\"@id\":\"https:\\\/\\\/dana.com.br\\\/canaldana\\\/#website\",\"url\":\"https:\\\/\\\/dana.com.br\\\/canaldana\\\/\",\"name\":\"Canal Dana\",\"description\":\"Informativo com as principais not\u00edcias da ind\u00fastria automotiva\",\"potentialAction\":[{\"@type\":\"SearchAction\",\"target\":{\"@type\":\"EntryPoint\",\"urlTemplate\":\"https:\\\/\\\/dana.com.br\\\/canaldana\\\/?s={search_term_string}\"},\"query-input\":{\"@type\":\"PropertyValueSpecification\",\"valueRequired\":true,\"valueName\":\"search_term_string\"}}],\"inLanguage\":\"pt-BR\"},{\"@type\":\"Person\",\"@id\":\"https:\\\/\\\/dana.com.br\\\/canaldana\\\/#\\\/schema\\\/person\\\/3c21f22f56fcf3bc46b94bc60ea4fef6\",\"name\":\"Canal Dana\",\"image\":{\"@type\":\"ImageObject\",\"inLanguage\":\"pt-BR\",\"@id\":\"https:\\\/\\\/secure.gravatar.com\\\/avatar\\\/420aaf9278582877d9018637c6817617705899d2858d7572ef0fe59a6b6454b4?s=96&d=mm&r=g\",\"url\":\"https:\\\/\\\/secure.gravatar.com\\\/avatar\\\/420aaf9278582877d9018637c6817617705899d2858d7572ef0fe59a6b6454b4?s=96&d=mm&r=g\",\"contentUrl\":\"https:\\\/\\\/secure.gravatar.com\\\/avatar\\\/420aaf9278582877d9018637c6817617705899d2858d7572ef0fe59a6b6454b4?s=96&d=mm&r=g\",\"caption\":\"Canal Dana\"},\"url\":\"https:\\\/\\\/dana.com.br\\\/canaldana\\\/author\\\/cdeditor\\\/\"}]}<\/script>\n<!-- \/ Yoast SEO plugin. -->","yoast_head_json":{"title":"Oportunidade com o Rota2030 - Canal Dana","robots":{"index":"index","follow":"follow","max-snippet":"max-snippet:-1","max-image-preview":"max-image-preview:large","max-video-preview":"max-video-preview:-1"},"canonical":"https:\/\/dana.com.br\/canaldana\/2018\/01\/16\/oportunidade-com-o-rota2030\/","og_locale":"pt_BR","og_type":"article","og_title":"Oportunidade com o Rota2030 - Canal Dana","og_description":"O Estado de S. Paulo &nbsp; Est\u00e1 em avalia\u00e7\u00e3o pelo governo proposta de redu\u00e7\u00e3o da al\u00edquota do Imposto sobre Produtos Industrializados (IPI) sobre carros el\u00e9tricos a bateria de 25% para 7%. Este incentivo se somaria \u00e0 j\u00e1 aplicada isen\u00e7\u00e3o do Imposto de Importa\u00e7\u00e3o de 35%. A \u00fanica justificativa poss\u00edvel \u00e9 o modismo ou desejo de\u2026 Leia mais \u00bb","og_url":"https:\/\/dana.com.br\/canaldana\/2018\/01\/16\/oportunidade-com-o-rota2030\/","og_site_name":"Canal Dana","article_published_time":"2018-01-16T10:26:25+00:00","author":"Canal Dana","twitter_card":"summary_large_image","twitter_misc":{"Escrito por":"Canal Dana","Est. tempo de leitura":"4 minutos"},"schema":{"@context":"https:\/\/schema.org","@graph":[{"@type":"Article","@id":"https:\/\/dana.com.br\/canaldana\/2018\/01\/16\/oportunidade-com-o-rota2030\/#article","isPartOf":{"@id":"https:\/\/dana.com.br\/canaldana\/2018\/01\/16\/oportunidade-com-o-rota2030\/"},"author":{"name":"Canal Dana","@id":"https:\/\/dana.com.br\/canaldana\/#\/schema\/person\/3c21f22f56fcf3bc46b94bc60ea4fef6"},"headline":"Oportunidade com o Rota2030","datePublished":"2018-01-16T10:26:25+00:00","mainEntityOfPage":{"@id":"https:\/\/dana.com.br\/canaldana\/2018\/01\/16\/oportunidade-com-o-rota2030\/"},"wordCount":756,"articleSection":["Artigo"],"inLanguage":"pt-BR"},{"@type":"WebPage","@id":"https:\/\/dana.com.br\/canaldana\/2018\/01\/16\/oportunidade-com-o-rota2030\/","url":"https:\/\/dana.com.br\/canaldana\/2018\/01\/16\/oportunidade-com-o-rota2030\/","name":"Oportunidade com o Rota2030 - Canal Dana","isPartOf":{"@id":"https:\/\/dana.com.br\/canaldana\/#website"},"datePublished":"2018-01-16T10:26:25+00:00","author":{"@id":"https:\/\/dana.com.br\/canaldana\/#\/schema\/person\/3c21f22f56fcf3bc46b94bc60ea4fef6"},"breadcrumb":{"@id":"https:\/\/dana.com.br\/canaldana\/2018\/01\/16\/oportunidade-com-o-rota2030\/#breadcrumb"},"inLanguage":"pt-BR","potentialAction":[{"@type":"ReadAction","target":["https:\/\/dana.com.br\/canaldana\/2018\/01\/16\/oportunidade-com-o-rota2030\/"]}]},{"@type":"BreadcrumbList","@id":"https:\/\/dana.com.br\/canaldana\/2018\/01\/16\/oportunidade-com-o-rota2030\/#breadcrumb","itemListElement":[{"@type":"ListItem","position":1,"name":"Home","item":"https:\/\/dana.com.br\/canaldana\/"},{"@type":"ListItem","position":2,"name":"Artigo","item":"https:\/\/dana.com.br\/canaldana\/artigo\/"},{"@type":"ListItem","position":3,"name":"Oportunidade com o Rota2030"}]},{"@type":"WebSite","@id":"https:\/\/dana.com.br\/canaldana\/#website","url":"https:\/\/dana.com.br\/canaldana\/","name":"Canal Dana","description":"Informativo com as principais not\u00edcias da ind\u00fastria automotiva","potentialAction":[{"@type":"SearchAction","target":{"@type":"EntryPoint","urlTemplate":"https:\/\/dana.com.br\/canaldana\/?s={search_term_string}"},"query-input":{"@type":"PropertyValueSpecification","valueRequired":true,"valueName":"search_term_string"}}],"inLanguage":"pt-BR"},{"@type":"Person","@id":"https:\/\/dana.com.br\/canaldana\/#\/schema\/person\/3c21f22f56fcf3bc46b94bc60ea4fef6","name":"Canal Dana","image":{"@type":"ImageObject","inLanguage":"pt-BR","@id":"https:\/\/secure.gravatar.com\/avatar\/420aaf9278582877d9018637c6817617705899d2858d7572ef0fe59a6b6454b4?s=96&d=mm&r=g","url":"https:\/\/secure.gravatar.com\/avatar\/420aaf9278582877d9018637c6817617705899d2858d7572ef0fe59a6b6454b4?s=96&d=mm&r=g","contentUrl":"https:\/\/secure.gravatar.com\/avatar\/420aaf9278582877d9018637c6817617705899d2858d7572ef0fe59a6b6454b4?s=96&d=mm&r=g","caption":"Canal Dana"},"url":"https:\/\/dana.com.br\/canaldana\/author\/cdeditor\/"}]}},"_links":{"self":[{"href":"https:\/\/dana.com.br\/canaldana\/wp-json\/wp\/v2\/posts\/22470","targetHints":{"allow":["GET"]}}],"collection":[{"href":"https:\/\/dana.com.br\/canaldana\/wp-json\/wp\/v2\/posts"}],"about":[{"href":"https:\/\/dana.com.br\/canaldana\/wp-json\/wp\/v2\/types\/post"}],"author":[{"embeddable":true,"href":"https:\/\/dana.com.br\/canaldana\/wp-json\/wp\/v2\/users\/3"}],"replies":[{"embeddable":true,"href":"https:\/\/dana.com.br\/canaldana\/wp-json\/wp\/v2\/comments?post=22470"}],"version-history":[{"count":0,"href":"https:\/\/dana.com.br\/canaldana\/wp-json\/wp\/v2\/posts\/22470\/revisions"}],"wp:attachment":[{"href":"https:\/\/dana.com.br\/canaldana\/wp-json\/wp\/v2\/media?parent=22470"}],"wp:term":[{"taxonomy":"category","embeddable":true,"href":"https:\/\/dana.com.br\/canaldana\/wp-json\/wp\/v2\/categories?post=22470"},{"taxonomy":"post_tag","embeddable":true,"href":"https:\/\/dana.com.br\/canaldana\/wp-json\/wp\/v2\/tags?post=22470"}],"curies":[{"name":"wp","href":"https:\/\/api.w.org\/{rel}","templated":true}]}}