{"id":22460,"date":"2018-01-15T08:10:46","date_gmt":"2018-01-15T10:10:46","guid":{"rendered":"http:\/\/dana.com.br\/canaldana\/?p=22460"},"modified":"2018-01-15T08:10:46","modified_gmt":"2018-01-15T10:10:46","slug":"em-fabrica-da-fiat-operarios-e-exoesqueletos","status":"publish","type":"post","link":"https:\/\/dana.com.br\/canaldana\/2018\/01\/15\/em-fabrica-da-fiat-operarios-e-exoesqueletos\/","title":{"rendered":"Em f\u00e1brica da Fiat, oper\u00e1rios e exoesqueletos"},"content":{"rendered":"<p><em>O Estado de S. Paulo\u00a0<\/em><\/p>\n<p>&nbsp;<\/p>\n<p>Prestes a completar 42 anos, a f\u00e1brica da Fiat em Betim (MG) avan\u00e7a na corrida para se enquadrar no conceito da ind\u00fastria 4.0. Entre v\u00e1rios processos adotados, introduziu na linha de montagem exoesqueletos que, acoplados ao corpo do funcion\u00e1rio reduzem o desgaste f\u00edsico e ajudam a melhorar a produtividade.<\/p>\n<p>&nbsp;<\/p>\n<p>In\u00e9dita na Am\u00e9rica Latina, a solu\u00e7\u00e3o foi introduzida no fim de 2017. Quem exerce fun\u00e7\u00f5es que podem prejudicar m\u00fasculos das pernas, bra\u00e7os, ombros e coluna usa a vestimenta rob\u00f3tica que absorve peso e esfor\u00e7o, reduzindo o cansa\u00e7o.<\/p>\n<p>&nbsp;<\/p>\n<p>O exoesqueleto, mais conhecido por seu uso em deficientes f\u00edsicos, tamb\u00e9m \u00e9 utilizado em f\u00e1bricas da Nissan no Jap\u00e3o e da Audi na Alemanha. A Ford testa seu uso em duas unidades nos Estados Unidos. A Fiat tem 16 conjuntos em Betim e j\u00e1 encomendou mais. Os equipamentos s\u00e3o importados da Su\u00ed\u00e7a e dos EUA e custam US$ 14 mil cada.<\/p>\n<p>&nbsp;<\/p>\n<p>\u201cFiquei mais \u00e1gil e menos cansado\u201d, diz Luiz Augusto Barros, de 24 anos, funcion\u00e1rio da Fiat h\u00e1 um ano e meio. Ele trabalha com um exoesqueleto acoplado \u00e0s costas e \u00e0s pernas para instalar trancas do cap\u00f4 do Mobi e do Argo, os mais recentes lan\u00e7amentos da marca. \u201cAntes eu ficava curvado para fazer o servi\u00e7o, mas agora fico sentado, apoiado pelo exoesqueleto, e s\u00f3 tenho de movimentar os bra\u00e7os\u201d.<\/p>\n<p>&nbsp;<\/p>\n<p>H\u00e1 exoesqueletos dedicados a bra\u00e7os, ombros, coluna e pernas. O fisioterapeuta do trabalho Izonel Farjano explica que foi a solu\u00e7\u00e3o encontrada para melhorar a condi\u00e7\u00e3o ergon\u00f4mica dos operadores naquela f\u00e1brica. Segundo ele, a unidade de Pernambuco (da marca Jeep, inaugurada em 2015) j\u00e1 foi concebida com conceitos modernos que evitam esse problema.<\/p>\n<p>&nbsp;<\/p>\n<p>Outra iniciativa \u00e9 a introdu\u00e7\u00e3o de rob\u00f4s colaborativos que atuam com os oper\u00e1rios, diferentemente dos outros 1,1 mil que ficam cercados por grades por quest\u00e3o de seguran\u00e7a. Um deles entrega pe\u00e7as em uma bandeja para que o funcion\u00e1rio da \u00e1rea de motores n\u00e3o tenha de parar a atividade para peg\u00e1-las. Outro faz diversas opera\u00e7\u00f5es, como aplicar solvente ao redor do para-brisa. \u201cS\u00e3o rob\u00f4s totalmente seguros e qualquer contato de uma pessoa faz ele parar de imediato\u201d, diz Marcelo Lima, coordenador de Manufatura.<\/p>\n<p>&nbsp;<\/p>\n<p>O presidente da Fiat Chrysler Automotive (FCA), Stefan Ketter, afirma j\u00e1 ter constatado ganhos significativos de efici\u00eancia, com melhora da produtividade e redu\u00e7\u00e3o de custos. \u201cO n\u00edvel de imprevistos e de dist\u00farbios na produ\u00e7\u00e3o diminuiu muito. Mas este \u00e9 um processo cont\u00ednuo e os ganhos de efici\u00eancia e qualidade tamb\u00e9m ser\u00e3o cont\u00ednuos e crescentes\u201d.<\/p>\n<p>&nbsp;<\/p>\n<p>A f\u00e1brica tamb\u00e9m ganhou sala de realidade virtual, onde \u00e9 poss\u00edvel prever todo o processo produtivo antes da linha ser instalada. O primeiro projeto foi para a montagem do Argo, lan\u00e7ado em maio. \u201cFoi investido R$ 1 milh\u00e3o na cria\u00e7\u00e3o da sala e em oito meses j\u00e1 deixamos de gastar R$ 1,3 milh\u00e3o para corrigir problemas que s\u00f3 seriam identificados quando a produ\u00e7\u00e3o come\u00e7asse\u201d, relata o engenheiro F\u00e1bio Pugliese.<\/p>\n<p>&nbsp;<\/p>\n<p>Em outubro, a empresa inaugurou o Centro de Simula\u00e7\u00e3o de Din\u00e2mica Veicular em parceria com a PUC Minas, que cedeu uma sala no c\u00e2mpus. O sistema, o primeiro da FCA no mundo, tem uma plataforma onde o motorista pode simular todos os movimentos do ve\u00edculo.<\/p>\n<p>&nbsp;<\/p>\n<p>\u201c\u00c9 poss\u00edvel avaliar as intera\u00e7\u00f5es do carro com o condutor e com o ambiente, como situa\u00e7\u00f5es de visibilidade na chuva, no tr\u00e2nsito e intera\u00e7\u00e3o com pedestres\u201d, informa Toshizaemom Noce, supervis\u00e3o de Inova\u00e7\u00e3o. Um teste recente identificou quanto tempo o condutor deixa de olhar para a estrada quando atende o celular e o que pode ocorrer nesse per\u00edodo. (O Estado de S. Paulo\/Cleide Silva)<\/p>\n","protected":false},"excerpt":{"rendered":"<p>O Estado de S. Paulo\u00a0 &nbsp; Prestes a completar 42 anos, a f\u00e1brica da Fiat em Betim (MG) avan\u00e7a na corrida para se enquadrar no conceito da ind\u00fastria 4.0. Entre v\u00e1rios processos adotados, introduziu na linha de montagem exoesqueletos que, acoplados ao corpo do funcion\u00e1rio reduzem o desgaste f\u00edsico e ajudam a melhorar a produtividade.\u2026 <a class=\"readmore\" href=\"https:\/\/dana.com.br\/canaldana\/2018\/01\/15\/em-fabrica-da-fiat-operarios-e-exoesqueletos\/\">Leia mais \u00bb<\/a><\/p>\n","protected":false},"author":3,"featured_media":0,"comment_status":"closed","ping_status":"closed","sticky":false,"template":"","format":"standard","meta":{"_acf_changed":false,"footnotes":""},"categories":[61],"tags":[],"class_list":["post-22460","post","type-post","status-publish","format-standard","hentry","category-destaques"],"acf":[],"yoast_head":"<!-- This site is optimized with the Yoast SEO plugin v27.3 - https:\/\/yoast.com\/product\/yoast-seo-wordpress\/ -->\n<title>Em f\u00e1brica da Fiat, oper\u00e1rios e exoesqueletos - Canal Dana<\/title>\n<meta name=\"robots\" content=\"index, follow, max-snippet:-1, max-image-preview:large, max-video-preview:-1\" \/>\n<link rel=\"canonical\" href=\"https:\/\/dana.com.br\/canaldana\/2018\/01\/15\/em-fabrica-da-fiat-operarios-e-exoesqueletos\/\" \/>\n<meta property=\"og:locale\" content=\"pt_BR\" \/>\n<meta property=\"og:type\" content=\"article\" \/>\n<meta property=\"og:title\" content=\"Em f\u00e1brica da Fiat, oper\u00e1rios e exoesqueletos - Canal Dana\" \/>\n<meta property=\"og:description\" content=\"O Estado de S. Paulo\u00a0 &nbsp; Prestes a completar 42 anos, a f\u00e1brica da Fiat em Betim (MG) avan\u00e7a na corrida para se enquadrar no conceito da ind\u00fastria 4.0. Entre v\u00e1rios processos adotados, introduziu na linha de montagem exoesqueletos que, acoplados ao corpo do funcion\u00e1rio reduzem o desgaste f\u00edsico e ajudam a melhorar a produtividade.\u2026 Leia mais \u00bb\" \/>\n<meta property=\"og:url\" content=\"https:\/\/dana.com.br\/canaldana\/2018\/01\/15\/em-fabrica-da-fiat-operarios-e-exoesqueletos\/\" \/>\n<meta property=\"og:site_name\" content=\"Canal Dana\" \/>\n<meta property=\"article:published_time\" content=\"2018-01-15T10:10:46+00:00\" \/>\n<meta name=\"author\" content=\"Canal Dana\" \/>\n<meta name=\"twitter:card\" content=\"summary_large_image\" \/>\n<meta name=\"twitter:label1\" content=\"Escrito por\" \/>\n\t<meta name=\"twitter:data1\" content=\"Canal Dana\" \/>\n\t<meta name=\"twitter:label2\" content=\"Est. tempo de leitura\" \/>\n\t<meta name=\"twitter:data2\" content=\"3 minutos\" \/>\n<script type=\"application\/ld+json\" class=\"yoast-schema-graph\">{\"@context\":\"https:\\\/\\\/schema.org\",\"@graph\":[{\"@type\":\"Article\",\"@id\":\"https:\\\/\\\/dana.com.br\\\/canaldana\\\/2018\\\/01\\\/15\\\/em-fabrica-da-fiat-operarios-e-exoesqueletos\\\/#article\",\"isPartOf\":{\"@id\":\"https:\\\/\\\/dana.com.br\\\/canaldana\\\/2018\\\/01\\\/15\\\/em-fabrica-da-fiat-operarios-e-exoesqueletos\\\/\"},\"author\":{\"name\":\"Canal Dana\",\"@id\":\"https:\\\/\\\/dana.com.br\\\/canaldana\\\/#\\\/schema\\\/person\\\/3c21f22f56fcf3bc46b94bc60ea4fef6\"},\"headline\":\"Em f\u00e1brica da Fiat, oper\u00e1rios e exoesqueletos\",\"datePublished\":\"2018-01-15T10:10:46+00:00\",\"mainEntityOfPage\":{\"@id\":\"https:\\\/\\\/dana.com.br\\\/canaldana\\\/2018\\\/01\\\/15\\\/em-fabrica-da-fiat-operarios-e-exoesqueletos\\\/\"},\"wordCount\":666,\"articleSection\":[\"Destaques\"],\"inLanguage\":\"pt-BR\"},{\"@type\":\"WebPage\",\"@id\":\"https:\\\/\\\/dana.com.br\\\/canaldana\\\/2018\\\/01\\\/15\\\/em-fabrica-da-fiat-operarios-e-exoesqueletos\\\/\",\"url\":\"https:\\\/\\\/dana.com.br\\\/canaldana\\\/2018\\\/01\\\/15\\\/em-fabrica-da-fiat-operarios-e-exoesqueletos\\\/\",\"name\":\"Em f\u00e1brica da Fiat, oper\u00e1rios e exoesqueletos - Canal Dana\",\"isPartOf\":{\"@id\":\"https:\\\/\\\/dana.com.br\\\/canaldana\\\/#website\"},\"datePublished\":\"2018-01-15T10:10:46+00:00\",\"author\":{\"@id\":\"https:\\\/\\\/dana.com.br\\\/canaldana\\\/#\\\/schema\\\/person\\\/3c21f22f56fcf3bc46b94bc60ea4fef6\"},\"breadcrumb\":{\"@id\":\"https:\\\/\\\/dana.com.br\\\/canaldana\\\/2018\\\/01\\\/15\\\/em-fabrica-da-fiat-operarios-e-exoesqueletos\\\/#breadcrumb\"},\"inLanguage\":\"pt-BR\",\"potentialAction\":[{\"@type\":\"ReadAction\",\"target\":[\"https:\\\/\\\/dana.com.br\\\/canaldana\\\/2018\\\/01\\\/15\\\/em-fabrica-da-fiat-operarios-e-exoesqueletos\\\/\"]}]},{\"@type\":\"BreadcrumbList\",\"@id\":\"https:\\\/\\\/dana.com.br\\\/canaldana\\\/2018\\\/01\\\/15\\\/em-fabrica-da-fiat-operarios-e-exoesqueletos\\\/#breadcrumb\",\"itemListElement\":[{\"@type\":\"ListItem\",\"position\":1,\"name\":\"Home\",\"item\":\"https:\\\/\\\/dana.com.br\\\/canaldana\\\/\"},{\"@type\":\"ListItem\",\"position\":2,\"name\":\"Destaques\",\"item\":\"https:\\\/\\\/dana.com.br\\\/canaldana\\\/destaques\\\/\"},{\"@type\":\"ListItem\",\"position\":3,\"name\":\"Em f\u00e1brica da Fiat, oper\u00e1rios e exoesqueletos\"}]},{\"@type\":\"WebSite\",\"@id\":\"https:\\\/\\\/dana.com.br\\\/canaldana\\\/#website\",\"url\":\"https:\\\/\\\/dana.com.br\\\/canaldana\\\/\",\"name\":\"Canal Dana\",\"description\":\"Informativo com as principais not\u00edcias da ind\u00fastria automotiva\",\"potentialAction\":[{\"@type\":\"SearchAction\",\"target\":{\"@type\":\"EntryPoint\",\"urlTemplate\":\"https:\\\/\\\/dana.com.br\\\/canaldana\\\/?s={search_term_string}\"},\"query-input\":{\"@type\":\"PropertyValueSpecification\",\"valueRequired\":true,\"valueName\":\"search_term_string\"}}],\"inLanguage\":\"pt-BR\"},{\"@type\":\"Person\",\"@id\":\"https:\\\/\\\/dana.com.br\\\/canaldana\\\/#\\\/schema\\\/person\\\/3c21f22f56fcf3bc46b94bc60ea4fef6\",\"name\":\"Canal Dana\",\"image\":{\"@type\":\"ImageObject\",\"inLanguage\":\"pt-BR\",\"@id\":\"https:\\\/\\\/secure.gravatar.com\\\/avatar\\\/420aaf9278582877d9018637c6817617705899d2858d7572ef0fe59a6b6454b4?s=96&d=mm&r=g\",\"url\":\"https:\\\/\\\/secure.gravatar.com\\\/avatar\\\/420aaf9278582877d9018637c6817617705899d2858d7572ef0fe59a6b6454b4?s=96&d=mm&r=g\",\"contentUrl\":\"https:\\\/\\\/secure.gravatar.com\\\/avatar\\\/420aaf9278582877d9018637c6817617705899d2858d7572ef0fe59a6b6454b4?s=96&d=mm&r=g\",\"caption\":\"Canal Dana\"},\"url\":\"https:\\\/\\\/dana.com.br\\\/canaldana\\\/author\\\/cdeditor\\\/\"}]}<\/script>\n<!-- \/ Yoast SEO plugin. -->","yoast_head_json":{"title":"Em f\u00e1brica da Fiat, oper\u00e1rios e exoesqueletos - Canal Dana","robots":{"index":"index","follow":"follow","max-snippet":"max-snippet:-1","max-image-preview":"max-image-preview:large","max-video-preview":"max-video-preview:-1"},"canonical":"https:\/\/dana.com.br\/canaldana\/2018\/01\/15\/em-fabrica-da-fiat-operarios-e-exoesqueletos\/","og_locale":"pt_BR","og_type":"article","og_title":"Em f\u00e1brica da Fiat, oper\u00e1rios e exoesqueletos - Canal Dana","og_description":"O Estado de S. Paulo\u00a0 &nbsp; Prestes a completar 42 anos, a f\u00e1brica da Fiat em Betim (MG) avan\u00e7a na corrida para se enquadrar no conceito da ind\u00fastria 4.0. Entre v\u00e1rios processos adotados, introduziu na linha de montagem exoesqueletos que, acoplados ao corpo do funcion\u00e1rio reduzem o desgaste f\u00edsico e ajudam a melhorar a produtividade.\u2026 Leia mais \u00bb","og_url":"https:\/\/dana.com.br\/canaldana\/2018\/01\/15\/em-fabrica-da-fiat-operarios-e-exoesqueletos\/","og_site_name":"Canal Dana","article_published_time":"2018-01-15T10:10:46+00:00","author":"Canal Dana","twitter_card":"summary_large_image","twitter_misc":{"Escrito por":"Canal Dana","Est. tempo de leitura":"3 minutos"},"schema":{"@context":"https:\/\/schema.org","@graph":[{"@type":"Article","@id":"https:\/\/dana.com.br\/canaldana\/2018\/01\/15\/em-fabrica-da-fiat-operarios-e-exoesqueletos\/#article","isPartOf":{"@id":"https:\/\/dana.com.br\/canaldana\/2018\/01\/15\/em-fabrica-da-fiat-operarios-e-exoesqueletos\/"},"author":{"name":"Canal Dana","@id":"https:\/\/dana.com.br\/canaldana\/#\/schema\/person\/3c21f22f56fcf3bc46b94bc60ea4fef6"},"headline":"Em f\u00e1brica da Fiat, oper\u00e1rios e exoesqueletos","datePublished":"2018-01-15T10:10:46+00:00","mainEntityOfPage":{"@id":"https:\/\/dana.com.br\/canaldana\/2018\/01\/15\/em-fabrica-da-fiat-operarios-e-exoesqueletos\/"},"wordCount":666,"articleSection":["Destaques"],"inLanguage":"pt-BR"},{"@type":"WebPage","@id":"https:\/\/dana.com.br\/canaldana\/2018\/01\/15\/em-fabrica-da-fiat-operarios-e-exoesqueletos\/","url":"https:\/\/dana.com.br\/canaldana\/2018\/01\/15\/em-fabrica-da-fiat-operarios-e-exoesqueletos\/","name":"Em f\u00e1brica da Fiat, oper\u00e1rios e exoesqueletos - Canal Dana","isPartOf":{"@id":"https:\/\/dana.com.br\/canaldana\/#website"},"datePublished":"2018-01-15T10:10:46+00:00","author":{"@id":"https:\/\/dana.com.br\/canaldana\/#\/schema\/person\/3c21f22f56fcf3bc46b94bc60ea4fef6"},"breadcrumb":{"@id":"https:\/\/dana.com.br\/canaldana\/2018\/01\/15\/em-fabrica-da-fiat-operarios-e-exoesqueletos\/#breadcrumb"},"inLanguage":"pt-BR","potentialAction":[{"@type":"ReadAction","target":["https:\/\/dana.com.br\/canaldana\/2018\/01\/15\/em-fabrica-da-fiat-operarios-e-exoesqueletos\/"]}]},{"@type":"BreadcrumbList","@id":"https:\/\/dana.com.br\/canaldana\/2018\/01\/15\/em-fabrica-da-fiat-operarios-e-exoesqueletos\/#breadcrumb","itemListElement":[{"@type":"ListItem","position":1,"name":"Home","item":"https:\/\/dana.com.br\/canaldana\/"},{"@type":"ListItem","position":2,"name":"Destaques","item":"https:\/\/dana.com.br\/canaldana\/destaques\/"},{"@type":"ListItem","position":3,"name":"Em f\u00e1brica da Fiat, oper\u00e1rios e exoesqueletos"}]},{"@type":"WebSite","@id":"https:\/\/dana.com.br\/canaldana\/#website","url":"https:\/\/dana.com.br\/canaldana\/","name":"Canal Dana","description":"Informativo com as principais not\u00edcias da ind\u00fastria automotiva","potentialAction":[{"@type":"SearchAction","target":{"@type":"EntryPoint","urlTemplate":"https:\/\/dana.com.br\/canaldana\/?s={search_term_string}"},"query-input":{"@type":"PropertyValueSpecification","valueRequired":true,"valueName":"search_term_string"}}],"inLanguage":"pt-BR"},{"@type":"Person","@id":"https:\/\/dana.com.br\/canaldana\/#\/schema\/person\/3c21f22f56fcf3bc46b94bc60ea4fef6","name":"Canal Dana","image":{"@type":"ImageObject","inLanguage":"pt-BR","@id":"https:\/\/secure.gravatar.com\/avatar\/420aaf9278582877d9018637c6817617705899d2858d7572ef0fe59a6b6454b4?s=96&d=mm&r=g","url":"https:\/\/secure.gravatar.com\/avatar\/420aaf9278582877d9018637c6817617705899d2858d7572ef0fe59a6b6454b4?s=96&d=mm&r=g","contentUrl":"https:\/\/secure.gravatar.com\/avatar\/420aaf9278582877d9018637c6817617705899d2858d7572ef0fe59a6b6454b4?s=96&d=mm&r=g","caption":"Canal Dana"},"url":"https:\/\/dana.com.br\/canaldana\/author\/cdeditor\/"}]}},"_links":{"self":[{"href":"https:\/\/dana.com.br\/canaldana\/wp-json\/wp\/v2\/posts\/22460","targetHints":{"allow":["GET"]}}],"collection":[{"href":"https:\/\/dana.com.br\/canaldana\/wp-json\/wp\/v2\/posts"}],"about":[{"href":"https:\/\/dana.com.br\/canaldana\/wp-json\/wp\/v2\/types\/post"}],"author":[{"embeddable":true,"href":"https:\/\/dana.com.br\/canaldana\/wp-json\/wp\/v2\/users\/3"}],"replies":[{"embeddable":true,"href":"https:\/\/dana.com.br\/canaldana\/wp-json\/wp\/v2\/comments?post=22460"}],"version-history":[{"count":0,"href":"https:\/\/dana.com.br\/canaldana\/wp-json\/wp\/v2\/posts\/22460\/revisions"}],"wp:attachment":[{"href":"https:\/\/dana.com.br\/canaldana\/wp-json\/wp\/v2\/media?parent=22460"}],"wp:term":[{"taxonomy":"category","embeddable":true,"href":"https:\/\/dana.com.br\/canaldana\/wp-json\/wp\/v2\/categories?post=22460"},{"taxonomy":"post_tag","embeddable":true,"href":"https:\/\/dana.com.br\/canaldana\/wp-json\/wp\/v2\/tags?post=22460"}],"curies":[{"name":"wp","href":"https:\/\/api.w.org\/{rel}","templated":true}]}}