{"id":22398,"date":"2018-01-12T08:24:46","date_gmt":"2018-01-12T10:24:46","guid":{"rendered":"http:\/\/dana.com.br\/canaldana\/?p=22398"},"modified":"2018-01-12T08:24:46","modified_gmt":"2018-01-12T10:24:46","slug":"os-carros-do-futuro-estao-chegando","status":"publish","type":"post","link":"https:\/\/dana.com.br\/canaldana\/2018\/01\/12\/os-carros-do-futuro-estao-chegando\/","title":{"rendered":"Os carros do futuro est\u00e3o chegando"},"content":{"rendered":"<p><em>O Estado de S. Paulo<\/em><\/p>\n<p>&nbsp;<\/p>\n<p>Foi a maior CES da hist\u00f3ria: 180 mil pessoas vieram a Las Vegas tornando a principal feira de tecnologia do planeta o segundo maior evento anual da cidade. Perde, apenas, para o ano novo. Nos hot\u00e9is, h\u00e1 quem reclame. \u00c9 um p\u00fablico diferente. N\u00e3o joga, bebe pouco. Vegas n\u00e3o est\u00e1 acostumada, mas a feira segue acontecendo. Em 2018, a CES esteve, definitivamente, centrada nos carros do futuro. Presentes desde o primeiro impacto. De longe, bem antes de chegar ao Centro de Conven\u00e7\u00f5es, era poss\u00edvel ouvir o barulho de derrapagem dos BMW, numa demonstra\u00e7\u00e3o de corrida na pista em frente ao galp\u00e3o.<\/p>\n<p>&nbsp;<\/p>\n<p>A Lyft, concorrente da Uber, p\u00f4s carros aut\u00f4nomos para quem desejava corridas para certos pontos. Havia um motorista, mas ele n\u00e3o tocava no volante. O espa\u00e7o dedicado aos ve\u00edculos foi quase todo o bra\u00e7o norte do grande centro &#8211; um ter\u00e7o do lugar. N\u00e3o estavam s\u00f3 montadoras por l\u00e1. Empresas que fabricam lidars &#8211; os sensores antes comuns em avi\u00f5es e que s\u00e3o fundamentais em carros que dirigem sozinhos. Intel e Nvidia, fabricantes de processadores, voltam-se para este mercado. Google e Amazon disputando espa\u00e7o na cabine para seus assistentes digitais por voz.<\/p>\n<p>&nbsp;<\/p>\n<p>Ainda assim, o ponto \u00e9 simples. Em 2018, os ve\u00edculos com autonomia de n\u00edvel 2 come\u00e7am a se proliferar. Os de n\u00edvel 3 est\u00e3o chegando. A cultura se transforma no 4.<\/p>\n<p>&nbsp;<\/p>\n<p>O Brasil n\u00e3o est\u00e1 de fora. Um dos an\u00fancios feitos durante a feira pela Nissan foi de que seu Leaf chega ao pa\u00eds no ano que vem. \u00c9 um ve\u00edculo com autonomia de n\u00edvel 2 e o carro el\u00e9trico mais vendido no mundo. El\u00e9trico puro, n\u00e3o h\u00edbrido. Carrega na tomada como o celular ou o notebook. N\u00e3o leva gasolina. Trezentos mil j\u00e1 est\u00e3o nas m\u00e3os de consumidores.<\/p>\n<p>&nbsp;<\/p>\n<p>O n\u00edvel 2 ocorre quando o carro assume uma s\u00e9rie de fun\u00e7\u00f5es do motorista. O computador mant\u00e9m o autom\u00f3vel na faixa, est\u00e1 de olho na dist\u00e2ncia de quem est\u00e1 \u00e0 frente e atr\u00e1s e assim regula a velocidade. S\u00e3o carros muito mais seguros, mas n\u00e3o dispensam seres humanos na dire\u00e7\u00e3o.<\/p>\n<p>&nbsp;<\/p>\n<p>O n\u00edvel 3 \u00e9 delicado &#8211; e h\u00e1 um debate em curso a seu respeito. Tesla e Audi prometem colocar ve\u00edculos no mercado mundial este ano. Em condi\u00e7\u00f5es ideais, permitem que o motorista largue o volante. Mas exigem que fique atento \u2013 se o sistema detectar risco, ele precisar\u00e1 assumir o volante. A Waymo, empresa da holding Google que produz sistemas de autonomia, diz que pretende come\u00e7ar no n\u00edvel 4. Acha perigoso permitir que a pessoa se distraia e, ao mesmo tempo, pe\u00e7a aten\u00e7\u00e3o repentina. A Ford \u00e9 outra que pretende pular este degrau.<\/p>\n<p>&nbsp;<\/p>\n<p>No n\u00edvel 4, a autonomia \u00e9 plena dadas certas condi\u00e7\u00f5es. Dentro de uma cidade, numa rota conhecida, quando n\u00e3o h\u00e1 chuva. O dono do carro pode se distrair \u00e0 vontade e tem tempo de assumir quando as condi\u00e7\u00f5es mudarem.<\/p>\n<p>&nbsp;<\/p>\n<p>No n\u00edvel 5 o bicho vira outra coisa. O aparelho sequer carece de volante.<\/p>\n<p>&nbsp;<\/p>\n<p>At\u00e9 o ano passado, tudo soava um pouco como fic\u00e7\u00e3o cient\u00edfica. Em 2018 entramos neste espa\u00e7o de mist\u00e9rio. Carros que ajudam na dire\u00e7\u00e3o evitando acidentes passam a se tornar comuns. Est\u00e3o, at\u00e9, para chegar ao Brasil. Os primeiros modelos que permitem esquecer o volante est\u00e3o prometidos para j\u00e1. E a autonomia real est\u00e1 ali na frente. Do ponto de vista da tecnologia, a menos de uma d\u00e9cada de dist\u00e2ncia. (Se os governos deixar\u00e3o, se o p\u00fablico vai querer, esta \u00e9 outra hist\u00f3ria).<\/p>\n<p>&nbsp;<\/p>\n<p>Tecnologia tem mesmo um qu\u00ea de mist\u00e9rio. Por duas horas, na quarta, a CES ficou sem luz. A maior feira dedicada ao tema no mundo. Simplesmente parou. Nunca o Centro de Conven\u00e7\u00f5es precisara de tanta energia. O futuro do transporte est\u00e1 logo ali. E, ainda assim, parece distante. (S\u00f3 parece).<\/p>\n<p>&nbsp;<\/p>\n<p>Carros que ajudam na dire\u00e7\u00e3o evitando acidentes passam a se tornar comuns. (O Estado de S. Paulo\/Pedro D\u00f3ria)<\/p>\n","protected":false},"excerpt":{"rendered":"<p>O Estado de S. Paulo &nbsp; Foi a maior CES da hist\u00f3ria: 180 mil pessoas vieram a Las Vegas tornando a principal feira de tecnologia do planeta o segundo maior evento anual da cidade. Perde, apenas, para o ano novo. Nos hot\u00e9is, h\u00e1 quem reclame. \u00c9 um p\u00fablico diferente. N\u00e3o joga, bebe pouco. Vegas n\u00e3o\u2026 <a class=\"readmore\" href=\"https:\/\/dana.com.br\/canaldana\/2018\/01\/12\/os-carros-do-futuro-estao-chegando\/\">Leia mais \u00bb<\/a><\/p>\n","protected":false},"author":3,"featured_media":0,"comment_status":"closed","ping_status":"closed","sticky":false,"template":"","format":"standard","meta":{"_acf_changed":false,"footnotes":""},"categories":[100],"tags":[],"class_list":["post-22398","post","type-post","status-publish","format-standard","hentry","category-artigo"],"acf":[],"yoast_head":"<!-- This site is optimized with the Yoast SEO plugin v27.3 - https:\/\/yoast.com\/product\/yoast-seo-wordpress\/ -->\n<title>Os carros do futuro est\u00e3o chegando - Canal Dana<\/title>\n<meta name=\"robots\" content=\"index, follow, max-snippet:-1, max-image-preview:large, max-video-preview:-1\" \/>\n<link rel=\"canonical\" href=\"https:\/\/dana.com.br\/canaldana\/2018\/01\/12\/os-carros-do-futuro-estao-chegando\/\" \/>\n<meta property=\"og:locale\" content=\"pt_BR\" \/>\n<meta property=\"og:type\" content=\"article\" \/>\n<meta property=\"og:title\" content=\"Os carros do futuro est\u00e3o chegando - Canal Dana\" \/>\n<meta property=\"og:description\" content=\"O Estado de S. Paulo &nbsp; Foi a maior CES da hist\u00f3ria: 180 mil pessoas vieram a Las Vegas tornando a principal feira de tecnologia do planeta o segundo maior evento anual da cidade. Perde, apenas, para o ano novo. Nos hot\u00e9is, h\u00e1 quem reclame. \u00c9 um p\u00fablico diferente. N\u00e3o joga, bebe pouco. Vegas n\u00e3o\u2026 Leia mais \u00bb\" \/>\n<meta property=\"og:url\" content=\"https:\/\/dana.com.br\/canaldana\/2018\/01\/12\/os-carros-do-futuro-estao-chegando\/\" \/>\n<meta property=\"og:site_name\" content=\"Canal Dana\" \/>\n<meta property=\"article:published_time\" content=\"2018-01-12T10:24:46+00:00\" \/>\n<meta name=\"author\" content=\"Canal Dana\" \/>\n<meta name=\"twitter:card\" content=\"summary_large_image\" \/>\n<meta name=\"twitter:label1\" content=\"Escrito por\" \/>\n\t<meta name=\"twitter:data1\" content=\"Canal Dana\" \/>\n\t<meta name=\"twitter:label2\" content=\"Est. tempo de leitura\" \/>\n\t<meta name=\"twitter:data2\" content=\"4 minutos\" \/>\n<script type=\"application\/ld+json\" class=\"yoast-schema-graph\">{\"@context\":\"https:\\\/\\\/schema.org\",\"@graph\":[{\"@type\":\"Article\",\"@id\":\"https:\\\/\\\/dana.com.br\\\/canaldana\\\/2018\\\/01\\\/12\\\/os-carros-do-futuro-estao-chegando\\\/#article\",\"isPartOf\":{\"@id\":\"https:\\\/\\\/dana.com.br\\\/canaldana\\\/2018\\\/01\\\/12\\\/os-carros-do-futuro-estao-chegando\\\/\"},\"author\":{\"name\":\"Canal Dana\",\"@id\":\"https:\\\/\\\/dana.com.br\\\/canaldana\\\/#\\\/schema\\\/person\\\/3c21f22f56fcf3bc46b94bc60ea4fef6\"},\"headline\":\"Os carros do futuro est\u00e3o chegando\",\"datePublished\":\"2018-01-12T10:24:46+00:00\",\"mainEntityOfPage\":{\"@id\":\"https:\\\/\\\/dana.com.br\\\/canaldana\\\/2018\\\/01\\\/12\\\/os-carros-do-futuro-estao-chegando\\\/\"},\"wordCount\":714,\"articleSection\":[\"Artigo\"],\"inLanguage\":\"pt-BR\"},{\"@type\":\"WebPage\",\"@id\":\"https:\\\/\\\/dana.com.br\\\/canaldana\\\/2018\\\/01\\\/12\\\/os-carros-do-futuro-estao-chegando\\\/\",\"url\":\"https:\\\/\\\/dana.com.br\\\/canaldana\\\/2018\\\/01\\\/12\\\/os-carros-do-futuro-estao-chegando\\\/\",\"name\":\"Os carros do futuro est\u00e3o chegando - Canal Dana\",\"isPartOf\":{\"@id\":\"https:\\\/\\\/dana.com.br\\\/canaldana\\\/#website\"},\"datePublished\":\"2018-01-12T10:24:46+00:00\",\"author\":{\"@id\":\"https:\\\/\\\/dana.com.br\\\/canaldana\\\/#\\\/schema\\\/person\\\/3c21f22f56fcf3bc46b94bc60ea4fef6\"},\"breadcrumb\":{\"@id\":\"https:\\\/\\\/dana.com.br\\\/canaldana\\\/2018\\\/01\\\/12\\\/os-carros-do-futuro-estao-chegando\\\/#breadcrumb\"},\"inLanguage\":\"pt-BR\",\"potentialAction\":[{\"@type\":\"ReadAction\",\"target\":[\"https:\\\/\\\/dana.com.br\\\/canaldana\\\/2018\\\/01\\\/12\\\/os-carros-do-futuro-estao-chegando\\\/\"]}]},{\"@type\":\"BreadcrumbList\",\"@id\":\"https:\\\/\\\/dana.com.br\\\/canaldana\\\/2018\\\/01\\\/12\\\/os-carros-do-futuro-estao-chegando\\\/#breadcrumb\",\"itemListElement\":[{\"@type\":\"ListItem\",\"position\":1,\"name\":\"Home\",\"item\":\"https:\\\/\\\/dana.com.br\\\/canaldana\\\/\"},{\"@type\":\"ListItem\",\"position\":2,\"name\":\"Artigo\",\"item\":\"https:\\\/\\\/dana.com.br\\\/canaldana\\\/artigo\\\/\"},{\"@type\":\"ListItem\",\"position\":3,\"name\":\"Os carros do futuro est\u00e3o chegando\"}]},{\"@type\":\"WebSite\",\"@id\":\"https:\\\/\\\/dana.com.br\\\/canaldana\\\/#website\",\"url\":\"https:\\\/\\\/dana.com.br\\\/canaldana\\\/\",\"name\":\"Canal Dana\",\"description\":\"Informativo com as principais not\u00edcias da ind\u00fastria automotiva\",\"potentialAction\":[{\"@type\":\"SearchAction\",\"target\":{\"@type\":\"EntryPoint\",\"urlTemplate\":\"https:\\\/\\\/dana.com.br\\\/canaldana\\\/?s={search_term_string}\"},\"query-input\":{\"@type\":\"PropertyValueSpecification\",\"valueRequired\":true,\"valueName\":\"search_term_string\"}}],\"inLanguage\":\"pt-BR\"},{\"@type\":\"Person\",\"@id\":\"https:\\\/\\\/dana.com.br\\\/canaldana\\\/#\\\/schema\\\/person\\\/3c21f22f56fcf3bc46b94bc60ea4fef6\",\"name\":\"Canal Dana\",\"image\":{\"@type\":\"ImageObject\",\"inLanguage\":\"pt-BR\",\"@id\":\"https:\\\/\\\/secure.gravatar.com\\\/avatar\\\/420aaf9278582877d9018637c6817617705899d2858d7572ef0fe59a6b6454b4?s=96&d=mm&r=g\",\"url\":\"https:\\\/\\\/secure.gravatar.com\\\/avatar\\\/420aaf9278582877d9018637c6817617705899d2858d7572ef0fe59a6b6454b4?s=96&d=mm&r=g\",\"contentUrl\":\"https:\\\/\\\/secure.gravatar.com\\\/avatar\\\/420aaf9278582877d9018637c6817617705899d2858d7572ef0fe59a6b6454b4?s=96&d=mm&r=g\",\"caption\":\"Canal Dana\"},\"url\":\"https:\\\/\\\/dana.com.br\\\/canaldana\\\/author\\\/cdeditor\\\/\"}]}<\/script>\n<!-- \/ Yoast SEO plugin. -->","yoast_head_json":{"title":"Os carros do futuro est\u00e3o chegando - Canal Dana","robots":{"index":"index","follow":"follow","max-snippet":"max-snippet:-1","max-image-preview":"max-image-preview:large","max-video-preview":"max-video-preview:-1"},"canonical":"https:\/\/dana.com.br\/canaldana\/2018\/01\/12\/os-carros-do-futuro-estao-chegando\/","og_locale":"pt_BR","og_type":"article","og_title":"Os carros do futuro est\u00e3o chegando - Canal Dana","og_description":"O Estado de S. Paulo &nbsp; Foi a maior CES da hist\u00f3ria: 180 mil pessoas vieram a Las Vegas tornando a principal feira de tecnologia do planeta o segundo maior evento anual da cidade. Perde, apenas, para o ano novo. Nos hot\u00e9is, h\u00e1 quem reclame. \u00c9 um p\u00fablico diferente. N\u00e3o joga, bebe pouco. Vegas n\u00e3o\u2026 Leia mais \u00bb","og_url":"https:\/\/dana.com.br\/canaldana\/2018\/01\/12\/os-carros-do-futuro-estao-chegando\/","og_site_name":"Canal Dana","article_published_time":"2018-01-12T10:24:46+00:00","author":"Canal Dana","twitter_card":"summary_large_image","twitter_misc":{"Escrito por":"Canal Dana","Est. tempo de leitura":"4 minutos"},"schema":{"@context":"https:\/\/schema.org","@graph":[{"@type":"Article","@id":"https:\/\/dana.com.br\/canaldana\/2018\/01\/12\/os-carros-do-futuro-estao-chegando\/#article","isPartOf":{"@id":"https:\/\/dana.com.br\/canaldana\/2018\/01\/12\/os-carros-do-futuro-estao-chegando\/"},"author":{"name":"Canal Dana","@id":"https:\/\/dana.com.br\/canaldana\/#\/schema\/person\/3c21f22f56fcf3bc46b94bc60ea4fef6"},"headline":"Os carros do futuro est\u00e3o chegando","datePublished":"2018-01-12T10:24:46+00:00","mainEntityOfPage":{"@id":"https:\/\/dana.com.br\/canaldana\/2018\/01\/12\/os-carros-do-futuro-estao-chegando\/"},"wordCount":714,"articleSection":["Artigo"],"inLanguage":"pt-BR"},{"@type":"WebPage","@id":"https:\/\/dana.com.br\/canaldana\/2018\/01\/12\/os-carros-do-futuro-estao-chegando\/","url":"https:\/\/dana.com.br\/canaldana\/2018\/01\/12\/os-carros-do-futuro-estao-chegando\/","name":"Os carros do futuro est\u00e3o chegando - Canal Dana","isPartOf":{"@id":"https:\/\/dana.com.br\/canaldana\/#website"},"datePublished":"2018-01-12T10:24:46+00:00","author":{"@id":"https:\/\/dana.com.br\/canaldana\/#\/schema\/person\/3c21f22f56fcf3bc46b94bc60ea4fef6"},"breadcrumb":{"@id":"https:\/\/dana.com.br\/canaldana\/2018\/01\/12\/os-carros-do-futuro-estao-chegando\/#breadcrumb"},"inLanguage":"pt-BR","potentialAction":[{"@type":"ReadAction","target":["https:\/\/dana.com.br\/canaldana\/2018\/01\/12\/os-carros-do-futuro-estao-chegando\/"]}]},{"@type":"BreadcrumbList","@id":"https:\/\/dana.com.br\/canaldana\/2018\/01\/12\/os-carros-do-futuro-estao-chegando\/#breadcrumb","itemListElement":[{"@type":"ListItem","position":1,"name":"Home","item":"https:\/\/dana.com.br\/canaldana\/"},{"@type":"ListItem","position":2,"name":"Artigo","item":"https:\/\/dana.com.br\/canaldana\/artigo\/"},{"@type":"ListItem","position":3,"name":"Os carros do futuro est\u00e3o chegando"}]},{"@type":"WebSite","@id":"https:\/\/dana.com.br\/canaldana\/#website","url":"https:\/\/dana.com.br\/canaldana\/","name":"Canal Dana","description":"Informativo com as principais not\u00edcias da ind\u00fastria automotiva","potentialAction":[{"@type":"SearchAction","target":{"@type":"EntryPoint","urlTemplate":"https:\/\/dana.com.br\/canaldana\/?s={search_term_string}"},"query-input":{"@type":"PropertyValueSpecification","valueRequired":true,"valueName":"search_term_string"}}],"inLanguage":"pt-BR"},{"@type":"Person","@id":"https:\/\/dana.com.br\/canaldana\/#\/schema\/person\/3c21f22f56fcf3bc46b94bc60ea4fef6","name":"Canal Dana","image":{"@type":"ImageObject","inLanguage":"pt-BR","@id":"https:\/\/secure.gravatar.com\/avatar\/420aaf9278582877d9018637c6817617705899d2858d7572ef0fe59a6b6454b4?s=96&d=mm&r=g","url":"https:\/\/secure.gravatar.com\/avatar\/420aaf9278582877d9018637c6817617705899d2858d7572ef0fe59a6b6454b4?s=96&d=mm&r=g","contentUrl":"https:\/\/secure.gravatar.com\/avatar\/420aaf9278582877d9018637c6817617705899d2858d7572ef0fe59a6b6454b4?s=96&d=mm&r=g","caption":"Canal Dana"},"url":"https:\/\/dana.com.br\/canaldana\/author\/cdeditor\/"}]}},"_links":{"self":[{"href":"https:\/\/dana.com.br\/canaldana\/wp-json\/wp\/v2\/posts\/22398","targetHints":{"allow":["GET"]}}],"collection":[{"href":"https:\/\/dana.com.br\/canaldana\/wp-json\/wp\/v2\/posts"}],"about":[{"href":"https:\/\/dana.com.br\/canaldana\/wp-json\/wp\/v2\/types\/post"}],"author":[{"embeddable":true,"href":"https:\/\/dana.com.br\/canaldana\/wp-json\/wp\/v2\/users\/3"}],"replies":[{"embeddable":true,"href":"https:\/\/dana.com.br\/canaldana\/wp-json\/wp\/v2\/comments?post=22398"}],"version-history":[{"count":0,"href":"https:\/\/dana.com.br\/canaldana\/wp-json\/wp\/v2\/posts\/22398\/revisions"}],"wp:attachment":[{"href":"https:\/\/dana.com.br\/canaldana\/wp-json\/wp\/v2\/media?parent=22398"}],"wp:term":[{"taxonomy":"category","embeddable":true,"href":"https:\/\/dana.com.br\/canaldana\/wp-json\/wp\/v2\/categories?post=22398"},{"taxonomy":"post_tag","embeddable":true,"href":"https:\/\/dana.com.br\/canaldana\/wp-json\/wp\/v2\/tags?post=22398"}],"curies":[{"name":"wp","href":"https:\/\/api.w.org\/{rel}","templated":true}]}}