{"id":22388,"date":"2018-01-11T08:27:56","date_gmt":"2018-01-11T10:27:56","guid":{"rendered":"http:\/\/dana.com.br\/canaldana\/?p=22388"},"modified":"2018-01-11T08:27:56","modified_gmt":"2018-01-11T10:27:56","slug":"mercedes-benz-automoveis-encerra-2017-como-lider-no-mercado-premium","status":"publish","type":"post","link":"https:\/\/dana.com.br\/canaldana\/2018\/01\/11\/mercedes-benz-automoveis-encerra-2017-como-lider-no-mercado-premium\/","title":{"rendered":"Mercedes-Benz Autom\u00f3veis encerra 2017 como l\u00edder no mercado premium"},"content":{"rendered":"<p><em>Investimentos e Not\u00edcias<\/em><\/p>\n<p>&nbsp;<\/p>\n<p>A Mercedes-Benz do Brasil encerrou 2017 com resultados expressivos nas vendas de autom\u00f3veis premium. Entre janeiro e dezembro a marca registrou 12.474 unidades emplacadas, impactando no maior crescimento no segmento premium, com 10% em rela\u00e7\u00e3o ao ano anterior. Al\u00e9m disso, os modelos Classe A, Classe C, GLC, GLC Coup\u00e9, GLE Coup\u00e9, SLC, entre outros, foram l\u00edderes de venda em seus respectivos segmentos.<\/p>\n<p>&nbsp;<\/p>\n<p>\u201cMesmo em um cen\u00e1rio ainda de retra\u00e7\u00e3o do mercado como um todo, \u00e9 satisfat\u00f3rio fazer um balan\u00e7o dos \u00faltimos doze meses e perceber que as metas tra\u00e7adas \u2013 tanto em rela\u00e7\u00e3o ao portf\u00f3lio, quanto ao esfor\u00e7o cont\u00ednuo da rede de concession\u00e1rios \u2013 foram cumpridas, resultando em uma participa\u00e7\u00e3o de mercado de 38,3%. Em 2018, traremos ainda mais novidades para o portf\u00f3lio da marca, seguindo a estrat\u00e9gia de diversificar continuamente nossa gama de produtos para atender \u00e0s necessidades mais espec\u00edficas de nossos clientes\u201d, afirma Holger Marquardt, managing director Marketing e Vendas Autom\u00f3veis Am\u00e9rica Latina e Caribe.<\/p>\n<p>&nbsp;<\/p>\n<p>Um fator que certamente contribuiu para esses resultados foi a produ\u00e7\u00e3o local do Classe C e GLA na f\u00e1brica de autom\u00f3veis de Iracem\u00e1polis. Ambos os modelos fabricados no Pa\u00eds representam 61,2% do volume de emplacamentos de 2017, com 7.631 unidades. Nesse cen\u00e1rio, somente o Classe C sed\u00e3 registrou 4.061 unidades comercializadas, se mantendo l\u00edder em seu segmento e o modelo mais vendido pela Mercedes-Benz. Das vers\u00f5es do Mercedes-Benz GLA produzidas em Iracem\u00e1polis, foram registrados 3.570 ve\u00edculos emplacados. O SUV compacto da marca recebeu uma atualiza\u00e7\u00e3o nos elementos de design interior e exterior, que impressionam por uma linguagem mais agressiva.<\/p>\n<p>&nbsp;<\/p>\n<p>O ano de 2017 foi tamb\u00e9m especial para a divis\u00e3o de ve\u00edculos de alta performance da marca. Criada em 1967, a AMG completou 50 anos de exist\u00eancia, desde ent\u00e3o, se especializando em desenvolver projetos que aplicam tecnologias de autom\u00f3veis de corrida nos modelos de rua. Mas, al\u00e9m disso, outro marco para a hist\u00f3ria da fabricante de Affalterbach foi registrado no Brasil ao conquistar novamente a lideran\u00e7a do segmento em 2017 com 621 unidades emplacadas, que representaram 45,2% de market share. Esses n\u00fameros marcam um aumento de 14% nas vendas em rela\u00e7\u00e3o \u00e0 2016 que se deu, principalmente, em fun\u00e7\u00e3o do lan\u00e7amento das vers\u00f5es AMG dos utilit\u00e1rios GLC e GLC Coup\u00e9, que figuram no topo dos modelos mais vendidos.<\/p>\n<p>&nbsp;<\/p>\n<p>Outro fator fundamental para os resultados em 2017 foi a amplia\u00e7\u00e3o da rede de concession\u00e1rios da Mercedes-Benz, iniciada em 2014. Nesse per\u00edodo, a marca passou de 38 para 55 pontos pelo Brasil, incluindo 12 AMG Performance Centers. Al\u00e9m disso, durante o ano de 2017, a marca investiu massivamente em programas de p\u00f3s-venda e na moderniza\u00e7\u00e3o dos sistemas de recep\u00e7\u00e3o e or\u00e7amento, agilizando o atendimento aos clientes. Tais novidades comp\u00f5em um portf\u00f3lio de servi\u00e7os de manuten\u00e7\u00e3o que se complementam. Entre eles, est\u00e3o Expess Service, o MB Oil e MB Oil Care. Adicionalmente, houve ainda a expans\u00e3o do portf\u00f3lio de autom\u00f3veis que fazem parte do programa de Revis\u00e3o Declarada, permitindo ao cliente antecipar o custo de manuten\u00e7\u00e3o para os modelos Classe A, Classe B, Classe C, CLA, GLA e GLC.<\/p>\n<p>&nbsp;<\/p>\n<p>Esse pacote de servi\u00e7os, aliado \u00e0 capilaridade da rede, possibilita que os clientes vivenciem, em todo territ\u00f3rio nacional, a melhor experi\u00eancia desde o momento da compra do autom\u00f3vel, incluindo todo o processo de p\u00f3s-venda. (Investimentos e Not\u00edcias)<\/p>\n","protected":false},"excerpt":{"rendered":"<p>Investimentos e Not\u00edcias &nbsp; A Mercedes-Benz do Brasil encerrou 2017 com resultados expressivos nas vendas de autom\u00f3veis premium. Entre janeiro e dezembro a marca registrou 12.474 unidades emplacadas, impactando no maior crescimento no segmento premium, com 10% em rela\u00e7\u00e3o ao ano anterior. Al\u00e9m disso, os modelos Classe A, Classe C, GLC, GLC Coup\u00e9, GLE Coup\u00e9,\u2026 <a class=\"readmore\" href=\"https:\/\/dana.com.br\/canaldana\/2018\/01\/11\/mercedes-benz-automoveis-encerra-2017-como-lider-no-mercado-premium\/\">Leia mais \u00bb<\/a><\/p>\n","protected":false},"author":3,"featured_media":0,"comment_status":"closed","ping_status":"closed","sticky":false,"template":"","format":"standard","meta":{"_acf_changed":false,"footnotes":""},"categories":[61],"tags":[],"class_list":["post-22388","post","type-post","status-publish","format-standard","hentry","category-destaques"],"acf":[],"yoast_head":"<!-- This site is optimized with the Yoast SEO plugin v27.3 - https:\/\/yoast.com\/product\/yoast-seo-wordpress\/ -->\n<title>Mercedes-Benz Autom\u00f3veis encerra 2017 como l\u00edder no mercado premium - Canal Dana<\/title>\n<meta name=\"robots\" content=\"index, follow, max-snippet:-1, max-image-preview:large, max-video-preview:-1\" \/>\n<link rel=\"canonical\" href=\"https:\/\/dana.com.br\/canaldana\/2018\/01\/11\/mercedes-benz-automoveis-encerra-2017-como-lider-no-mercado-premium\/\" \/>\n<meta property=\"og:locale\" content=\"pt_BR\" \/>\n<meta property=\"og:type\" content=\"article\" \/>\n<meta property=\"og:title\" content=\"Mercedes-Benz Autom\u00f3veis encerra 2017 como l\u00edder no mercado premium - Canal Dana\" \/>\n<meta property=\"og:description\" content=\"Investimentos e Not\u00edcias &nbsp; A Mercedes-Benz do Brasil encerrou 2017 com resultados expressivos nas vendas de autom\u00f3veis premium. Entre janeiro e dezembro a marca registrou 12.474 unidades emplacadas, impactando no maior crescimento no segmento premium, com 10% em rela\u00e7\u00e3o ao ano anterior. Al\u00e9m disso, os modelos Classe A, Classe C, GLC, GLC Coup\u00e9, GLE Coup\u00e9,\u2026 Leia mais \u00bb\" \/>\n<meta property=\"og:url\" content=\"https:\/\/dana.com.br\/canaldana\/2018\/01\/11\/mercedes-benz-automoveis-encerra-2017-como-lider-no-mercado-premium\/\" \/>\n<meta property=\"og:site_name\" content=\"Canal Dana\" \/>\n<meta property=\"article:published_time\" content=\"2018-01-11T10:27:56+00:00\" \/>\n<meta name=\"author\" content=\"Canal Dana\" \/>\n<meta name=\"twitter:card\" content=\"summary_large_image\" \/>\n<meta name=\"twitter:label1\" content=\"Escrito por\" \/>\n\t<meta name=\"twitter:data1\" content=\"Canal Dana\" \/>\n\t<meta name=\"twitter:label2\" content=\"Est. tempo de leitura\" \/>\n\t<meta name=\"twitter:data2\" content=\"3 minutos\" \/>\n<script type=\"application\/ld+json\" class=\"yoast-schema-graph\">{\"@context\":\"https:\\\/\\\/schema.org\",\"@graph\":[{\"@type\":\"Article\",\"@id\":\"https:\\\/\\\/dana.com.br\\\/canaldana\\\/2018\\\/01\\\/11\\\/mercedes-benz-automoveis-encerra-2017-como-lider-no-mercado-premium\\\/#article\",\"isPartOf\":{\"@id\":\"https:\\\/\\\/dana.com.br\\\/canaldana\\\/2018\\\/01\\\/11\\\/mercedes-benz-automoveis-encerra-2017-como-lider-no-mercado-premium\\\/\"},\"author\":{\"name\":\"Canal Dana\",\"@id\":\"https:\\\/\\\/dana.com.br\\\/canaldana\\\/#\\\/schema\\\/person\\\/3c21f22f56fcf3bc46b94bc60ea4fef6\"},\"headline\":\"Mercedes-Benz Autom\u00f3veis encerra 2017 como l\u00edder no mercado premium\",\"datePublished\":\"2018-01-11T10:27:56+00:00\",\"mainEntityOfPage\":{\"@id\":\"https:\\\/\\\/dana.com.br\\\/canaldana\\\/2018\\\/01\\\/11\\\/mercedes-benz-automoveis-encerra-2017-como-lider-no-mercado-premium\\\/\"},\"wordCount\":600,\"articleSection\":[\"Destaques\"],\"inLanguage\":\"pt-BR\"},{\"@type\":\"WebPage\",\"@id\":\"https:\\\/\\\/dana.com.br\\\/canaldana\\\/2018\\\/01\\\/11\\\/mercedes-benz-automoveis-encerra-2017-como-lider-no-mercado-premium\\\/\",\"url\":\"https:\\\/\\\/dana.com.br\\\/canaldana\\\/2018\\\/01\\\/11\\\/mercedes-benz-automoveis-encerra-2017-como-lider-no-mercado-premium\\\/\",\"name\":\"Mercedes-Benz Autom\u00f3veis encerra 2017 como l\u00edder no mercado premium - Canal Dana\",\"isPartOf\":{\"@id\":\"https:\\\/\\\/dana.com.br\\\/canaldana\\\/#website\"},\"datePublished\":\"2018-01-11T10:27:56+00:00\",\"author\":{\"@id\":\"https:\\\/\\\/dana.com.br\\\/canaldana\\\/#\\\/schema\\\/person\\\/3c21f22f56fcf3bc46b94bc60ea4fef6\"},\"breadcrumb\":{\"@id\":\"https:\\\/\\\/dana.com.br\\\/canaldana\\\/2018\\\/01\\\/11\\\/mercedes-benz-automoveis-encerra-2017-como-lider-no-mercado-premium\\\/#breadcrumb\"},\"inLanguage\":\"pt-BR\",\"potentialAction\":[{\"@type\":\"ReadAction\",\"target\":[\"https:\\\/\\\/dana.com.br\\\/canaldana\\\/2018\\\/01\\\/11\\\/mercedes-benz-automoveis-encerra-2017-como-lider-no-mercado-premium\\\/\"]}]},{\"@type\":\"BreadcrumbList\",\"@id\":\"https:\\\/\\\/dana.com.br\\\/canaldana\\\/2018\\\/01\\\/11\\\/mercedes-benz-automoveis-encerra-2017-como-lider-no-mercado-premium\\\/#breadcrumb\",\"itemListElement\":[{\"@type\":\"ListItem\",\"position\":1,\"name\":\"Home\",\"item\":\"https:\\\/\\\/dana.com.br\\\/canaldana\\\/\"},{\"@type\":\"ListItem\",\"position\":2,\"name\":\"Destaques\",\"item\":\"https:\\\/\\\/dana.com.br\\\/canaldana\\\/destaques\\\/\"},{\"@type\":\"ListItem\",\"position\":3,\"name\":\"Mercedes-Benz Autom\u00f3veis encerra 2017 como l\u00edder no mercado premium\"}]},{\"@type\":\"WebSite\",\"@id\":\"https:\\\/\\\/dana.com.br\\\/canaldana\\\/#website\",\"url\":\"https:\\\/\\\/dana.com.br\\\/canaldana\\\/\",\"name\":\"Canal Dana\",\"description\":\"Informativo com as principais not\u00edcias da ind\u00fastria automotiva\",\"potentialAction\":[{\"@type\":\"SearchAction\",\"target\":{\"@type\":\"EntryPoint\",\"urlTemplate\":\"https:\\\/\\\/dana.com.br\\\/canaldana\\\/?s={search_term_string}\"},\"query-input\":{\"@type\":\"PropertyValueSpecification\",\"valueRequired\":true,\"valueName\":\"search_term_string\"}}],\"inLanguage\":\"pt-BR\"},{\"@type\":\"Person\",\"@id\":\"https:\\\/\\\/dana.com.br\\\/canaldana\\\/#\\\/schema\\\/person\\\/3c21f22f56fcf3bc46b94bc60ea4fef6\",\"name\":\"Canal Dana\",\"image\":{\"@type\":\"ImageObject\",\"inLanguage\":\"pt-BR\",\"@id\":\"https:\\\/\\\/secure.gravatar.com\\\/avatar\\\/420aaf9278582877d9018637c6817617705899d2858d7572ef0fe59a6b6454b4?s=96&d=mm&r=g\",\"url\":\"https:\\\/\\\/secure.gravatar.com\\\/avatar\\\/420aaf9278582877d9018637c6817617705899d2858d7572ef0fe59a6b6454b4?s=96&d=mm&r=g\",\"contentUrl\":\"https:\\\/\\\/secure.gravatar.com\\\/avatar\\\/420aaf9278582877d9018637c6817617705899d2858d7572ef0fe59a6b6454b4?s=96&d=mm&r=g\",\"caption\":\"Canal Dana\"},\"url\":\"https:\\\/\\\/dana.com.br\\\/canaldana\\\/author\\\/cdeditor\\\/\"}]}<\/script>\n<!-- \/ Yoast SEO plugin. -->","yoast_head_json":{"title":"Mercedes-Benz Autom\u00f3veis encerra 2017 como l\u00edder no mercado premium - Canal Dana","robots":{"index":"index","follow":"follow","max-snippet":"max-snippet:-1","max-image-preview":"max-image-preview:large","max-video-preview":"max-video-preview:-1"},"canonical":"https:\/\/dana.com.br\/canaldana\/2018\/01\/11\/mercedes-benz-automoveis-encerra-2017-como-lider-no-mercado-premium\/","og_locale":"pt_BR","og_type":"article","og_title":"Mercedes-Benz Autom\u00f3veis encerra 2017 como l\u00edder no mercado premium - Canal Dana","og_description":"Investimentos e Not\u00edcias &nbsp; A Mercedes-Benz do Brasil encerrou 2017 com resultados expressivos nas vendas de autom\u00f3veis premium. Entre janeiro e dezembro a marca registrou 12.474 unidades emplacadas, impactando no maior crescimento no segmento premium, com 10% em rela\u00e7\u00e3o ao ano anterior. Al\u00e9m disso, os modelos Classe A, Classe C, GLC, GLC Coup\u00e9, GLE Coup\u00e9,\u2026 Leia mais \u00bb","og_url":"https:\/\/dana.com.br\/canaldana\/2018\/01\/11\/mercedes-benz-automoveis-encerra-2017-como-lider-no-mercado-premium\/","og_site_name":"Canal Dana","article_published_time":"2018-01-11T10:27:56+00:00","author":"Canal Dana","twitter_card":"summary_large_image","twitter_misc":{"Escrito por":"Canal Dana","Est. tempo de leitura":"3 minutos"},"schema":{"@context":"https:\/\/schema.org","@graph":[{"@type":"Article","@id":"https:\/\/dana.com.br\/canaldana\/2018\/01\/11\/mercedes-benz-automoveis-encerra-2017-como-lider-no-mercado-premium\/#article","isPartOf":{"@id":"https:\/\/dana.com.br\/canaldana\/2018\/01\/11\/mercedes-benz-automoveis-encerra-2017-como-lider-no-mercado-premium\/"},"author":{"name":"Canal Dana","@id":"https:\/\/dana.com.br\/canaldana\/#\/schema\/person\/3c21f22f56fcf3bc46b94bc60ea4fef6"},"headline":"Mercedes-Benz Autom\u00f3veis encerra 2017 como l\u00edder no mercado premium","datePublished":"2018-01-11T10:27:56+00:00","mainEntityOfPage":{"@id":"https:\/\/dana.com.br\/canaldana\/2018\/01\/11\/mercedes-benz-automoveis-encerra-2017-como-lider-no-mercado-premium\/"},"wordCount":600,"articleSection":["Destaques"],"inLanguage":"pt-BR"},{"@type":"WebPage","@id":"https:\/\/dana.com.br\/canaldana\/2018\/01\/11\/mercedes-benz-automoveis-encerra-2017-como-lider-no-mercado-premium\/","url":"https:\/\/dana.com.br\/canaldana\/2018\/01\/11\/mercedes-benz-automoveis-encerra-2017-como-lider-no-mercado-premium\/","name":"Mercedes-Benz Autom\u00f3veis encerra 2017 como l\u00edder no mercado premium - Canal Dana","isPartOf":{"@id":"https:\/\/dana.com.br\/canaldana\/#website"},"datePublished":"2018-01-11T10:27:56+00:00","author":{"@id":"https:\/\/dana.com.br\/canaldana\/#\/schema\/person\/3c21f22f56fcf3bc46b94bc60ea4fef6"},"breadcrumb":{"@id":"https:\/\/dana.com.br\/canaldana\/2018\/01\/11\/mercedes-benz-automoveis-encerra-2017-como-lider-no-mercado-premium\/#breadcrumb"},"inLanguage":"pt-BR","potentialAction":[{"@type":"ReadAction","target":["https:\/\/dana.com.br\/canaldana\/2018\/01\/11\/mercedes-benz-automoveis-encerra-2017-como-lider-no-mercado-premium\/"]}]},{"@type":"BreadcrumbList","@id":"https:\/\/dana.com.br\/canaldana\/2018\/01\/11\/mercedes-benz-automoveis-encerra-2017-como-lider-no-mercado-premium\/#breadcrumb","itemListElement":[{"@type":"ListItem","position":1,"name":"Home","item":"https:\/\/dana.com.br\/canaldana\/"},{"@type":"ListItem","position":2,"name":"Destaques","item":"https:\/\/dana.com.br\/canaldana\/destaques\/"},{"@type":"ListItem","position":3,"name":"Mercedes-Benz Autom\u00f3veis encerra 2017 como l\u00edder no mercado premium"}]},{"@type":"WebSite","@id":"https:\/\/dana.com.br\/canaldana\/#website","url":"https:\/\/dana.com.br\/canaldana\/","name":"Canal Dana","description":"Informativo com as principais not\u00edcias da ind\u00fastria automotiva","potentialAction":[{"@type":"SearchAction","target":{"@type":"EntryPoint","urlTemplate":"https:\/\/dana.com.br\/canaldana\/?s={search_term_string}"},"query-input":{"@type":"PropertyValueSpecification","valueRequired":true,"valueName":"search_term_string"}}],"inLanguage":"pt-BR"},{"@type":"Person","@id":"https:\/\/dana.com.br\/canaldana\/#\/schema\/person\/3c21f22f56fcf3bc46b94bc60ea4fef6","name":"Canal Dana","image":{"@type":"ImageObject","inLanguage":"pt-BR","@id":"https:\/\/secure.gravatar.com\/avatar\/420aaf9278582877d9018637c6817617705899d2858d7572ef0fe59a6b6454b4?s=96&d=mm&r=g","url":"https:\/\/secure.gravatar.com\/avatar\/420aaf9278582877d9018637c6817617705899d2858d7572ef0fe59a6b6454b4?s=96&d=mm&r=g","contentUrl":"https:\/\/secure.gravatar.com\/avatar\/420aaf9278582877d9018637c6817617705899d2858d7572ef0fe59a6b6454b4?s=96&d=mm&r=g","caption":"Canal Dana"},"url":"https:\/\/dana.com.br\/canaldana\/author\/cdeditor\/"}]}},"_links":{"self":[{"href":"https:\/\/dana.com.br\/canaldana\/wp-json\/wp\/v2\/posts\/22388","targetHints":{"allow":["GET"]}}],"collection":[{"href":"https:\/\/dana.com.br\/canaldana\/wp-json\/wp\/v2\/posts"}],"about":[{"href":"https:\/\/dana.com.br\/canaldana\/wp-json\/wp\/v2\/types\/post"}],"author":[{"embeddable":true,"href":"https:\/\/dana.com.br\/canaldana\/wp-json\/wp\/v2\/users\/3"}],"replies":[{"embeddable":true,"href":"https:\/\/dana.com.br\/canaldana\/wp-json\/wp\/v2\/comments?post=22388"}],"version-history":[{"count":0,"href":"https:\/\/dana.com.br\/canaldana\/wp-json\/wp\/v2\/posts\/22388\/revisions"}],"wp:attachment":[{"href":"https:\/\/dana.com.br\/canaldana\/wp-json\/wp\/v2\/media?parent=22388"}],"wp:term":[{"taxonomy":"category","embeddable":true,"href":"https:\/\/dana.com.br\/canaldana\/wp-json\/wp\/v2\/categories?post=22388"},{"taxonomy":"post_tag","embeddable":true,"href":"https:\/\/dana.com.br\/canaldana\/wp-json\/wp\/v2\/tags?post=22388"}],"curies":[{"name":"wp","href":"https:\/\/api.w.org\/{rel}","templated":true}]}}