{"id":22384,"date":"2018-01-11T08:26:53","date_gmt":"2018-01-11T10:26:53","guid":{"rendered":"http:\/\/dana.com.br\/canaldana\/?p=22384"},"modified":"2018-01-11T08:26:53","modified_gmt":"2018-01-11T10:26:53","slug":"banco-mercedes-benz-passa-fazer-seguro-para-onibus-rodoviarios","status":"publish","type":"post","link":"https:\/\/dana.com.br\/canaldana\/2018\/01\/11\/banco-mercedes-benz-passa-fazer-seguro-para-onibus-rodoviarios\/","title":{"rendered":"Banco Mercedes-Benz passa a fazer seguro para \u00f4nibus rodovi\u00e1rios"},"content":{"rendered":"<p><em>Di\u00e1rio do Transporte<\/em><\/p>\n<p>&nbsp;<\/p>\n<p>O Banco Mercedes-Benz passa, a partir deste m\u00eas de janeiro, a efetuar opera\u00e7\u00f5es de seguro para \u00f4nibus rodovi\u00e1rios. A atividade se dar\u00e1 por meio da Mercedes-Benz Corretora de Seguros, em parceria com a Essor Seguros.<\/p>\n<p>&nbsp;<\/p>\n<p>Mesmo sem ter feito o lan\u00e7amento oficial do novo tipo de cobertura, a Mercedes-Benz Corretora de Seguros fechou seu primeiro contrato com um dos maiores grupos do Pa\u00eds no segmento de transporte rodovi\u00e1rio de passageiros, o Grupo Comporte. Foram assinados contratos para assegurar cerca de 1.200 \u00f4nibus.<\/p>\n<p>&nbsp;<\/p>\n<p>A modalidade cobre ve\u00edculos da Mercedes-Benz e de outras marcas, novos ou usados.<\/p>\n<p>&nbsp;<\/p>\n<p>Na primeira etapa de lan\u00e7amento, o Banco atender\u00e1 o segmento rodovi\u00e1rio.<\/p>\n<p>&nbsp;<\/p>\n<p>Marcello Larussa, gerente de Seguros do Banco Mercedes-Benz, ressalta que o seguro, no futuro pr\u00f3ximo, ser\u00e1 ampliado para os \u00f4nibus urbanos. \u201cDessa forma, seguimos nossa estrat\u00e9gia de ampliar ainda mais nosso portf\u00f3lio de seguros, que at\u00e9 ent\u00e3o cobria caminh\u00f5es e vans\u201d, completa.<\/p>\n<p>&nbsp;<\/p>\n<p><strong>Grupo comporte\u00a0<\/strong><\/p>\n<p>&nbsp;<\/p>\n<p>O Grupo Comporte contratou um pacote de responsabilidade civil, destinado principalmente aos empres\u00e1rios que atuam no segmento de transportes interestadual, intermunicipal e urbano. A ap\u00f3lice cobre danos corporais e\/ou materiais causados a passageiros e tamb\u00e9m a terceiros n\u00e3o transportados.<\/p>\n<p>&nbsp;<\/p>\n<p>O Banco Mercedes-Benz ainda oferece a \u00f4nibus rodovi\u00e1rios as op\u00e7\u00f5es de seguro de casco e responsabilidade civil facultativa. No primeiro caso, garante indeniza\u00e7\u00e3o em caso de colis\u00e3o, inc\u00eandio e roubo\/furto.<\/p>\n<p>&nbsp;<\/p>\n<p>H\u00e1 cerca de outros 20 tipos de coberturas adicionais que se aplicam \u00e0s mais diversas situa\u00e7\u00f5es, conforme destaca Marcello Larussa: \u201cA nossa expertise no segmento de transportes, aliada ao fato de a Mercedes-Benz ser l\u00edder no mercado nacional de \u00f4nibus e o Banco Mercedes-Benz ser o maior financiador de \u00f4nibus do pa\u00eds nos credencia a oferecer o que h\u00e1 de melhor no mercado\u201d.<\/p>\n<p>&nbsp;<\/p>\n<p><strong>Banco Mercedes-Benz atua desde 1996 no pa\u00eds\u00a0<\/strong><\/p>\n<p>&nbsp;<\/p>\n<p>Atuando h\u00e1 mais de 20 anos no Brasil, o Banco Mercedes-Benz atua no segmento de ve\u00edculos comerciais (caminh\u00f5es, \u00f4nibus e vans) e de autom\u00f3veis de passeio da marca Mercedes-Benz, al\u00e9m de oferecer produtos de seguro integrado e prestamista para os planos de financiamentos de seus clientes. O Banco financia os estoques de seus concession\u00e1rios.<\/p>\n<p>&nbsp;<\/p>\n<p>A institui\u00e7\u00e3o est\u00e1 presente no pa\u00eds em suas regionais em S\u00e3o Paulo (local da sede), Recife (PE) e Porto Alegre (RS). S\u00e3o 296 colaboradores que atendem a mais de 200 concession\u00e1rios da marca.<\/p>\n<p>&nbsp;<\/p>\n<p>Desde 1996 no mercado nacional, o Banco Mercedes-Benz conta com uma carteira de R$ 8,0 bilh\u00f5es, com mais de 53 mil contratos ativos e mais de 106 mil unidades financiadas at\u00e9 dezembro de 2017. (Di\u00e1rio do Transporte\/Alexandre Pelegi)<\/p>\n","protected":false},"excerpt":{"rendered":"<p>Di\u00e1rio do Transporte &nbsp; O Banco Mercedes-Benz passa, a partir deste m\u00eas de janeiro, a efetuar opera\u00e7\u00f5es de seguro para \u00f4nibus rodovi\u00e1rios. A atividade se dar\u00e1 por meio da Mercedes-Benz Corretora de Seguros, em parceria com a Essor Seguros. &nbsp; Mesmo sem ter feito o lan\u00e7amento oficial do novo tipo de cobertura, a Mercedes-Benz Corretora\u2026 <a class=\"readmore\" href=\"https:\/\/dana.com.br\/canaldana\/2018\/01\/11\/banco-mercedes-benz-passa-fazer-seguro-para-onibus-rodoviarios\/\">Leia mais \u00bb<\/a><\/p>\n","protected":false},"author":3,"featured_media":0,"comment_status":"closed","ping_status":"closed","sticky":false,"template":"","format":"standard","meta":{"_acf_changed":false,"footnotes":""},"categories":[61],"tags":[],"class_list":["post-22384","post","type-post","status-publish","format-standard","hentry","category-destaques"],"acf":[],"yoast_head":"<!-- This site is optimized with the Yoast SEO plugin v27.3 - https:\/\/yoast.com\/product\/yoast-seo-wordpress\/ -->\n<title>Banco Mercedes-Benz passa a fazer seguro para \u00f4nibus rodovi\u00e1rios - Canal Dana<\/title>\n<meta name=\"robots\" content=\"index, follow, max-snippet:-1, max-image-preview:large, max-video-preview:-1\" \/>\n<link rel=\"canonical\" href=\"https:\/\/dana.com.br\/canaldana\/2018\/01\/11\/banco-mercedes-benz-passa-fazer-seguro-para-onibus-rodoviarios\/\" \/>\n<meta property=\"og:locale\" content=\"pt_BR\" \/>\n<meta property=\"og:type\" content=\"article\" \/>\n<meta property=\"og:title\" content=\"Banco Mercedes-Benz passa a fazer seguro para \u00f4nibus rodovi\u00e1rios - Canal Dana\" \/>\n<meta property=\"og:description\" content=\"Di\u00e1rio do Transporte &nbsp; O Banco Mercedes-Benz passa, a partir deste m\u00eas de janeiro, a efetuar opera\u00e7\u00f5es de seguro para \u00f4nibus rodovi\u00e1rios. A atividade se dar\u00e1 por meio da Mercedes-Benz Corretora de Seguros, em parceria com a Essor Seguros. &nbsp; Mesmo sem ter feito o lan\u00e7amento oficial do novo tipo de cobertura, a Mercedes-Benz Corretora\u2026 Leia mais \u00bb\" \/>\n<meta property=\"og:url\" content=\"https:\/\/dana.com.br\/canaldana\/2018\/01\/11\/banco-mercedes-benz-passa-fazer-seguro-para-onibus-rodoviarios\/\" \/>\n<meta property=\"og:site_name\" content=\"Canal Dana\" \/>\n<meta property=\"article:published_time\" content=\"2018-01-11T10:26:53+00:00\" \/>\n<meta name=\"author\" content=\"Canal Dana\" \/>\n<meta name=\"twitter:card\" content=\"summary_large_image\" \/>\n<meta name=\"twitter:label1\" content=\"Escrito por\" \/>\n\t<meta name=\"twitter:data1\" content=\"Canal Dana\" \/>\n\t<meta name=\"twitter:label2\" content=\"Est. tempo de leitura\" \/>\n\t<meta name=\"twitter:data2\" content=\"2 minutos\" \/>\n<script type=\"application\/ld+json\" class=\"yoast-schema-graph\">{\"@context\":\"https:\\\/\\\/schema.org\",\"@graph\":[{\"@type\":\"Article\",\"@id\":\"https:\\\/\\\/dana.com.br\\\/canaldana\\\/2018\\\/01\\\/11\\\/banco-mercedes-benz-passa-fazer-seguro-para-onibus-rodoviarios\\\/#article\",\"isPartOf\":{\"@id\":\"https:\\\/\\\/dana.com.br\\\/canaldana\\\/2018\\\/01\\\/11\\\/banco-mercedes-benz-passa-fazer-seguro-para-onibus-rodoviarios\\\/\"},\"author\":{\"name\":\"Canal Dana\",\"@id\":\"https:\\\/\\\/dana.com.br\\\/canaldana\\\/#\\\/schema\\\/person\\\/3c21f22f56fcf3bc46b94bc60ea4fef6\"},\"headline\":\"Banco Mercedes-Benz passa a fazer seguro para \u00f4nibus rodovi\u00e1rios\",\"datePublished\":\"2018-01-11T10:26:53+00:00\",\"mainEntityOfPage\":{\"@id\":\"https:\\\/\\\/dana.com.br\\\/canaldana\\\/2018\\\/01\\\/11\\\/banco-mercedes-benz-passa-fazer-seguro-para-onibus-rodoviarios\\\/\"},\"wordCount\":472,\"articleSection\":[\"Destaques\"],\"inLanguage\":\"pt-BR\"},{\"@type\":\"WebPage\",\"@id\":\"https:\\\/\\\/dana.com.br\\\/canaldana\\\/2018\\\/01\\\/11\\\/banco-mercedes-benz-passa-fazer-seguro-para-onibus-rodoviarios\\\/\",\"url\":\"https:\\\/\\\/dana.com.br\\\/canaldana\\\/2018\\\/01\\\/11\\\/banco-mercedes-benz-passa-fazer-seguro-para-onibus-rodoviarios\\\/\",\"name\":\"Banco Mercedes-Benz passa a fazer seguro para \u00f4nibus rodovi\u00e1rios - Canal Dana\",\"isPartOf\":{\"@id\":\"https:\\\/\\\/dana.com.br\\\/canaldana\\\/#website\"},\"datePublished\":\"2018-01-11T10:26:53+00:00\",\"author\":{\"@id\":\"https:\\\/\\\/dana.com.br\\\/canaldana\\\/#\\\/schema\\\/person\\\/3c21f22f56fcf3bc46b94bc60ea4fef6\"},\"breadcrumb\":{\"@id\":\"https:\\\/\\\/dana.com.br\\\/canaldana\\\/2018\\\/01\\\/11\\\/banco-mercedes-benz-passa-fazer-seguro-para-onibus-rodoviarios\\\/#breadcrumb\"},\"inLanguage\":\"pt-BR\",\"potentialAction\":[{\"@type\":\"ReadAction\",\"target\":[\"https:\\\/\\\/dana.com.br\\\/canaldana\\\/2018\\\/01\\\/11\\\/banco-mercedes-benz-passa-fazer-seguro-para-onibus-rodoviarios\\\/\"]}]},{\"@type\":\"BreadcrumbList\",\"@id\":\"https:\\\/\\\/dana.com.br\\\/canaldana\\\/2018\\\/01\\\/11\\\/banco-mercedes-benz-passa-fazer-seguro-para-onibus-rodoviarios\\\/#breadcrumb\",\"itemListElement\":[{\"@type\":\"ListItem\",\"position\":1,\"name\":\"Home\",\"item\":\"https:\\\/\\\/dana.com.br\\\/canaldana\\\/\"},{\"@type\":\"ListItem\",\"position\":2,\"name\":\"Destaques\",\"item\":\"https:\\\/\\\/dana.com.br\\\/canaldana\\\/destaques\\\/\"},{\"@type\":\"ListItem\",\"position\":3,\"name\":\"Banco Mercedes-Benz passa a fazer seguro para \u00f4nibus rodovi\u00e1rios\"}]},{\"@type\":\"WebSite\",\"@id\":\"https:\\\/\\\/dana.com.br\\\/canaldana\\\/#website\",\"url\":\"https:\\\/\\\/dana.com.br\\\/canaldana\\\/\",\"name\":\"Canal Dana\",\"description\":\"Informativo com as principais not\u00edcias da ind\u00fastria automotiva\",\"potentialAction\":[{\"@type\":\"SearchAction\",\"target\":{\"@type\":\"EntryPoint\",\"urlTemplate\":\"https:\\\/\\\/dana.com.br\\\/canaldana\\\/?s={search_term_string}\"},\"query-input\":{\"@type\":\"PropertyValueSpecification\",\"valueRequired\":true,\"valueName\":\"search_term_string\"}}],\"inLanguage\":\"pt-BR\"},{\"@type\":\"Person\",\"@id\":\"https:\\\/\\\/dana.com.br\\\/canaldana\\\/#\\\/schema\\\/person\\\/3c21f22f56fcf3bc46b94bc60ea4fef6\",\"name\":\"Canal Dana\",\"image\":{\"@type\":\"ImageObject\",\"inLanguage\":\"pt-BR\",\"@id\":\"https:\\\/\\\/secure.gravatar.com\\\/avatar\\\/420aaf9278582877d9018637c6817617705899d2858d7572ef0fe59a6b6454b4?s=96&d=mm&r=g\",\"url\":\"https:\\\/\\\/secure.gravatar.com\\\/avatar\\\/420aaf9278582877d9018637c6817617705899d2858d7572ef0fe59a6b6454b4?s=96&d=mm&r=g\",\"contentUrl\":\"https:\\\/\\\/secure.gravatar.com\\\/avatar\\\/420aaf9278582877d9018637c6817617705899d2858d7572ef0fe59a6b6454b4?s=96&d=mm&r=g\",\"caption\":\"Canal Dana\"},\"url\":\"https:\\\/\\\/dana.com.br\\\/canaldana\\\/author\\\/cdeditor\\\/\"}]}<\/script>\n<!-- \/ Yoast SEO plugin. -->","yoast_head_json":{"title":"Banco Mercedes-Benz passa a fazer seguro para \u00f4nibus rodovi\u00e1rios - Canal Dana","robots":{"index":"index","follow":"follow","max-snippet":"max-snippet:-1","max-image-preview":"max-image-preview:large","max-video-preview":"max-video-preview:-1"},"canonical":"https:\/\/dana.com.br\/canaldana\/2018\/01\/11\/banco-mercedes-benz-passa-fazer-seguro-para-onibus-rodoviarios\/","og_locale":"pt_BR","og_type":"article","og_title":"Banco Mercedes-Benz passa a fazer seguro para \u00f4nibus rodovi\u00e1rios - Canal Dana","og_description":"Di\u00e1rio do Transporte &nbsp; O Banco Mercedes-Benz passa, a partir deste m\u00eas de janeiro, a efetuar opera\u00e7\u00f5es de seguro para \u00f4nibus rodovi\u00e1rios. A atividade se dar\u00e1 por meio da Mercedes-Benz Corretora de Seguros, em parceria com a Essor Seguros. &nbsp; Mesmo sem ter feito o lan\u00e7amento oficial do novo tipo de cobertura, a Mercedes-Benz Corretora\u2026 Leia mais \u00bb","og_url":"https:\/\/dana.com.br\/canaldana\/2018\/01\/11\/banco-mercedes-benz-passa-fazer-seguro-para-onibus-rodoviarios\/","og_site_name":"Canal Dana","article_published_time":"2018-01-11T10:26:53+00:00","author":"Canal Dana","twitter_card":"summary_large_image","twitter_misc":{"Escrito por":"Canal Dana","Est. tempo de leitura":"2 minutos"},"schema":{"@context":"https:\/\/schema.org","@graph":[{"@type":"Article","@id":"https:\/\/dana.com.br\/canaldana\/2018\/01\/11\/banco-mercedes-benz-passa-fazer-seguro-para-onibus-rodoviarios\/#article","isPartOf":{"@id":"https:\/\/dana.com.br\/canaldana\/2018\/01\/11\/banco-mercedes-benz-passa-fazer-seguro-para-onibus-rodoviarios\/"},"author":{"name":"Canal Dana","@id":"https:\/\/dana.com.br\/canaldana\/#\/schema\/person\/3c21f22f56fcf3bc46b94bc60ea4fef6"},"headline":"Banco Mercedes-Benz passa a fazer seguro para \u00f4nibus rodovi\u00e1rios","datePublished":"2018-01-11T10:26:53+00:00","mainEntityOfPage":{"@id":"https:\/\/dana.com.br\/canaldana\/2018\/01\/11\/banco-mercedes-benz-passa-fazer-seguro-para-onibus-rodoviarios\/"},"wordCount":472,"articleSection":["Destaques"],"inLanguage":"pt-BR"},{"@type":"WebPage","@id":"https:\/\/dana.com.br\/canaldana\/2018\/01\/11\/banco-mercedes-benz-passa-fazer-seguro-para-onibus-rodoviarios\/","url":"https:\/\/dana.com.br\/canaldana\/2018\/01\/11\/banco-mercedes-benz-passa-fazer-seguro-para-onibus-rodoviarios\/","name":"Banco Mercedes-Benz passa a fazer seguro para \u00f4nibus rodovi\u00e1rios - Canal Dana","isPartOf":{"@id":"https:\/\/dana.com.br\/canaldana\/#website"},"datePublished":"2018-01-11T10:26:53+00:00","author":{"@id":"https:\/\/dana.com.br\/canaldana\/#\/schema\/person\/3c21f22f56fcf3bc46b94bc60ea4fef6"},"breadcrumb":{"@id":"https:\/\/dana.com.br\/canaldana\/2018\/01\/11\/banco-mercedes-benz-passa-fazer-seguro-para-onibus-rodoviarios\/#breadcrumb"},"inLanguage":"pt-BR","potentialAction":[{"@type":"ReadAction","target":["https:\/\/dana.com.br\/canaldana\/2018\/01\/11\/banco-mercedes-benz-passa-fazer-seguro-para-onibus-rodoviarios\/"]}]},{"@type":"BreadcrumbList","@id":"https:\/\/dana.com.br\/canaldana\/2018\/01\/11\/banco-mercedes-benz-passa-fazer-seguro-para-onibus-rodoviarios\/#breadcrumb","itemListElement":[{"@type":"ListItem","position":1,"name":"Home","item":"https:\/\/dana.com.br\/canaldana\/"},{"@type":"ListItem","position":2,"name":"Destaques","item":"https:\/\/dana.com.br\/canaldana\/destaques\/"},{"@type":"ListItem","position":3,"name":"Banco Mercedes-Benz passa a fazer seguro para \u00f4nibus rodovi\u00e1rios"}]},{"@type":"WebSite","@id":"https:\/\/dana.com.br\/canaldana\/#website","url":"https:\/\/dana.com.br\/canaldana\/","name":"Canal Dana","description":"Informativo com as principais not\u00edcias da ind\u00fastria automotiva","potentialAction":[{"@type":"SearchAction","target":{"@type":"EntryPoint","urlTemplate":"https:\/\/dana.com.br\/canaldana\/?s={search_term_string}"},"query-input":{"@type":"PropertyValueSpecification","valueRequired":true,"valueName":"search_term_string"}}],"inLanguage":"pt-BR"},{"@type":"Person","@id":"https:\/\/dana.com.br\/canaldana\/#\/schema\/person\/3c21f22f56fcf3bc46b94bc60ea4fef6","name":"Canal Dana","image":{"@type":"ImageObject","inLanguage":"pt-BR","@id":"https:\/\/secure.gravatar.com\/avatar\/420aaf9278582877d9018637c6817617705899d2858d7572ef0fe59a6b6454b4?s=96&d=mm&r=g","url":"https:\/\/secure.gravatar.com\/avatar\/420aaf9278582877d9018637c6817617705899d2858d7572ef0fe59a6b6454b4?s=96&d=mm&r=g","contentUrl":"https:\/\/secure.gravatar.com\/avatar\/420aaf9278582877d9018637c6817617705899d2858d7572ef0fe59a6b6454b4?s=96&d=mm&r=g","caption":"Canal Dana"},"url":"https:\/\/dana.com.br\/canaldana\/author\/cdeditor\/"}]}},"_links":{"self":[{"href":"https:\/\/dana.com.br\/canaldana\/wp-json\/wp\/v2\/posts\/22384","targetHints":{"allow":["GET"]}}],"collection":[{"href":"https:\/\/dana.com.br\/canaldana\/wp-json\/wp\/v2\/posts"}],"about":[{"href":"https:\/\/dana.com.br\/canaldana\/wp-json\/wp\/v2\/types\/post"}],"author":[{"embeddable":true,"href":"https:\/\/dana.com.br\/canaldana\/wp-json\/wp\/v2\/users\/3"}],"replies":[{"embeddable":true,"href":"https:\/\/dana.com.br\/canaldana\/wp-json\/wp\/v2\/comments?post=22384"}],"version-history":[{"count":0,"href":"https:\/\/dana.com.br\/canaldana\/wp-json\/wp\/v2\/posts\/22384\/revisions"}],"wp:attachment":[{"href":"https:\/\/dana.com.br\/canaldana\/wp-json\/wp\/v2\/media?parent=22384"}],"wp:term":[{"taxonomy":"category","embeddable":true,"href":"https:\/\/dana.com.br\/canaldana\/wp-json\/wp\/v2\/categories?post=22384"},{"taxonomy":"post_tag","embeddable":true,"href":"https:\/\/dana.com.br\/canaldana\/wp-json\/wp\/v2\/tags?post=22384"}],"curies":[{"name":"wp","href":"https:\/\/api.w.org\/{rel}","templated":true}]}}