{"id":22353,"date":"2018-01-10T08:28:36","date_gmt":"2018-01-10T10:28:36","guid":{"rendered":"http:\/\/dana.com.br\/canaldana\/?p=22353"},"modified":"2018-01-10T08:28:36","modified_gmt":"2018-01-10T10:28:36","slug":"mercedes-benz-mantem-lideranca-no-mercado-de-veiculos-comerciais","status":"publish","type":"post","link":"https:\/\/dana.com.br\/canaldana\/2018\/01\/10\/mercedes-benz-mantem-lideranca-no-mercado-de-veiculos-comerciais\/","title":{"rendered":"Mercedes-Benz mant\u00e9m lideran\u00e7a no mercado de ve\u00edculos comerciais"},"content":{"rendered":"<p><em>Frota &amp; Cia<\/em><\/p>\n<p>&nbsp;<\/p>\n<p>Pelo segundo ano seguido, a Mercedes-Benz garantiu a lideran\u00e7a do mercado brasileiro de ve\u00edculos comerciais. A marca da estrela de tr\u00eas pontas encerrou o ano de 2017 com 29,05% de participa\u00e7\u00e3o no mercado de caminh\u00f5es e com 60,11% no segmento de chassis de \u00f4nibus, de acordo com os dados da Fenabrave. A MAN Latin America, por sua vez, manteve o segundo lugar nos dois rankings, com 27,30% e 14,44% de market share, pela ordem.<\/p>\n<p>&nbsp;<\/p>\n<p>\u201c\u00c9 o melhor presente de Natal que pod\u00edamos receber de nossos clientes\u201d afirma Philipp Schiemer, presidente da Mercedes-Benz do Brasil e CEO Am\u00e9rica Latina. \u201cEsse resultado \u00e9 um pr\u00eamio para todos os nossos colaboradores e parceiros, que se empenharam para oferecer o melhor produto aos clientes. Os n\u00fameros provam que somos uma marca desejada e cada vez mais reconhecida nos mercados interno e externo\u201d.<\/p>\n<p>&nbsp;<\/p>\n<p>Apesar da conquista, as duas montadoras registraram um crescimento p\u00edfio no mercado de caminh\u00f5es, pelo menos no que se refere ao volume de licenciamentos no comparativo de 2016 com o ano anterior. Enquanto a Mercedes-Benz praticamente manteve o mesmo volume de emplacamentos no mercado interno, (15.126 unidades em 2017, ante 15.114 em 2016), a MAN acusou um aumento de 3,77% no n\u00famero de caminh\u00f5es licenciados, que saltou de 13.697 para 14.213 ve\u00edculo, considerando a somat\u00f3ria das marcas MAN e Volkswagen Caminh\u00f5es.<\/p>\n<p>&nbsp;<\/p>\n<p>N\u00fameros mais promissores aparecem no mercado de chassis de \u00f4nibus, que acusou uma evolu\u00e7\u00e3o de 10,66% no n\u00famero de ve\u00edculos emplacados em 2017, totalizando 15.099 unidades. Desse total, exatos 9.076 chassis foram da marca Mercedes-Benz, o que representou um aumento de 11,58% em rela\u00e7\u00e3o \u00e0s 8.134 unidades licenciadas em 2016. J\u00e1 a MAN somou 2.180 unidades licenciadas no ano passado, contra 1.817 chassis contabilizados em 2016.<\/p>\n<p>&nbsp;<\/p>\n<p>Em um mercado que cresceu 3,53% em 2017, destaque para a Scania e a DAF que acusaram aumentos expressivos no volume de caminh\u00f5es emplacados. A f\u00e1brica sueca instalada em S\u00e3o Bernardo do Campo encerrou o per\u00edodo com um total de 5.751 unidades licenciadas, ante 4.244 do per\u00edodo anterior, alta de 35,51% no comparativo dos dois \u00faltimos anos. J\u00e1 a DAF acusou uma evolu\u00e7\u00e3o de 55,72% nos volumes de vendas ao mercado interno, resultado da comercializa\u00e7\u00e3o de 1.048 caminh\u00f5es versus 673 unidades comercializadas em 2016. (Frota &amp; Cia)<\/p>\n","protected":false},"excerpt":{"rendered":"<p>Frota &amp; Cia &nbsp; Pelo segundo ano seguido, a Mercedes-Benz garantiu a lideran\u00e7a do mercado brasileiro de ve\u00edculos comerciais. A marca da estrela de tr\u00eas pontas encerrou o ano de 2017 com 29,05% de participa\u00e7\u00e3o no mercado de caminh\u00f5es e com 60,11% no segmento de chassis de \u00f4nibus, de acordo com os dados da Fenabrave.\u2026 <a class=\"readmore\" href=\"https:\/\/dana.com.br\/canaldana\/2018\/01\/10\/mercedes-benz-mantem-lideranca-no-mercado-de-veiculos-comerciais\/\">Leia mais \u00bb<\/a><\/p>\n","protected":false},"author":3,"featured_media":0,"comment_status":"closed","ping_status":"closed","sticky":false,"template":"","format":"standard","meta":{"_acf_changed":false,"footnotes":""},"categories":[61],"tags":[],"class_list":["post-22353","post","type-post","status-publish","format-standard","hentry","category-destaques"],"acf":[],"yoast_head":"<!-- This site is optimized with the Yoast SEO plugin v27.3 - https:\/\/yoast.com\/product\/yoast-seo-wordpress\/ -->\n<title>Mercedes-Benz mant\u00e9m lideran\u00e7a no mercado de ve\u00edculos comerciais - Canal Dana<\/title>\n<meta name=\"robots\" content=\"index, follow, max-snippet:-1, max-image-preview:large, max-video-preview:-1\" \/>\n<link rel=\"canonical\" href=\"https:\/\/dana.com.br\/canaldana\/2018\/01\/10\/mercedes-benz-mantem-lideranca-no-mercado-de-veiculos-comerciais\/\" \/>\n<meta property=\"og:locale\" content=\"pt_BR\" \/>\n<meta property=\"og:type\" content=\"article\" \/>\n<meta property=\"og:title\" content=\"Mercedes-Benz mant\u00e9m lideran\u00e7a no mercado de ve\u00edculos comerciais - Canal Dana\" \/>\n<meta property=\"og:description\" content=\"Frota &amp; Cia &nbsp; Pelo segundo ano seguido, a Mercedes-Benz garantiu a lideran\u00e7a do mercado brasileiro de ve\u00edculos comerciais. A marca da estrela de tr\u00eas pontas encerrou o ano de 2017 com 29,05% de participa\u00e7\u00e3o no mercado de caminh\u00f5es e com 60,11% no segmento de chassis de \u00f4nibus, de acordo com os dados da Fenabrave.\u2026 Leia mais \u00bb\" \/>\n<meta property=\"og:url\" content=\"https:\/\/dana.com.br\/canaldana\/2018\/01\/10\/mercedes-benz-mantem-lideranca-no-mercado-de-veiculos-comerciais\/\" \/>\n<meta property=\"og:site_name\" content=\"Canal Dana\" \/>\n<meta property=\"article:published_time\" content=\"2018-01-10T10:28:36+00:00\" \/>\n<meta name=\"author\" content=\"Canal Dana\" \/>\n<meta name=\"twitter:card\" content=\"summary_large_image\" \/>\n<meta name=\"twitter:label1\" content=\"Escrito por\" \/>\n\t<meta name=\"twitter:data1\" content=\"Canal Dana\" \/>\n\t<meta name=\"twitter:label2\" content=\"Est. tempo de leitura\" \/>\n\t<meta name=\"twitter:data2\" content=\"2 minutos\" \/>\n<script type=\"application\/ld+json\" class=\"yoast-schema-graph\">{\"@context\":\"https:\\\/\\\/schema.org\",\"@graph\":[{\"@type\":\"Article\",\"@id\":\"https:\\\/\\\/dana.com.br\\\/canaldana\\\/2018\\\/01\\\/10\\\/mercedes-benz-mantem-lideranca-no-mercado-de-veiculos-comerciais\\\/#article\",\"isPartOf\":{\"@id\":\"https:\\\/\\\/dana.com.br\\\/canaldana\\\/2018\\\/01\\\/10\\\/mercedes-benz-mantem-lideranca-no-mercado-de-veiculos-comerciais\\\/\"},\"author\":{\"name\":\"Canal Dana\",\"@id\":\"https:\\\/\\\/dana.com.br\\\/canaldana\\\/#\\\/schema\\\/person\\\/3c21f22f56fcf3bc46b94bc60ea4fef6\"},\"headline\":\"Mercedes-Benz mant\u00e9m lideran\u00e7a no mercado de ve\u00edculos comerciais\",\"datePublished\":\"2018-01-10T10:28:36+00:00\",\"mainEntityOfPage\":{\"@id\":\"https:\\\/\\\/dana.com.br\\\/canaldana\\\/2018\\\/01\\\/10\\\/mercedes-benz-mantem-lideranca-no-mercado-de-veiculos-comerciais\\\/\"},\"wordCount\":386,\"articleSection\":[\"Destaques\"],\"inLanguage\":\"pt-BR\"},{\"@type\":\"WebPage\",\"@id\":\"https:\\\/\\\/dana.com.br\\\/canaldana\\\/2018\\\/01\\\/10\\\/mercedes-benz-mantem-lideranca-no-mercado-de-veiculos-comerciais\\\/\",\"url\":\"https:\\\/\\\/dana.com.br\\\/canaldana\\\/2018\\\/01\\\/10\\\/mercedes-benz-mantem-lideranca-no-mercado-de-veiculos-comerciais\\\/\",\"name\":\"Mercedes-Benz mant\u00e9m lideran\u00e7a no mercado de ve\u00edculos comerciais - Canal Dana\",\"isPartOf\":{\"@id\":\"https:\\\/\\\/dana.com.br\\\/canaldana\\\/#website\"},\"datePublished\":\"2018-01-10T10:28:36+00:00\",\"author\":{\"@id\":\"https:\\\/\\\/dana.com.br\\\/canaldana\\\/#\\\/schema\\\/person\\\/3c21f22f56fcf3bc46b94bc60ea4fef6\"},\"breadcrumb\":{\"@id\":\"https:\\\/\\\/dana.com.br\\\/canaldana\\\/2018\\\/01\\\/10\\\/mercedes-benz-mantem-lideranca-no-mercado-de-veiculos-comerciais\\\/#breadcrumb\"},\"inLanguage\":\"pt-BR\",\"potentialAction\":[{\"@type\":\"ReadAction\",\"target\":[\"https:\\\/\\\/dana.com.br\\\/canaldana\\\/2018\\\/01\\\/10\\\/mercedes-benz-mantem-lideranca-no-mercado-de-veiculos-comerciais\\\/\"]}]},{\"@type\":\"BreadcrumbList\",\"@id\":\"https:\\\/\\\/dana.com.br\\\/canaldana\\\/2018\\\/01\\\/10\\\/mercedes-benz-mantem-lideranca-no-mercado-de-veiculos-comerciais\\\/#breadcrumb\",\"itemListElement\":[{\"@type\":\"ListItem\",\"position\":1,\"name\":\"Home\",\"item\":\"https:\\\/\\\/dana.com.br\\\/canaldana\\\/\"},{\"@type\":\"ListItem\",\"position\":2,\"name\":\"Destaques\",\"item\":\"https:\\\/\\\/dana.com.br\\\/canaldana\\\/destaques\\\/\"},{\"@type\":\"ListItem\",\"position\":3,\"name\":\"Mercedes-Benz mant\u00e9m lideran\u00e7a no mercado de ve\u00edculos comerciais\"}]},{\"@type\":\"WebSite\",\"@id\":\"https:\\\/\\\/dana.com.br\\\/canaldana\\\/#website\",\"url\":\"https:\\\/\\\/dana.com.br\\\/canaldana\\\/\",\"name\":\"Canal Dana\",\"description\":\"Informativo com as principais not\u00edcias da ind\u00fastria automotiva\",\"potentialAction\":[{\"@type\":\"SearchAction\",\"target\":{\"@type\":\"EntryPoint\",\"urlTemplate\":\"https:\\\/\\\/dana.com.br\\\/canaldana\\\/?s={search_term_string}\"},\"query-input\":{\"@type\":\"PropertyValueSpecification\",\"valueRequired\":true,\"valueName\":\"search_term_string\"}}],\"inLanguage\":\"pt-BR\"},{\"@type\":\"Person\",\"@id\":\"https:\\\/\\\/dana.com.br\\\/canaldana\\\/#\\\/schema\\\/person\\\/3c21f22f56fcf3bc46b94bc60ea4fef6\",\"name\":\"Canal Dana\",\"image\":{\"@type\":\"ImageObject\",\"inLanguage\":\"pt-BR\",\"@id\":\"https:\\\/\\\/secure.gravatar.com\\\/avatar\\\/420aaf9278582877d9018637c6817617705899d2858d7572ef0fe59a6b6454b4?s=96&d=mm&r=g\",\"url\":\"https:\\\/\\\/secure.gravatar.com\\\/avatar\\\/420aaf9278582877d9018637c6817617705899d2858d7572ef0fe59a6b6454b4?s=96&d=mm&r=g\",\"contentUrl\":\"https:\\\/\\\/secure.gravatar.com\\\/avatar\\\/420aaf9278582877d9018637c6817617705899d2858d7572ef0fe59a6b6454b4?s=96&d=mm&r=g\",\"caption\":\"Canal Dana\"},\"url\":\"https:\\\/\\\/dana.com.br\\\/canaldana\\\/author\\\/cdeditor\\\/\"}]}<\/script>\n<!-- \/ Yoast SEO plugin. -->","yoast_head_json":{"title":"Mercedes-Benz mant\u00e9m lideran\u00e7a no mercado de ve\u00edculos comerciais - Canal Dana","robots":{"index":"index","follow":"follow","max-snippet":"max-snippet:-1","max-image-preview":"max-image-preview:large","max-video-preview":"max-video-preview:-1"},"canonical":"https:\/\/dana.com.br\/canaldana\/2018\/01\/10\/mercedes-benz-mantem-lideranca-no-mercado-de-veiculos-comerciais\/","og_locale":"pt_BR","og_type":"article","og_title":"Mercedes-Benz mant\u00e9m lideran\u00e7a no mercado de ve\u00edculos comerciais - Canal Dana","og_description":"Frota &amp; Cia &nbsp; Pelo segundo ano seguido, a Mercedes-Benz garantiu a lideran\u00e7a do mercado brasileiro de ve\u00edculos comerciais. A marca da estrela de tr\u00eas pontas encerrou o ano de 2017 com 29,05% de participa\u00e7\u00e3o no mercado de caminh\u00f5es e com 60,11% no segmento de chassis de \u00f4nibus, de acordo com os dados da Fenabrave.\u2026 Leia mais \u00bb","og_url":"https:\/\/dana.com.br\/canaldana\/2018\/01\/10\/mercedes-benz-mantem-lideranca-no-mercado-de-veiculos-comerciais\/","og_site_name":"Canal Dana","article_published_time":"2018-01-10T10:28:36+00:00","author":"Canal Dana","twitter_card":"summary_large_image","twitter_misc":{"Escrito por":"Canal Dana","Est. tempo de leitura":"2 minutos"},"schema":{"@context":"https:\/\/schema.org","@graph":[{"@type":"Article","@id":"https:\/\/dana.com.br\/canaldana\/2018\/01\/10\/mercedes-benz-mantem-lideranca-no-mercado-de-veiculos-comerciais\/#article","isPartOf":{"@id":"https:\/\/dana.com.br\/canaldana\/2018\/01\/10\/mercedes-benz-mantem-lideranca-no-mercado-de-veiculos-comerciais\/"},"author":{"name":"Canal Dana","@id":"https:\/\/dana.com.br\/canaldana\/#\/schema\/person\/3c21f22f56fcf3bc46b94bc60ea4fef6"},"headline":"Mercedes-Benz mant\u00e9m lideran\u00e7a no mercado de ve\u00edculos comerciais","datePublished":"2018-01-10T10:28:36+00:00","mainEntityOfPage":{"@id":"https:\/\/dana.com.br\/canaldana\/2018\/01\/10\/mercedes-benz-mantem-lideranca-no-mercado-de-veiculos-comerciais\/"},"wordCount":386,"articleSection":["Destaques"],"inLanguage":"pt-BR"},{"@type":"WebPage","@id":"https:\/\/dana.com.br\/canaldana\/2018\/01\/10\/mercedes-benz-mantem-lideranca-no-mercado-de-veiculos-comerciais\/","url":"https:\/\/dana.com.br\/canaldana\/2018\/01\/10\/mercedes-benz-mantem-lideranca-no-mercado-de-veiculos-comerciais\/","name":"Mercedes-Benz mant\u00e9m lideran\u00e7a no mercado de ve\u00edculos comerciais - Canal Dana","isPartOf":{"@id":"https:\/\/dana.com.br\/canaldana\/#website"},"datePublished":"2018-01-10T10:28:36+00:00","author":{"@id":"https:\/\/dana.com.br\/canaldana\/#\/schema\/person\/3c21f22f56fcf3bc46b94bc60ea4fef6"},"breadcrumb":{"@id":"https:\/\/dana.com.br\/canaldana\/2018\/01\/10\/mercedes-benz-mantem-lideranca-no-mercado-de-veiculos-comerciais\/#breadcrumb"},"inLanguage":"pt-BR","potentialAction":[{"@type":"ReadAction","target":["https:\/\/dana.com.br\/canaldana\/2018\/01\/10\/mercedes-benz-mantem-lideranca-no-mercado-de-veiculos-comerciais\/"]}]},{"@type":"BreadcrumbList","@id":"https:\/\/dana.com.br\/canaldana\/2018\/01\/10\/mercedes-benz-mantem-lideranca-no-mercado-de-veiculos-comerciais\/#breadcrumb","itemListElement":[{"@type":"ListItem","position":1,"name":"Home","item":"https:\/\/dana.com.br\/canaldana\/"},{"@type":"ListItem","position":2,"name":"Destaques","item":"https:\/\/dana.com.br\/canaldana\/destaques\/"},{"@type":"ListItem","position":3,"name":"Mercedes-Benz mant\u00e9m lideran\u00e7a no mercado de ve\u00edculos comerciais"}]},{"@type":"WebSite","@id":"https:\/\/dana.com.br\/canaldana\/#website","url":"https:\/\/dana.com.br\/canaldana\/","name":"Canal Dana","description":"Informativo com as principais not\u00edcias da ind\u00fastria automotiva","potentialAction":[{"@type":"SearchAction","target":{"@type":"EntryPoint","urlTemplate":"https:\/\/dana.com.br\/canaldana\/?s={search_term_string}"},"query-input":{"@type":"PropertyValueSpecification","valueRequired":true,"valueName":"search_term_string"}}],"inLanguage":"pt-BR"},{"@type":"Person","@id":"https:\/\/dana.com.br\/canaldana\/#\/schema\/person\/3c21f22f56fcf3bc46b94bc60ea4fef6","name":"Canal Dana","image":{"@type":"ImageObject","inLanguage":"pt-BR","@id":"https:\/\/secure.gravatar.com\/avatar\/420aaf9278582877d9018637c6817617705899d2858d7572ef0fe59a6b6454b4?s=96&d=mm&r=g","url":"https:\/\/secure.gravatar.com\/avatar\/420aaf9278582877d9018637c6817617705899d2858d7572ef0fe59a6b6454b4?s=96&d=mm&r=g","contentUrl":"https:\/\/secure.gravatar.com\/avatar\/420aaf9278582877d9018637c6817617705899d2858d7572ef0fe59a6b6454b4?s=96&d=mm&r=g","caption":"Canal Dana"},"url":"https:\/\/dana.com.br\/canaldana\/author\/cdeditor\/"}]}},"_links":{"self":[{"href":"https:\/\/dana.com.br\/canaldana\/wp-json\/wp\/v2\/posts\/22353","targetHints":{"allow":["GET"]}}],"collection":[{"href":"https:\/\/dana.com.br\/canaldana\/wp-json\/wp\/v2\/posts"}],"about":[{"href":"https:\/\/dana.com.br\/canaldana\/wp-json\/wp\/v2\/types\/post"}],"author":[{"embeddable":true,"href":"https:\/\/dana.com.br\/canaldana\/wp-json\/wp\/v2\/users\/3"}],"replies":[{"embeddable":true,"href":"https:\/\/dana.com.br\/canaldana\/wp-json\/wp\/v2\/comments?post=22353"}],"version-history":[{"count":0,"href":"https:\/\/dana.com.br\/canaldana\/wp-json\/wp\/v2\/posts\/22353\/revisions"}],"wp:attachment":[{"href":"https:\/\/dana.com.br\/canaldana\/wp-json\/wp\/v2\/media?parent=22353"}],"wp:term":[{"taxonomy":"category","embeddable":true,"href":"https:\/\/dana.com.br\/canaldana\/wp-json\/wp\/v2\/categories?post=22353"},{"taxonomy":"post_tag","embeddable":true,"href":"https:\/\/dana.com.br\/canaldana\/wp-json\/wp\/v2\/tags?post=22353"}],"curies":[{"name":"wp","href":"https:\/\/api.w.org\/{rel}","templated":true}]}}