{"id":22276,"date":"2018-01-08T08:35:37","date_gmt":"2018-01-08T10:35:37","guid":{"rendered":"http:\/\/dana.com.br\/canaldana\/?p=22276"},"modified":"2018-01-08T08:35:37","modified_gmt":"2018-01-08T10:35:37","slug":"participacao-de-importados-no-brasil-deve-crescer-de-10-para-15-em-2018","status":"publish","type":"post","link":"https:\/\/dana.com.br\/canaldana\/2018\/01\/08\/participacao-de-importados-no-brasil-deve-crescer-de-10-para-15-em-2018\/","title":{"rendered":"Participa\u00e7\u00e3o de importados no Brasil deve crescer de 10% para 15% em 2018"},"content":{"rendered":"<p><em>DCI<\/em><\/p>\n<p>&nbsp;<\/p>\n<p>Sem a defini\u00e7\u00e3o de uma pol\u00edtica setorial clara para a ind\u00fastria automotiva ainda no primeiro trimestre de 2018, a participa\u00e7\u00e3o dos ve\u00edculos importados no mercado brasileiro este ano deve aumentar de 10% para 15%.<\/p>\n<p>&nbsp;<\/p>\n<p>A proje\u00e7\u00e3o \u00e9 do presidente da Associa\u00e7\u00e3o Nacional dos Fabricantes de Ve\u00edculos Automotores (Anfavea), Antonio Megale, que tamb\u00e9m garantiu que o presidente Michel Temer se comprometeu a aprovar o programa Rota 2030 em fevereiro. \u201cAs empresas que j\u00e1 importavam v\u00e3o, em um primeiro momento, aumentar as suas vendas, e isso vai se estabilizar em torno de 15% a 20% nos pr\u00f3ximos anos. O importante \u00e9 continuar aumentando a exporta\u00e7\u00e3o junto com a importa\u00e7\u00e3o\u201d, afirmou o dirigente.<\/p>\n<p>&nbsp;<\/p>\n<p>Sobre o Rota 2030, programa que ir\u00e1 substituir o Inovar-Auto, encerrado em 31 de dezembro de 2017, Megale disse que \u00e9 imprescind\u00edvel para a ind\u00fastria, mas que n\u00e3o espera isen\u00e7\u00f5es tribut\u00e1rias ou aumento do protecionismo. \u201cTemos que ter apoio \u00e0 pesquisa e desenvolvimento, aproveitando o etanol como vantagem competitiva. O Rota prev\u00ea a organiza\u00e7\u00e3o do setor a m\u00e9dio e longo prazo. N\u00f3s n\u00e3o estamos falando em nenhuma medida protecionista dentro do programa\u201d, avalia.<\/p>\n<p>&nbsp;<\/p>\n<p>Por\u00e9m, segundo Megale, o pleito dos fabricantes de autom\u00f3veis \u00e9 de que as condi\u00e7\u00f5es de subs\u00eddios para as empresas que investem em inova\u00e7\u00e3o, principalmente em termos de utiliza\u00e7\u00e3o de biocombust\u00edveis, sejam mantidas no Rota 2030. \u201cNosso objetivo \u00e9 que as empresas que fizerem investimentos ganhem um subs\u00eddio de 50% do que foi investido em pesquisa e desenvolvimento at\u00e9 o limite de 1% da receita operacional l\u00edquida, algo pr\u00f3ximo ao que garantia o Inovar-Auto\u201d, expressou ele em evento na capital paulista.<\/p>\n<p>&nbsp;<\/p>\n<p>Em 2017, as importa\u00e7\u00f5es de ve\u00edculos fecharam em queda de 17%, de acordo com dados da Associa\u00e7\u00e3o Brasileira das Empresas Importadoras e Fabricantes de Ve\u00edculos Automotores (Abeifa), que espera crescimento em 2018. A associa\u00e7\u00e3o prev\u00ea que sejam importados 40 mil ve\u00edculos neste ano, contra 29,7 mil em 2017.<\/p>\n<p>&nbsp;<\/p>\n<p>\u201cCom o fim das cotas limitadoras e sem os 30 pontos percentuais do Imposto sobre Produtos Industrializados IPI extras, esperamos recuperar nossa participa\u00e7\u00e3o no mercado interno, que no ano passado foi de apenas 2,21% somando importados \u201cpuros\u201d e ve\u00edculos produzidos por nossas associadas no Brasil\u201d, relata, em comunicado \u00e0 imprensa, o presidente da Abeifa Jos\u00e9 Luiz Gandini.<\/p>\n<p>&nbsp;<\/p>\n<p><strong>Exporta\u00e7\u00f5es fortes<\/strong><\/p>\n<p>&nbsp;<\/p>\n<p>Em 2017, as vendas de autom\u00f3veis totalizaram 2,24 milh\u00f5es de unidades, um avan\u00e7o de 9,2% em rela\u00e7\u00e3o ao ano anterior. Para 2018, a Anfavea estima vendas de 2,5 milh\u00f5es de unidades no mercado dom\u00e9stico, o que significaria um crescimento de 11,7% em rela\u00e7\u00e3o ao ano passado.<\/p>\n<p>&nbsp;<\/p>\n<p>J\u00e1 a produ\u00e7\u00e3o de ve\u00edculos, por sua vez, teve desempenho ainda melhor, crescendo 25,2% em 2017, para 2,7 milh\u00f5es de unidades. Os representantes da Anfavea atribu\u00edram o bom desempenho ao aumento expressivo das exporta\u00e7\u00f5es, que quebraram recorde em 2017, ao atingir 762 mil unidades, uma expans\u00e3o de 46,5% na compara\u00e7\u00e3o com 2016. \u201cA m\u00e9dia dos \u00faltimos dez anos foi de uma exporta\u00e7\u00e3o de 400 mil unidades e, em 2017, chegamos a 762 mil\u201d, disse Megale.<\/p>\n<p>&nbsp;<\/p>\n<p>Para ele, o desempenho reflete tr\u00eas fatores principais: a busca por alternativas ao mercado interno \u2013 recessivo \u2013 pelas empresas do setor, novos acordos comerciais ou expans\u00e3o de tratados antigos pelo governo e o c\u00e2mbio mais depreciado. \u201cEsperamos bater um novo recorde esse ano, com 800 mil unidades exportadas\u201d, prev\u00ea.<\/p>\n<p>&nbsp;<\/p>\n<p>Megale deu especial \u00eanfase ao acordo automotivo entre Brasil e Col\u00f4mbia, publicado no dia 21 de dezembro, que instituiu a cota de exporta\u00e7\u00e3o de 25 mil carros por ano para aquele pa\u00eds. \u201cDevemos ultrapassar essa cota e exportar por volta de 30 mil unidades em 2018 \u00e0 Col\u00f4mbia.\u201d<\/p>\n<p>&nbsp;<\/p>\n<p>Por fim, Megale lamentou a sa\u00edda do ministro da Ind\u00fastria, Com\u00e9rcio Exterior e Servi\u00e7os, Marcos Pereira, do cargo. O dirigente espera, contudo, que a equipe do ex-ministro seja mantida, o que ajudaria no andamento das negocia\u00e7\u00f5es a respeito do Rota 2030. (DCI)<\/p>\n","protected":false},"excerpt":{"rendered":"<p>DCI &nbsp; Sem a defini\u00e7\u00e3o de uma pol\u00edtica setorial clara para a ind\u00fastria automotiva ainda no primeiro trimestre de 2018, a participa\u00e7\u00e3o dos ve\u00edculos importados no mercado brasileiro este ano deve aumentar de 10% para 15%. &nbsp; A proje\u00e7\u00e3o \u00e9 do presidente da Associa\u00e7\u00e3o Nacional dos Fabricantes de Ve\u00edculos Automotores (Anfavea), Antonio Megale, que tamb\u00e9m\u2026 <a class=\"readmore\" href=\"https:\/\/dana.com.br\/canaldana\/2018\/01\/08\/participacao-de-importados-no-brasil-deve-crescer-de-10-para-15-em-2018\/\">Leia mais \u00bb<\/a><\/p>\n","protected":false},"author":3,"featured_media":0,"comment_status":"closed","ping_status":"closed","sticky":false,"template":"","format":"standard","meta":{"_acf_changed":false,"footnotes":""},"categories":[61],"tags":[],"class_list":["post-22276","post","type-post","status-publish","format-standard","hentry","category-destaques"],"acf":[],"yoast_head":"<!-- This site is optimized with the Yoast SEO plugin v27.3 - https:\/\/yoast.com\/product\/yoast-seo-wordpress\/ -->\n<title>Participa\u00e7\u00e3o de importados no Brasil deve crescer de 10% para 15% em 2018 - Canal Dana<\/title>\n<meta name=\"robots\" content=\"index, follow, max-snippet:-1, max-image-preview:large, max-video-preview:-1\" \/>\n<link rel=\"canonical\" href=\"https:\/\/dana.com.br\/canaldana\/2018\/01\/08\/participacao-de-importados-no-brasil-deve-crescer-de-10-para-15-em-2018\/\" \/>\n<meta property=\"og:locale\" content=\"pt_BR\" \/>\n<meta property=\"og:type\" content=\"article\" \/>\n<meta property=\"og:title\" content=\"Participa\u00e7\u00e3o de importados no Brasil deve crescer de 10% para 15% em 2018 - Canal Dana\" \/>\n<meta property=\"og:description\" content=\"DCI &nbsp; Sem a defini\u00e7\u00e3o de uma pol\u00edtica setorial clara para a ind\u00fastria automotiva ainda no primeiro trimestre de 2018, a participa\u00e7\u00e3o dos ve\u00edculos importados no mercado brasileiro este ano deve aumentar de 10% para 15%. &nbsp; A proje\u00e7\u00e3o \u00e9 do presidente da Associa\u00e7\u00e3o Nacional dos Fabricantes de Ve\u00edculos Automotores (Anfavea), Antonio Megale, que tamb\u00e9m\u2026 Leia mais \u00bb\" \/>\n<meta property=\"og:url\" content=\"https:\/\/dana.com.br\/canaldana\/2018\/01\/08\/participacao-de-importados-no-brasil-deve-crescer-de-10-para-15-em-2018\/\" \/>\n<meta property=\"og:site_name\" content=\"Canal Dana\" \/>\n<meta property=\"article:published_time\" content=\"2018-01-08T10:35:37+00:00\" \/>\n<meta name=\"author\" content=\"Canal Dana\" \/>\n<meta name=\"twitter:card\" content=\"summary_large_image\" \/>\n<meta name=\"twitter:label1\" content=\"Escrito por\" \/>\n\t<meta name=\"twitter:data1\" content=\"Canal Dana\" \/>\n\t<meta name=\"twitter:label2\" content=\"Est. tempo de leitura\" \/>\n\t<meta name=\"twitter:data2\" content=\"3 minutos\" \/>\n<script type=\"application\/ld+json\" class=\"yoast-schema-graph\">{\"@context\":\"https:\\\/\\\/schema.org\",\"@graph\":[{\"@type\":\"Article\",\"@id\":\"https:\\\/\\\/dana.com.br\\\/canaldana\\\/2018\\\/01\\\/08\\\/participacao-de-importados-no-brasil-deve-crescer-de-10-para-15-em-2018\\\/#article\",\"isPartOf\":{\"@id\":\"https:\\\/\\\/dana.com.br\\\/canaldana\\\/2018\\\/01\\\/08\\\/participacao-de-importados-no-brasil-deve-crescer-de-10-para-15-em-2018\\\/\"},\"author\":{\"name\":\"Canal Dana\",\"@id\":\"https:\\\/\\\/dana.com.br\\\/canaldana\\\/#\\\/schema\\\/person\\\/3c21f22f56fcf3bc46b94bc60ea4fef6\"},\"headline\":\"Participa\u00e7\u00e3o de importados no Brasil deve crescer de 10% para 15% em 2018\",\"datePublished\":\"2018-01-08T10:35:37+00:00\",\"mainEntityOfPage\":{\"@id\":\"https:\\\/\\\/dana.com.br\\\/canaldana\\\/2018\\\/01\\\/08\\\/participacao-de-importados-no-brasil-deve-crescer-de-10-para-15-em-2018\\\/\"},\"wordCount\":672,\"articleSection\":[\"Destaques\"],\"inLanguage\":\"pt-BR\"},{\"@type\":\"WebPage\",\"@id\":\"https:\\\/\\\/dana.com.br\\\/canaldana\\\/2018\\\/01\\\/08\\\/participacao-de-importados-no-brasil-deve-crescer-de-10-para-15-em-2018\\\/\",\"url\":\"https:\\\/\\\/dana.com.br\\\/canaldana\\\/2018\\\/01\\\/08\\\/participacao-de-importados-no-brasil-deve-crescer-de-10-para-15-em-2018\\\/\",\"name\":\"Participa\u00e7\u00e3o de importados no Brasil deve crescer de 10% para 15% em 2018 - Canal Dana\",\"isPartOf\":{\"@id\":\"https:\\\/\\\/dana.com.br\\\/canaldana\\\/#website\"},\"datePublished\":\"2018-01-08T10:35:37+00:00\",\"author\":{\"@id\":\"https:\\\/\\\/dana.com.br\\\/canaldana\\\/#\\\/schema\\\/person\\\/3c21f22f56fcf3bc46b94bc60ea4fef6\"},\"breadcrumb\":{\"@id\":\"https:\\\/\\\/dana.com.br\\\/canaldana\\\/2018\\\/01\\\/08\\\/participacao-de-importados-no-brasil-deve-crescer-de-10-para-15-em-2018\\\/#breadcrumb\"},\"inLanguage\":\"pt-BR\",\"potentialAction\":[{\"@type\":\"ReadAction\",\"target\":[\"https:\\\/\\\/dana.com.br\\\/canaldana\\\/2018\\\/01\\\/08\\\/participacao-de-importados-no-brasil-deve-crescer-de-10-para-15-em-2018\\\/\"]}]},{\"@type\":\"BreadcrumbList\",\"@id\":\"https:\\\/\\\/dana.com.br\\\/canaldana\\\/2018\\\/01\\\/08\\\/participacao-de-importados-no-brasil-deve-crescer-de-10-para-15-em-2018\\\/#breadcrumb\",\"itemListElement\":[{\"@type\":\"ListItem\",\"position\":1,\"name\":\"Home\",\"item\":\"https:\\\/\\\/dana.com.br\\\/canaldana\\\/\"},{\"@type\":\"ListItem\",\"position\":2,\"name\":\"Destaques\",\"item\":\"https:\\\/\\\/dana.com.br\\\/canaldana\\\/destaques\\\/\"},{\"@type\":\"ListItem\",\"position\":3,\"name\":\"Participa\u00e7\u00e3o de importados no Brasil deve crescer de 10% para 15% em 2018\"}]},{\"@type\":\"WebSite\",\"@id\":\"https:\\\/\\\/dana.com.br\\\/canaldana\\\/#website\",\"url\":\"https:\\\/\\\/dana.com.br\\\/canaldana\\\/\",\"name\":\"Canal Dana\",\"description\":\"Informativo com as principais not\u00edcias da ind\u00fastria automotiva\",\"potentialAction\":[{\"@type\":\"SearchAction\",\"target\":{\"@type\":\"EntryPoint\",\"urlTemplate\":\"https:\\\/\\\/dana.com.br\\\/canaldana\\\/?s={search_term_string}\"},\"query-input\":{\"@type\":\"PropertyValueSpecification\",\"valueRequired\":true,\"valueName\":\"search_term_string\"}}],\"inLanguage\":\"pt-BR\"},{\"@type\":\"Person\",\"@id\":\"https:\\\/\\\/dana.com.br\\\/canaldana\\\/#\\\/schema\\\/person\\\/3c21f22f56fcf3bc46b94bc60ea4fef6\",\"name\":\"Canal Dana\",\"image\":{\"@type\":\"ImageObject\",\"inLanguage\":\"pt-BR\",\"@id\":\"https:\\\/\\\/secure.gravatar.com\\\/avatar\\\/420aaf9278582877d9018637c6817617705899d2858d7572ef0fe59a6b6454b4?s=96&d=mm&r=g\",\"url\":\"https:\\\/\\\/secure.gravatar.com\\\/avatar\\\/420aaf9278582877d9018637c6817617705899d2858d7572ef0fe59a6b6454b4?s=96&d=mm&r=g\",\"contentUrl\":\"https:\\\/\\\/secure.gravatar.com\\\/avatar\\\/420aaf9278582877d9018637c6817617705899d2858d7572ef0fe59a6b6454b4?s=96&d=mm&r=g\",\"caption\":\"Canal Dana\"},\"url\":\"https:\\\/\\\/dana.com.br\\\/canaldana\\\/author\\\/cdeditor\\\/\"}]}<\/script>\n<!-- \/ Yoast SEO plugin. -->","yoast_head_json":{"title":"Participa\u00e7\u00e3o de importados no Brasil deve crescer de 10% para 15% em 2018 - Canal Dana","robots":{"index":"index","follow":"follow","max-snippet":"max-snippet:-1","max-image-preview":"max-image-preview:large","max-video-preview":"max-video-preview:-1"},"canonical":"https:\/\/dana.com.br\/canaldana\/2018\/01\/08\/participacao-de-importados-no-brasil-deve-crescer-de-10-para-15-em-2018\/","og_locale":"pt_BR","og_type":"article","og_title":"Participa\u00e7\u00e3o de importados no Brasil deve crescer de 10% para 15% em 2018 - Canal Dana","og_description":"DCI &nbsp; Sem a defini\u00e7\u00e3o de uma pol\u00edtica setorial clara para a ind\u00fastria automotiva ainda no primeiro trimestre de 2018, a participa\u00e7\u00e3o dos ve\u00edculos importados no mercado brasileiro este ano deve aumentar de 10% para 15%. &nbsp; A proje\u00e7\u00e3o \u00e9 do presidente da Associa\u00e7\u00e3o Nacional dos Fabricantes de Ve\u00edculos Automotores (Anfavea), Antonio Megale, que tamb\u00e9m\u2026 Leia mais \u00bb","og_url":"https:\/\/dana.com.br\/canaldana\/2018\/01\/08\/participacao-de-importados-no-brasil-deve-crescer-de-10-para-15-em-2018\/","og_site_name":"Canal Dana","article_published_time":"2018-01-08T10:35:37+00:00","author":"Canal Dana","twitter_card":"summary_large_image","twitter_misc":{"Escrito por":"Canal Dana","Est. tempo de leitura":"3 minutos"},"schema":{"@context":"https:\/\/schema.org","@graph":[{"@type":"Article","@id":"https:\/\/dana.com.br\/canaldana\/2018\/01\/08\/participacao-de-importados-no-brasil-deve-crescer-de-10-para-15-em-2018\/#article","isPartOf":{"@id":"https:\/\/dana.com.br\/canaldana\/2018\/01\/08\/participacao-de-importados-no-brasil-deve-crescer-de-10-para-15-em-2018\/"},"author":{"name":"Canal Dana","@id":"https:\/\/dana.com.br\/canaldana\/#\/schema\/person\/3c21f22f56fcf3bc46b94bc60ea4fef6"},"headline":"Participa\u00e7\u00e3o de importados no Brasil deve crescer de 10% para 15% em 2018","datePublished":"2018-01-08T10:35:37+00:00","mainEntityOfPage":{"@id":"https:\/\/dana.com.br\/canaldana\/2018\/01\/08\/participacao-de-importados-no-brasil-deve-crescer-de-10-para-15-em-2018\/"},"wordCount":672,"articleSection":["Destaques"],"inLanguage":"pt-BR"},{"@type":"WebPage","@id":"https:\/\/dana.com.br\/canaldana\/2018\/01\/08\/participacao-de-importados-no-brasil-deve-crescer-de-10-para-15-em-2018\/","url":"https:\/\/dana.com.br\/canaldana\/2018\/01\/08\/participacao-de-importados-no-brasil-deve-crescer-de-10-para-15-em-2018\/","name":"Participa\u00e7\u00e3o de importados no Brasil deve crescer de 10% para 15% em 2018 - Canal Dana","isPartOf":{"@id":"https:\/\/dana.com.br\/canaldana\/#website"},"datePublished":"2018-01-08T10:35:37+00:00","author":{"@id":"https:\/\/dana.com.br\/canaldana\/#\/schema\/person\/3c21f22f56fcf3bc46b94bc60ea4fef6"},"breadcrumb":{"@id":"https:\/\/dana.com.br\/canaldana\/2018\/01\/08\/participacao-de-importados-no-brasil-deve-crescer-de-10-para-15-em-2018\/#breadcrumb"},"inLanguage":"pt-BR","potentialAction":[{"@type":"ReadAction","target":["https:\/\/dana.com.br\/canaldana\/2018\/01\/08\/participacao-de-importados-no-brasil-deve-crescer-de-10-para-15-em-2018\/"]}]},{"@type":"BreadcrumbList","@id":"https:\/\/dana.com.br\/canaldana\/2018\/01\/08\/participacao-de-importados-no-brasil-deve-crescer-de-10-para-15-em-2018\/#breadcrumb","itemListElement":[{"@type":"ListItem","position":1,"name":"Home","item":"https:\/\/dana.com.br\/canaldana\/"},{"@type":"ListItem","position":2,"name":"Destaques","item":"https:\/\/dana.com.br\/canaldana\/destaques\/"},{"@type":"ListItem","position":3,"name":"Participa\u00e7\u00e3o de importados no Brasil deve crescer de 10% para 15% em 2018"}]},{"@type":"WebSite","@id":"https:\/\/dana.com.br\/canaldana\/#website","url":"https:\/\/dana.com.br\/canaldana\/","name":"Canal Dana","description":"Informativo com as principais not\u00edcias da ind\u00fastria automotiva","potentialAction":[{"@type":"SearchAction","target":{"@type":"EntryPoint","urlTemplate":"https:\/\/dana.com.br\/canaldana\/?s={search_term_string}"},"query-input":{"@type":"PropertyValueSpecification","valueRequired":true,"valueName":"search_term_string"}}],"inLanguage":"pt-BR"},{"@type":"Person","@id":"https:\/\/dana.com.br\/canaldana\/#\/schema\/person\/3c21f22f56fcf3bc46b94bc60ea4fef6","name":"Canal Dana","image":{"@type":"ImageObject","inLanguage":"pt-BR","@id":"https:\/\/secure.gravatar.com\/avatar\/420aaf9278582877d9018637c6817617705899d2858d7572ef0fe59a6b6454b4?s=96&d=mm&r=g","url":"https:\/\/secure.gravatar.com\/avatar\/420aaf9278582877d9018637c6817617705899d2858d7572ef0fe59a6b6454b4?s=96&d=mm&r=g","contentUrl":"https:\/\/secure.gravatar.com\/avatar\/420aaf9278582877d9018637c6817617705899d2858d7572ef0fe59a6b6454b4?s=96&d=mm&r=g","caption":"Canal Dana"},"url":"https:\/\/dana.com.br\/canaldana\/author\/cdeditor\/"}]}},"_links":{"self":[{"href":"https:\/\/dana.com.br\/canaldana\/wp-json\/wp\/v2\/posts\/22276","targetHints":{"allow":["GET"]}}],"collection":[{"href":"https:\/\/dana.com.br\/canaldana\/wp-json\/wp\/v2\/posts"}],"about":[{"href":"https:\/\/dana.com.br\/canaldana\/wp-json\/wp\/v2\/types\/post"}],"author":[{"embeddable":true,"href":"https:\/\/dana.com.br\/canaldana\/wp-json\/wp\/v2\/users\/3"}],"replies":[{"embeddable":true,"href":"https:\/\/dana.com.br\/canaldana\/wp-json\/wp\/v2\/comments?post=22276"}],"version-history":[{"count":0,"href":"https:\/\/dana.com.br\/canaldana\/wp-json\/wp\/v2\/posts\/22276\/revisions"}],"wp:attachment":[{"href":"https:\/\/dana.com.br\/canaldana\/wp-json\/wp\/v2\/media?parent=22276"}],"wp:term":[{"taxonomy":"category","embeddable":true,"href":"https:\/\/dana.com.br\/canaldana\/wp-json\/wp\/v2\/categories?post=22276"},{"taxonomy":"post_tag","embeddable":true,"href":"https:\/\/dana.com.br\/canaldana\/wp-json\/wp\/v2\/tags?post=22276"}],"curies":[{"name":"wp","href":"https:\/\/api.w.org\/{rel}","templated":true}]}}