{"id":22229,"date":"2017-12-21T08:32:53","date_gmt":"2017-12-21T10:32:53","guid":{"rendered":"http:\/\/dana.com.br\/canaldana\/?p=22229"},"modified":"2017-12-21T08:32:53","modified_gmt":"2017-12-21T10:32:53","slug":"indice-de-producao-desacelera-para-505-pontos-em-novembro-revela-cni","status":"publish","type":"post","link":"https:\/\/dana.com.br\/canaldana\/2017\/12\/21\/indice-de-producao-desacelera-para-505-pontos-em-novembro-revela-cni\/","title":{"rendered":"\u00cdndice de produ\u00e7\u00e3o desacelera para 50,5 pontos em novembro, revela CNI"},"content":{"rendered":"<p><em>DCI<\/em><\/p>\n<p>&nbsp;<\/p>\n<p>O \u00edndice da produ\u00e7\u00e3o industrial atingiu 50,5 pontos em novembro, segundo a pesquisa Sondagem Industrial, divulgada nesta ter\u00e7a-feira, 19, pela Confedera\u00e7\u00e3o Nacional da Ind\u00fastria (CNI). O n\u00famero mostra uma desacelera\u00e7\u00e3o em compara\u00e7\u00e3o com outubro, quando o \u00edndice havia atingido 52,6 pontos. Mas o fato de estar acima de 50 indica crescimento da produ\u00e7\u00e3o.<\/p>\n<p>&nbsp;<\/p>\n<p>&#8220;Outubro costuma ser um m\u00eas mais forte em produ\u00e7\u00e3o, por causa das festas de fim de ano&#8221;, explicou o economista da CNI Marcelo Azevedo. &#8220;O importante \u00e9 que em novembro o n\u00famero continua positivo, embora mostre um crescimento menor.&#8221;<\/p>\n<p>&nbsp;<\/p>\n<p>Os dados da produ\u00e7\u00e3o de novembro vinham abaixo dos 50 pontos desde 2011. &#8220;Para o m\u00eas, \u00e9 um resultado interessante.&#8221;<\/p>\n<p>&nbsp;<\/p>\n<p><strong>Capacidade instalada<\/strong><\/p>\n<p>&nbsp;<\/p>\n<p>Para Azevedo, a melhor not\u00edcia da pesquisa \u00e9 o \u00edndice de utiliza\u00e7\u00e3o da capacidade instalada, que atingiu 68%, ante 67% no m\u00eas anterior. &#8220;Por mais que o n\u00famero ainda seja baixo, ele n\u00e3o era visto h\u00e1 bastante tempo na pesquisa.&#8221;<\/p>\n<p>&nbsp;<\/p>\n<p>De forma geral, os dados da Sondagem apontam para a consolida\u00e7\u00e3o de uma tend\u00eancia de recupera\u00e7\u00e3o da ind\u00fastria, disse o economista. Ele acredita que o dado da produ\u00e7\u00e3o de novembro ficou um pouco retra\u00eddo por uma postura de cautela do empres\u00e1rio industrial, que ainda n\u00e3o &#8220;apostou todas as fichas&#8221; no crescimento da demanda.<\/p>\n<p>&nbsp;<\/p>\n<p><strong>Emprego<\/strong><\/p>\n<p>&nbsp;<\/p>\n<p>Novembro mostrou ainda uma ligeira retra\u00e7\u00e3o no n\u00famero de empregados, que atingiu 49 pontos, o que representou uma queda de 0,7 ponto em compara\u00e7\u00e3o com outubro. O volume de estoques ficou em 49,8 pontos, na compara\u00e7\u00e3o do efetivo com o planejado, o que indica que eles est\u00e3o de acordo com o planejamento das empresas. Outra medi\u00e7\u00e3o, a da evolu\u00e7\u00e3o dos estoques, ficou em 48,9 pontos, o que aponta para uma redu\u00e7\u00e3o &#8220;moderada&#8221;.<\/p>\n<p>&nbsp;<\/p>\n<p><strong>Expectativas<\/strong><\/p>\n<p>&nbsp;<\/p>\n<p>A pesquisa apontou ainda que os empres\u00e1rios est\u00e3o mais otimistas neste final de 2017 do que estavam no ano passado. Em dezembro, a expectativa de demanda ficou em 53,8 pontos e o de compra de mat\u00e9rias-primas, em 52,1 pontos. O \u00edndice de quantidade exportada registrou alta de 1,3 ponto em compara\u00e7\u00e3o com novembro, ao alcan\u00e7ar 53,5 pontos. J\u00e1 em rela\u00e7\u00e3o ao emprego, a expectativa \u00e9 de redu\u00e7\u00e3o, para 48,7 pontos no in\u00edcio de 2018.<\/p>\n<p>&nbsp;<\/p>\n<p>A inten\u00e7\u00e3o de investimentos, por sua vez, voltou a subir e ficou em 52,2 pontos, uma evolu\u00e7\u00e3o de 1,6 ponto. &#8220;\u00c9 um dado importante, porque aponta para uma recupera\u00e7\u00e3o sustentada da ind\u00fastria&#8221;, ressaltou Azevedo.<\/p>\n<p>&nbsp;<\/p>\n<p>De acordo com a CNI, a pesquisa ouviu 2.274 empresas entre os dias 1 e 13 de dezembro. Das empresas consultadas, 936 s\u00e3o pequenas, 813 m\u00e9dias e 525 de grande porte. (DCI)<\/p>\n","protected":false},"excerpt":{"rendered":"<p>DCI &nbsp; O \u00edndice da produ\u00e7\u00e3o industrial atingiu 50,5 pontos em novembro, segundo a pesquisa Sondagem Industrial, divulgada nesta ter\u00e7a-feira, 19, pela Confedera\u00e7\u00e3o Nacional da Ind\u00fastria (CNI). O n\u00famero mostra uma desacelera\u00e7\u00e3o em compara\u00e7\u00e3o com outubro, quando o \u00edndice havia atingido 52,6 pontos. Mas o fato de estar acima de 50 indica crescimento da produ\u00e7\u00e3o.\u2026 <a class=\"readmore\" href=\"https:\/\/dana.com.br\/canaldana\/2017\/12\/21\/indice-de-producao-desacelera-para-505-pontos-em-novembro-revela-cni\/\">Leia mais \u00bb<\/a><\/p>\n","protected":false},"author":3,"featured_media":0,"comment_status":"closed","ping_status":"closed","sticky":false,"template":"","format":"standard","meta":{"_acf_changed":false,"footnotes":""},"categories":[79],"tags":[],"class_list":["post-22229","post","type-post","status-publish","format-standard","hentry","category-mercado"],"acf":[],"yoast_head":"<!-- This site is optimized with the Yoast SEO plugin v27.3 - https:\/\/yoast.com\/product\/yoast-seo-wordpress\/ -->\n<title>\u00cdndice de produ\u00e7\u00e3o desacelera para 50,5 pontos em novembro, revela CNI - Canal Dana<\/title>\n<meta name=\"robots\" content=\"index, follow, max-snippet:-1, max-image-preview:large, max-video-preview:-1\" \/>\n<link rel=\"canonical\" href=\"https:\/\/dana.com.br\/canaldana\/2017\/12\/21\/indice-de-producao-desacelera-para-505-pontos-em-novembro-revela-cni\/\" \/>\n<meta property=\"og:locale\" content=\"pt_BR\" \/>\n<meta property=\"og:type\" content=\"article\" \/>\n<meta property=\"og:title\" content=\"\u00cdndice de produ\u00e7\u00e3o desacelera para 50,5 pontos em novembro, revela CNI - Canal Dana\" \/>\n<meta property=\"og:description\" content=\"DCI &nbsp; O \u00edndice da produ\u00e7\u00e3o industrial atingiu 50,5 pontos em novembro, segundo a pesquisa Sondagem Industrial, divulgada nesta ter\u00e7a-feira, 19, pela Confedera\u00e7\u00e3o Nacional da Ind\u00fastria (CNI). O n\u00famero mostra uma desacelera\u00e7\u00e3o em compara\u00e7\u00e3o com outubro, quando o \u00edndice havia atingido 52,6 pontos. Mas o fato de estar acima de 50 indica crescimento da produ\u00e7\u00e3o.\u2026 Leia mais \u00bb\" \/>\n<meta property=\"og:url\" content=\"https:\/\/dana.com.br\/canaldana\/2017\/12\/21\/indice-de-producao-desacelera-para-505-pontos-em-novembro-revela-cni\/\" \/>\n<meta property=\"og:site_name\" content=\"Canal Dana\" \/>\n<meta property=\"article:published_time\" content=\"2017-12-21T10:32:53+00:00\" \/>\n<meta name=\"author\" content=\"Canal Dana\" \/>\n<meta name=\"twitter:card\" content=\"summary_large_image\" \/>\n<meta name=\"twitter:label1\" content=\"Escrito por\" \/>\n\t<meta name=\"twitter:data1\" content=\"Canal Dana\" \/>\n\t<meta name=\"twitter:label2\" content=\"Est. tempo de leitura\" \/>\n\t<meta name=\"twitter:data2\" content=\"2 minutos\" \/>\n<script type=\"application\/ld+json\" class=\"yoast-schema-graph\">{\"@context\":\"https:\\\/\\\/schema.org\",\"@graph\":[{\"@type\":\"Article\",\"@id\":\"https:\\\/\\\/dana.com.br\\\/canaldana\\\/2017\\\/12\\\/21\\\/indice-de-producao-desacelera-para-505-pontos-em-novembro-revela-cni\\\/#article\",\"isPartOf\":{\"@id\":\"https:\\\/\\\/dana.com.br\\\/canaldana\\\/2017\\\/12\\\/21\\\/indice-de-producao-desacelera-para-505-pontos-em-novembro-revela-cni\\\/\"},\"author\":{\"name\":\"Canal Dana\",\"@id\":\"https:\\\/\\\/dana.com.br\\\/canaldana\\\/#\\\/schema\\\/person\\\/3c21f22f56fcf3bc46b94bc60ea4fef6\"},\"headline\":\"\u00cdndice de produ\u00e7\u00e3o desacelera para 50,5 pontos em novembro, revela CNI\",\"datePublished\":\"2017-12-21T10:32:53+00:00\",\"mainEntityOfPage\":{\"@id\":\"https:\\\/\\\/dana.com.br\\\/canaldana\\\/2017\\\/12\\\/21\\\/indice-de-producao-desacelera-para-505-pontos-em-novembro-revela-cni\\\/\"},\"wordCount\":461,\"articleSection\":[\"Mercado\"],\"inLanguage\":\"pt-BR\"},{\"@type\":\"WebPage\",\"@id\":\"https:\\\/\\\/dana.com.br\\\/canaldana\\\/2017\\\/12\\\/21\\\/indice-de-producao-desacelera-para-505-pontos-em-novembro-revela-cni\\\/\",\"url\":\"https:\\\/\\\/dana.com.br\\\/canaldana\\\/2017\\\/12\\\/21\\\/indice-de-producao-desacelera-para-505-pontos-em-novembro-revela-cni\\\/\",\"name\":\"\u00cdndice de produ\u00e7\u00e3o desacelera para 50,5 pontos em novembro, revela CNI - Canal Dana\",\"isPartOf\":{\"@id\":\"https:\\\/\\\/dana.com.br\\\/canaldana\\\/#website\"},\"datePublished\":\"2017-12-21T10:32:53+00:00\",\"author\":{\"@id\":\"https:\\\/\\\/dana.com.br\\\/canaldana\\\/#\\\/schema\\\/person\\\/3c21f22f56fcf3bc46b94bc60ea4fef6\"},\"breadcrumb\":{\"@id\":\"https:\\\/\\\/dana.com.br\\\/canaldana\\\/2017\\\/12\\\/21\\\/indice-de-producao-desacelera-para-505-pontos-em-novembro-revela-cni\\\/#breadcrumb\"},\"inLanguage\":\"pt-BR\",\"potentialAction\":[{\"@type\":\"ReadAction\",\"target\":[\"https:\\\/\\\/dana.com.br\\\/canaldana\\\/2017\\\/12\\\/21\\\/indice-de-producao-desacelera-para-505-pontos-em-novembro-revela-cni\\\/\"]}]},{\"@type\":\"BreadcrumbList\",\"@id\":\"https:\\\/\\\/dana.com.br\\\/canaldana\\\/2017\\\/12\\\/21\\\/indice-de-producao-desacelera-para-505-pontos-em-novembro-revela-cni\\\/#breadcrumb\",\"itemListElement\":[{\"@type\":\"ListItem\",\"position\":1,\"name\":\"Home\",\"item\":\"https:\\\/\\\/dana.com.br\\\/canaldana\\\/\"},{\"@type\":\"ListItem\",\"position\":2,\"name\":\"Mercado\",\"item\":\"https:\\\/\\\/dana.com.br\\\/canaldana\\\/mercado\\\/\"},{\"@type\":\"ListItem\",\"position\":3,\"name\":\"\u00cdndice de produ\u00e7\u00e3o desacelera para 50,5 pontos em novembro, revela CNI\"}]},{\"@type\":\"WebSite\",\"@id\":\"https:\\\/\\\/dana.com.br\\\/canaldana\\\/#website\",\"url\":\"https:\\\/\\\/dana.com.br\\\/canaldana\\\/\",\"name\":\"Canal Dana\",\"description\":\"Informativo com as principais not\u00edcias da ind\u00fastria automotiva\",\"potentialAction\":[{\"@type\":\"SearchAction\",\"target\":{\"@type\":\"EntryPoint\",\"urlTemplate\":\"https:\\\/\\\/dana.com.br\\\/canaldana\\\/?s={search_term_string}\"},\"query-input\":{\"@type\":\"PropertyValueSpecification\",\"valueRequired\":true,\"valueName\":\"search_term_string\"}}],\"inLanguage\":\"pt-BR\"},{\"@type\":\"Person\",\"@id\":\"https:\\\/\\\/dana.com.br\\\/canaldana\\\/#\\\/schema\\\/person\\\/3c21f22f56fcf3bc46b94bc60ea4fef6\",\"name\":\"Canal Dana\",\"image\":{\"@type\":\"ImageObject\",\"inLanguage\":\"pt-BR\",\"@id\":\"https:\\\/\\\/secure.gravatar.com\\\/avatar\\\/420aaf9278582877d9018637c6817617705899d2858d7572ef0fe59a6b6454b4?s=96&d=mm&r=g\",\"url\":\"https:\\\/\\\/secure.gravatar.com\\\/avatar\\\/420aaf9278582877d9018637c6817617705899d2858d7572ef0fe59a6b6454b4?s=96&d=mm&r=g\",\"contentUrl\":\"https:\\\/\\\/secure.gravatar.com\\\/avatar\\\/420aaf9278582877d9018637c6817617705899d2858d7572ef0fe59a6b6454b4?s=96&d=mm&r=g\",\"caption\":\"Canal Dana\"},\"url\":\"https:\\\/\\\/dana.com.br\\\/canaldana\\\/author\\\/cdeditor\\\/\"}]}<\/script>\n<!-- \/ Yoast SEO plugin. -->","yoast_head_json":{"title":"\u00cdndice de produ\u00e7\u00e3o desacelera para 50,5 pontos em novembro, revela CNI - Canal Dana","robots":{"index":"index","follow":"follow","max-snippet":"max-snippet:-1","max-image-preview":"max-image-preview:large","max-video-preview":"max-video-preview:-1"},"canonical":"https:\/\/dana.com.br\/canaldana\/2017\/12\/21\/indice-de-producao-desacelera-para-505-pontos-em-novembro-revela-cni\/","og_locale":"pt_BR","og_type":"article","og_title":"\u00cdndice de produ\u00e7\u00e3o desacelera para 50,5 pontos em novembro, revela CNI - Canal Dana","og_description":"DCI &nbsp; O \u00edndice da produ\u00e7\u00e3o industrial atingiu 50,5 pontos em novembro, segundo a pesquisa Sondagem Industrial, divulgada nesta ter\u00e7a-feira, 19, pela Confedera\u00e7\u00e3o Nacional da Ind\u00fastria (CNI). O n\u00famero mostra uma desacelera\u00e7\u00e3o em compara\u00e7\u00e3o com outubro, quando o \u00edndice havia atingido 52,6 pontos. Mas o fato de estar acima de 50 indica crescimento da produ\u00e7\u00e3o.\u2026 Leia mais \u00bb","og_url":"https:\/\/dana.com.br\/canaldana\/2017\/12\/21\/indice-de-producao-desacelera-para-505-pontos-em-novembro-revela-cni\/","og_site_name":"Canal Dana","article_published_time":"2017-12-21T10:32:53+00:00","author":"Canal Dana","twitter_card":"summary_large_image","twitter_misc":{"Escrito por":"Canal Dana","Est. tempo de leitura":"2 minutos"},"schema":{"@context":"https:\/\/schema.org","@graph":[{"@type":"Article","@id":"https:\/\/dana.com.br\/canaldana\/2017\/12\/21\/indice-de-producao-desacelera-para-505-pontos-em-novembro-revela-cni\/#article","isPartOf":{"@id":"https:\/\/dana.com.br\/canaldana\/2017\/12\/21\/indice-de-producao-desacelera-para-505-pontos-em-novembro-revela-cni\/"},"author":{"name":"Canal Dana","@id":"https:\/\/dana.com.br\/canaldana\/#\/schema\/person\/3c21f22f56fcf3bc46b94bc60ea4fef6"},"headline":"\u00cdndice de produ\u00e7\u00e3o desacelera para 50,5 pontos em novembro, revela CNI","datePublished":"2017-12-21T10:32:53+00:00","mainEntityOfPage":{"@id":"https:\/\/dana.com.br\/canaldana\/2017\/12\/21\/indice-de-producao-desacelera-para-505-pontos-em-novembro-revela-cni\/"},"wordCount":461,"articleSection":["Mercado"],"inLanguage":"pt-BR"},{"@type":"WebPage","@id":"https:\/\/dana.com.br\/canaldana\/2017\/12\/21\/indice-de-producao-desacelera-para-505-pontos-em-novembro-revela-cni\/","url":"https:\/\/dana.com.br\/canaldana\/2017\/12\/21\/indice-de-producao-desacelera-para-505-pontos-em-novembro-revela-cni\/","name":"\u00cdndice de produ\u00e7\u00e3o desacelera para 50,5 pontos em novembro, revela CNI - Canal Dana","isPartOf":{"@id":"https:\/\/dana.com.br\/canaldana\/#website"},"datePublished":"2017-12-21T10:32:53+00:00","author":{"@id":"https:\/\/dana.com.br\/canaldana\/#\/schema\/person\/3c21f22f56fcf3bc46b94bc60ea4fef6"},"breadcrumb":{"@id":"https:\/\/dana.com.br\/canaldana\/2017\/12\/21\/indice-de-producao-desacelera-para-505-pontos-em-novembro-revela-cni\/#breadcrumb"},"inLanguage":"pt-BR","potentialAction":[{"@type":"ReadAction","target":["https:\/\/dana.com.br\/canaldana\/2017\/12\/21\/indice-de-producao-desacelera-para-505-pontos-em-novembro-revela-cni\/"]}]},{"@type":"BreadcrumbList","@id":"https:\/\/dana.com.br\/canaldana\/2017\/12\/21\/indice-de-producao-desacelera-para-505-pontos-em-novembro-revela-cni\/#breadcrumb","itemListElement":[{"@type":"ListItem","position":1,"name":"Home","item":"https:\/\/dana.com.br\/canaldana\/"},{"@type":"ListItem","position":2,"name":"Mercado","item":"https:\/\/dana.com.br\/canaldana\/mercado\/"},{"@type":"ListItem","position":3,"name":"\u00cdndice de produ\u00e7\u00e3o desacelera para 50,5 pontos em novembro, revela CNI"}]},{"@type":"WebSite","@id":"https:\/\/dana.com.br\/canaldana\/#website","url":"https:\/\/dana.com.br\/canaldana\/","name":"Canal Dana","description":"Informativo com as principais not\u00edcias da ind\u00fastria automotiva","potentialAction":[{"@type":"SearchAction","target":{"@type":"EntryPoint","urlTemplate":"https:\/\/dana.com.br\/canaldana\/?s={search_term_string}"},"query-input":{"@type":"PropertyValueSpecification","valueRequired":true,"valueName":"search_term_string"}}],"inLanguage":"pt-BR"},{"@type":"Person","@id":"https:\/\/dana.com.br\/canaldana\/#\/schema\/person\/3c21f22f56fcf3bc46b94bc60ea4fef6","name":"Canal Dana","image":{"@type":"ImageObject","inLanguage":"pt-BR","@id":"https:\/\/secure.gravatar.com\/avatar\/420aaf9278582877d9018637c6817617705899d2858d7572ef0fe59a6b6454b4?s=96&d=mm&r=g","url":"https:\/\/secure.gravatar.com\/avatar\/420aaf9278582877d9018637c6817617705899d2858d7572ef0fe59a6b6454b4?s=96&d=mm&r=g","contentUrl":"https:\/\/secure.gravatar.com\/avatar\/420aaf9278582877d9018637c6817617705899d2858d7572ef0fe59a6b6454b4?s=96&d=mm&r=g","caption":"Canal Dana"},"url":"https:\/\/dana.com.br\/canaldana\/author\/cdeditor\/"}]}},"_links":{"self":[{"href":"https:\/\/dana.com.br\/canaldana\/wp-json\/wp\/v2\/posts\/22229","targetHints":{"allow":["GET"]}}],"collection":[{"href":"https:\/\/dana.com.br\/canaldana\/wp-json\/wp\/v2\/posts"}],"about":[{"href":"https:\/\/dana.com.br\/canaldana\/wp-json\/wp\/v2\/types\/post"}],"author":[{"embeddable":true,"href":"https:\/\/dana.com.br\/canaldana\/wp-json\/wp\/v2\/users\/3"}],"replies":[{"embeddable":true,"href":"https:\/\/dana.com.br\/canaldana\/wp-json\/wp\/v2\/comments?post=22229"}],"version-history":[{"count":0,"href":"https:\/\/dana.com.br\/canaldana\/wp-json\/wp\/v2\/posts\/22229\/revisions"}],"wp:attachment":[{"href":"https:\/\/dana.com.br\/canaldana\/wp-json\/wp\/v2\/media?parent=22229"}],"wp:term":[{"taxonomy":"category","embeddable":true,"href":"https:\/\/dana.com.br\/canaldana\/wp-json\/wp\/v2\/categories?post=22229"},{"taxonomy":"post_tag","embeddable":true,"href":"https:\/\/dana.com.br\/canaldana\/wp-json\/wp\/v2\/tags?post=22229"}],"curies":[{"name":"wp","href":"https:\/\/api.w.org\/{rel}","templated":true}]}}