{"id":22210,"date":"2017-12-21T08:25:40","date_gmt":"2017-12-21T10:25:40","guid":{"rendered":"http:\/\/dana.com.br\/canaldana\/?p=22210"},"modified":"2017-12-21T08:30:56","modified_gmt":"2017-12-21T10:30:56","slug":"man-latin-america-recebe-premio-pelo-programa-na-mao-certa","status":"publish","type":"post","link":"https:\/\/dana.com.br\/canaldana\/2017\/12\/21\/man-latin-america-recebe-premio-pelo-programa-na-mao-certa\/","title":{"rendered":"MAN Latin America recebe pr\u00eamio pelo Programa na M\u00e3o Certa"},"content":{"rendered":"<p><em>O Brasil Sobre Rodas<\/em><\/p>\n<p>&nbsp;<\/p>\n<p>D\u00e9cima primeira edi\u00e7\u00e3o do Encontro Anual do Programa Na M\u00e3o Certa homenageia a MAN Latin America por lutar pelo fim da viol\u00eancia sexual nas rodovias brasileiras.<\/p>\n<p>&nbsp;<\/p>\n<p>Como forma de reconhecer empresas que contribu\u00edram para o Programa Na M\u00e3o Certa durante o ano, a Childhood Brasil homenageou a MAN Latin America com o pr\u00eamio de \u201cReconhecimento Anual do Programa na M\u00e3o Certa 2017\u201d, pelo trabalho realizado para acabar com a explora\u00e7\u00e3o sexual de crian\u00e7as e adolescentes nas rodovias brasileiras.<\/p>\n<p>&nbsp;<\/p>\n<p>O encontro ocorreu no Teatro SESI, no pr\u00e9dio da FIESP (Federa\u00e7\u00e3o das Ind\u00fastrias do Estado de S\u00e3o Paulo), em S\u00e3o Paulo, com o tema \u201cSomos todos agentes de prote\u00e7\u00e3o\u201d, e reuniu mais de 300 representantes de governo, sociedade civil, empresas multinacionais, entidades empresariais, concession\u00e1rias de rodovias, gerenciadoras de risco, distribuidoras de combust\u00edveis e transportadoras de todo o Brasil.<\/p>\n<p>&nbsp;<\/p>\n<p>\u201cCrian\u00e7as e adolescentes s\u00e3o o foco de muitas das nossas campanhas, projetos sociais e parcerias. Vamos continuar unindo for\u00e7as para que todos se envolvam e contribuam com a erradica\u00e7\u00e3o da explora\u00e7\u00e3o sexual de crian\u00e7as e adolescentes no Brasil\u201d, explica Marco Saltini, diretor de Rela\u00e7\u00f5es Governamentais e Institucionais da MAN.<\/p>\n<p>&nbsp;<\/p>\n<p>A MAN Latin America estendeu em 2017 sua parceria com o Programa Na M\u00e3o Certa, uma iniciativa da Childhood Brasil, por meio do programa que re\u00fane empresas por meio da ades\u00e3o ao Pacto Empresarial.<\/p>\n<p>&nbsp;<\/p>\n<p>A parceria da MAN Latin America com a Childhood Brasil \u00e9 longa: a empresa \u00e9 pioneira no olhar pela prote\u00e7\u00e3o de crian\u00e7as e adolescentes nas rodovias brasileiras e apoiou a Childhood Brasil na primeira pesquisa realizada sobre o problema em 2005. A pesquisa \u201cO Perfil do Caminhoneiro no Brasil\u201d foi fundamental para entender o problema nas rodovias brasileiras e principal fonte de inspira\u00e7\u00e3o para a estrat\u00e9gica de enfrentamento intersetorial do Programa Na M\u00e3o Certa lan\u00e7ado em 2006. (O Brasil Sobre Rodas)<\/p>\n","protected":false},"excerpt":{"rendered":"<p>O Brasil Sobre Rodas &nbsp; D\u00e9cima primeira edi\u00e7\u00e3o do Encontro Anual do Programa Na M\u00e3o Certa homenageia a MAN Latin America por lutar pelo fim da viol\u00eancia sexual nas rodovias brasileiras. &nbsp; Como forma de reconhecer empresas que contribu\u00edram para o Programa Na M\u00e3o Certa durante o ano, a Childhood Brasil homenageou a MAN Latin\u2026 <a class=\"readmore\" href=\"https:\/\/dana.com.br\/canaldana\/2017\/12\/21\/man-latin-america-recebe-premio-pelo-programa-na-mao-certa\/\">Leia mais \u00bb<\/a><\/p>\n","protected":false},"author":3,"featured_media":0,"comment_status":"closed","ping_status":"closed","sticky":false,"template":"","format":"standard","meta":{"_acf_changed":false,"footnotes":""},"categories":[74],"tags":[],"class_list":["post-22210","post","type-post","status-publish","format-standard","hentry","category-premios"],"acf":[],"yoast_head":"<!-- This site is optimized with the Yoast SEO plugin v27.3 - https:\/\/yoast.com\/product\/yoast-seo-wordpress\/ -->\n<title>MAN Latin America recebe pr\u00eamio pelo Programa na M\u00e3o Certa - Canal Dana<\/title>\n<meta name=\"robots\" content=\"index, follow, max-snippet:-1, max-image-preview:large, max-video-preview:-1\" \/>\n<link rel=\"canonical\" href=\"https:\/\/dana.com.br\/canaldana\/2017\/12\/21\/man-latin-america-recebe-premio-pelo-programa-na-mao-certa\/\" \/>\n<meta property=\"og:locale\" content=\"pt_BR\" \/>\n<meta property=\"og:type\" content=\"article\" \/>\n<meta property=\"og:title\" content=\"MAN Latin America recebe pr\u00eamio pelo Programa na M\u00e3o Certa - Canal Dana\" \/>\n<meta property=\"og:description\" content=\"O Brasil Sobre Rodas &nbsp; D\u00e9cima primeira edi\u00e7\u00e3o do Encontro Anual do Programa Na M\u00e3o Certa homenageia a MAN Latin America por lutar pelo fim da viol\u00eancia sexual nas rodovias brasileiras. &nbsp; Como forma de reconhecer empresas que contribu\u00edram para o Programa Na M\u00e3o Certa durante o ano, a Childhood Brasil homenageou a MAN Latin\u2026 Leia mais \u00bb\" \/>\n<meta property=\"og:url\" content=\"https:\/\/dana.com.br\/canaldana\/2017\/12\/21\/man-latin-america-recebe-premio-pelo-programa-na-mao-certa\/\" \/>\n<meta property=\"og:site_name\" content=\"Canal Dana\" \/>\n<meta property=\"article:published_time\" content=\"2017-12-21T10:25:40+00:00\" \/>\n<meta property=\"article:modified_time\" content=\"2017-12-21T10:30:56+00:00\" \/>\n<meta name=\"author\" content=\"Canal Dana\" \/>\n<meta name=\"twitter:card\" content=\"summary_large_image\" \/>\n<meta name=\"twitter:label1\" content=\"Escrito por\" \/>\n\t<meta name=\"twitter:data1\" content=\"Canal Dana\" \/>\n\t<meta name=\"twitter:label2\" content=\"Est. tempo de leitura\" \/>\n\t<meta name=\"twitter:data2\" content=\"2 minutos\" \/>\n<script type=\"application\/ld+json\" class=\"yoast-schema-graph\">{\"@context\":\"https:\\\/\\\/schema.org\",\"@graph\":[{\"@type\":\"Article\",\"@id\":\"https:\\\/\\\/dana.com.br\\\/canaldana\\\/2017\\\/12\\\/21\\\/man-latin-america-recebe-premio-pelo-programa-na-mao-certa\\\/#article\",\"isPartOf\":{\"@id\":\"https:\\\/\\\/dana.com.br\\\/canaldana\\\/2017\\\/12\\\/21\\\/man-latin-america-recebe-premio-pelo-programa-na-mao-certa\\\/\"},\"author\":{\"name\":\"Canal Dana\",\"@id\":\"https:\\\/\\\/dana.com.br\\\/canaldana\\\/#\\\/schema\\\/person\\\/3c21f22f56fcf3bc46b94bc60ea4fef6\"},\"headline\":\"MAN Latin America recebe pr\u00eamio pelo Programa na M\u00e3o Certa\",\"datePublished\":\"2017-12-21T10:25:40+00:00\",\"dateModified\":\"2017-12-21T10:30:56+00:00\",\"mainEntityOfPage\":{\"@id\":\"https:\\\/\\\/dana.com.br\\\/canaldana\\\/2017\\\/12\\\/21\\\/man-latin-america-recebe-premio-pelo-programa-na-mao-certa\\\/\"},\"wordCount\":349,\"articleSection\":[\"Pr\u00eamios\"],\"inLanguage\":\"pt-BR\"},{\"@type\":\"WebPage\",\"@id\":\"https:\\\/\\\/dana.com.br\\\/canaldana\\\/2017\\\/12\\\/21\\\/man-latin-america-recebe-premio-pelo-programa-na-mao-certa\\\/\",\"url\":\"https:\\\/\\\/dana.com.br\\\/canaldana\\\/2017\\\/12\\\/21\\\/man-latin-america-recebe-premio-pelo-programa-na-mao-certa\\\/\",\"name\":\"MAN Latin America recebe pr\u00eamio pelo Programa na M\u00e3o Certa - Canal Dana\",\"isPartOf\":{\"@id\":\"https:\\\/\\\/dana.com.br\\\/canaldana\\\/#website\"},\"datePublished\":\"2017-12-21T10:25:40+00:00\",\"dateModified\":\"2017-12-21T10:30:56+00:00\",\"author\":{\"@id\":\"https:\\\/\\\/dana.com.br\\\/canaldana\\\/#\\\/schema\\\/person\\\/3c21f22f56fcf3bc46b94bc60ea4fef6\"},\"breadcrumb\":{\"@id\":\"https:\\\/\\\/dana.com.br\\\/canaldana\\\/2017\\\/12\\\/21\\\/man-latin-america-recebe-premio-pelo-programa-na-mao-certa\\\/#breadcrumb\"},\"inLanguage\":\"pt-BR\",\"potentialAction\":[{\"@type\":\"ReadAction\",\"target\":[\"https:\\\/\\\/dana.com.br\\\/canaldana\\\/2017\\\/12\\\/21\\\/man-latin-america-recebe-premio-pelo-programa-na-mao-certa\\\/\"]}]},{\"@type\":\"BreadcrumbList\",\"@id\":\"https:\\\/\\\/dana.com.br\\\/canaldana\\\/2017\\\/12\\\/21\\\/man-latin-america-recebe-premio-pelo-programa-na-mao-certa\\\/#breadcrumb\",\"itemListElement\":[{\"@type\":\"ListItem\",\"position\":1,\"name\":\"Home\",\"item\":\"https:\\\/\\\/dana.com.br\\\/canaldana\\\/\"},{\"@type\":\"ListItem\",\"position\":2,\"name\":\"Pr\u00eamios\",\"item\":\"https:\\\/\\\/dana.com.br\\\/canaldana\\\/premios\\\/\"},{\"@type\":\"ListItem\",\"position\":3,\"name\":\"MAN Latin America recebe pr\u00eamio pelo Programa na M\u00e3o Certa\"}]},{\"@type\":\"WebSite\",\"@id\":\"https:\\\/\\\/dana.com.br\\\/canaldana\\\/#website\",\"url\":\"https:\\\/\\\/dana.com.br\\\/canaldana\\\/\",\"name\":\"Canal Dana\",\"description\":\"Informativo com as principais not\u00edcias da ind\u00fastria automotiva\",\"potentialAction\":[{\"@type\":\"SearchAction\",\"target\":{\"@type\":\"EntryPoint\",\"urlTemplate\":\"https:\\\/\\\/dana.com.br\\\/canaldana\\\/?s={search_term_string}\"},\"query-input\":{\"@type\":\"PropertyValueSpecification\",\"valueRequired\":true,\"valueName\":\"search_term_string\"}}],\"inLanguage\":\"pt-BR\"},{\"@type\":\"Person\",\"@id\":\"https:\\\/\\\/dana.com.br\\\/canaldana\\\/#\\\/schema\\\/person\\\/3c21f22f56fcf3bc46b94bc60ea4fef6\",\"name\":\"Canal Dana\",\"image\":{\"@type\":\"ImageObject\",\"inLanguage\":\"pt-BR\",\"@id\":\"https:\\\/\\\/secure.gravatar.com\\\/avatar\\\/420aaf9278582877d9018637c6817617705899d2858d7572ef0fe59a6b6454b4?s=96&d=mm&r=g\",\"url\":\"https:\\\/\\\/secure.gravatar.com\\\/avatar\\\/420aaf9278582877d9018637c6817617705899d2858d7572ef0fe59a6b6454b4?s=96&d=mm&r=g\",\"contentUrl\":\"https:\\\/\\\/secure.gravatar.com\\\/avatar\\\/420aaf9278582877d9018637c6817617705899d2858d7572ef0fe59a6b6454b4?s=96&d=mm&r=g\",\"caption\":\"Canal Dana\"},\"url\":\"https:\\\/\\\/dana.com.br\\\/canaldana\\\/author\\\/cdeditor\\\/\"}]}<\/script>\n<!-- \/ Yoast SEO plugin. -->","yoast_head_json":{"title":"MAN Latin America recebe pr\u00eamio pelo Programa na M\u00e3o Certa - Canal Dana","robots":{"index":"index","follow":"follow","max-snippet":"max-snippet:-1","max-image-preview":"max-image-preview:large","max-video-preview":"max-video-preview:-1"},"canonical":"https:\/\/dana.com.br\/canaldana\/2017\/12\/21\/man-latin-america-recebe-premio-pelo-programa-na-mao-certa\/","og_locale":"pt_BR","og_type":"article","og_title":"MAN Latin America recebe pr\u00eamio pelo Programa na M\u00e3o Certa - Canal Dana","og_description":"O Brasil Sobre Rodas &nbsp; D\u00e9cima primeira edi\u00e7\u00e3o do Encontro Anual do Programa Na M\u00e3o Certa homenageia a MAN Latin America por lutar pelo fim da viol\u00eancia sexual nas rodovias brasileiras. &nbsp; Como forma de reconhecer empresas que contribu\u00edram para o Programa Na M\u00e3o Certa durante o ano, a Childhood Brasil homenageou a MAN Latin\u2026 Leia mais \u00bb","og_url":"https:\/\/dana.com.br\/canaldana\/2017\/12\/21\/man-latin-america-recebe-premio-pelo-programa-na-mao-certa\/","og_site_name":"Canal Dana","article_published_time":"2017-12-21T10:25:40+00:00","article_modified_time":"2017-12-21T10:30:56+00:00","author":"Canal Dana","twitter_card":"summary_large_image","twitter_misc":{"Escrito por":"Canal Dana","Est. tempo de leitura":"2 minutos"},"schema":{"@context":"https:\/\/schema.org","@graph":[{"@type":"Article","@id":"https:\/\/dana.com.br\/canaldana\/2017\/12\/21\/man-latin-america-recebe-premio-pelo-programa-na-mao-certa\/#article","isPartOf":{"@id":"https:\/\/dana.com.br\/canaldana\/2017\/12\/21\/man-latin-america-recebe-premio-pelo-programa-na-mao-certa\/"},"author":{"name":"Canal Dana","@id":"https:\/\/dana.com.br\/canaldana\/#\/schema\/person\/3c21f22f56fcf3bc46b94bc60ea4fef6"},"headline":"MAN Latin America recebe pr\u00eamio pelo Programa na M\u00e3o Certa","datePublished":"2017-12-21T10:25:40+00:00","dateModified":"2017-12-21T10:30:56+00:00","mainEntityOfPage":{"@id":"https:\/\/dana.com.br\/canaldana\/2017\/12\/21\/man-latin-america-recebe-premio-pelo-programa-na-mao-certa\/"},"wordCount":349,"articleSection":["Pr\u00eamios"],"inLanguage":"pt-BR"},{"@type":"WebPage","@id":"https:\/\/dana.com.br\/canaldana\/2017\/12\/21\/man-latin-america-recebe-premio-pelo-programa-na-mao-certa\/","url":"https:\/\/dana.com.br\/canaldana\/2017\/12\/21\/man-latin-america-recebe-premio-pelo-programa-na-mao-certa\/","name":"MAN Latin America recebe pr\u00eamio pelo Programa na M\u00e3o Certa - Canal Dana","isPartOf":{"@id":"https:\/\/dana.com.br\/canaldana\/#website"},"datePublished":"2017-12-21T10:25:40+00:00","dateModified":"2017-12-21T10:30:56+00:00","author":{"@id":"https:\/\/dana.com.br\/canaldana\/#\/schema\/person\/3c21f22f56fcf3bc46b94bc60ea4fef6"},"breadcrumb":{"@id":"https:\/\/dana.com.br\/canaldana\/2017\/12\/21\/man-latin-america-recebe-premio-pelo-programa-na-mao-certa\/#breadcrumb"},"inLanguage":"pt-BR","potentialAction":[{"@type":"ReadAction","target":["https:\/\/dana.com.br\/canaldana\/2017\/12\/21\/man-latin-america-recebe-premio-pelo-programa-na-mao-certa\/"]}]},{"@type":"BreadcrumbList","@id":"https:\/\/dana.com.br\/canaldana\/2017\/12\/21\/man-latin-america-recebe-premio-pelo-programa-na-mao-certa\/#breadcrumb","itemListElement":[{"@type":"ListItem","position":1,"name":"Home","item":"https:\/\/dana.com.br\/canaldana\/"},{"@type":"ListItem","position":2,"name":"Pr\u00eamios","item":"https:\/\/dana.com.br\/canaldana\/premios\/"},{"@type":"ListItem","position":3,"name":"MAN Latin America recebe pr\u00eamio pelo Programa na M\u00e3o Certa"}]},{"@type":"WebSite","@id":"https:\/\/dana.com.br\/canaldana\/#website","url":"https:\/\/dana.com.br\/canaldana\/","name":"Canal Dana","description":"Informativo com as principais not\u00edcias da ind\u00fastria automotiva","potentialAction":[{"@type":"SearchAction","target":{"@type":"EntryPoint","urlTemplate":"https:\/\/dana.com.br\/canaldana\/?s={search_term_string}"},"query-input":{"@type":"PropertyValueSpecification","valueRequired":true,"valueName":"search_term_string"}}],"inLanguage":"pt-BR"},{"@type":"Person","@id":"https:\/\/dana.com.br\/canaldana\/#\/schema\/person\/3c21f22f56fcf3bc46b94bc60ea4fef6","name":"Canal Dana","image":{"@type":"ImageObject","inLanguage":"pt-BR","@id":"https:\/\/secure.gravatar.com\/avatar\/420aaf9278582877d9018637c6817617705899d2858d7572ef0fe59a6b6454b4?s=96&d=mm&r=g","url":"https:\/\/secure.gravatar.com\/avatar\/420aaf9278582877d9018637c6817617705899d2858d7572ef0fe59a6b6454b4?s=96&d=mm&r=g","contentUrl":"https:\/\/secure.gravatar.com\/avatar\/420aaf9278582877d9018637c6817617705899d2858d7572ef0fe59a6b6454b4?s=96&d=mm&r=g","caption":"Canal Dana"},"url":"https:\/\/dana.com.br\/canaldana\/author\/cdeditor\/"}]}},"_links":{"self":[{"href":"https:\/\/dana.com.br\/canaldana\/wp-json\/wp\/v2\/posts\/22210","targetHints":{"allow":["GET"]}}],"collection":[{"href":"https:\/\/dana.com.br\/canaldana\/wp-json\/wp\/v2\/posts"}],"about":[{"href":"https:\/\/dana.com.br\/canaldana\/wp-json\/wp\/v2\/types\/post"}],"author":[{"embeddable":true,"href":"https:\/\/dana.com.br\/canaldana\/wp-json\/wp\/v2\/users\/3"}],"replies":[{"embeddable":true,"href":"https:\/\/dana.com.br\/canaldana\/wp-json\/wp\/v2\/comments?post=22210"}],"version-history":[{"count":0,"href":"https:\/\/dana.com.br\/canaldana\/wp-json\/wp\/v2\/posts\/22210\/revisions"}],"wp:attachment":[{"href":"https:\/\/dana.com.br\/canaldana\/wp-json\/wp\/v2\/media?parent=22210"}],"wp:term":[{"taxonomy":"category","embeddable":true,"href":"https:\/\/dana.com.br\/canaldana\/wp-json\/wp\/v2\/categories?post=22210"},{"taxonomy":"post_tag","embeddable":true,"href":"https:\/\/dana.com.br\/canaldana\/wp-json\/wp\/v2\/tags?post=22210"}],"curies":[{"name":"wp","href":"https:\/\/api.w.org\/{rel}","templated":true}]}}