{"id":22134,"date":"2017-12-19T08:42:39","date_gmt":"2017-12-19T10:42:39","guid":{"rendered":"http:\/\/dana.com.br\/canaldana\/?p=22134"},"modified":"2017-12-19T08:42:39","modified_gmt":"2017-12-19T10:42:39","slug":"audi-conquista-outros-dois-importantes-premios-do-setor","status":"publish","type":"post","link":"https:\/\/dana.com.br\/canaldana\/2017\/12\/19\/audi-conquista-outros-dois-importantes-premios-do-setor\/","title":{"rendered":"Audi conquista outros dois importantes pr\u00eamios do setor"},"content":{"rendered":"<p><em>Portal Segs<\/em><\/p>\n<p>&nbsp;<\/p>\n<p>Na \u00faltima sexta-feira, dia 15, o Audi A5 Sportback foi eleito o \u201cMelhor Importado\u201d e o A3 Sedan 2.0 levou o trof\u00e9u na categoria \u201cMelhor carro nacional acima de 1.601 cc\u201d na 19\u00aa edi\u00e7\u00e3o do \u201cPr\u00eamio da Imprensa Automotiva\u201d, realizado pela Associa\u00e7\u00e3o Brasileira da Imprensa Automotiva (Abiauto). O A5 tamb\u00e9m foi um dos vencedores do Pr\u00eamio Carpress, reconhecido como o \u2018Melhor Carro Premium\u2019.<\/p>\n<p>&nbsp;<\/p>\n<p>\u201cEstamos muito orgulhosos com mais estas conquistas, que atestam n\u00e3o s\u00f3 a qualidade dos nossos modelos, mas tamb\u00e9m reconhecem os diferenciais que fazem da Audi uma marca inovadora, com muita tecnologia embarcada e muitos carros potentes\u201d, ressalta Johannes Roscheck, presidente e CEO da Audi do Brasil.<\/p>\n<p>&nbsp;<\/p>\n<p>O Pr\u00eamio da Imprensa Automotiva contou com um j\u00fari formado por 33 jornalistas especializados no setor automotivo, que elegeram os carros em sete categorias. O A5 Sportback concorreu com o Chevrolet Camaro, Ford Fusion, Golf Variant e Passat. Lan\u00e7ado em julho no Brasil, o A5 j\u00e1 acumula seis pr\u00eamios em 2017: Carro Premium do Ano (Autoesporte), Melhor Importado da Am\u00e9rica Latina (Americar), Carro Premium\/Luxo (L\u2019Auto Preferita), Melhor Carro Importado (Car Awards e Top Car TV) e agora o da Abiauto.<\/p>\n<p>&nbsp;<\/p>\n<p>J\u00e1 o A3 Sedan 2.0 se saiu melhor na disputa com o Honda Civic, Mercedes-Benz Classe C 180, Corolla e Golf. A vers\u00e3o 2017 foi apresentada neste ano e vem equipada com motor 2.0 TFSI de 220 cv de pot\u00eancia. O modelo topo de linha, produzido em S\u00e3o Jos\u00e9 dos Pinhais (PR), tem ampla gama de equipamentos de s\u00e9rie, que o colocam em um patamar equivalente a modelos de categorias superiores. Outro destaque da vers\u00e3o Ambition \u00e9 o Audi virtual cockpit, uma tela de instrumentos totalmente digital que mostra as informa\u00e7\u00f5es mais importantes por meio de gr\u00e1ficos de alta resolu\u00e7\u00e3o. \u00c9 o primeiro compacto premium a oferecer painel de instrumentos digital no mercado brasileiro.<\/p>\n<p>&nbsp;<\/p>\n<p><strong>Pr\u00eamio Carpress<\/strong><\/p>\n<p>&nbsp;<\/p>\n<p>O A5 Sportback tamb\u00e9m foi eleito o \u2018Melhor Carro Premium (a partir de R$ 110 mil)\u2019 na edi\u00e7\u00e3o 2017 do Pr\u00eamio Carpress, vencendo o Citro\u00ebn C4 Picasso e o Chevrolet Camaro SS.<\/p>\n<p>&nbsp;<\/p>\n<p>Dez especialistas, todos eles com forte atua\u00e7\u00e3o no segmento automotivo, votaram para eleger os campe\u00f5es. As categorias Melhor Carro, Melhor Carro Premium e Melhor SUV foram realizadas em duas rodadas, com tr\u00eas finalistas. As demais em elei\u00e7\u00e3o simples, com indica\u00e7\u00f5es feitas a partir de conversas com jurados, assessorias e executivos. (Portal Segs\/Christian Marxen)<\/p>\n","protected":false},"excerpt":{"rendered":"<p>Portal Segs &nbsp; Na \u00faltima sexta-feira, dia 15, o Audi A5 Sportback foi eleito o \u201cMelhor Importado\u201d e o A3 Sedan 2.0 levou o trof\u00e9u na categoria \u201cMelhor carro nacional acima de 1.601 cc\u201d na 19\u00aa edi\u00e7\u00e3o do \u201cPr\u00eamio da Imprensa Automotiva\u201d, realizado pela Associa\u00e7\u00e3o Brasileira da Imprensa Automotiva (Abiauto). O A5 tamb\u00e9m foi um\u2026 <a class=\"readmore\" href=\"https:\/\/dana.com.br\/canaldana\/2017\/12\/19\/audi-conquista-outros-dois-importantes-premios-do-setor\/\">Leia mais \u00bb<\/a><\/p>\n","protected":false},"author":3,"featured_media":0,"comment_status":"closed","ping_status":"closed","sticky":false,"template":"","format":"standard","meta":{"_acf_changed":false,"footnotes":""},"categories":[74],"tags":[],"class_list":["post-22134","post","type-post","status-publish","format-standard","hentry","category-premios"],"acf":[],"yoast_head":"<!-- This site is optimized with the Yoast SEO plugin v27.3 - https:\/\/yoast.com\/product\/yoast-seo-wordpress\/ -->\n<title>Audi conquista outros dois importantes pr\u00eamios do setor - Canal Dana<\/title>\n<meta name=\"robots\" content=\"index, follow, max-snippet:-1, max-image-preview:large, max-video-preview:-1\" \/>\n<link rel=\"canonical\" href=\"https:\/\/dana.com.br\/canaldana\/2017\/12\/19\/audi-conquista-outros-dois-importantes-premios-do-setor\/\" \/>\n<meta property=\"og:locale\" content=\"pt_BR\" \/>\n<meta property=\"og:type\" content=\"article\" \/>\n<meta property=\"og:title\" content=\"Audi conquista outros dois importantes pr\u00eamios do setor - Canal Dana\" \/>\n<meta property=\"og:description\" content=\"Portal Segs &nbsp; Na \u00faltima sexta-feira, dia 15, o Audi A5 Sportback foi eleito o \u201cMelhor Importado\u201d e o A3 Sedan 2.0 levou o trof\u00e9u na categoria \u201cMelhor carro nacional acima de 1.601 cc\u201d na 19\u00aa edi\u00e7\u00e3o do \u201cPr\u00eamio da Imprensa Automotiva\u201d, realizado pela Associa\u00e7\u00e3o Brasileira da Imprensa Automotiva (Abiauto). O A5 tamb\u00e9m foi um\u2026 Leia mais \u00bb\" \/>\n<meta property=\"og:url\" content=\"https:\/\/dana.com.br\/canaldana\/2017\/12\/19\/audi-conquista-outros-dois-importantes-premios-do-setor\/\" \/>\n<meta property=\"og:site_name\" content=\"Canal Dana\" \/>\n<meta property=\"article:published_time\" content=\"2017-12-19T10:42:39+00:00\" \/>\n<meta name=\"author\" content=\"Canal Dana\" \/>\n<meta name=\"twitter:card\" content=\"summary_large_image\" \/>\n<meta name=\"twitter:label1\" content=\"Escrito por\" \/>\n\t<meta name=\"twitter:data1\" content=\"Canal Dana\" \/>\n\t<meta name=\"twitter:label2\" content=\"Est. tempo de leitura\" \/>\n\t<meta name=\"twitter:data2\" content=\"2 minutos\" \/>\n<script type=\"application\/ld+json\" class=\"yoast-schema-graph\">{\"@context\":\"https:\\\/\\\/schema.org\",\"@graph\":[{\"@type\":\"Article\",\"@id\":\"https:\\\/\\\/dana.com.br\\\/canaldana\\\/2017\\\/12\\\/19\\\/audi-conquista-outros-dois-importantes-premios-do-setor\\\/#article\",\"isPartOf\":{\"@id\":\"https:\\\/\\\/dana.com.br\\\/canaldana\\\/2017\\\/12\\\/19\\\/audi-conquista-outros-dois-importantes-premios-do-setor\\\/\"},\"author\":{\"name\":\"Canal Dana\",\"@id\":\"https:\\\/\\\/dana.com.br\\\/canaldana\\\/#\\\/schema\\\/person\\\/3c21f22f56fcf3bc46b94bc60ea4fef6\"},\"headline\":\"Audi conquista outros dois importantes pr\u00eamios do setor\",\"datePublished\":\"2017-12-19T10:42:39+00:00\",\"mainEntityOfPage\":{\"@id\":\"https:\\\/\\\/dana.com.br\\\/canaldana\\\/2017\\\/12\\\/19\\\/audi-conquista-outros-dois-importantes-premios-do-setor\\\/\"},\"wordCount\":427,\"articleSection\":[\"Pr\u00eamios\"],\"inLanguage\":\"pt-BR\"},{\"@type\":\"WebPage\",\"@id\":\"https:\\\/\\\/dana.com.br\\\/canaldana\\\/2017\\\/12\\\/19\\\/audi-conquista-outros-dois-importantes-premios-do-setor\\\/\",\"url\":\"https:\\\/\\\/dana.com.br\\\/canaldana\\\/2017\\\/12\\\/19\\\/audi-conquista-outros-dois-importantes-premios-do-setor\\\/\",\"name\":\"Audi conquista outros dois importantes pr\u00eamios do setor - Canal Dana\",\"isPartOf\":{\"@id\":\"https:\\\/\\\/dana.com.br\\\/canaldana\\\/#website\"},\"datePublished\":\"2017-12-19T10:42:39+00:00\",\"author\":{\"@id\":\"https:\\\/\\\/dana.com.br\\\/canaldana\\\/#\\\/schema\\\/person\\\/3c21f22f56fcf3bc46b94bc60ea4fef6\"},\"breadcrumb\":{\"@id\":\"https:\\\/\\\/dana.com.br\\\/canaldana\\\/2017\\\/12\\\/19\\\/audi-conquista-outros-dois-importantes-premios-do-setor\\\/#breadcrumb\"},\"inLanguage\":\"pt-BR\",\"potentialAction\":[{\"@type\":\"ReadAction\",\"target\":[\"https:\\\/\\\/dana.com.br\\\/canaldana\\\/2017\\\/12\\\/19\\\/audi-conquista-outros-dois-importantes-premios-do-setor\\\/\"]}]},{\"@type\":\"BreadcrumbList\",\"@id\":\"https:\\\/\\\/dana.com.br\\\/canaldana\\\/2017\\\/12\\\/19\\\/audi-conquista-outros-dois-importantes-premios-do-setor\\\/#breadcrumb\",\"itemListElement\":[{\"@type\":\"ListItem\",\"position\":1,\"name\":\"Home\",\"item\":\"https:\\\/\\\/dana.com.br\\\/canaldana\\\/\"},{\"@type\":\"ListItem\",\"position\":2,\"name\":\"Pr\u00eamios\",\"item\":\"https:\\\/\\\/dana.com.br\\\/canaldana\\\/premios\\\/\"},{\"@type\":\"ListItem\",\"position\":3,\"name\":\"Audi conquista outros dois importantes pr\u00eamios do setor\"}]},{\"@type\":\"WebSite\",\"@id\":\"https:\\\/\\\/dana.com.br\\\/canaldana\\\/#website\",\"url\":\"https:\\\/\\\/dana.com.br\\\/canaldana\\\/\",\"name\":\"Canal Dana\",\"description\":\"Informativo com as principais not\u00edcias da ind\u00fastria automotiva\",\"potentialAction\":[{\"@type\":\"SearchAction\",\"target\":{\"@type\":\"EntryPoint\",\"urlTemplate\":\"https:\\\/\\\/dana.com.br\\\/canaldana\\\/?s={search_term_string}\"},\"query-input\":{\"@type\":\"PropertyValueSpecification\",\"valueRequired\":true,\"valueName\":\"search_term_string\"}}],\"inLanguage\":\"pt-BR\"},{\"@type\":\"Person\",\"@id\":\"https:\\\/\\\/dana.com.br\\\/canaldana\\\/#\\\/schema\\\/person\\\/3c21f22f56fcf3bc46b94bc60ea4fef6\",\"name\":\"Canal Dana\",\"image\":{\"@type\":\"ImageObject\",\"inLanguage\":\"pt-BR\",\"@id\":\"https:\\\/\\\/secure.gravatar.com\\\/avatar\\\/420aaf9278582877d9018637c6817617705899d2858d7572ef0fe59a6b6454b4?s=96&d=mm&r=g\",\"url\":\"https:\\\/\\\/secure.gravatar.com\\\/avatar\\\/420aaf9278582877d9018637c6817617705899d2858d7572ef0fe59a6b6454b4?s=96&d=mm&r=g\",\"contentUrl\":\"https:\\\/\\\/secure.gravatar.com\\\/avatar\\\/420aaf9278582877d9018637c6817617705899d2858d7572ef0fe59a6b6454b4?s=96&d=mm&r=g\",\"caption\":\"Canal Dana\"},\"url\":\"https:\\\/\\\/dana.com.br\\\/canaldana\\\/author\\\/cdeditor\\\/\"}]}<\/script>\n<!-- \/ Yoast SEO plugin. -->","yoast_head_json":{"title":"Audi conquista outros dois importantes pr\u00eamios do setor - Canal Dana","robots":{"index":"index","follow":"follow","max-snippet":"max-snippet:-1","max-image-preview":"max-image-preview:large","max-video-preview":"max-video-preview:-1"},"canonical":"https:\/\/dana.com.br\/canaldana\/2017\/12\/19\/audi-conquista-outros-dois-importantes-premios-do-setor\/","og_locale":"pt_BR","og_type":"article","og_title":"Audi conquista outros dois importantes pr\u00eamios do setor - Canal Dana","og_description":"Portal Segs &nbsp; Na \u00faltima sexta-feira, dia 15, o Audi A5 Sportback foi eleito o \u201cMelhor Importado\u201d e o A3 Sedan 2.0 levou o trof\u00e9u na categoria \u201cMelhor carro nacional acima de 1.601 cc\u201d na 19\u00aa edi\u00e7\u00e3o do \u201cPr\u00eamio da Imprensa Automotiva\u201d, realizado pela Associa\u00e7\u00e3o Brasileira da Imprensa Automotiva (Abiauto). O A5 tamb\u00e9m foi um\u2026 Leia mais \u00bb","og_url":"https:\/\/dana.com.br\/canaldana\/2017\/12\/19\/audi-conquista-outros-dois-importantes-premios-do-setor\/","og_site_name":"Canal Dana","article_published_time":"2017-12-19T10:42:39+00:00","author":"Canal Dana","twitter_card":"summary_large_image","twitter_misc":{"Escrito por":"Canal Dana","Est. tempo de leitura":"2 minutos"},"schema":{"@context":"https:\/\/schema.org","@graph":[{"@type":"Article","@id":"https:\/\/dana.com.br\/canaldana\/2017\/12\/19\/audi-conquista-outros-dois-importantes-premios-do-setor\/#article","isPartOf":{"@id":"https:\/\/dana.com.br\/canaldana\/2017\/12\/19\/audi-conquista-outros-dois-importantes-premios-do-setor\/"},"author":{"name":"Canal Dana","@id":"https:\/\/dana.com.br\/canaldana\/#\/schema\/person\/3c21f22f56fcf3bc46b94bc60ea4fef6"},"headline":"Audi conquista outros dois importantes pr\u00eamios do setor","datePublished":"2017-12-19T10:42:39+00:00","mainEntityOfPage":{"@id":"https:\/\/dana.com.br\/canaldana\/2017\/12\/19\/audi-conquista-outros-dois-importantes-premios-do-setor\/"},"wordCount":427,"articleSection":["Pr\u00eamios"],"inLanguage":"pt-BR"},{"@type":"WebPage","@id":"https:\/\/dana.com.br\/canaldana\/2017\/12\/19\/audi-conquista-outros-dois-importantes-premios-do-setor\/","url":"https:\/\/dana.com.br\/canaldana\/2017\/12\/19\/audi-conquista-outros-dois-importantes-premios-do-setor\/","name":"Audi conquista outros dois importantes pr\u00eamios do setor - Canal Dana","isPartOf":{"@id":"https:\/\/dana.com.br\/canaldana\/#website"},"datePublished":"2017-12-19T10:42:39+00:00","author":{"@id":"https:\/\/dana.com.br\/canaldana\/#\/schema\/person\/3c21f22f56fcf3bc46b94bc60ea4fef6"},"breadcrumb":{"@id":"https:\/\/dana.com.br\/canaldana\/2017\/12\/19\/audi-conquista-outros-dois-importantes-premios-do-setor\/#breadcrumb"},"inLanguage":"pt-BR","potentialAction":[{"@type":"ReadAction","target":["https:\/\/dana.com.br\/canaldana\/2017\/12\/19\/audi-conquista-outros-dois-importantes-premios-do-setor\/"]}]},{"@type":"BreadcrumbList","@id":"https:\/\/dana.com.br\/canaldana\/2017\/12\/19\/audi-conquista-outros-dois-importantes-premios-do-setor\/#breadcrumb","itemListElement":[{"@type":"ListItem","position":1,"name":"Home","item":"https:\/\/dana.com.br\/canaldana\/"},{"@type":"ListItem","position":2,"name":"Pr\u00eamios","item":"https:\/\/dana.com.br\/canaldana\/premios\/"},{"@type":"ListItem","position":3,"name":"Audi conquista outros dois importantes pr\u00eamios do setor"}]},{"@type":"WebSite","@id":"https:\/\/dana.com.br\/canaldana\/#website","url":"https:\/\/dana.com.br\/canaldana\/","name":"Canal Dana","description":"Informativo com as principais not\u00edcias da ind\u00fastria automotiva","potentialAction":[{"@type":"SearchAction","target":{"@type":"EntryPoint","urlTemplate":"https:\/\/dana.com.br\/canaldana\/?s={search_term_string}"},"query-input":{"@type":"PropertyValueSpecification","valueRequired":true,"valueName":"search_term_string"}}],"inLanguage":"pt-BR"},{"@type":"Person","@id":"https:\/\/dana.com.br\/canaldana\/#\/schema\/person\/3c21f22f56fcf3bc46b94bc60ea4fef6","name":"Canal Dana","image":{"@type":"ImageObject","inLanguage":"pt-BR","@id":"https:\/\/secure.gravatar.com\/avatar\/420aaf9278582877d9018637c6817617705899d2858d7572ef0fe59a6b6454b4?s=96&d=mm&r=g","url":"https:\/\/secure.gravatar.com\/avatar\/420aaf9278582877d9018637c6817617705899d2858d7572ef0fe59a6b6454b4?s=96&d=mm&r=g","contentUrl":"https:\/\/secure.gravatar.com\/avatar\/420aaf9278582877d9018637c6817617705899d2858d7572ef0fe59a6b6454b4?s=96&d=mm&r=g","caption":"Canal Dana"},"url":"https:\/\/dana.com.br\/canaldana\/author\/cdeditor\/"}]}},"_links":{"self":[{"href":"https:\/\/dana.com.br\/canaldana\/wp-json\/wp\/v2\/posts\/22134","targetHints":{"allow":["GET"]}}],"collection":[{"href":"https:\/\/dana.com.br\/canaldana\/wp-json\/wp\/v2\/posts"}],"about":[{"href":"https:\/\/dana.com.br\/canaldana\/wp-json\/wp\/v2\/types\/post"}],"author":[{"embeddable":true,"href":"https:\/\/dana.com.br\/canaldana\/wp-json\/wp\/v2\/users\/3"}],"replies":[{"embeddable":true,"href":"https:\/\/dana.com.br\/canaldana\/wp-json\/wp\/v2\/comments?post=22134"}],"version-history":[{"count":0,"href":"https:\/\/dana.com.br\/canaldana\/wp-json\/wp\/v2\/posts\/22134\/revisions"}],"wp:attachment":[{"href":"https:\/\/dana.com.br\/canaldana\/wp-json\/wp\/v2\/media?parent=22134"}],"wp:term":[{"taxonomy":"category","embeddable":true,"href":"https:\/\/dana.com.br\/canaldana\/wp-json\/wp\/v2\/categories?post=22134"},{"taxonomy":"post_tag","embeddable":true,"href":"https:\/\/dana.com.br\/canaldana\/wp-json\/wp\/v2\/tags?post=22134"}],"curies":[{"name":"wp","href":"https:\/\/api.w.org\/{rel}","templated":true}]}}