{"id":22016,"date":"2017-12-14T08:18:10","date_gmt":"2017-12-14T10:18:10","guid":{"rendered":"http:\/\/dana.com.br\/canaldana\/?p=22016"},"modified":"2017-12-14T08:18:10","modified_gmt":"2017-12-14T10:18:10","slug":"contribuicao-do-consumidor","status":"publish","type":"post","link":"https:\/\/dana.com.br\/canaldana\/2017\/12\/14\/contribuicao-do-consumidor\/","title":{"rendered":"A contribui\u00e7\u00e3o do consumidor"},"content":{"rendered":"<p><em>O Estado de S. Paulo<\/em><\/p>\n<p>&nbsp;<\/p>\n<p>O consumidor continuou comprando em outubro com mais disposi\u00e7\u00e3o que no ano anterior, embora com mais modera\u00e7\u00e3o que em setembro. A compara\u00e7\u00e3o dos n\u00fameros deste ano com os de 2016 mostra uma firme expans\u00e3o de vendas de lojas e supermercados, mesmo com algumas oscila\u00e7\u00f5es de um m\u00eas para outro. Em outubro, o volume de vendas do varejo restrito foi 0,9% menor que o de setembro. No varejo ampliado \u2013 com inclus\u00e3o de ve\u00edculos, componentes de carros e motos e material de constru\u00e7\u00e3o \u2013 o recuo foi de 1,4%. Mas foram quedas pontuais, sem mudan\u00e7a da trajet\u00f3ria de recupera\u00e7\u00e3o, comentou o economista-chefe da MB Associados, S\u00e9rgio Vale, expressando avalia\u00e7\u00e3o semelhante \u00e0 de outros t\u00e9cnicos de consultorias e de institui\u00e7\u00f5es financeiras. Descontada a incerteza pol\u00edtica, tudo parece apontar uma reativa\u00e7\u00e3o do consumo mais acentuada em 2018.<\/p>\n<p>&nbsp;<\/p>\n<p>Apesar da melhora, o consumo continua abaixo dos n\u00edveis alcan\u00e7ados antes da recess\u00e3o. Mas os danos produzidos pela gest\u00e3o da presidente Dilma Rousseff, gran finale da tragicom\u00e9dia petista, v\u00eam sendo reparados at\u00e9 mais velozmente do que se estimava no come\u00e7o do ano. As despesas dos consumidores foram o principal motor do crescimento no terceiro trimestre e continuam estimulando a produ\u00e7\u00e3o industrial. O quadro de recupera\u00e7\u00e3o do com\u00e9rcio fica mais claro quando se comparam os n\u00fameros de cada m\u00eas com os de um ano antes.<\/p>\n<p>&nbsp;<\/p>\n<p>Desde abril as vendas do varejo restrito superam as do m\u00eas correspondente de 2016. Em abril, o volume foi 1,7% maior que o do ano anterior. A diferen\u00e7a cresceu m\u00eas a m\u00eas at\u00e9 atingir 6,2% em setembro. Em outubro ficou em 2,5%, mas a trajet\u00f3ria positiva foi mantida.<\/p>\n<p>&nbsp;<\/p>\n<p>No varejo ampliado o registro de volumes maiores que os de um ano antes come\u00e7ou em maio, com uma diferen\u00e7a de 4,9%. A maior dist\u00e2ncia entre os dados mensais de 2017 e 2016, verificada em setembro, foi de 9,2%. Em outubro, a vantagem ficou em 7,5%. No varejo ampliado, a recupera\u00e7\u00e3o resultou da melhora das vendas de ve\u00edculos e componentes e de material de constru\u00e7\u00e3o.<\/p>\n<p>&nbsp;<\/p>\n<p>H\u00e1, no entanto, um pormenor curioso nesses dados. As vendas de ve\u00edculos e componentes no varejo t\u00eam estado em linha com a reativa\u00e7\u00e3o geral da ind\u00fastria de transforma\u00e7\u00e3o. Nesse movimento o desempenho das montadoras tem sido um dos destaques. A ind\u00fastria da constru\u00e7\u00e3o, no entanto, continuou em m\u00e1s condi\u00e7\u00f5es at\u00e9 o terceiro trimestre, numa trajet\u00f3ria contrastante com a das vendas de material no varejo.<\/p>\n<p>&nbsp;<\/p>\n<p>Parte da explica\u00e7\u00e3o deve estar na estagna\u00e7\u00e3o do investimento em infraestrutura, uma das travas \u00e0 recupera\u00e7\u00e3o mais ampla e mais veloz da economia. Essa trava prejudica a recupera\u00e7\u00e3o nesta fase quanto \u00e0s perspectivas de acelera\u00e7\u00e3o no m\u00e9dio e no longo prazos.<\/p>\n<p>&nbsp;<\/p>\n<p>Mas os consumidores v\u00eam fazendo sua parte. Em outubro, o crescimento em 12 meses do varejo restrito atingiu 0,3% e foi positivo pela primeira vez desde abril de 2015. Tamb\u00e9m no varejo ampliado o desempenho foi positivo, com expans\u00e3o de 1,4%. O \u00faltimo resultado positivo, de 0,6%, havia sido contabilizado nos 12 meses terminados em agosto de 2014.<\/p>\n<p>&nbsp;<\/p>\n<p>A incipiente recupera\u00e7\u00e3o do consumo \u00e9 atribu\u00edvel em boa parte \u00e0 conten\u00e7\u00e3o da infla\u00e7\u00e3o. Depois de ter superado a taxa anual de 10% na passagem de 2015 para 2016, a infla\u00e7\u00e3o come\u00e7ou a recuar. O controle resultou principalmente da pol\u00edtica monet\u00e1ria respons\u00e1vel. A boa oferta de alimentos contribuiu para a redu\u00e7\u00e3o das press\u00f5es sobre os or\u00e7amentos familiares, mas a maior parte dos grupos de pre\u00e7os evoluiu de forma bem mais favor\u00e1vel, especialmente ao longo de 2017. O aumento da oferta de empregos, neste ano, tamb\u00e9m reduziu a inseguran\u00e7a dos consumidores. Assim se criaram condi\u00e7\u00f5es para um retorno gradual \u00e0s compras. Com sensatez e responsabilidade, qualidades nem sempre abundantes na Pra\u00e7a dos Tr\u00eas Poderes, ser\u00e1 poss\u00edvel preservar essas condi\u00e7\u00f5es.<\/p>\n<p>&nbsp;<\/p>\n<p>Corre\u00e7\u00e3o: No editorial O acordo sobre os pacotes publicado ontem, foi mencionado que ele envolvia, entre outros pacotes econ\u00f4micos, o Plano Collor I. O acordo, contudo, abrangeu outros planos e deixou o Collor I de fora. (O Estado de S. Paulo)<\/p>\n","protected":false},"excerpt":{"rendered":"<p>O Estado de S. Paulo &nbsp; O consumidor continuou comprando em outubro com mais disposi\u00e7\u00e3o que no ano anterior, embora com mais modera\u00e7\u00e3o que em setembro. A compara\u00e7\u00e3o dos n\u00fameros deste ano com os de 2016 mostra uma firme expans\u00e3o de vendas de lojas e supermercados, mesmo com algumas oscila\u00e7\u00f5es de um m\u00eas para outro.\u2026 <a class=\"readmore\" href=\"https:\/\/dana.com.br\/canaldana\/2017\/12\/14\/contribuicao-do-consumidor\/\">Leia mais \u00bb<\/a><\/p>\n","protected":false},"author":3,"featured_media":0,"comment_status":"closed","ping_status":"closed","sticky":false,"template":"","format":"standard","meta":{"_acf_changed":false,"footnotes":""},"categories":[100],"tags":[],"class_list":["post-22016","post","type-post","status-publish","format-standard","hentry","category-artigo"],"acf":[],"yoast_head":"<!-- This site is optimized with the Yoast SEO plugin v27.3 - https:\/\/yoast.com\/product\/yoast-seo-wordpress\/ -->\n<title>A contribui\u00e7\u00e3o do consumidor - Canal Dana<\/title>\n<meta name=\"robots\" content=\"index, follow, max-snippet:-1, max-image-preview:large, max-video-preview:-1\" \/>\n<link rel=\"canonical\" href=\"https:\/\/dana.com.br\/canaldana\/2017\/12\/14\/contribuicao-do-consumidor\/\" \/>\n<meta property=\"og:locale\" content=\"pt_BR\" \/>\n<meta property=\"og:type\" content=\"article\" \/>\n<meta property=\"og:title\" content=\"A contribui\u00e7\u00e3o do consumidor - Canal Dana\" \/>\n<meta property=\"og:description\" content=\"O Estado de S. Paulo &nbsp; O consumidor continuou comprando em outubro com mais disposi\u00e7\u00e3o que no ano anterior, embora com mais modera\u00e7\u00e3o que em setembro. A compara\u00e7\u00e3o dos n\u00fameros deste ano com os de 2016 mostra uma firme expans\u00e3o de vendas de lojas e supermercados, mesmo com algumas oscila\u00e7\u00f5es de um m\u00eas para outro.\u2026 Leia mais \u00bb\" \/>\n<meta property=\"og:url\" content=\"https:\/\/dana.com.br\/canaldana\/2017\/12\/14\/contribuicao-do-consumidor\/\" \/>\n<meta property=\"og:site_name\" content=\"Canal Dana\" \/>\n<meta property=\"article:published_time\" content=\"2017-12-14T10:18:10+00:00\" \/>\n<meta name=\"author\" content=\"Canal Dana\" \/>\n<meta name=\"twitter:card\" content=\"summary_large_image\" \/>\n<meta name=\"twitter:label1\" content=\"Escrito por\" \/>\n\t<meta name=\"twitter:data1\" content=\"Canal Dana\" \/>\n\t<meta name=\"twitter:label2\" content=\"Est. tempo de leitura\" \/>\n\t<meta name=\"twitter:data2\" content=\"4 minutos\" \/>\n<script type=\"application\/ld+json\" class=\"yoast-schema-graph\">{\"@context\":\"https:\\\/\\\/schema.org\",\"@graph\":[{\"@type\":\"Article\",\"@id\":\"https:\\\/\\\/dana.com.br\\\/canaldana\\\/2017\\\/12\\\/14\\\/contribuicao-do-consumidor\\\/#article\",\"isPartOf\":{\"@id\":\"https:\\\/\\\/dana.com.br\\\/canaldana\\\/2017\\\/12\\\/14\\\/contribuicao-do-consumidor\\\/\"},\"author\":{\"name\":\"Canal Dana\",\"@id\":\"https:\\\/\\\/dana.com.br\\\/canaldana\\\/#\\\/schema\\\/person\\\/3c21f22f56fcf3bc46b94bc60ea4fef6\"},\"headline\":\"A contribui\u00e7\u00e3o do consumidor\",\"datePublished\":\"2017-12-14T10:18:10+00:00\",\"mainEntityOfPage\":{\"@id\":\"https:\\\/\\\/dana.com.br\\\/canaldana\\\/2017\\\/12\\\/14\\\/contribuicao-do-consumidor\\\/\"},\"wordCount\":726,\"articleSection\":[\"Artigo\"],\"inLanguage\":\"pt-BR\"},{\"@type\":\"WebPage\",\"@id\":\"https:\\\/\\\/dana.com.br\\\/canaldana\\\/2017\\\/12\\\/14\\\/contribuicao-do-consumidor\\\/\",\"url\":\"https:\\\/\\\/dana.com.br\\\/canaldana\\\/2017\\\/12\\\/14\\\/contribuicao-do-consumidor\\\/\",\"name\":\"A contribui\u00e7\u00e3o do consumidor - Canal Dana\",\"isPartOf\":{\"@id\":\"https:\\\/\\\/dana.com.br\\\/canaldana\\\/#website\"},\"datePublished\":\"2017-12-14T10:18:10+00:00\",\"author\":{\"@id\":\"https:\\\/\\\/dana.com.br\\\/canaldana\\\/#\\\/schema\\\/person\\\/3c21f22f56fcf3bc46b94bc60ea4fef6\"},\"breadcrumb\":{\"@id\":\"https:\\\/\\\/dana.com.br\\\/canaldana\\\/2017\\\/12\\\/14\\\/contribuicao-do-consumidor\\\/#breadcrumb\"},\"inLanguage\":\"pt-BR\",\"potentialAction\":[{\"@type\":\"ReadAction\",\"target\":[\"https:\\\/\\\/dana.com.br\\\/canaldana\\\/2017\\\/12\\\/14\\\/contribuicao-do-consumidor\\\/\"]}]},{\"@type\":\"BreadcrumbList\",\"@id\":\"https:\\\/\\\/dana.com.br\\\/canaldana\\\/2017\\\/12\\\/14\\\/contribuicao-do-consumidor\\\/#breadcrumb\",\"itemListElement\":[{\"@type\":\"ListItem\",\"position\":1,\"name\":\"Home\",\"item\":\"https:\\\/\\\/dana.com.br\\\/canaldana\\\/\"},{\"@type\":\"ListItem\",\"position\":2,\"name\":\"Artigo\",\"item\":\"https:\\\/\\\/dana.com.br\\\/canaldana\\\/artigo\\\/\"},{\"@type\":\"ListItem\",\"position\":3,\"name\":\"A contribui\u00e7\u00e3o do consumidor\"}]},{\"@type\":\"WebSite\",\"@id\":\"https:\\\/\\\/dana.com.br\\\/canaldana\\\/#website\",\"url\":\"https:\\\/\\\/dana.com.br\\\/canaldana\\\/\",\"name\":\"Canal Dana\",\"description\":\"Informativo com as principais not\u00edcias da ind\u00fastria automotiva\",\"potentialAction\":[{\"@type\":\"SearchAction\",\"target\":{\"@type\":\"EntryPoint\",\"urlTemplate\":\"https:\\\/\\\/dana.com.br\\\/canaldana\\\/?s={search_term_string}\"},\"query-input\":{\"@type\":\"PropertyValueSpecification\",\"valueRequired\":true,\"valueName\":\"search_term_string\"}}],\"inLanguage\":\"pt-BR\"},{\"@type\":\"Person\",\"@id\":\"https:\\\/\\\/dana.com.br\\\/canaldana\\\/#\\\/schema\\\/person\\\/3c21f22f56fcf3bc46b94bc60ea4fef6\",\"name\":\"Canal Dana\",\"image\":{\"@type\":\"ImageObject\",\"inLanguage\":\"pt-BR\",\"@id\":\"https:\\\/\\\/secure.gravatar.com\\\/avatar\\\/420aaf9278582877d9018637c6817617705899d2858d7572ef0fe59a6b6454b4?s=96&d=mm&r=g\",\"url\":\"https:\\\/\\\/secure.gravatar.com\\\/avatar\\\/420aaf9278582877d9018637c6817617705899d2858d7572ef0fe59a6b6454b4?s=96&d=mm&r=g\",\"contentUrl\":\"https:\\\/\\\/secure.gravatar.com\\\/avatar\\\/420aaf9278582877d9018637c6817617705899d2858d7572ef0fe59a6b6454b4?s=96&d=mm&r=g\",\"caption\":\"Canal Dana\"},\"url\":\"https:\\\/\\\/dana.com.br\\\/canaldana\\\/author\\\/cdeditor\\\/\"}]}<\/script>\n<!-- \/ Yoast SEO plugin. -->","yoast_head_json":{"title":"A contribui\u00e7\u00e3o do consumidor - Canal Dana","robots":{"index":"index","follow":"follow","max-snippet":"max-snippet:-1","max-image-preview":"max-image-preview:large","max-video-preview":"max-video-preview:-1"},"canonical":"https:\/\/dana.com.br\/canaldana\/2017\/12\/14\/contribuicao-do-consumidor\/","og_locale":"pt_BR","og_type":"article","og_title":"A contribui\u00e7\u00e3o do consumidor - Canal Dana","og_description":"O Estado de S. Paulo &nbsp; O consumidor continuou comprando em outubro com mais disposi\u00e7\u00e3o que no ano anterior, embora com mais modera\u00e7\u00e3o que em setembro. A compara\u00e7\u00e3o dos n\u00fameros deste ano com os de 2016 mostra uma firme expans\u00e3o de vendas de lojas e supermercados, mesmo com algumas oscila\u00e7\u00f5es de um m\u00eas para outro.\u2026 Leia mais \u00bb","og_url":"https:\/\/dana.com.br\/canaldana\/2017\/12\/14\/contribuicao-do-consumidor\/","og_site_name":"Canal Dana","article_published_time":"2017-12-14T10:18:10+00:00","author":"Canal Dana","twitter_card":"summary_large_image","twitter_misc":{"Escrito por":"Canal Dana","Est. tempo de leitura":"4 minutos"},"schema":{"@context":"https:\/\/schema.org","@graph":[{"@type":"Article","@id":"https:\/\/dana.com.br\/canaldana\/2017\/12\/14\/contribuicao-do-consumidor\/#article","isPartOf":{"@id":"https:\/\/dana.com.br\/canaldana\/2017\/12\/14\/contribuicao-do-consumidor\/"},"author":{"name":"Canal Dana","@id":"https:\/\/dana.com.br\/canaldana\/#\/schema\/person\/3c21f22f56fcf3bc46b94bc60ea4fef6"},"headline":"A contribui\u00e7\u00e3o do consumidor","datePublished":"2017-12-14T10:18:10+00:00","mainEntityOfPage":{"@id":"https:\/\/dana.com.br\/canaldana\/2017\/12\/14\/contribuicao-do-consumidor\/"},"wordCount":726,"articleSection":["Artigo"],"inLanguage":"pt-BR"},{"@type":"WebPage","@id":"https:\/\/dana.com.br\/canaldana\/2017\/12\/14\/contribuicao-do-consumidor\/","url":"https:\/\/dana.com.br\/canaldana\/2017\/12\/14\/contribuicao-do-consumidor\/","name":"A contribui\u00e7\u00e3o do consumidor - Canal Dana","isPartOf":{"@id":"https:\/\/dana.com.br\/canaldana\/#website"},"datePublished":"2017-12-14T10:18:10+00:00","author":{"@id":"https:\/\/dana.com.br\/canaldana\/#\/schema\/person\/3c21f22f56fcf3bc46b94bc60ea4fef6"},"breadcrumb":{"@id":"https:\/\/dana.com.br\/canaldana\/2017\/12\/14\/contribuicao-do-consumidor\/#breadcrumb"},"inLanguage":"pt-BR","potentialAction":[{"@type":"ReadAction","target":["https:\/\/dana.com.br\/canaldana\/2017\/12\/14\/contribuicao-do-consumidor\/"]}]},{"@type":"BreadcrumbList","@id":"https:\/\/dana.com.br\/canaldana\/2017\/12\/14\/contribuicao-do-consumidor\/#breadcrumb","itemListElement":[{"@type":"ListItem","position":1,"name":"Home","item":"https:\/\/dana.com.br\/canaldana\/"},{"@type":"ListItem","position":2,"name":"Artigo","item":"https:\/\/dana.com.br\/canaldana\/artigo\/"},{"@type":"ListItem","position":3,"name":"A contribui\u00e7\u00e3o do consumidor"}]},{"@type":"WebSite","@id":"https:\/\/dana.com.br\/canaldana\/#website","url":"https:\/\/dana.com.br\/canaldana\/","name":"Canal Dana","description":"Informativo com as principais not\u00edcias da ind\u00fastria automotiva","potentialAction":[{"@type":"SearchAction","target":{"@type":"EntryPoint","urlTemplate":"https:\/\/dana.com.br\/canaldana\/?s={search_term_string}"},"query-input":{"@type":"PropertyValueSpecification","valueRequired":true,"valueName":"search_term_string"}}],"inLanguage":"pt-BR"},{"@type":"Person","@id":"https:\/\/dana.com.br\/canaldana\/#\/schema\/person\/3c21f22f56fcf3bc46b94bc60ea4fef6","name":"Canal Dana","image":{"@type":"ImageObject","inLanguage":"pt-BR","@id":"https:\/\/secure.gravatar.com\/avatar\/420aaf9278582877d9018637c6817617705899d2858d7572ef0fe59a6b6454b4?s=96&d=mm&r=g","url":"https:\/\/secure.gravatar.com\/avatar\/420aaf9278582877d9018637c6817617705899d2858d7572ef0fe59a6b6454b4?s=96&d=mm&r=g","contentUrl":"https:\/\/secure.gravatar.com\/avatar\/420aaf9278582877d9018637c6817617705899d2858d7572ef0fe59a6b6454b4?s=96&d=mm&r=g","caption":"Canal Dana"},"url":"https:\/\/dana.com.br\/canaldana\/author\/cdeditor\/"}]}},"_links":{"self":[{"href":"https:\/\/dana.com.br\/canaldana\/wp-json\/wp\/v2\/posts\/22016","targetHints":{"allow":["GET"]}}],"collection":[{"href":"https:\/\/dana.com.br\/canaldana\/wp-json\/wp\/v2\/posts"}],"about":[{"href":"https:\/\/dana.com.br\/canaldana\/wp-json\/wp\/v2\/types\/post"}],"author":[{"embeddable":true,"href":"https:\/\/dana.com.br\/canaldana\/wp-json\/wp\/v2\/users\/3"}],"replies":[{"embeddable":true,"href":"https:\/\/dana.com.br\/canaldana\/wp-json\/wp\/v2\/comments?post=22016"}],"version-history":[{"count":0,"href":"https:\/\/dana.com.br\/canaldana\/wp-json\/wp\/v2\/posts\/22016\/revisions"}],"wp:attachment":[{"href":"https:\/\/dana.com.br\/canaldana\/wp-json\/wp\/v2\/media?parent=22016"}],"wp:term":[{"taxonomy":"category","embeddable":true,"href":"https:\/\/dana.com.br\/canaldana\/wp-json\/wp\/v2\/categories?post=22016"},{"taxonomy":"post_tag","embeddable":true,"href":"https:\/\/dana.com.br\/canaldana\/wp-json\/wp\/v2\/tags?post=22016"}],"curies":[{"name":"wp","href":"https:\/\/api.w.org\/{rel}","templated":true}]}}